{"id":18962,"date":"2025-02-20T07:30:00","date_gmt":"2025-02-20T06:30:00","guid":{"rendered":"https:\/\/www.asajacyl.com\/palencia\/?p=18962"},"modified":"2025-02-19T19:39:04","modified_gmt":"2025-02-19T18:39:04","slug":"los-precios-de-cereal-repiten-en-la-lonja-de-leon-en-una-sesion-tensa-ante-la-incertidumbre-con-ucrania","status":"publish","type":"post","link":"https:\/\/www.asajacyl.com\/palencia\/asaja-palencia-informa\/los-precios-de-cereal-repiten-en-la-lonja-de-leon-en-una-sesion-tensa-ante-la-incertidumbre-con-ucrania","title":{"rendered":"Los precios de cereal repiten en la Lonja de Le\u00f3n en una sesi\u00f3n tensa ante la incertidumbre con Ucrania"},"content":{"rendered":"\n<h2 class=\"wp-block-heading\">La Lonja de Le\u00f3n de esta semana ha registrado una sesi\u00f3n tensa sin movimientos en las cotizaciones, excepto una nueva subida en la carne de vacuno, como ya sucedi\u00f3 el lunes en la Lonja de Salamanca, movida por la pujante demanda exterior. Todos los cereales repitieron precio en el mercado leon\u00e9s este mi\u00e9rcoles, 19 de febrero, en medio de la expectativa ante el devenir de la guerra de Ucrania, tras la reanudaci\u00f3n de relaciones entre Estados Unidos y Rusia. Las mesas de forraje y patata tambi\u00e9n decidieron mantener todas las categor\u00edas, en un comp\u00e1s de espera casi generalizado.<\/h2>\n\n\n\n<p>M\u00e1s all\u00e1 de lo que pueda deparar el nuevo escenario sobre la guerra de Ucrania, la Lonja de Le\u00f3n apunta que la ola de fr\u00edo polar que llegar\u00e1 a Estados Unidos y Rusia puede encontrar desprotegidos los cultivos de grano en ambos territorios, dos potencias mundiales en esta producci\u00f3n agr\u00edcola, rebajar la expectativa de cosecha mundial total y, por tanto, condicionar los precios a medio plazo.<\/p>\n\n\n\n<p>La lonja leonesa a\u00f1ade que, en todo caso, hay gran incertidumbre en los mercados por el reciente giro geopol\u00edtico mundial, puesto que \u00ablas negociaciones entre Trump y Putin para alcanzar una paz en Ucrania no acaban de convencer, puesto que deja fuera de la negociaci\u00f3n tanto a la Uni\u00f3n Europea como al propio presidente ucranio Zelenski, adem\u00e1s de querer imponer un cambio de paz por materias primas que Ucrania no est\u00e1 dispuesta a ceder\u00bb. <\/p>\n\n\n\n<p><strong>CONFLICTO MULTIPOLAR. <\/strong>Se trata, como a\u00f1aden esas fuentes, de \u00abun conflicto de varios actores, donde no est\u00e1 a\u00fan dicha la \u00faltima palabra y veremos con qui\u00e9n se alinean otras potencias mundiales que hasta hoy no han abierto la boca\u00bb. <\/p>\n\n\n\n<p>En ese sentido, China \u2014que tambi\u00e9n es otra potencia mundial cerealista y el otro gigante en el escenario geopol\u00edtico, junto a Estados Unidos, Rusia y la UE\u2014, sin entrar a fondo de la cuesti\u00f3n, abogaba este mismo mi\u00e9rcoles por un mayor protagonismo europeo en las negociaciones sobre el conflicto b\u00e9lico, forma sutil de devolver el golpe que supone el ninguneo de Trump y Putin en los \u00faltimos d\u00edas, postura que no habr\u00e1 sentado bien en la creciente potencia asi\u00e1tica. <\/p>\n\n\n\n<p>En cualquier caso, nuestros agricultores asisten casi como convidados de piedra a estos episodios que, si bien parecen lejanos, condicionan (y de qu\u00e9 manera) la rentabilidad de nuestras explotaciones, como saben por experiencia los cerealistas, que en los ultimos a\u00f1os han padecido una monta\u00f1a rusa \u2014nunca mejor dicho\u2014 de inflaci\u00f3n de costes y depreciaci\u00f3n del grano por unas masivas importaciones a la UE, y en especial, a Espa\u00f1a, desde que comenz\u00f3 el mecanismo de solidaridad con Ucrania.<strong>\/<\/strong><\/p>\n\n\n\n<figure class=\"wp-block-image size-large is-resized\"><img loading=\"lazy\" decoding=\"async\" width=\"1024\" height=\"768\" src=\"https:\/\/www.asajacyl.com\/palencia\/wp-content\/uploads\/sites\/3\/2025\/02\/Tabla-precios-agricultura-19feb2025-1024x768.png\" alt=\"\" class=\"wp-image-18964\" style=\"width:1069px;height:auto\" srcset=\"https:\/\/www.asajacyl.com\/palencia\/wp-content\/uploads\/sites\/3\/2025\/02\/Tabla-precios-agricultura-19feb2025-1024x768.png 1024w, https:\/\/www.asajacyl.com\/palencia\/wp-content\/uploads\/sites\/3\/2025\/02\/Tabla-precios-agricultura-19feb2025-300x225.png 300w, https:\/\/www.asajacyl.com\/palencia\/wp-content\/uploads\/sites\/3\/2025\/02\/Tabla-precios-agricultura-19feb2025-768x576.png 768w, https:\/\/www.asajacyl.com\/palencia\/wp-content\/uploads\/sites\/3\/2025\/02\/Tabla-precios-agricultura-19feb2025-1536x1152.png 1536w, https:\/\/www.asajacyl.com\/palencia\/wp-content\/uploads\/sites\/3\/2025\/02\/Tabla-precios-agricultura-19feb2025-2048x1536.png 2048w, https:\/\/www.asajacyl.com\/palencia\/wp-content\/uploads\/sites\/3\/2025\/02\/Tabla-precios-agricultura-19feb2025-560x420.png 560w, https:\/\/www.asajacyl.com\/palencia\/wp-content\/uploads\/sites\/3\/2025\/02\/Tabla-precios-agricultura-19feb2025-80x60.png 80w, https:\/\/www.asajacyl.com\/palencia\/wp-content\/uploads\/sites\/3\/2025\/02\/Tabla-precios-agricultura-19feb2025-696x522.png 696w, https:\/\/www.asajacyl.com\/palencia\/wp-content\/uploads\/sites\/3\/2025\/02\/Tabla-precios-agricultura-19feb2025-1068x801.png 1068w, https:\/\/www.asajacyl.com\/palencia\/wp-content\/uploads\/sites\/3\/2025\/02\/Tabla-precios-agricultura-19feb2025-1920x1440.png 1920w\" sizes=\"(max-width: 1024px) 100vw, 1024px\" \/><\/figure>\n","protected":false},"excerpt":{"rendered":"<p>La Lonja de Le\u00f3n de esta semana ha registrado una sesi\u00f3n tensa sin movimientos en las cotizaciones, excepto una nueva subida en la carne de vacuno, como ya sucedi\u00f3 el lunes en la Lonja de Salamanca, movida por la pujante demanda exterior. Todos los cereales repitieron precio en el mercado leon\u00e9s este mi\u00e9rcoles, 19 de [&hellip;]<\/p>\n","protected":false},"author":9,"featured_media":15742,"comment_status":"open","ping_status":"open","sticky":false,"template":"","format":"standard","meta":{"footnotes":""},"categories":[9,29,36,28,13],"tags":[58,478,46,351,99,147],"yoast_head":"<!-- This site is optimized with the Yoast SEO plugin v24.5 - https:\/\/yoast.com\/wordpress\/plugins\/seo\/ -->\n<title>Los precios de cereal repiten en la Lonja de Le\u00f3n en una sesi\u00f3n tensa ante la incertidumbre con Ucrania - ASAJA Palencia<\/title>\n<meta name=\"description\" content=\"La Lonja de Le\u00f3n de esta semana ha registrado una sesi\u00f3n tensa sin movimientos en las cotizaciones, excepto una nueva subida en la carne de vacuno, como\" \/>\n<meta name=\"robots\" content=\"index, follow, max-snippet:-1, max-image-preview:large, max-video-preview:-1\" \/>\n<link rel=\"canonical\" href=\"https:\/\/www.asajacyl.com\/palencia\/asaja-palencia-informa\/los-precios-de-cereal-repiten-en-la-lonja-de-leon-en-una-sesion-tensa-ante-la-incertidumbre-con-ucrania\" \/>\n<meta property=\"og:locale\" content=\"es_ES\" \/>\n<meta property=\"og:type\" content=\"article\" \/>\n<meta property=\"og:title\" content=\"Los precios de cereal repiten en la Lonja de Le\u00f3n en una sesi\u00f3n tensa ante la incertidumbre con Ucrania - ASAJA Palencia\" \/>\n<meta property=\"og:description\" content=\"La Lonja de Le\u00f3n de esta semana ha registrado una sesi\u00f3n tensa sin movimientos en las cotizaciones, excepto una nueva subida en la carne de vacuno, como\" \/>\n<meta property=\"og:url\" content=\"https:\/\/www.asajacyl.com\/palencia\/asaja-palencia-informa\/los-precios-de-cereal-repiten-en-la-lonja-de-leon-en-una-sesion-tensa-ante-la-incertidumbre-con-ucrania\" \/>\n<meta property=\"og:site_name\" content=\"ASAJA Palencia\" \/>\n<meta property=\"article:published_time\" content=\"2025-02-20T06:30:00+00:00\" \/>\n<meta property=\"og:image\" content=\"https:\/\/www.asajacyl.com\/palencia\/wp-content\/uploads\/sites\/3\/2024\/03\/Cereal-con-niebla-1024x896.jpg\" \/>\n\t<meta property=\"og:image:width\" content=\"1024\" \/>\n\t<meta property=\"og:image:height\" content=\"896\" \/>\n\t<meta property=\"og:image:type\" content=\"image\/jpeg\" \/>\n<meta name=\"author\" content=\"Administrador\" \/>\n<meta name=\"twitter:card\" content=\"summary_large_image\" \/>\n<meta name=\"twitter:label1\" content=\"Escrito por\" \/>\n\t<meta name=\"twitter:data1\" content=\"Administrador\" \/>\n\t<meta name=\"twitter:label2\" content=\"Tiempo de lectura\" \/>\n\t<meta name=\"twitter:data2\" content=\"3 minutos\" \/>\n<script type=\"application\/ld+json\" class=\"yoast-schema-graph\">{\"@context\":\"https:\/\/schema.org\",\"@graph\":[{\"@type\":\"WebPage\",\"@id\":\"https:\/\/www.asajacyl.com\/palencia\/asaja-palencia-informa\/los-precios-de-cereal-repiten-en-la-lonja-de-leon-en-una-sesion-tensa-ante-la-incertidumbre-con-ucrania\",\"url\":\"https:\/\/www.asajacyl.com\/palencia\/asaja-palencia-informa\/los-precios-de-cereal-repiten-en-la-lonja-de-leon-en-una-sesion-tensa-ante-la-incertidumbre-con-ucrania\",\"name\":\"Los precios de cereal repiten en la Lonja de Le\u00f3n en una sesi\u00f3n tensa ante la incertidumbre con Ucrania - ASAJA Palencia\",\"isPartOf\":{\"@id\":\"https:\/\/www.asajacyl.com\/palencia\/#website\"},\"primaryImageOfPage\":{\"@id\":\"https:\/\/www.asajacyl.com\/palencia\/asaja-palencia-informa\/los-precios-de-cereal-repiten-en-la-lonja-de-leon-en-una-sesion-tensa-ante-la-incertidumbre-con-ucrania#primaryimage\"},\"image\":{\"@id\":\"https:\/\/www.asajacyl.com\/palencia\/asaja-palencia-informa\/los-precios-de-cereal-repiten-en-la-lonja-de-leon-en-una-sesion-tensa-ante-la-incertidumbre-con-ucrania#primaryimage\"},\"thumbnailUrl\":\"https:\/\/www.asajacyl.com\/palencia\/wp-content\/uploads\/sites\/3\/2024\/03\/Cereal-con-niebla.jpg\",\"datePublished\":\"2025-02-20T06:30:00+00:00\",\"author\":{\"@id\":\"https:\/\/www.asajacyl.com\/palencia\/#\/schema\/person\/3ab17aeb03527485c317557fae64aab1\"},\"description\":\"La Lonja de Le\u00f3n de esta semana ha registrado una sesi\u00f3n tensa sin movimientos en las cotizaciones, excepto una nueva subida en la carne de vacuno, como\",\"breadcrumb\":{\"@id\":\"https:\/\/www.asajacyl.com\/palencia\/asaja-palencia-informa\/los-precios-de-cereal-repiten-en-la-lonja-de-leon-en-una-sesion-tensa-ante-la-incertidumbre-con-ucrania#breadcrumb\"},\"inLanguage\":\"es\",\"potentialAction\":[{\"@type\":\"ReadAction\",\"target\":[\"https:\/\/www.asajacyl.com\/palencia\/asaja-palencia-informa\/los-precios-de-cereal-repiten-en-la-lonja-de-leon-en-una-sesion-tensa-ante-la-incertidumbre-con-ucrania\"]}]},{\"@type\":\"ImageObject\",\"inLanguage\":\"es\",\"@id\":\"https:\/\/www.asajacyl.com\/palencia\/asaja-palencia-informa\/los-precios-de-cereal-repiten-en-la-lonja-de-leon-en-una-sesion-tensa-ante-la-incertidumbre-con-ucrania#primaryimage\",\"url\":\"https:\/\/www.asajacyl.com\/palencia\/wp-content\/uploads\/sites\/3\/2024\/03\/Cereal-con-niebla.jpg\",\"contentUrl\":\"https:\/\/www.asajacyl.com\/palencia\/wp-content\/uploads\/sites\/3\/2024\/03\/Cereal-con-niebla.jpg\",\"width\":1890,\"height\":1654},{\"@type\":\"BreadcrumbList\",\"@id\":\"https:\/\/www.asajacyl.com\/palencia\/asaja-palencia-informa\/los-precios-de-cereal-repiten-en-la-lonja-de-leon-en-una-sesion-tensa-ante-la-incertidumbre-con-ucrania#breadcrumb\",\"itemListElement\":[{\"@type\":\"ListItem\",\"position\":1,\"name\":\"Portada\",\"item\":\"https:\/\/www.asajacyl.com\/palencia\/\"},{\"@type\":\"ListItem\",\"position\":2,\"name\":\"Los precios de cereal repiten en la Lonja de Le\u00f3n en una sesi\u00f3n tensa ante la incertidumbre con Ucrania\"}]},{\"@type\":\"WebSite\",\"@id\":\"https:\/\/www.asajacyl.com\/palencia\/#website\",\"url\":\"https:\/\/www.asajacyl.com\/palencia\/\",\"name\":\"ASAJA Palencia\",\"description\":\"Otro sitio m\u00e1s de Provincias ASAJA Castilla y Le\u00f3n\",\"potentialAction\":[{\"@type\":\"SearchAction\",\"target\":{\"@type\":\"EntryPoint\",\"urlTemplate\":\"https:\/\/www.asajacyl.com\/palencia\/?s={search_term_string}\"},\"query-input\":{\"@type\":\"PropertyValueSpecification\",\"valueRequired\":true,\"valueName\":\"search_term_string\"}}],\"inLanguage\":\"es\"},{\"@type\":\"Person\",\"@id\":\"https:\/\/www.asajacyl.com\/palencia\/#\/schema\/person\/3ab17aeb03527485c317557fae64aab1\",\"name\":\"Administrador\",\"image\":{\"@type\":\"ImageObject\",\"inLanguage\":\"es\",\"@id\":\"https:\/\/www.asajacyl.com\/palencia\/#\/schema\/person\/image\/\",\"url\":\"https:\/\/secure.gravatar.com\/avatar\/517384810d242ca9e38c180f3c9fb973?s=96&d=mm&r=g\",\"contentUrl\":\"https:\/\/secure.gravatar.com\/avatar\/517384810d242ca9e38c180f3c9fb973?s=96&d=mm&r=g\",\"caption\":\"Administrador\"},\"url\":\"https:\/\/www.asajacyl.com\/palencia\/author\/carlosrm\"}]}<\/script>\n<!-- \/ Yoast SEO plugin. -->","yoast_head_json":{"title":"Los precios de cereal repiten en la Lonja de Le\u00f3n en una sesi\u00f3n tensa ante la incertidumbre con Ucrania - ASAJA Palencia","description":"La Lonja de Le\u00f3n de esta semana ha registrado una sesi\u00f3n tensa sin movimientos en las cotizaciones, excepto una nueva subida en la carne de vacuno, como","robots":{"index":"index","follow":"follow","max-snippet":"max-snippet:-1","max-image-preview":"max-image-preview:large","max-video-preview":"max-video-preview:-1"},"canonical":"https:\/\/www.asajacyl.com\/palencia\/asaja-palencia-informa\/los-precios-de-cereal-repiten-en-la-lonja-de-leon-en-una-sesion-tensa-ante-la-incertidumbre-con-ucrania","og_locale":"es_ES","og_type":"article","og_title":"Los precios de cereal repiten en la Lonja de Le\u00f3n en una sesi\u00f3n tensa ante la incertidumbre con Ucrania - ASAJA Palencia","og_description":"La Lonja de Le\u00f3n de esta semana ha registrado una sesi\u00f3n tensa sin movimientos en las cotizaciones, excepto una nueva subida en la carne de vacuno, como","og_url":"https:\/\/www.asajacyl.com\/palencia\/asaja-palencia-informa\/los-precios-de-cereal-repiten-en-la-lonja-de-leon-en-una-sesion-tensa-ante-la-incertidumbre-con-ucrania","og_site_name":"ASAJA Palencia","article_published_time":"2025-02-20T06:30:00+00:00","og_image":[{"width":1024,"height":896,"url":"https:\/\/www.asajacyl.com\/palencia\/wp-content\/uploads\/sites\/3\/2024\/03\/Cereal-con-niebla-1024x896.jpg","type":"image\/jpeg"}],"author":"Administrador","twitter_card":"summary_large_image","twitter_misc":{"Escrito por":"Administrador","Tiempo de lectura":"3 minutos"},"schema":{"@context":"https:\/\/schema.org","@graph":[{"@type":"WebPage","@id":"https:\/\/www.asajacyl.com\/palencia\/asaja-palencia-informa\/los-precios-de-cereal-repiten-en-la-lonja-de-leon-en-una-sesion-tensa-ante-la-incertidumbre-con-ucrania","url":"https:\/\/www.asajacyl.com\/palencia\/asaja-palencia-informa\/los-precios-de-cereal-repiten-en-la-lonja-de-leon-en-una-sesion-tensa-ante-la-incertidumbre-con-ucrania","name":"Los precios de cereal repiten en la Lonja de Le\u00f3n en una sesi\u00f3n tensa ante la incertidumbre con Ucrania - ASAJA Palencia","isPartOf":{"@id":"https:\/\/www.asajacyl.com\/palencia\/#website"},"primaryImageOfPage":{"@id":"https:\/\/www.asajacyl.com\/palencia\/asaja-palencia-informa\/los-precios-de-cereal-repiten-en-la-lonja-de-leon-en-una-sesion-tensa-ante-la-incertidumbre-con-ucrania#primaryimage"},"image":{"@id":"https:\/\/www.asajacyl.com\/palencia\/asaja-palencia-informa\/los-precios-de-cereal-repiten-en-la-lonja-de-leon-en-una-sesion-tensa-ante-la-incertidumbre-con-ucrania#primaryimage"},"thumbnailUrl":"https:\/\/www.asajacyl.com\/palencia\/wp-content\/uploads\/sites\/3\/2024\/03\/Cereal-con-niebla.jpg","datePublished":"2025-02-20T06:30:00+00:00","author":{"@id":"https:\/\/www.asajacyl.com\/palencia\/#\/schema\/person\/3ab17aeb03527485c317557fae64aab1"},"description":"La Lonja de Le\u00f3n de esta semana ha registrado una sesi\u00f3n tensa sin movimientos en las cotizaciones, excepto una nueva subida en la carne de vacuno, como","breadcrumb":{"@id":"https:\/\/www.asajacyl.com\/palencia\/asaja-palencia-informa\/los-precios-de-cereal-repiten-en-la-lonja-de-leon-en-una-sesion-tensa-ante-la-incertidumbre-con-ucrania#breadcrumb"},"inLanguage":"es","potentialAction":[{"@type":"ReadAction","target":["https:\/\/www.asajacyl.com\/palencia\/asaja-palencia-informa\/los-precios-de-cereal-repiten-en-la-lonja-de-leon-en-una-sesion-tensa-ante-la-incertidumbre-con-ucrania"]}]},{"@type":"ImageObject","inLanguage":"es","@id":"https:\/\/www.asajacyl.com\/palencia\/asaja-palencia-informa\/los-precios-de-cereal-repiten-en-la-lonja-de-leon-en-una-sesion-tensa-ante-la-incertidumbre-con-ucrania#primaryimage","url":"https:\/\/www.asajacyl.com\/palencia\/wp-content\/uploads\/sites\/3\/2024\/03\/Cereal-con-niebla.jpg","contentUrl":"https:\/\/www.asajacyl.com\/palencia\/wp-content\/uploads\/sites\/3\/2024\/03\/Cereal-con-niebla.jpg","width":1890,"height":1654},{"@type":"BreadcrumbList","@id":"https:\/\/www.asajacyl.com\/palencia\/asaja-palencia-informa\/los-precios-de-cereal-repiten-en-la-lonja-de-leon-en-una-sesion-tensa-ante-la-incertidumbre-con-ucrania#breadcrumb","itemListElement":[{"@type":"ListItem","position":1,"name":"Portada","item":"https:\/\/www.asajacyl.com\/palencia\/"},{"@type":"ListItem","position":2,"name":"Los precios de cereal repiten en la Lonja de Le\u00f3n en una sesi\u00f3n tensa ante la incertidumbre con Ucrania"}]},{"@type":"WebSite","@id":"https:\/\/www.asajacyl.com\/palencia\/#website","url":"https:\/\/www.asajacyl.com\/palencia\/","name":"ASAJA Palencia","description":"Otro sitio m\u00e1s de Provincias ASAJA Castilla y Le\u00f3n","potentialAction":[{"@type":"SearchAction","target":{"@type":"EntryPoint","urlTemplate":"https:\/\/www.asajacyl.com\/palencia\/?s={search_term_string}"},"query-input":{"@type":"PropertyValueSpecification","valueRequired":true,"valueName":"search_term_string"}}],"inLanguage":"es"},{"@type":"Person","@id":"https:\/\/www.asajacyl.com\/palencia\/#\/schema\/person\/3ab17aeb03527485c317557fae64aab1","name":"Administrador","image":{"@type":"ImageObject","inLanguage":"es","@id":"https:\/\/www.asajacyl.com\/palencia\/#\/schema\/person\/image\/","url":"https:\/\/secure.gravatar.com\/avatar\/517384810d242ca9e38c180f3c9fb973?s=96&d=mm&r=g","contentUrl":"https:\/\/secure.gravatar.com\/avatar\/517384810d242ca9e38c180f3c9fb973?s=96&d=mm&r=g","caption":"Administrador"},"url":"https:\/\/www.asajacyl.com\/palencia\/author\/carlosrm"}]}},"_links":{"self":[{"href":"https:\/\/www.asajacyl.com\/palencia\/wp-json\/wp\/v2\/posts\/18962"}],"collection":[{"href":"https:\/\/www.asajacyl.com\/palencia\/wp-json\/wp\/v2\/posts"}],"about":[{"href":"https:\/\/www.asajacyl.com\/palencia\/wp-json\/wp\/v2\/types\/post"}],"author":[{"embeddable":true,"href":"https:\/\/www.asajacyl.com\/palencia\/wp-json\/wp\/v2\/users\/9"}],"replies":[{"embeddable":true,"href":"https:\/\/www.asajacyl.com\/palencia\/wp-json\/wp\/v2\/comments?post=18962"}],"version-history":[{"count":3,"href":"https:\/\/www.asajacyl.com\/palencia\/wp-json\/wp\/v2\/posts\/18962\/revisions"}],"predecessor-version":[{"id":18966,"href":"https:\/\/www.asajacyl.com\/palencia\/wp-json\/wp\/v2\/posts\/18962\/revisions\/18966"}],"wp:featuredmedia":[{"embeddable":true,"href":"https:\/\/www.asajacyl.com\/palencia\/wp-json\/wp\/v2\/media\/15742"}],"wp:attachment":[{"href":"https:\/\/www.asajacyl.com\/palencia\/wp-json\/wp\/v2\/media?parent=18962"}],"wp:term":[{"taxonomy":"category","embeddable":true,"href":"https:\/\/www.asajacyl.com\/palencia\/wp-json\/wp\/v2\/categories?post=18962"},{"taxonomy":"post_tag","embeddable":true,"href":"https:\/\/www.asajacyl.com\/palencia\/wp-json\/wp\/v2\/tags?post=18962"}],"curies":[{"name":"wp","href":"https:\/\/api.w.org\/{rel}","templated":true}]}}