{"id":18984,"date":"2025-02-21T12:10:53","date_gmt":"2025-02-21T11:10:53","guid":{"rendered":"https:\/\/www.asajacyl.com\/palencia\/?p=18984"},"modified":"2025-02-21T12:10:56","modified_gmt":"2025-02-21T11:10:56","slug":"la-junta-anima-a-los-ganaderos-a-vacunar-contra-la-lengua-azul-como-mejor-forma-de-proteccion","status":"publish","type":"post","link":"https:\/\/www.asajacyl.com\/palencia\/asaja-palencia-informa\/la-junta-anima-a-los-ganaderos-a-vacunar-contra-la-lengua-azul-como-mejor-forma-de-proteccion","title":{"rendered":"La Junta anima a los ganaderos a vacunar contra la lengua azul \u00abcomo mejor forma de protecci\u00f3n\u00bb"},"content":{"rendered":"\n<h2 class=\"wp-block-heading\">La Consejer\u00eda de Agricultura, Ganader\u00eda y Desarrollo rural ha anunciado que la Junta de Castilla y Le\u00f3n ha adquirido un mill\u00f3n de dosis m\u00e1s de vacunas bivalentes frente a los serotipos 1 y 8 de la lengua azul. Asimismo, la administraci\u00f3n auton\u00f3mica ha animado a los ganaderos a informarse con los servicios veterinarios habilitados y optar por la vacunaci\u00f3n \u00abcomo mejor forma de protecci\u00f3n\u00bb. <\/h2>\n\n\n\n<p>La \u00faltima actualizaci\u00f3n de los serotipos del virus de la lengua azul, que notific\u00f3 el Ministerio de Agricultura, Pesca y Alimentaci\u00f3n (MAPA) con fecha del pasado 5 de diciembre, marcaba la provincia de Palencia como zona estacionalmente libre hasta la llegada de la primavera, al igual que las de Burgos, Le\u00f3n, Salamanca, Segovia, Soria, Valladolid y Zamora, por lo que respecta a Castilla y Le\u00f3n.<\/p>\n\n\n\n<p>A comienzos de 2025 se celebr\u00f3 una\u00a0reuni\u00f3n sobre la lengua azul en el Comit\u00e9 RASVE entre las\u00a0comunidades aut\u00f3nomas\u00a0y el\u00a0Ministerio, en la que se acordaron diversas medidas sobre esta enfermedad que afecta a la ganader\u00eda de bovino y, de modo m\u00e1s agresivo, en la de ovino. Adem\u00e1s del cambio a la estrategia de protecci\u00f3n, se autoriz\u00f3 la vacunaci\u00f3n voluntaria de los serotipos presentes en cada comunidad aut\u00f3noma, as\u00ed como el movimiento de ganado ovino y bovino por el territorio nacional sin restricciones, salvo que existan s\u00edntomas cl\u00ednicos.<\/p>\n\n\n\n<p>La lengua azul es una enfermedad v\u00edrica que afecta a los rumiantes, tanto dom\u00e9sticos como salvajes. Afecta principalmente al ovino, pero tambi\u00e9n al bovino y el caprino, que no suelen mostrar sintomas cl\u00ednicos, aunque act\u00faan de portadores. La enfermedad, cuya gravedad var\u00eda seg\u00fan la especie y el serotipo, se transmite por la picadura de ciertos mosquitos del g\u00e9nero <em>Culicoides<\/em>; y es de declaraci\u00f3n obligatoria.<\/p>\n\n\n\n<p><strong>CUATRO SEROTIPOS EN CASTILLA Y LE\u00d3N. <\/strong>La Junta ha ordenado esta reciente adquisici\u00f3n de emergencia por un importe de 550 000 euros, con lo que asciende a 4,6 millones de euros desde 2024 frente a esta enfermedad, con lo que ya se dispone de existencias para todos los tipos de la enfermedad que han circulado en Castilla y Le\u00f3n (1, 3, 4 y 8).\u00a0<\/p>\n\n\n\n<p>El director de Producci\u00f3n Agr\u00edcola y Ganadera, Rub\u00e9n Serrano, inform\u00f3 de los detalles de esta decisi\u00f3n en una reciente visita al Laboratorio Regional de Sanidad Animal de Le\u00f3n. Serrano ha explicado que la vacunaci\u00f3n es voluntaria tras la decisi\u00f3n adoptada en el Comit\u00e9 RASVE (Red de Alerta Sanitaria Veterinaria) de sustituir la estrategia de erradicaci\u00f3n de la enfermedad por una de protecci\u00f3n cl\u00ednica, dada la existencia de cuatro serotipos diferentes. No obstante, anim\u00f3 a los ganaderos a optar por la vacunaci\u00f3n.<\/p>\n\n\n\n<p>El Laboratorio Regional de Sanidad Animal de Le\u00f3n, en el que trabaja medio centenar de profesionales, asume la coordinaci\u00f3n t\u00e9cnica de la red de Castilla y Le\u00f3n, del que forma parte junto con ocho laboratorios provinciales m\u00e1s, y es centro de referencia en las acciones sanitarias generales y en la Red de Vigilancia Epidemiol\u00f3gica.<strong>\/<\/strong><\/p>\n","protected":false},"excerpt":{"rendered":"<p>La Consejer\u00eda de Agricultura, Ganader\u00eda y Desarrollo rural ha anunciado que la Junta de Castilla y Le\u00f3n ha adquirido un mill\u00f3n de dosis m\u00e1s de vacunas bivalentes frente a los serotipos 1 y 8 de la lengua azul. Asimismo, la administraci\u00f3n auton\u00f3mica ha animado a los ganaderos a informarse con los servicios veterinarios habilitados y [&hellip;]<\/p>\n","protected":false},"author":9,"featured_media":18985,"comment_status":"open","ping_status":"open","sticky":false,"template":"","format":"standard","meta":{"footnotes":""},"categories":[9,38,29,28,13],"tags":[142,77,66,361,110,143,365,168,449],"yoast_head":"<!-- This site is optimized with the Yoast SEO plugin v24.5 - https:\/\/yoast.com\/wordpress\/plugins\/seo\/ -->\n<title>La Junta anima a los ganaderos a vacunar contra la lengua azul \u00abcomo mejor forma de protecci\u00f3n\u00bb - ASAJA Palencia<\/title>\n<meta name=\"description\" content=\"La Consejer\u00eda de Agricultura, Ganader\u00eda y Desarrollo rural ha anunciado que la Junta de Castilla y Le\u00f3n ha adquirido un mill\u00f3n de dosis m\u00e1s de vacunas\" \/>\n<meta name=\"robots\" content=\"index, follow, max-snippet:-1, max-image-preview:large, max-video-preview:-1\" \/>\n<link rel=\"canonical\" href=\"https:\/\/www.asajacyl.com\/palencia\/asaja-palencia-informa\/la-junta-anima-a-los-ganaderos-a-vacunar-contra-la-lengua-azul-como-mejor-forma-de-proteccion\" \/>\n<meta property=\"og:locale\" content=\"es_ES\" \/>\n<meta property=\"og:type\" content=\"article\" \/>\n<meta property=\"og:title\" content=\"La Junta anima a los ganaderos a vacunar contra la lengua azul \u00abcomo mejor forma de protecci\u00f3n\u00bb - ASAJA Palencia\" \/>\n<meta property=\"og:description\" content=\"La Consejer\u00eda de Agricultura, Ganader\u00eda y Desarrollo rural ha anunciado que la Junta de Castilla y Le\u00f3n ha adquirido un mill\u00f3n de dosis m\u00e1s de vacunas\" \/>\n<meta property=\"og:url\" content=\"https:\/\/www.asajacyl.com\/palencia\/asaja-palencia-informa\/la-junta-anima-a-los-ganaderos-a-vacunar-contra-la-lengua-azul-como-mejor-forma-de-proteccion\" \/>\n<meta property=\"og:site_name\" content=\"ASAJA Palencia\" \/>\n<meta property=\"article:published_time\" content=\"2025-02-21T11:10:53+00:00\" \/>\n<meta property=\"article:modified_time\" content=\"2025-02-21T11:10:56+00:00\" \/>\n<meta property=\"og:image\" content=\"https:\/\/www.asajacyl.com\/palencia\/wp-content\/uploads\/sites\/3\/2025\/02\/Laboratorio-Regional-de-Sanidad-Animal-web.jpg\" \/>\n\t<meta property=\"og:image:width\" content=\"1890\" \/>\n\t<meta property=\"og:image:height\" content=\"1654\" \/>\n\t<meta property=\"og:image:type\" content=\"image\/jpeg\" \/>\n<meta name=\"author\" content=\"Administrador\" \/>\n<meta name=\"twitter:card\" content=\"summary_large_image\" \/>\n<meta name=\"twitter:label1\" content=\"Escrito por\" \/>\n\t<meta name=\"twitter:data1\" content=\"Administrador\" \/>\n\t<meta name=\"twitter:label2\" content=\"Tiempo de lectura\" \/>\n\t<meta name=\"twitter:data2\" content=\"3 minutos\" \/>\n<script type=\"application\/ld+json\" class=\"yoast-schema-graph\">{\"@context\":\"https:\/\/schema.org\",\"@graph\":[{\"@type\":\"WebPage\",\"@id\":\"https:\/\/www.asajacyl.com\/palencia\/asaja-palencia-informa\/la-junta-anima-a-los-ganaderos-a-vacunar-contra-la-lengua-azul-como-mejor-forma-de-proteccion\",\"url\":\"https:\/\/www.asajacyl.com\/palencia\/asaja-palencia-informa\/la-junta-anima-a-los-ganaderos-a-vacunar-contra-la-lengua-azul-como-mejor-forma-de-proteccion\",\"name\":\"La Junta anima a los ganaderos a vacunar contra la lengua azul \u00abcomo mejor forma de protecci\u00f3n\u00bb - ASAJA Palencia\",\"isPartOf\":{\"@id\":\"https:\/\/www.asajacyl.com\/palencia\/#website\"},\"primaryImageOfPage\":{\"@id\":\"https:\/\/www.asajacyl.com\/palencia\/asaja-palencia-informa\/la-junta-anima-a-los-ganaderos-a-vacunar-contra-la-lengua-azul-como-mejor-forma-de-proteccion#primaryimage\"},\"image\":{\"@id\":\"https:\/\/www.asajacyl.com\/palencia\/asaja-palencia-informa\/la-junta-anima-a-los-ganaderos-a-vacunar-contra-la-lengua-azul-como-mejor-forma-de-proteccion#primaryimage\"},\"thumbnailUrl\":\"https:\/\/www.asajacyl.com\/palencia\/wp-content\/uploads\/sites\/3\/2025\/02\/Laboratorio-Regional-de-Sanidad-Animal-web.jpg\",\"datePublished\":\"2025-02-21T11:10:53+00:00\",\"dateModified\":\"2025-02-21T11:10:56+00:00\",\"author\":{\"@id\":\"https:\/\/www.asajacyl.com\/palencia\/#\/schema\/person\/3ab17aeb03527485c317557fae64aab1\"},\"description\":\"La Consejer\u00eda de Agricultura, Ganader\u00eda y Desarrollo rural ha anunciado que la Junta de Castilla y Le\u00f3n ha adquirido un mill\u00f3n de dosis m\u00e1s de vacunas\",\"breadcrumb\":{\"@id\":\"https:\/\/www.asajacyl.com\/palencia\/asaja-palencia-informa\/la-junta-anima-a-los-ganaderos-a-vacunar-contra-la-lengua-azul-como-mejor-forma-de-proteccion#breadcrumb\"},\"inLanguage\":\"es\",\"potentialAction\":[{\"@type\":\"ReadAction\",\"target\":[\"https:\/\/www.asajacyl.com\/palencia\/asaja-palencia-informa\/la-junta-anima-a-los-ganaderos-a-vacunar-contra-la-lengua-azul-como-mejor-forma-de-proteccion\"]}]},{\"@type\":\"ImageObject\",\"inLanguage\":\"es\",\"@id\":\"https:\/\/www.asajacyl.com\/palencia\/asaja-palencia-informa\/la-junta-anima-a-los-ganaderos-a-vacunar-contra-la-lengua-azul-como-mejor-forma-de-proteccion#primaryimage\",\"url\":\"https:\/\/www.asajacyl.com\/palencia\/wp-content\/uploads\/sites\/3\/2025\/02\/Laboratorio-Regional-de-Sanidad-Animal-web.jpg\",\"contentUrl\":\"https:\/\/www.asajacyl.com\/palencia\/wp-content\/uploads\/sites\/3\/2025\/02\/Laboratorio-Regional-de-Sanidad-Animal-web.jpg\",\"width\":1890,\"height\":1654},{\"@type\":\"BreadcrumbList\",\"@id\":\"https:\/\/www.asajacyl.com\/palencia\/asaja-palencia-informa\/la-junta-anima-a-los-ganaderos-a-vacunar-contra-la-lengua-azul-como-mejor-forma-de-proteccion#breadcrumb\",\"itemListElement\":[{\"@type\":\"ListItem\",\"position\":1,\"name\":\"Portada\",\"item\":\"https:\/\/www.asajacyl.com\/palencia\/\"},{\"@type\":\"ListItem\",\"position\":2,\"name\":\"La Junta anima a los ganaderos a vacunar contra la lengua azul \u00abcomo mejor forma de protecci\u00f3n\u00bb\"}]},{\"@type\":\"WebSite\",\"@id\":\"https:\/\/www.asajacyl.com\/palencia\/#website\",\"url\":\"https:\/\/www.asajacyl.com\/palencia\/\",\"name\":\"ASAJA Palencia\",\"description\":\"Otro sitio m\u00e1s de Provincias ASAJA Castilla y Le\u00f3n\",\"potentialAction\":[{\"@type\":\"SearchAction\",\"target\":{\"@type\":\"EntryPoint\",\"urlTemplate\":\"https:\/\/www.asajacyl.com\/palencia\/?s={search_term_string}\"},\"query-input\":{\"@type\":\"PropertyValueSpecification\",\"valueRequired\":true,\"valueName\":\"search_term_string\"}}],\"inLanguage\":\"es\"},{\"@type\":\"Person\",\"@id\":\"https:\/\/www.asajacyl.com\/palencia\/#\/schema\/person\/3ab17aeb03527485c317557fae64aab1\",\"name\":\"Administrador\",\"image\":{\"@type\":\"ImageObject\",\"inLanguage\":\"es\",\"@id\":\"https:\/\/www.asajacyl.com\/palencia\/#\/schema\/person\/image\/\",\"url\":\"https:\/\/secure.gravatar.com\/avatar\/517384810d242ca9e38c180f3c9fb973?s=96&d=mm&r=g\",\"contentUrl\":\"https:\/\/secure.gravatar.com\/avatar\/517384810d242ca9e38c180f3c9fb973?s=96&d=mm&r=g\",\"caption\":\"Administrador\"},\"url\":\"https:\/\/www.asajacyl.com\/palencia\/author\/carlosrm\"}]}<\/script>\n<!-- \/ Yoast SEO plugin. -->","yoast_head_json":{"title":"La Junta anima a los ganaderos a vacunar contra la lengua azul \u00abcomo mejor forma de protecci\u00f3n\u00bb - ASAJA Palencia","description":"La Consejer\u00eda de Agricultura, Ganader\u00eda y Desarrollo rural ha anunciado que la Junta de Castilla y Le\u00f3n ha adquirido un mill\u00f3n de dosis m\u00e1s de vacunas","robots":{"index":"index","follow":"follow","max-snippet":"max-snippet:-1","max-image-preview":"max-image-preview:large","max-video-preview":"max-video-preview:-1"},"canonical":"https:\/\/www.asajacyl.com\/palencia\/asaja-palencia-informa\/la-junta-anima-a-los-ganaderos-a-vacunar-contra-la-lengua-azul-como-mejor-forma-de-proteccion","og_locale":"es_ES","og_type":"article","og_title":"La Junta anima a los ganaderos a vacunar contra la lengua azul \u00abcomo mejor forma de protecci\u00f3n\u00bb - ASAJA Palencia","og_description":"La Consejer\u00eda de Agricultura, Ganader\u00eda y Desarrollo rural ha anunciado que la Junta de Castilla y Le\u00f3n ha adquirido un mill\u00f3n de dosis m\u00e1s de vacunas","og_url":"https:\/\/www.asajacyl.com\/palencia\/asaja-palencia-informa\/la-junta-anima-a-los-ganaderos-a-vacunar-contra-la-lengua-azul-como-mejor-forma-de-proteccion","og_site_name":"ASAJA Palencia","article_published_time":"2025-02-21T11:10:53+00:00","article_modified_time":"2025-02-21T11:10:56+00:00","og_image":[{"width":1890,"height":1654,"url":"https:\/\/www.asajacyl.com\/palencia\/wp-content\/uploads\/sites\/3\/2025\/02\/Laboratorio-Regional-de-Sanidad-Animal-web.jpg","type":"image\/jpeg"}],"author":"Administrador","twitter_card":"summary_large_image","twitter_misc":{"Escrito por":"Administrador","Tiempo de lectura":"3 minutos"},"schema":{"@context":"https:\/\/schema.org","@graph":[{"@type":"WebPage","@id":"https:\/\/www.asajacyl.com\/palencia\/asaja-palencia-informa\/la-junta-anima-a-los-ganaderos-a-vacunar-contra-la-lengua-azul-como-mejor-forma-de-proteccion","url":"https:\/\/www.asajacyl.com\/palencia\/asaja-palencia-informa\/la-junta-anima-a-los-ganaderos-a-vacunar-contra-la-lengua-azul-como-mejor-forma-de-proteccion","name":"La Junta anima a los ganaderos a vacunar contra la lengua azul \u00abcomo mejor forma de protecci\u00f3n\u00bb - ASAJA Palencia","isPartOf":{"@id":"https:\/\/www.asajacyl.com\/palencia\/#website"},"primaryImageOfPage":{"@id":"https:\/\/www.asajacyl.com\/palencia\/asaja-palencia-informa\/la-junta-anima-a-los-ganaderos-a-vacunar-contra-la-lengua-azul-como-mejor-forma-de-proteccion#primaryimage"},"image":{"@id":"https:\/\/www.asajacyl.com\/palencia\/asaja-palencia-informa\/la-junta-anima-a-los-ganaderos-a-vacunar-contra-la-lengua-azul-como-mejor-forma-de-proteccion#primaryimage"},"thumbnailUrl":"https:\/\/www.asajacyl.com\/palencia\/wp-content\/uploads\/sites\/3\/2025\/02\/Laboratorio-Regional-de-Sanidad-Animal-web.jpg","datePublished":"2025-02-21T11:10:53+00:00","dateModified":"2025-02-21T11:10:56+00:00","author":{"@id":"https:\/\/www.asajacyl.com\/palencia\/#\/schema\/person\/3ab17aeb03527485c317557fae64aab1"},"description":"La Consejer\u00eda de Agricultura, Ganader\u00eda y Desarrollo rural ha anunciado que la Junta de Castilla y Le\u00f3n ha adquirido un mill\u00f3n de dosis m\u00e1s de vacunas","breadcrumb":{"@id":"https:\/\/www.asajacyl.com\/palencia\/asaja-palencia-informa\/la-junta-anima-a-los-ganaderos-a-vacunar-contra-la-lengua-azul-como-mejor-forma-de-proteccion#breadcrumb"},"inLanguage":"es","potentialAction":[{"@type":"ReadAction","target":["https:\/\/www.asajacyl.com\/palencia\/asaja-palencia-informa\/la-junta-anima-a-los-ganaderos-a-vacunar-contra-la-lengua-azul-como-mejor-forma-de-proteccion"]}]},{"@type":"ImageObject","inLanguage":"es","@id":"https:\/\/www.asajacyl.com\/palencia\/asaja-palencia-informa\/la-junta-anima-a-los-ganaderos-a-vacunar-contra-la-lengua-azul-como-mejor-forma-de-proteccion#primaryimage","url":"https:\/\/www.asajacyl.com\/palencia\/wp-content\/uploads\/sites\/3\/2025\/02\/Laboratorio-Regional-de-Sanidad-Animal-web.jpg","contentUrl":"https:\/\/www.asajacyl.com\/palencia\/wp-content\/uploads\/sites\/3\/2025\/02\/Laboratorio-Regional-de-Sanidad-Animal-web.jpg","width":1890,"height":1654},{"@type":"BreadcrumbList","@id":"https:\/\/www.asajacyl.com\/palencia\/asaja-palencia-informa\/la-junta-anima-a-los-ganaderos-a-vacunar-contra-la-lengua-azul-como-mejor-forma-de-proteccion#breadcrumb","itemListElement":[{"@type":"ListItem","position":1,"name":"Portada","item":"https:\/\/www.asajacyl.com\/palencia\/"},{"@type":"ListItem","position":2,"name":"La Junta anima a los ganaderos a vacunar contra la lengua azul \u00abcomo mejor forma de protecci\u00f3n\u00bb"}]},{"@type":"WebSite","@id":"https:\/\/www.asajacyl.com\/palencia\/#website","url":"https:\/\/www.asajacyl.com\/palencia\/","name":"ASAJA Palencia","description":"Otro sitio m\u00e1s de Provincias ASAJA Castilla y Le\u00f3n","potentialAction":[{"@type":"SearchAction","target":{"@type":"EntryPoint","urlTemplate":"https:\/\/www.asajacyl.com\/palencia\/?s={search_term_string}"},"query-input":{"@type":"PropertyValueSpecification","valueRequired":true,"valueName":"search_term_string"}}],"inLanguage":"es"},{"@type":"Person","@id":"https:\/\/www.asajacyl.com\/palencia\/#\/schema\/person\/3ab17aeb03527485c317557fae64aab1","name":"Administrador","image":{"@type":"ImageObject","inLanguage":"es","@id":"https:\/\/www.asajacyl.com\/palencia\/#\/schema\/person\/image\/","url":"https:\/\/secure.gravatar.com\/avatar\/517384810d242ca9e38c180f3c9fb973?s=96&d=mm&r=g","contentUrl":"https:\/\/secure.gravatar.com\/avatar\/517384810d242ca9e38c180f3c9fb973?s=96&d=mm&r=g","caption":"Administrador"},"url":"https:\/\/www.asajacyl.com\/palencia\/author\/carlosrm"}]}},"_links":{"self":[{"href":"https:\/\/www.asajacyl.com\/palencia\/wp-json\/wp\/v2\/posts\/18984"}],"collection":[{"href":"https:\/\/www.asajacyl.com\/palencia\/wp-json\/wp\/v2\/posts"}],"about":[{"href":"https:\/\/www.asajacyl.com\/palencia\/wp-json\/wp\/v2\/types\/post"}],"author":[{"embeddable":true,"href":"https:\/\/www.asajacyl.com\/palencia\/wp-json\/wp\/v2\/users\/9"}],"replies":[{"embeddable":true,"href":"https:\/\/www.asajacyl.com\/palencia\/wp-json\/wp\/v2\/comments?post=18984"}],"version-history":[{"count":1,"href":"https:\/\/www.asajacyl.com\/palencia\/wp-json\/wp\/v2\/posts\/18984\/revisions"}],"predecessor-version":[{"id":18986,"href":"https:\/\/www.asajacyl.com\/palencia\/wp-json\/wp\/v2\/posts\/18984\/revisions\/18986"}],"wp:featuredmedia":[{"embeddable":true,"href":"https:\/\/www.asajacyl.com\/palencia\/wp-json\/wp\/v2\/media\/18985"}],"wp:attachment":[{"href":"https:\/\/www.asajacyl.com\/palencia\/wp-json\/wp\/v2\/media?parent=18984"}],"wp:term":[{"taxonomy":"category","embeddable":true,"href":"https:\/\/www.asajacyl.com\/palencia\/wp-json\/wp\/v2\/categories?post=18984"},{"taxonomy":"post_tag","embeddable":true,"href":"https:\/\/www.asajacyl.com\/palencia\/wp-json\/wp\/v2\/tags?post=18984"}],"curies":[{"name":"wp","href":"https:\/\/api.w.org\/{rel}","templated":true}]}}