{"id":18988,"date":"2025-02-22T00:00:00","date_gmt":"2025-02-21T23:00:00","guid":{"rendered":"https:\/\/www.asajacyl.com\/palencia\/?p=18988"},"modified":"2025-02-21T13:52:32","modified_gmt":"2025-02-21T12:52:32","slug":"asaja-aconseja-contratar-el-seguro-de-remolacha-en-el-momento-de-sembrar-para-cubrir-la-no-nascencia","status":"publish","type":"post","link":"https:\/\/www.asajacyl.com\/palencia\/asaja-palencia-informa\/asaja-aconseja-contratar-el-seguro-de-remolacha-en-el-momento-de-sembrar-para-cubrir-la-no-nascencia","title":{"rendered":"ASAJA aconseja contratar el seguro de remolacha en el momento de sembrar para cubrir la no nascencia"},"content":{"rendered":"\n<h2 class=\"wp-block-heading\">El departamento de seguro agrario de ASAJA-Palencia aconseja contratar la p\u00f3liza para el cultivo de remolacha, cuyo plazo se abri\u00f3 el pasado 1 de febrero, desde el momento mismo de la siembra de esta nueva campa\u00f1a, para tener cubierta la no nascencia, adem\u00e1s de los otros riesgos (pedrisco, helada, etc\u00e9tera). <\/h2>\n\n\n\n<p>Los m\u00f3dulos 1, 2 y P (con cobertura de no nascencia) para la remolacha con ciclo de cultivo primaveral pueden contratarse esta campa\u00f1a desde el 1 de febrero hasta el 19 de abril (ambos inclusive), pero ASAJA-Palencia aconseja contratarlo desde el momento de la siembra, que en nuestra zona suele efectuarse en torno a estas fechas (normalmente, entre la segunda quincena de febrero y la primera de marzo), en busca de una implantaci\u00f3n temprana y uniforme de este cultivo industrial. Hasta el 31 de mayo puede contratarse el m\u00f3dulo P de la p\u00f3liza de remolacha, ya sin esa cobertura de no nascencia.<\/p>\n\n\n\n<p>Nuestro departamento de seguros agrarios recuerda, asimismo, que <strong>a partir del 1 de marzo<\/strong> se inician tres plazos de mucho inter\u00e9s para nuestros agricultores, dada su ampl\u00edsima presencia en el campo de esta provincia:<\/p>\n\n\n\n<ul>\n<li>Los agricultores que no han contratado el seguro de <strong>herb\u00e1ceos de invierno<\/strong> (m\u00f3dulo 2) ya pueden contratar el tradicional seguro de pedrisco e incendio (m\u00f3dulo P)<\/li>\n\n\n\n<li>Contrataci\u00f3n del seguro de <strong>patata y patata de siembra<\/strong> con cobertura de pedrisco, lluvia persistente, helada\u2026<\/li>\n\n\n\n<li>Otro seguro que se inicia ahora es el m\u00f3dulo P de <strong>forrajes<\/strong> (con cobertura de lluvias persistente, pedrisco\u2026) para los cultivadores que no contrataron la p\u00f3liza en noviembre y diciembre. Ademas, si se ha contratado el seguro de <strong>alfalfa<\/strong> en invierno, tambi\u00e9n se ha abierto el plazo para hacer el complementario.<\/li>\n<\/ul>\n\n\n\n<p>Asimismo, aconsejamos aprovechar la presentaci\u00f3n de la solicitud \u00fanica de la PAC para revisar el seguro, a fin de evitar errores que puedan acarrear complicaciones, y en todo caso, recordar que se est\u00e1 en plazo de introducir modificaciones en la p\u00f3liza de cultivos herb\u00e1ceos extensivos. El seguro agrario es un instrumento vivo, as\u00ed que nuestros t\u00e9cnicos est\u00e1n a disposici\u00f3n del asociado para asesorarle e informarle con conocimiento especializado de la materia sobre el mejor aprovechamiento de esta herramienta indispensable para aminorar las incertidumbres y los riesgos propios de la agricultura.<strong>\/<\/strong> <\/p>\n","protected":false},"excerpt":{"rendered":"<p>El departamento de seguro agrario de ASAJA-Palencia aconseja contratar la p\u00f3liza para el cultivo de remolacha, cuyo plazo se abri\u00f3 el pasado 1 de febrero, desde el momento mismo de la siembra de esta nueva campa\u00f1a, para tener cubierta la no nascencia, adem\u00e1s de los otros riesgos (pedrisco, helada, etc\u00e9tera). Los m\u00f3dulos 1, 2 y [&hellip;]<\/p>\n","protected":false},"author":9,"featured_media":18991,"comment_status":"open","ping_status":"open","sticky":false,"template":"","format":"standard","meta":{"footnotes":""},"categories":[9,38,29,28,13],"tags":[58,176,46,146,501],"yoast_head":"<!-- This site is optimized with the Yoast SEO plugin v24.5 - https:\/\/yoast.com\/wordpress\/plugins\/seo\/ -->\n<title>ASAJA aconseja contratar el seguro de remolacha en el momento de sembrar para cubrir la no nascencia - ASAJA Palencia<\/title>\n<meta name=\"description\" content=\"El departamento de seguro agrario de ASAJA-Palencia aconseja contratar la p\u00f3liza para el cultivo de remolacha, cuyo plazo se abri\u00f3 el pasado 1 de febrero,\" \/>\n<meta name=\"robots\" content=\"index, follow, max-snippet:-1, max-image-preview:large, max-video-preview:-1\" \/>\n<link rel=\"canonical\" href=\"https:\/\/www.asajacyl.com\/palencia\/asaja-palencia-informa\/asaja-aconseja-contratar-el-seguro-de-remolacha-en-el-momento-de-sembrar-para-cubrir-la-no-nascencia\" \/>\n<meta property=\"og:locale\" content=\"es_ES\" \/>\n<meta property=\"og:type\" content=\"article\" \/>\n<meta property=\"og:title\" content=\"ASAJA aconseja contratar el seguro de remolacha en el momento de sembrar para cubrir la no nascencia - ASAJA Palencia\" \/>\n<meta property=\"og:description\" content=\"El departamento de seguro agrario de ASAJA-Palencia aconseja contratar la p\u00f3liza para el cultivo de remolacha, cuyo plazo se abri\u00f3 el pasado 1 de febrero,\" \/>\n<meta property=\"og:url\" content=\"https:\/\/www.asajacyl.com\/palencia\/asaja-palencia-informa\/asaja-aconseja-contratar-el-seguro-de-remolacha-en-el-momento-de-sembrar-para-cubrir-la-no-nascencia\" \/>\n<meta property=\"og:site_name\" content=\"ASAJA Palencia\" \/>\n<meta property=\"article:published_time\" content=\"2025-02-21T23:00:00+00:00\" \/>\n<meta property=\"og:image\" content=\"https:\/\/www.asajacyl.com\/palencia\/wp-content\/uploads\/sites\/3\/2025\/02\/Remolacha-brotes-web.jpg\" \/>\n\t<meta property=\"og:image:width\" content=\"1890\" \/>\n\t<meta property=\"og:image:height\" content=\"1654\" \/>\n\t<meta property=\"og:image:type\" content=\"image\/jpeg\" \/>\n<meta name=\"author\" content=\"Administrador\" \/>\n<meta name=\"twitter:card\" content=\"summary_large_image\" \/>\n<meta name=\"twitter:label1\" content=\"Escrito por\" \/>\n\t<meta name=\"twitter:data1\" content=\"Administrador\" \/>\n\t<meta name=\"twitter:label2\" content=\"Tiempo de lectura\" \/>\n\t<meta name=\"twitter:data2\" content=\"2 minutos\" \/>\n<script type=\"application\/ld+json\" class=\"yoast-schema-graph\">{\"@context\":\"https:\/\/schema.org\",\"@graph\":[{\"@type\":\"WebPage\",\"@id\":\"https:\/\/www.asajacyl.com\/palencia\/asaja-palencia-informa\/asaja-aconseja-contratar-el-seguro-de-remolacha-en-el-momento-de-sembrar-para-cubrir-la-no-nascencia\",\"url\":\"https:\/\/www.asajacyl.com\/palencia\/asaja-palencia-informa\/asaja-aconseja-contratar-el-seguro-de-remolacha-en-el-momento-de-sembrar-para-cubrir-la-no-nascencia\",\"name\":\"ASAJA aconseja contratar el seguro de remolacha en el momento de sembrar para cubrir la no nascencia - ASAJA Palencia\",\"isPartOf\":{\"@id\":\"https:\/\/www.asajacyl.com\/palencia\/#website\"},\"primaryImageOfPage\":{\"@id\":\"https:\/\/www.asajacyl.com\/palencia\/asaja-palencia-informa\/asaja-aconseja-contratar-el-seguro-de-remolacha-en-el-momento-de-sembrar-para-cubrir-la-no-nascencia#primaryimage\"},\"image\":{\"@id\":\"https:\/\/www.asajacyl.com\/palencia\/asaja-palencia-informa\/asaja-aconseja-contratar-el-seguro-de-remolacha-en-el-momento-de-sembrar-para-cubrir-la-no-nascencia#primaryimage\"},\"thumbnailUrl\":\"https:\/\/www.asajacyl.com\/palencia\/wp-content\/uploads\/sites\/3\/2025\/02\/Remolacha-brotes-web.jpg\",\"datePublished\":\"2025-02-21T23:00:00+00:00\",\"author\":{\"@id\":\"https:\/\/www.asajacyl.com\/palencia\/#\/schema\/person\/3ab17aeb03527485c317557fae64aab1\"},\"description\":\"El departamento de seguro agrario de ASAJA-Palencia aconseja contratar la p\u00f3liza para el cultivo de remolacha, cuyo plazo se abri\u00f3 el pasado 1 de febrero,\",\"breadcrumb\":{\"@id\":\"https:\/\/www.asajacyl.com\/palencia\/asaja-palencia-informa\/asaja-aconseja-contratar-el-seguro-de-remolacha-en-el-momento-de-sembrar-para-cubrir-la-no-nascencia#breadcrumb\"},\"inLanguage\":\"es\",\"potentialAction\":[{\"@type\":\"ReadAction\",\"target\":[\"https:\/\/www.asajacyl.com\/palencia\/asaja-palencia-informa\/asaja-aconseja-contratar-el-seguro-de-remolacha-en-el-momento-de-sembrar-para-cubrir-la-no-nascencia\"]}]},{\"@type\":\"ImageObject\",\"inLanguage\":\"es\",\"@id\":\"https:\/\/www.asajacyl.com\/palencia\/asaja-palencia-informa\/asaja-aconseja-contratar-el-seguro-de-remolacha-en-el-momento-de-sembrar-para-cubrir-la-no-nascencia#primaryimage\",\"url\":\"https:\/\/www.asajacyl.com\/palencia\/wp-content\/uploads\/sites\/3\/2025\/02\/Remolacha-brotes-web.jpg\",\"contentUrl\":\"https:\/\/www.asajacyl.com\/palencia\/wp-content\/uploads\/sites\/3\/2025\/02\/Remolacha-brotes-web.jpg\",\"width\":1890,\"height\":1654},{\"@type\":\"BreadcrumbList\",\"@id\":\"https:\/\/www.asajacyl.com\/palencia\/asaja-palencia-informa\/asaja-aconseja-contratar-el-seguro-de-remolacha-en-el-momento-de-sembrar-para-cubrir-la-no-nascencia#breadcrumb\",\"itemListElement\":[{\"@type\":\"ListItem\",\"position\":1,\"name\":\"Portada\",\"item\":\"https:\/\/www.asajacyl.com\/palencia\/\"},{\"@type\":\"ListItem\",\"position\":2,\"name\":\"ASAJA aconseja contratar el seguro de remolacha en el momento de sembrar para cubrir la no nascencia\"}]},{\"@type\":\"WebSite\",\"@id\":\"https:\/\/www.asajacyl.com\/palencia\/#website\",\"url\":\"https:\/\/www.asajacyl.com\/palencia\/\",\"name\":\"ASAJA Palencia\",\"description\":\"Otro sitio m\u00e1s de Provincias ASAJA Castilla y Le\u00f3n\",\"potentialAction\":[{\"@type\":\"SearchAction\",\"target\":{\"@type\":\"EntryPoint\",\"urlTemplate\":\"https:\/\/www.asajacyl.com\/palencia\/?s={search_term_string}\"},\"query-input\":{\"@type\":\"PropertyValueSpecification\",\"valueRequired\":true,\"valueName\":\"search_term_string\"}}],\"inLanguage\":\"es\"},{\"@type\":\"Person\",\"@id\":\"https:\/\/www.asajacyl.com\/palencia\/#\/schema\/person\/3ab17aeb03527485c317557fae64aab1\",\"name\":\"Administrador\",\"image\":{\"@type\":\"ImageObject\",\"inLanguage\":\"es\",\"@id\":\"https:\/\/www.asajacyl.com\/palencia\/#\/schema\/person\/image\/\",\"url\":\"https:\/\/secure.gravatar.com\/avatar\/517384810d242ca9e38c180f3c9fb973?s=96&d=mm&r=g\",\"contentUrl\":\"https:\/\/secure.gravatar.com\/avatar\/517384810d242ca9e38c180f3c9fb973?s=96&d=mm&r=g\",\"caption\":\"Administrador\"},\"url\":\"https:\/\/www.asajacyl.com\/palencia\/author\/carlosrm\"}]}<\/script>\n<!-- \/ Yoast SEO plugin. -->","yoast_head_json":{"title":"ASAJA aconseja contratar el seguro de remolacha en el momento de sembrar para cubrir la no nascencia - ASAJA Palencia","description":"El departamento de seguro agrario de ASAJA-Palencia aconseja contratar la p\u00f3liza para el cultivo de remolacha, cuyo plazo se abri\u00f3 el pasado 1 de febrero,","robots":{"index":"index","follow":"follow","max-snippet":"max-snippet:-1","max-image-preview":"max-image-preview:large","max-video-preview":"max-video-preview:-1"},"canonical":"https:\/\/www.asajacyl.com\/palencia\/asaja-palencia-informa\/asaja-aconseja-contratar-el-seguro-de-remolacha-en-el-momento-de-sembrar-para-cubrir-la-no-nascencia","og_locale":"es_ES","og_type":"article","og_title":"ASAJA aconseja contratar el seguro de remolacha en el momento de sembrar para cubrir la no nascencia - ASAJA Palencia","og_description":"El departamento de seguro agrario de ASAJA-Palencia aconseja contratar la p\u00f3liza para el cultivo de remolacha, cuyo plazo se abri\u00f3 el pasado 1 de febrero,","og_url":"https:\/\/www.asajacyl.com\/palencia\/asaja-palencia-informa\/asaja-aconseja-contratar-el-seguro-de-remolacha-en-el-momento-de-sembrar-para-cubrir-la-no-nascencia","og_site_name":"ASAJA Palencia","article_published_time":"2025-02-21T23:00:00+00:00","og_image":[{"width":1890,"height":1654,"url":"https:\/\/www.asajacyl.com\/palencia\/wp-content\/uploads\/sites\/3\/2025\/02\/Remolacha-brotes-web.jpg","type":"image\/jpeg"}],"author":"Administrador","twitter_card":"summary_large_image","twitter_misc":{"Escrito por":"Administrador","Tiempo de lectura":"2 minutos"},"schema":{"@context":"https:\/\/schema.org","@graph":[{"@type":"WebPage","@id":"https:\/\/www.asajacyl.com\/palencia\/asaja-palencia-informa\/asaja-aconseja-contratar-el-seguro-de-remolacha-en-el-momento-de-sembrar-para-cubrir-la-no-nascencia","url":"https:\/\/www.asajacyl.com\/palencia\/asaja-palencia-informa\/asaja-aconseja-contratar-el-seguro-de-remolacha-en-el-momento-de-sembrar-para-cubrir-la-no-nascencia","name":"ASAJA aconseja contratar el seguro de remolacha en el momento de sembrar para cubrir la no nascencia - ASAJA Palencia","isPartOf":{"@id":"https:\/\/www.asajacyl.com\/palencia\/#website"},"primaryImageOfPage":{"@id":"https:\/\/www.asajacyl.com\/palencia\/asaja-palencia-informa\/asaja-aconseja-contratar-el-seguro-de-remolacha-en-el-momento-de-sembrar-para-cubrir-la-no-nascencia#primaryimage"},"image":{"@id":"https:\/\/www.asajacyl.com\/palencia\/asaja-palencia-informa\/asaja-aconseja-contratar-el-seguro-de-remolacha-en-el-momento-de-sembrar-para-cubrir-la-no-nascencia#primaryimage"},"thumbnailUrl":"https:\/\/www.asajacyl.com\/palencia\/wp-content\/uploads\/sites\/3\/2025\/02\/Remolacha-brotes-web.jpg","datePublished":"2025-02-21T23:00:00+00:00","author":{"@id":"https:\/\/www.asajacyl.com\/palencia\/#\/schema\/person\/3ab17aeb03527485c317557fae64aab1"},"description":"El departamento de seguro agrario de ASAJA-Palencia aconseja contratar la p\u00f3liza para el cultivo de remolacha, cuyo plazo se abri\u00f3 el pasado 1 de febrero,","breadcrumb":{"@id":"https:\/\/www.asajacyl.com\/palencia\/asaja-palencia-informa\/asaja-aconseja-contratar-el-seguro-de-remolacha-en-el-momento-de-sembrar-para-cubrir-la-no-nascencia#breadcrumb"},"inLanguage":"es","potentialAction":[{"@type":"ReadAction","target":["https:\/\/www.asajacyl.com\/palencia\/asaja-palencia-informa\/asaja-aconseja-contratar-el-seguro-de-remolacha-en-el-momento-de-sembrar-para-cubrir-la-no-nascencia"]}]},{"@type":"ImageObject","inLanguage":"es","@id":"https:\/\/www.asajacyl.com\/palencia\/asaja-palencia-informa\/asaja-aconseja-contratar-el-seguro-de-remolacha-en-el-momento-de-sembrar-para-cubrir-la-no-nascencia#primaryimage","url":"https:\/\/www.asajacyl.com\/palencia\/wp-content\/uploads\/sites\/3\/2025\/02\/Remolacha-brotes-web.jpg","contentUrl":"https:\/\/www.asajacyl.com\/palencia\/wp-content\/uploads\/sites\/3\/2025\/02\/Remolacha-brotes-web.jpg","width":1890,"height":1654},{"@type":"BreadcrumbList","@id":"https:\/\/www.asajacyl.com\/palencia\/asaja-palencia-informa\/asaja-aconseja-contratar-el-seguro-de-remolacha-en-el-momento-de-sembrar-para-cubrir-la-no-nascencia#breadcrumb","itemListElement":[{"@type":"ListItem","position":1,"name":"Portada","item":"https:\/\/www.asajacyl.com\/palencia\/"},{"@type":"ListItem","position":2,"name":"ASAJA aconseja contratar el seguro de remolacha en el momento de sembrar para cubrir la no nascencia"}]},{"@type":"WebSite","@id":"https:\/\/www.asajacyl.com\/palencia\/#website","url":"https:\/\/www.asajacyl.com\/palencia\/","name":"ASAJA Palencia","description":"Otro sitio m\u00e1s de Provincias ASAJA Castilla y Le\u00f3n","potentialAction":[{"@type":"SearchAction","target":{"@type":"EntryPoint","urlTemplate":"https:\/\/www.asajacyl.com\/palencia\/?s={search_term_string}"},"query-input":{"@type":"PropertyValueSpecification","valueRequired":true,"valueName":"search_term_string"}}],"inLanguage":"es"},{"@type":"Person","@id":"https:\/\/www.asajacyl.com\/palencia\/#\/schema\/person\/3ab17aeb03527485c317557fae64aab1","name":"Administrador","image":{"@type":"ImageObject","inLanguage":"es","@id":"https:\/\/www.asajacyl.com\/palencia\/#\/schema\/person\/image\/","url":"https:\/\/secure.gravatar.com\/avatar\/517384810d242ca9e38c180f3c9fb973?s=96&d=mm&r=g","contentUrl":"https:\/\/secure.gravatar.com\/avatar\/517384810d242ca9e38c180f3c9fb973?s=96&d=mm&r=g","caption":"Administrador"},"url":"https:\/\/www.asajacyl.com\/palencia\/author\/carlosrm"}]}},"_links":{"self":[{"href":"https:\/\/www.asajacyl.com\/palencia\/wp-json\/wp\/v2\/posts\/18988"}],"collection":[{"href":"https:\/\/www.asajacyl.com\/palencia\/wp-json\/wp\/v2\/posts"}],"about":[{"href":"https:\/\/www.asajacyl.com\/palencia\/wp-json\/wp\/v2\/types\/post"}],"author":[{"embeddable":true,"href":"https:\/\/www.asajacyl.com\/palencia\/wp-json\/wp\/v2\/users\/9"}],"replies":[{"embeddable":true,"href":"https:\/\/www.asajacyl.com\/palencia\/wp-json\/wp\/v2\/comments?post=18988"}],"version-history":[{"count":3,"href":"https:\/\/www.asajacyl.com\/palencia\/wp-json\/wp\/v2\/posts\/18988\/revisions"}],"predecessor-version":[{"id":18992,"href":"https:\/\/www.asajacyl.com\/palencia\/wp-json\/wp\/v2\/posts\/18988\/revisions\/18992"}],"wp:featuredmedia":[{"embeddable":true,"href":"https:\/\/www.asajacyl.com\/palencia\/wp-json\/wp\/v2\/media\/18991"}],"wp:attachment":[{"href":"https:\/\/www.asajacyl.com\/palencia\/wp-json\/wp\/v2\/media?parent=18988"}],"wp:term":[{"taxonomy":"category","embeddable":true,"href":"https:\/\/www.asajacyl.com\/palencia\/wp-json\/wp\/v2\/categories?post=18988"},{"taxonomy":"post_tag","embeddable":true,"href":"https:\/\/www.asajacyl.com\/palencia\/wp-json\/wp\/v2\/tags?post=18988"}],"curies":[{"name":"wp","href":"https:\/\/api.w.org\/{rel}","templated":true}]}}