{"id":19008,"date":"2025-02-26T13:39:04","date_gmt":"2025-02-26T12:39:04","guid":{"rendered":"https:\/\/www.asajacyl.com\/palencia\/?p=19008"},"modified":"2025-03-19T11:52:50","modified_gmt":"2025-03-19T10:52:50","slug":"palencia-celebra-la-vi-feria-apicola-de-castilla-y-leon-este-fin-de-semana-sabado-1-y-domingo-2-de-marzo","status":"publish","type":"post","link":"https:\/\/www.asajacyl.com\/palencia\/asaja-palencia-informa\/palencia-celebra-la-vi-feria-apicola-de-castilla-y-leon-este-fin-de-semana-sabado-1-y-domingo-2-de-marzo","title":{"rendered":"Palencia celebra la VI Feria Ap\u00edcola de Castilla y Le\u00f3n este fin de semana (s\u00e1bado 1 y domingo 2 de marzo)"},"content":{"rendered":"\n<h2 class=\"wp-block-heading\">La ciudad de Palencia celebra la VI Feria Ap\u00edcola de Castilla y Le\u00f3n este primer fin de semana de marzo, con el objetivo de acercar la apicultura a todos los p\u00fablicos. La feria est\u00e1 organizada por\u00a0 la Asociaci\u00f3n Palentina de Apicultores, con la colaboraci\u00f3n del Ayuntamiento de la capital y de la Asociaci\u00f3n Comercial Palencia Abierta. Seg\u00fan los organizadores, la apicultura mueve en nuestra provincia unos veinticinco millones de euros, gracias sobre todo a unas trescientas toneladas de producci\u00f3n de miel, entre profesionales y aficionados.<\/h2>\n\n\n<div class=\"wp-block-image\">\n<figure class=\"alignright size-large is-resized\"><img loading=\"lazy\" decoding=\"async\" width=\"731\" height=\"1024\" src=\"https:\/\/www.asajacyl.com\/palencia\/wp-content\/uploads\/sites\/3\/2025\/02\/VI-Feria-Apicola-de-CyL-2-731x1024.jpg\" alt=\"\" class=\"wp-image-19013\" style=\"width:522px;height:auto\" srcset=\"https:\/\/www.asajacyl.com\/palencia\/wp-content\/uploads\/sites\/3\/2025\/02\/VI-Feria-Apicola-de-CyL-2-731x1024.jpg 731w, https:\/\/www.asajacyl.com\/palencia\/wp-content\/uploads\/sites\/3\/2025\/02\/VI-Feria-Apicola-de-CyL-2-214x300.jpg 214w, https:\/\/www.asajacyl.com\/palencia\/wp-content\/uploads\/sites\/3\/2025\/02\/VI-Feria-Apicola-de-CyL-2-768x1075.jpg 768w, https:\/\/www.asajacyl.com\/palencia\/wp-content\/uploads\/sites\/3\/2025\/02\/VI-Feria-Apicola-de-CyL-2-1097x1536.jpg 1097w, https:\/\/www.asajacyl.com\/palencia\/wp-content\/uploads\/sites\/3\/2025\/02\/VI-Feria-Apicola-de-CyL-2-300x420.jpg 300w, https:\/\/www.asajacyl.com\/palencia\/wp-content\/uploads\/sites\/3\/2025\/02\/VI-Feria-Apicola-de-CyL-2-696x974.jpg 696w, https:\/\/www.asajacyl.com\/palencia\/wp-content\/uploads\/sites\/3\/2025\/02\/VI-Feria-Apicola-de-CyL-2-1068x1495.jpg 1068w, https:\/\/www.asajacyl.com\/palencia\/wp-content\/uploads\/sites\/3\/2025\/02\/VI-Feria-Apicola-de-CyL-2.jpg 1417w\" sizes=\"(max-width: 731px) 100vw, 731px\" \/><\/figure><\/div>\n\n\n<p>Las actividades se celebrar\u00e1n el s\u00e1bado 1 y el domingo 2 en dos recintos de la capital palentina en el barrio del Campo de la Juventud: el pabell\u00f3n deportivo Diego Cosgaya (calle Isaac Peral, s\/n) y el sal\u00f3n de actos del Lecr\u00e1c (avenida Valladolid, 26).<\/p>\n\n\n\n<p>El programa de la feria, que puede consultarse \u00edntegramente en <a href=\"https:\/\/feriaapicolapalencia.es\/\" target=\"_blank\" rel=\"noreferrer noopener\">feriaapicolapalencia.es<\/a> , incluye estas actividades:<\/p>\n\n\n\n<ul>\n<li><strong>Exposici\u00f3n y venta de productos ap\u00edcolas<\/strong>: materiales, servicios ap\u00edcolas, mieles, cera y otros productos derivados de la apicultura.<\/li>\n\n\n\n<li><strong>Conferencias\u00a0<\/strong>sobre t\u00e9cnicas de apicultura, sostenibilidad y protecci\u00f3n de las abejas.<\/li>\n\n\n\n<li><strong>\u00c1rea infantil<\/strong>\u00a0con talleres did\u00e1cticos y un\u00a0<strong>concurso de dibujo<\/strong>\u00a0sobre el mundo de las abejas, para sensibilizar a los m\u00e1s peque\u00f1os sobre la importancia de la apicultura.<\/li>\n\n\n\n<li><strong>Escenograf\u00eda <em>Cuatro estaciones en el colmenar<\/em><\/strong>, representaci\u00f3n visual del ciclo anual de la vida en las colmenas.<\/li>\n\n\n\n<li><strong>Concurso de orejuelas con miel<\/strong>, una oportunidad para que los asistentes puedan degustar deliciosas recetas tradicionales elaboradas con miel.<\/li>\n\n\n\n<li><strong>Concurso de fotograf\u00eda,<\/strong>\u00a0que premiar\u00e1 las mejores instant\u00e1neas capturando la esencia de la apicultura y las abejas.<\/li>\n\n\n\n<li><strong>Concurso de mieles de Castilla y Le\u00f3n<\/strong>, donde los productores competir\u00e1n por el reconocimiento a la mejor miel de la regi\u00f3n en diversas categor\u00edas.<\/li>\n\n\n\n<li><strong>Cata guiada de mieles palentinas<\/strong>, organizada por la marca de calidad\u00a0<strong>Palencia Miel de Mieles<\/strong>, donde el p\u00fablico en general podr\u00e1 descubrir y degustar las mieles de la provincia.<\/li>\n\n\n\n<li><strong>Iniciaci\u00f3n a la cosm\u00e9tica ap\u00edcola<\/strong>, con un taller pr\u00e1ctico en el que los participantes ver\u00e1n crear crema de cosm\u00e9tica a base de productos ap\u00edcolas, la cual ser\u00e1 entregada a los asistentes al finalizar la actividad.<\/li>\n\n\n\n<li><strong>Actuaci\u00f3n musical del grupo folk <em>Son de ayer<\/em><\/strong>\u00a0al finalizar la jornada del s\u00e1bado (20:15 horas | Pabell\u00f3n Diego Cosgaya), que pondr\u00e1 el broche musical a esa jornada con un animado recital de m\u00fasica popular castellana.<strong>\/<\/strong><\/li>\n<\/ul>\n","protected":false},"excerpt":{"rendered":"<p>La ciudad de Palencia celebra la VI Feria Ap\u00edcola de Castilla y Le\u00f3n este primer fin de semana de marzo, con el objetivo de acercar la apicultura a todos los p\u00fablicos. La feria est\u00e1 organizada por\u00a0 la Asociaci\u00f3n Palentina de Apicultores, con la colaboraci\u00f3n del Ayuntamiento de la capital y de la Asociaci\u00f3n Comercial Palencia [&hellip;]<\/p>\n","protected":false},"author":9,"featured_media":19014,"comment_status":"open","ping_status":"open","sticky":false,"template":"","format":"standard","meta":{"footnotes":""},"categories":[9,39,29,28],"tags":[58,195,51,351,107,77,50,123,934],"yoast_head":"<!-- This site is optimized with the Yoast SEO plugin v24.5 - https:\/\/yoast.com\/wordpress\/plugins\/seo\/ -->\n<title>Palencia celebra la VI Feria Ap\u00edcola de Castilla y Le\u00f3n este fin de semana (s\u00e1bado 1 y domingo 2 de marzo) - ASAJA Palencia<\/title>\n<meta name=\"description\" content=\"La ciudad de Palencia celebra la VI Feria Ap\u00edcola de Castilla y Le\u00f3n este primer fin de semana de marzo, con el objetivo de acercar la apicultura a todos\" \/>\n<meta name=\"robots\" content=\"index, follow, max-snippet:-1, max-image-preview:large, max-video-preview:-1\" \/>\n<link rel=\"canonical\" href=\"https:\/\/www.asajacyl.com\/palencia\/asaja-palencia-informa\/palencia-celebra-la-vi-feria-apicola-de-castilla-y-leon-este-fin-de-semana-sabado-1-y-domingo-2-de-marzo\" \/>\n<meta property=\"og:locale\" content=\"es_ES\" \/>\n<meta property=\"og:type\" content=\"article\" \/>\n<meta property=\"og:title\" content=\"Palencia celebra la VI Feria Ap\u00edcola de Castilla y Le\u00f3n este fin de semana (s\u00e1bado 1 y domingo 2 de marzo) - ASAJA Palencia\" \/>\n<meta property=\"og:description\" content=\"La ciudad de Palencia celebra la VI Feria Ap\u00edcola de Castilla y Le\u00f3n este primer fin de semana de marzo, con el objetivo de acercar la apicultura a todos\" \/>\n<meta property=\"og:url\" content=\"https:\/\/www.asajacyl.com\/palencia\/asaja-palencia-informa\/palencia-celebra-la-vi-feria-apicola-de-castilla-y-leon-este-fin-de-semana-sabado-1-y-domingo-2-de-marzo\" \/>\n<meta property=\"og:site_name\" content=\"ASAJA Palencia\" \/>\n<meta property=\"article:published_time\" content=\"2025-02-26T12:39:04+00:00\" \/>\n<meta property=\"article:modified_time\" content=\"2025-03-19T10:52:50+00:00\" \/>\n<meta property=\"og:image\" content=\"https:\/\/www.asajacyl.com\/palencia\/wp-content\/uploads\/sites\/3\/2025\/02\/VI-Feria-Apicola-de-CyL-web.jpg\" \/>\n\t<meta property=\"og:image:width\" content=\"1890\" \/>\n\t<meta property=\"og:image:height\" content=\"1654\" \/>\n\t<meta property=\"og:image:type\" content=\"image\/jpeg\" \/>\n<meta name=\"author\" content=\"Administrador\" \/>\n<meta name=\"twitter:card\" content=\"summary_large_image\" \/>\n<meta name=\"twitter:label1\" content=\"Escrito por\" \/>\n\t<meta name=\"twitter:data1\" content=\"Administrador\" \/>\n\t<meta name=\"twitter:label2\" content=\"Tiempo de lectura\" \/>\n\t<meta name=\"twitter:data2\" content=\"3 minutos\" \/>\n<script type=\"application\/ld+json\" class=\"yoast-schema-graph\">{\"@context\":\"https:\/\/schema.org\",\"@graph\":[{\"@type\":\"WebPage\",\"@id\":\"https:\/\/www.asajacyl.com\/palencia\/asaja-palencia-informa\/palencia-celebra-la-vi-feria-apicola-de-castilla-y-leon-este-fin-de-semana-sabado-1-y-domingo-2-de-marzo\",\"url\":\"https:\/\/www.asajacyl.com\/palencia\/asaja-palencia-informa\/palencia-celebra-la-vi-feria-apicola-de-castilla-y-leon-este-fin-de-semana-sabado-1-y-domingo-2-de-marzo\",\"name\":\"Palencia celebra la VI Feria Ap\u00edcola de Castilla y Le\u00f3n este fin de semana (s\u00e1bado 1 y domingo 2 de marzo) - ASAJA Palencia\",\"isPartOf\":{\"@id\":\"https:\/\/www.asajacyl.com\/palencia\/#website\"},\"primaryImageOfPage\":{\"@id\":\"https:\/\/www.asajacyl.com\/palencia\/asaja-palencia-informa\/palencia-celebra-la-vi-feria-apicola-de-castilla-y-leon-este-fin-de-semana-sabado-1-y-domingo-2-de-marzo#primaryimage\"},\"image\":{\"@id\":\"https:\/\/www.asajacyl.com\/palencia\/asaja-palencia-informa\/palencia-celebra-la-vi-feria-apicola-de-castilla-y-leon-este-fin-de-semana-sabado-1-y-domingo-2-de-marzo#primaryimage\"},\"thumbnailUrl\":\"https:\/\/www.asajacyl.com\/palencia\/wp-content\/uploads\/sites\/3\/2025\/02\/VI-Feria-Apicola-de-CyL-web.jpg\",\"datePublished\":\"2025-02-26T12:39:04+00:00\",\"dateModified\":\"2025-03-19T10:52:50+00:00\",\"author\":{\"@id\":\"https:\/\/www.asajacyl.com\/palencia\/#\/schema\/person\/3ab17aeb03527485c317557fae64aab1\"},\"description\":\"La ciudad de Palencia celebra la VI Feria Ap\u00edcola de Castilla y Le\u00f3n este primer fin de semana de marzo, con el objetivo de acercar la apicultura a todos\",\"breadcrumb\":{\"@id\":\"https:\/\/www.asajacyl.com\/palencia\/asaja-palencia-informa\/palencia-celebra-la-vi-feria-apicola-de-castilla-y-leon-este-fin-de-semana-sabado-1-y-domingo-2-de-marzo#breadcrumb\"},\"inLanguage\":\"es\",\"potentialAction\":[{\"@type\":\"ReadAction\",\"target\":[\"https:\/\/www.asajacyl.com\/palencia\/asaja-palencia-informa\/palencia-celebra-la-vi-feria-apicola-de-castilla-y-leon-este-fin-de-semana-sabado-1-y-domingo-2-de-marzo\"]}]},{\"@type\":\"ImageObject\",\"inLanguage\":\"es\",\"@id\":\"https:\/\/www.asajacyl.com\/palencia\/asaja-palencia-informa\/palencia-celebra-la-vi-feria-apicola-de-castilla-y-leon-este-fin-de-semana-sabado-1-y-domingo-2-de-marzo#primaryimage\",\"url\":\"https:\/\/www.asajacyl.com\/palencia\/wp-content\/uploads\/sites\/3\/2025\/02\/VI-Feria-Apicola-de-CyL-web.jpg\",\"contentUrl\":\"https:\/\/www.asajacyl.com\/palencia\/wp-content\/uploads\/sites\/3\/2025\/02\/VI-Feria-Apicola-de-CyL-web.jpg\",\"width\":1890,\"height\":1654},{\"@type\":\"BreadcrumbList\",\"@id\":\"https:\/\/www.asajacyl.com\/palencia\/asaja-palencia-informa\/palencia-celebra-la-vi-feria-apicola-de-castilla-y-leon-este-fin-de-semana-sabado-1-y-domingo-2-de-marzo#breadcrumb\",\"itemListElement\":[{\"@type\":\"ListItem\",\"position\":1,\"name\":\"Portada\",\"item\":\"https:\/\/www.asajacyl.com\/palencia\/\"},{\"@type\":\"ListItem\",\"position\":2,\"name\":\"Palencia celebra la VI Feria Ap\u00edcola de Castilla y Le\u00f3n este fin de semana (s\u00e1bado 1 y domingo 2 de marzo)\"}]},{\"@type\":\"WebSite\",\"@id\":\"https:\/\/www.asajacyl.com\/palencia\/#website\",\"url\":\"https:\/\/www.asajacyl.com\/palencia\/\",\"name\":\"ASAJA Palencia\",\"description\":\"Otro sitio m\u00e1s de Provincias ASAJA Castilla y Le\u00f3n\",\"potentialAction\":[{\"@type\":\"SearchAction\",\"target\":{\"@type\":\"EntryPoint\",\"urlTemplate\":\"https:\/\/www.asajacyl.com\/palencia\/?s={search_term_string}\"},\"query-input\":{\"@type\":\"PropertyValueSpecification\",\"valueRequired\":true,\"valueName\":\"search_term_string\"}}],\"inLanguage\":\"es\"},{\"@type\":\"Person\",\"@id\":\"https:\/\/www.asajacyl.com\/palencia\/#\/schema\/person\/3ab17aeb03527485c317557fae64aab1\",\"name\":\"Administrador\",\"image\":{\"@type\":\"ImageObject\",\"inLanguage\":\"es\",\"@id\":\"https:\/\/www.asajacyl.com\/palencia\/#\/schema\/person\/image\/\",\"url\":\"https:\/\/secure.gravatar.com\/avatar\/517384810d242ca9e38c180f3c9fb973?s=96&d=mm&r=g\",\"contentUrl\":\"https:\/\/secure.gravatar.com\/avatar\/517384810d242ca9e38c180f3c9fb973?s=96&d=mm&r=g\",\"caption\":\"Administrador\"},\"url\":\"https:\/\/www.asajacyl.com\/palencia\/author\/carlosrm\"}]}<\/script>\n<!-- \/ Yoast SEO plugin. -->","yoast_head_json":{"title":"Palencia celebra la VI Feria Ap\u00edcola de Castilla y Le\u00f3n este fin de semana (s\u00e1bado 1 y domingo 2 de marzo) - ASAJA Palencia","description":"La ciudad de Palencia celebra la VI Feria Ap\u00edcola de Castilla y Le\u00f3n este primer fin de semana de marzo, con el objetivo de acercar la apicultura a todos","robots":{"index":"index","follow":"follow","max-snippet":"max-snippet:-1","max-image-preview":"max-image-preview:large","max-video-preview":"max-video-preview:-1"},"canonical":"https:\/\/www.asajacyl.com\/palencia\/asaja-palencia-informa\/palencia-celebra-la-vi-feria-apicola-de-castilla-y-leon-este-fin-de-semana-sabado-1-y-domingo-2-de-marzo","og_locale":"es_ES","og_type":"article","og_title":"Palencia celebra la VI Feria Ap\u00edcola de Castilla y Le\u00f3n este fin de semana (s\u00e1bado 1 y domingo 2 de marzo) - ASAJA Palencia","og_description":"La ciudad de Palencia celebra la VI Feria Ap\u00edcola de Castilla y Le\u00f3n este primer fin de semana de marzo, con el objetivo de acercar la apicultura a todos","og_url":"https:\/\/www.asajacyl.com\/palencia\/asaja-palencia-informa\/palencia-celebra-la-vi-feria-apicola-de-castilla-y-leon-este-fin-de-semana-sabado-1-y-domingo-2-de-marzo","og_site_name":"ASAJA Palencia","article_published_time":"2025-02-26T12:39:04+00:00","article_modified_time":"2025-03-19T10:52:50+00:00","og_image":[{"width":1890,"height":1654,"url":"https:\/\/www.asajacyl.com\/palencia\/wp-content\/uploads\/sites\/3\/2025\/02\/VI-Feria-Apicola-de-CyL-web.jpg","type":"image\/jpeg"}],"author":"Administrador","twitter_card":"summary_large_image","twitter_misc":{"Escrito por":"Administrador","Tiempo de lectura":"3 minutos"},"schema":{"@context":"https:\/\/schema.org","@graph":[{"@type":"WebPage","@id":"https:\/\/www.asajacyl.com\/palencia\/asaja-palencia-informa\/palencia-celebra-la-vi-feria-apicola-de-castilla-y-leon-este-fin-de-semana-sabado-1-y-domingo-2-de-marzo","url":"https:\/\/www.asajacyl.com\/palencia\/asaja-palencia-informa\/palencia-celebra-la-vi-feria-apicola-de-castilla-y-leon-este-fin-de-semana-sabado-1-y-domingo-2-de-marzo","name":"Palencia celebra la VI Feria Ap\u00edcola de Castilla y Le\u00f3n este fin de semana (s\u00e1bado 1 y domingo 2 de marzo) - ASAJA Palencia","isPartOf":{"@id":"https:\/\/www.asajacyl.com\/palencia\/#website"},"primaryImageOfPage":{"@id":"https:\/\/www.asajacyl.com\/palencia\/asaja-palencia-informa\/palencia-celebra-la-vi-feria-apicola-de-castilla-y-leon-este-fin-de-semana-sabado-1-y-domingo-2-de-marzo#primaryimage"},"image":{"@id":"https:\/\/www.asajacyl.com\/palencia\/asaja-palencia-informa\/palencia-celebra-la-vi-feria-apicola-de-castilla-y-leon-este-fin-de-semana-sabado-1-y-domingo-2-de-marzo#primaryimage"},"thumbnailUrl":"https:\/\/www.asajacyl.com\/palencia\/wp-content\/uploads\/sites\/3\/2025\/02\/VI-Feria-Apicola-de-CyL-web.jpg","datePublished":"2025-02-26T12:39:04+00:00","dateModified":"2025-03-19T10:52:50+00:00","author":{"@id":"https:\/\/www.asajacyl.com\/palencia\/#\/schema\/person\/3ab17aeb03527485c317557fae64aab1"},"description":"La ciudad de Palencia celebra la VI Feria Ap\u00edcola de Castilla y Le\u00f3n este primer fin de semana de marzo, con el objetivo de acercar la apicultura a todos","breadcrumb":{"@id":"https:\/\/www.asajacyl.com\/palencia\/asaja-palencia-informa\/palencia-celebra-la-vi-feria-apicola-de-castilla-y-leon-este-fin-de-semana-sabado-1-y-domingo-2-de-marzo#breadcrumb"},"inLanguage":"es","potentialAction":[{"@type":"ReadAction","target":["https:\/\/www.asajacyl.com\/palencia\/asaja-palencia-informa\/palencia-celebra-la-vi-feria-apicola-de-castilla-y-leon-este-fin-de-semana-sabado-1-y-domingo-2-de-marzo"]}]},{"@type":"ImageObject","inLanguage":"es","@id":"https:\/\/www.asajacyl.com\/palencia\/asaja-palencia-informa\/palencia-celebra-la-vi-feria-apicola-de-castilla-y-leon-este-fin-de-semana-sabado-1-y-domingo-2-de-marzo#primaryimage","url":"https:\/\/www.asajacyl.com\/palencia\/wp-content\/uploads\/sites\/3\/2025\/02\/VI-Feria-Apicola-de-CyL-web.jpg","contentUrl":"https:\/\/www.asajacyl.com\/palencia\/wp-content\/uploads\/sites\/3\/2025\/02\/VI-Feria-Apicola-de-CyL-web.jpg","width":1890,"height":1654},{"@type":"BreadcrumbList","@id":"https:\/\/www.asajacyl.com\/palencia\/asaja-palencia-informa\/palencia-celebra-la-vi-feria-apicola-de-castilla-y-leon-este-fin-de-semana-sabado-1-y-domingo-2-de-marzo#breadcrumb","itemListElement":[{"@type":"ListItem","position":1,"name":"Portada","item":"https:\/\/www.asajacyl.com\/palencia\/"},{"@type":"ListItem","position":2,"name":"Palencia celebra la VI Feria Ap\u00edcola de Castilla y Le\u00f3n este fin de semana (s\u00e1bado 1 y domingo 2 de marzo)"}]},{"@type":"WebSite","@id":"https:\/\/www.asajacyl.com\/palencia\/#website","url":"https:\/\/www.asajacyl.com\/palencia\/","name":"ASAJA Palencia","description":"Otro sitio m\u00e1s de Provincias ASAJA Castilla y Le\u00f3n","potentialAction":[{"@type":"SearchAction","target":{"@type":"EntryPoint","urlTemplate":"https:\/\/www.asajacyl.com\/palencia\/?s={search_term_string}"},"query-input":{"@type":"PropertyValueSpecification","valueRequired":true,"valueName":"search_term_string"}}],"inLanguage":"es"},{"@type":"Person","@id":"https:\/\/www.asajacyl.com\/palencia\/#\/schema\/person\/3ab17aeb03527485c317557fae64aab1","name":"Administrador","image":{"@type":"ImageObject","inLanguage":"es","@id":"https:\/\/www.asajacyl.com\/palencia\/#\/schema\/person\/image\/","url":"https:\/\/secure.gravatar.com\/avatar\/517384810d242ca9e38c180f3c9fb973?s=96&d=mm&r=g","contentUrl":"https:\/\/secure.gravatar.com\/avatar\/517384810d242ca9e38c180f3c9fb973?s=96&d=mm&r=g","caption":"Administrador"},"url":"https:\/\/www.asajacyl.com\/palencia\/author\/carlosrm"}]}},"_links":{"self":[{"href":"https:\/\/www.asajacyl.com\/palencia\/wp-json\/wp\/v2\/posts\/19008"}],"collection":[{"href":"https:\/\/www.asajacyl.com\/palencia\/wp-json\/wp\/v2\/posts"}],"about":[{"href":"https:\/\/www.asajacyl.com\/palencia\/wp-json\/wp\/v2\/types\/post"}],"author":[{"embeddable":true,"href":"https:\/\/www.asajacyl.com\/palencia\/wp-json\/wp\/v2\/users\/9"}],"replies":[{"embeddable":true,"href":"https:\/\/www.asajacyl.com\/palencia\/wp-json\/wp\/v2\/comments?post=19008"}],"version-history":[{"count":3,"href":"https:\/\/www.asajacyl.com\/palencia\/wp-json\/wp\/v2\/posts\/19008\/revisions"}],"predecessor-version":[{"id":19015,"href":"https:\/\/www.asajacyl.com\/palencia\/wp-json\/wp\/v2\/posts\/19008\/revisions\/19015"}],"wp:featuredmedia":[{"embeddable":true,"href":"https:\/\/www.asajacyl.com\/palencia\/wp-json\/wp\/v2\/media\/19014"}],"wp:attachment":[{"href":"https:\/\/www.asajacyl.com\/palencia\/wp-json\/wp\/v2\/media?parent=19008"}],"wp:term":[{"taxonomy":"category","embeddable":true,"href":"https:\/\/www.asajacyl.com\/palencia\/wp-json\/wp\/v2\/categories?post=19008"},{"taxonomy":"post_tag","embeddable":true,"href":"https:\/\/www.asajacyl.com\/palencia\/wp-json\/wp\/v2\/tags?post=19008"}],"curies":[{"name":"wp","href":"https:\/\/api.w.org\/{rel}","templated":true}]}}