{"id":19039,"date":"2025-02-28T14:13:37","date_gmt":"2025-02-28T13:13:37","guid":{"rendered":"https:\/\/www.asajacyl.com\/palencia\/?p=19039"},"modified":"2025-02-28T14:18:05","modified_gmt":"2025-02-28T13:18:05","slug":"el-centro-vinalta-imparte-del-13-de-marzo-al-10-de-junio-un-completo-curso-de-apicultura-62-horas","status":"publish","type":"post","link":"https:\/\/www.asajacyl.com\/palencia\/asaja-palencia-informa\/el-centro-vinalta-imparte-del-13-de-marzo-al-10-de-junio-un-completo-curso-de-apicultura-62-horas","title":{"rendered":"El Centro Vi\u00f1alta imparte del 13 de marzo al 10 de junio un completo curso de apicultura (62 horas)"},"content":{"rendered":"\n<h2 class=\"wp-block-heading\">El Centro Integrado de Formaci\u00f3n Agraria \u2018Vi\u00f1alta\u2019, situado en el barrio Allende el R\u00edo de Palencia, impartir\u00e1 del 13 de marzo al 10 de junio un completo curso de apicultura, en horario vespertino. La duraci\u00f3n de esta acci\u00f3n formativa es de sesenta y dos horas, distribuidas en quince jornadas, en horario de cuatro a ocho de la tarde.<\/h2>\n\n\n\n<p>Este curso aborda todos los aspectos de la apicultura, desde sus fundamentos hasta la producci\u00f3n, la nutrici\u00f3n y la sanidad ap\u00edcolas, as\u00ed como una radiograf\u00eda actual del sector y las perspectivas tanto en Palencia como en Castilla y Le\u00f3n.<\/p>\n\n\n\n<p>Se prev\u00e9n tan s\u00f3lo quince plazas, por lo que las personas interesadas deben dirigirse cuanto antes al CIFA \u2018Vi\u00f1alta\u2019 para ampliar informaci\u00f3n o formalizar su inscripci\u00f3n (pueden entrar a su web o telefonear al 979 741 050).<\/p>\n\n\n\n<p>ASAJA-Palencia aprovecha esta convocatoria para animar a los socios interesados a aprovechar esta oportunidad, asi como para valorar la apicultura y su aportaci\u00f3n a nuestro sector, tanto en t\u00e9rminos directos como indirectos. Los apicultores profesionales son personas muy valiosas para nuestro mundo rural y el sector agrario, ya que trasciende su mero papel econ\u00f3mico, al desempe\u00f1ar un papel fundamental para la polinizaci\u00f3n de los cultivos, as\u00ed como para conservar el medio natural y su biodiversidad.<\/p>\n\n\n\n<p>En el PDF adjunto puede consultarse el programa completo del curso. <\/p>\n\n\n\n<div data-wp-interactive=\"core\/file\" class=\"wp-block-file\"><object data-wp-bind--hidden=\"!state.hasPdfPreview\"  class=\"wp-block-file__embed\" data=\"https:\/\/www.asajacyl.com\/palencia\/wp-content\/uploads\/sites\/3\/2025\/02\/curso-apicultura-Vinalta-2025.pdf\" type=\"application\/pdf\" style=\"width:100%;height:600px\" aria-label=\"Incrustado de curso-apicultura-Vinalta-2025.\"><\/object><a id=\"wp-block-file--media-fbecd5bf-637f-4d87-a2fc-9d263aa6912a\" href=\"https:\/\/www.asajacyl.com\/palencia\/wp-content\/uploads\/sites\/3\/2025\/02\/curso-apicultura-Vinalta-2025.pdf\">curso-apicultura-Vinalta-2025<\/a><a href=\"https:\/\/www.asajacyl.com\/palencia\/wp-content\/uploads\/sites\/3\/2025\/02\/curso-apicultura-Vinalta-2025.pdf\" class=\"wp-block-file__button wp-element-button\" download aria-describedby=\"wp-block-file--media-fbecd5bf-637f-4d87-a2fc-9d263aa6912a\">Descarga<\/a><\/div>\n","protected":false},"excerpt":{"rendered":"<p>El Centro Integrado de Formaci\u00f3n Agraria \u2018Vi\u00f1alta\u2019, situado en el barrio Allende el R\u00edo de Palencia, impartir\u00e1 del 13 de marzo al 10 de junio un completo curso de apicultura, en horario vespertino. La duraci\u00f3n de esta acci\u00f3n formativa es de sesenta y dos horas, distribuidas en quince jornadas, en horario de cuatro a ocho [&hellip;]<\/p>\n","protected":false},"author":9,"featured_media":19042,"comment_status":"open","ping_status":"open","sticky":false,"template":"","format":"standard","meta":{"footnotes":""},"categories":[9,39,29,28,13],"tags":[58,51,1304,751,1303,52],"yoast_head":"<!-- This site is optimized with the Yoast SEO plugin v24.5 - https:\/\/yoast.com\/wordpress\/plugins\/seo\/ -->\n<title>El Centro Vi\u00f1alta imparte del 13 de marzo al 10 de junio un completo curso de apicultura (62 horas) - ASAJA Palencia<\/title>\n<meta name=\"description\" content=\"El Centro Integrado de Formaci\u00f3n Agraria \u2018Vi\u00f1alta\u2019, situado en el barrio Allende el R\u00edo de Palencia, impartir\u00e1 del 13 de marzo al 10 de junio un completo\" \/>\n<meta name=\"robots\" content=\"index, follow, max-snippet:-1, max-image-preview:large, max-video-preview:-1\" \/>\n<link rel=\"canonical\" href=\"https:\/\/www.asajacyl.com\/palencia\/asaja-palencia-informa\/el-centro-vinalta-imparte-del-13-de-marzo-al-10-de-junio-un-completo-curso-de-apicultura-62-horas\" \/>\n<meta property=\"og:locale\" content=\"es_ES\" \/>\n<meta property=\"og:type\" content=\"article\" \/>\n<meta property=\"og:title\" content=\"El Centro Vi\u00f1alta imparte del 13 de marzo al 10 de junio un completo curso de apicultura (62 horas) - ASAJA Palencia\" \/>\n<meta property=\"og:description\" content=\"El Centro Integrado de Formaci\u00f3n Agraria \u2018Vi\u00f1alta\u2019, situado en el barrio Allende el R\u00edo de Palencia, impartir\u00e1 del 13 de marzo al 10 de junio un completo\" \/>\n<meta property=\"og:url\" content=\"https:\/\/www.asajacyl.com\/palencia\/asaja-palencia-informa\/el-centro-vinalta-imparte-del-13-de-marzo-al-10-de-junio-un-completo-curso-de-apicultura-62-horas\" \/>\n<meta property=\"og:site_name\" content=\"ASAJA Palencia\" \/>\n<meta property=\"article:published_time\" content=\"2025-02-28T13:13:37+00:00\" \/>\n<meta property=\"article:modified_time\" content=\"2025-02-28T13:18:05+00:00\" \/>\n<meta property=\"og:image\" content=\"https:\/\/www.asajacyl.com\/palencia\/wp-content\/uploads\/sites\/3\/2025\/02\/Apicultura-en-Collazos-de-Boedo-2.jpg\" \/>\n\t<meta property=\"og:image:width\" content=\"1890\" \/>\n\t<meta property=\"og:image:height\" content=\"1654\" \/>\n\t<meta property=\"og:image:type\" content=\"image\/jpeg\" \/>\n<meta name=\"author\" content=\"Administrador\" \/>\n<meta name=\"twitter:card\" content=\"summary_large_image\" \/>\n<meta name=\"twitter:label1\" content=\"Escrito por\" \/>\n\t<meta name=\"twitter:data1\" content=\"Administrador\" \/>\n\t<meta name=\"twitter:label2\" content=\"Tiempo de lectura\" \/>\n\t<meta name=\"twitter:data2\" content=\"2 minutos\" \/>\n<script type=\"application\/ld+json\" class=\"yoast-schema-graph\">{\"@context\":\"https:\/\/schema.org\",\"@graph\":[{\"@type\":\"WebPage\",\"@id\":\"https:\/\/www.asajacyl.com\/palencia\/asaja-palencia-informa\/el-centro-vinalta-imparte-del-13-de-marzo-al-10-de-junio-un-completo-curso-de-apicultura-62-horas\",\"url\":\"https:\/\/www.asajacyl.com\/palencia\/asaja-palencia-informa\/el-centro-vinalta-imparte-del-13-de-marzo-al-10-de-junio-un-completo-curso-de-apicultura-62-horas\",\"name\":\"El Centro Vi\u00f1alta imparte del 13 de marzo al 10 de junio un completo curso de apicultura (62 horas) - ASAJA Palencia\",\"isPartOf\":{\"@id\":\"https:\/\/www.asajacyl.com\/palencia\/#website\"},\"primaryImageOfPage\":{\"@id\":\"https:\/\/www.asajacyl.com\/palencia\/asaja-palencia-informa\/el-centro-vinalta-imparte-del-13-de-marzo-al-10-de-junio-un-completo-curso-de-apicultura-62-horas#primaryimage\"},\"image\":{\"@id\":\"https:\/\/www.asajacyl.com\/palencia\/asaja-palencia-informa\/el-centro-vinalta-imparte-del-13-de-marzo-al-10-de-junio-un-completo-curso-de-apicultura-62-horas#primaryimage\"},\"thumbnailUrl\":\"https:\/\/www.asajacyl.com\/palencia\/wp-content\/uploads\/sites\/3\/2025\/02\/Apicultura-en-Collazos-de-Boedo-2.jpg\",\"datePublished\":\"2025-02-28T13:13:37+00:00\",\"dateModified\":\"2025-02-28T13:18:05+00:00\",\"author\":{\"@id\":\"https:\/\/www.asajacyl.com\/palencia\/#\/schema\/person\/3ab17aeb03527485c317557fae64aab1\"},\"description\":\"El Centro Integrado de Formaci\u00f3n Agraria \u2018Vi\u00f1alta\u2019, situado en el barrio Allende el R\u00edo de Palencia, impartir\u00e1 del 13 de marzo al 10 de junio un completo\",\"breadcrumb\":{\"@id\":\"https:\/\/www.asajacyl.com\/palencia\/asaja-palencia-informa\/el-centro-vinalta-imparte-del-13-de-marzo-al-10-de-junio-un-completo-curso-de-apicultura-62-horas#breadcrumb\"},\"inLanguage\":\"es\",\"potentialAction\":[{\"@type\":\"ReadAction\",\"target\":[\"https:\/\/www.asajacyl.com\/palencia\/asaja-palencia-informa\/el-centro-vinalta-imparte-del-13-de-marzo-al-10-de-junio-un-completo-curso-de-apicultura-62-horas\"]}]},{\"@type\":\"ImageObject\",\"inLanguage\":\"es\",\"@id\":\"https:\/\/www.asajacyl.com\/palencia\/asaja-palencia-informa\/el-centro-vinalta-imparte-del-13-de-marzo-al-10-de-junio-un-completo-curso-de-apicultura-62-horas#primaryimage\",\"url\":\"https:\/\/www.asajacyl.com\/palencia\/wp-content\/uploads\/sites\/3\/2025\/02\/Apicultura-en-Collazos-de-Boedo-2.jpg\",\"contentUrl\":\"https:\/\/www.asajacyl.com\/palencia\/wp-content\/uploads\/sites\/3\/2025\/02\/Apicultura-en-Collazos-de-Boedo-2.jpg\",\"width\":1890,\"height\":1654},{\"@type\":\"BreadcrumbList\",\"@id\":\"https:\/\/www.asajacyl.com\/palencia\/asaja-palencia-informa\/el-centro-vinalta-imparte-del-13-de-marzo-al-10-de-junio-un-completo-curso-de-apicultura-62-horas#breadcrumb\",\"itemListElement\":[{\"@type\":\"ListItem\",\"position\":1,\"name\":\"Portada\",\"item\":\"https:\/\/www.asajacyl.com\/palencia\/\"},{\"@type\":\"ListItem\",\"position\":2,\"name\":\"El Centro Vi\u00f1alta imparte del 13 de marzo al 10 de junio un completo curso de apicultura (62 horas)\"}]},{\"@type\":\"WebSite\",\"@id\":\"https:\/\/www.asajacyl.com\/palencia\/#website\",\"url\":\"https:\/\/www.asajacyl.com\/palencia\/\",\"name\":\"ASAJA Palencia\",\"description\":\"Otro sitio m\u00e1s de Provincias ASAJA Castilla y Le\u00f3n\",\"potentialAction\":[{\"@type\":\"SearchAction\",\"target\":{\"@type\":\"EntryPoint\",\"urlTemplate\":\"https:\/\/www.asajacyl.com\/palencia\/?s={search_term_string}\"},\"query-input\":{\"@type\":\"PropertyValueSpecification\",\"valueRequired\":true,\"valueName\":\"search_term_string\"}}],\"inLanguage\":\"es\"},{\"@type\":\"Person\",\"@id\":\"https:\/\/www.asajacyl.com\/palencia\/#\/schema\/person\/3ab17aeb03527485c317557fae64aab1\",\"name\":\"Administrador\",\"image\":{\"@type\":\"ImageObject\",\"inLanguage\":\"es\",\"@id\":\"https:\/\/www.asajacyl.com\/palencia\/#\/schema\/person\/image\/\",\"url\":\"https:\/\/secure.gravatar.com\/avatar\/517384810d242ca9e38c180f3c9fb973?s=96&d=mm&r=g\",\"contentUrl\":\"https:\/\/secure.gravatar.com\/avatar\/517384810d242ca9e38c180f3c9fb973?s=96&d=mm&r=g\",\"caption\":\"Administrador\"},\"url\":\"https:\/\/www.asajacyl.com\/palencia\/author\/carlosrm\"}]}<\/script>\n<!-- \/ Yoast SEO plugin. -->","yoast_head_json":{"title":"El Centro Vi\u00f1alta imparte del 13 de marzo al 10 de junio un completo curso de apicultura (62 horas) - ASAJA Palencia","description":"El Centro Integrado de Formaci\u00f3n Agraria \u2018Vi\u00f1alta\u2019, situado en el barrio Allende el R\u00edo de Palencia, impartir\u00e1 del 13 de marzo al 10 de junio un completo","robots":{"index":"index","follow":"follow","max-snippet":"max-snippet:-1","max-image-preview":"max-image-preview:large","max-video-preview":"max-video-preview:-1"},"canonical":"https:\/\/www.asajacyl.com\/palencia\/asaja-palencia-informa\/el-centro-vinalta-imparte-del-13-de-marzo-al-10-de-junio-un-completo-curso-de-apicultura-62-horas","og_locale":"es_ES","og_type":"article","og_title":"El Centro Vi\u00f1alta imparte del 13 de marzo al 10 de junio un completo curso de apicultura (62 horas) - ASAJA Palencia","og_description":"El Centro Integrado de Formaci\u00f3n Agraria \u2018Vi\u00f1alta\u2019, situado en el barrio Allende el R\u00edo de Palencia, impartir\u00e1 del 13 de marzo al 10 de junio un completo","og_url":"https:\/\/www.asajacyl.com\/palencia\/asaja-palencia-informa\/el-centro-vinalta-imparte-del-13-de-marzo-al-10-de-junio-un-completo-curso-de-apicultura-62-horas","og_site_name":"ASAJA Palencia","article_published_time":"2025-02-28T13:13:37+00:00","article_modified_time":"2025-02-28T13:18:05+00:00","og_image":[{"width":1890,"height":1654,"url":"https:\/\/www.asajacyl.com\/palencia\/wp-content\/uploads\/sites\/3\/2025\/02\/Apicultura-en-Collazos-de-Boedo-2.jpg","type":"image\/jpeg"}],"author":"Administrador","twitter_card":"summary_large_image","twitter_misc":{"Escrito por":"Administrador","Tiempo de lectura":"2 minutos"},"schema":{"@context":"https:\/\/schema.org","@graph":[{"@type":"WebPage","@id":"https:\/\/www.asajacyl.com\/palencia\/asaja-palencia-informa\/el-centro-vinalta-imparte-del-13-de-marzo-al-10-de-junio-un-completo-curso-de-apicultura-62-horas","url":"https:\/\/www.asajacyl.com\/palencia\/asaja-palencia-informa\/el-centro-vinalta-imparte-del-13-de-marzo-al-10-de-junio-un-completo-curso-de-apicultura-62-horas","name":"El Centro Vi\u00f1alta imparte del 13 de marzo al 10 de junio un completo curso de apicultura (62 horas) - ASAJA Palencia","isPartOf":{"@id":"https:\/\/www.asajacyl.com\/palencia\/#website"},"primaryImageOfPage":{"@id":"https:\/\/www.asajacyl.com\/palencia\/asaja-palencia-informa\/el-centro-vinalta-imparte-del-13-de-marzo-al-10-de-junio-un-completo-curso-de-apicultura-62-horas#primaryimage"},"image":{"@id":"https:\/\/www.asajacyl.com\/palencia\/asaja-palencia-informa\/el-centro-vinalta-imparte-del-13-de-marzo-al-10-de-junio-un-completo-curso-de-apicultura-62-horas#primaryimage"},"thumbnailUrl":"https:\/\/www.asajacyl.com\/palencia\/wp-content\/uploads\/sites\/3\/2025\/02\/Apicultura-en-Collazos-de-Boedo-2.jpg","datePublished":"2025-02-28T13:13:37+00:00","dateModified":"2025-02-28T13:18:05+00:00","author":{"@id":"https:\/\/www.asajacyl.com\/palencia\/#\/schema\/person\/3ab17aeb03527485c317557fae64aab1"},"description":"El Centro Integrado de Formaci\u00f3n Agraria \u2018Vi\u00f1alta\u2019, situado en el barrio Allende el R\u00edo de Palencia, impartir\u00e1 del 13 de marzo al 10 de junio un completo","breadcrumb":{"@id":"https:\/\/www.asajacyl.com\/palencia\/asaja-palencia-informa\/el-centro-vinalta-imparte-del-13-de-marzo-al-10-de-junio-un-completo-curso-de-apicultura-62-horas#breadcrumb"},"inLanguage":"es","potentialAction":[{"@type":"ReadAction","target":["https:\/\/www.asajacyl.com\/palencia\/asaja-palencia-informa\/el-centro-vinalta-imparte-del-13-de-marzo-al-10-de-junio-un-completo-curso-de-apicultura-62-horas"]}]},{"@type":"ImageObject","inLanguage":"es","@id":"https:\/\/www.asajacyl.com\/palencia\/asaja-palencia-informa\/el-centro-vinalta-imparte-del-13-de-marzo-al-10-de-junio-un-completo-curso-de-apicultura-62-horas#primaryimage","url":"https:\/\/www.asajacyl.com\/palencia\/wp-content\/uploads\/sites\/3\/2025\/02\/Apicultura-en-Collazos-de-Boedo-2.jpg","contentUrl":"https:\/\/www.asajacyl.com\/palencia\/wp-content\/uploads\/sites\/3\/2025\/02\/Apicultura-en-Collazos-de-Boedo-2.jpg","width":1890,"height":1654},{"@type":"BreadcrumbList","@id":"https:\/\/www.asajacyl.com\/palencia\/asaja-palencia-informa\/el-centro-vinalta-imparte-del-13-de-marzo-al-10-de-junio-un-completo-curso-de-apicultura-62-horas#breadcrumb","itemListElement":[{"@type":"ListItem","position":1,"name":"Portada","item":"https:\/\/www.asajacyl.com\/palencia\/"},{"@type":"ListItem","position":2,"name":"El Centro Vi\u00f1alta imparte del 13 de marzo al 10 de junio un completo curso de apicultura (62 horas)"}]},{"@type":"WebSite","@id":"https:\/\/www.asajacyl.com\/palencia\/#website","url":"https:\/\/www.asajacyl.com\/palencia\/","name":"ASAJA Palencia","description":"Otro sitio m\u00e1s de Provincias ASAJA Castilla y Le\u00f3n","potentialAction":[{"@type":"SearchAction","target":{"@type":"EntryPoint","urlTemplate":"https:\/\/www.asajacyl.com\/palencia\/?s={search_term_string}"},"query-input":{"@type":"PropertyValueSpecification","valueRequired":true,"valueName":"search_term_string"}}],"inLanguage":"es"},{"@type":"Person","@id":"https:\/\/www.asajacyl.com\/palencia\/#\/schema\/person\/3ab17aeb03527485c317557fae64aab1","name":"Administrador","image":{"@type":"ImageObject","inLanguage":"es","@id":"https:\/\/www.asajacyl.com\/palencia\/#\/schema\/person\/image\/","url":"https:\/\/secure.gravatar.com\/avatar\/517384810d242ca9e38c180f3c9fb973?s=96&d=mm&r=g","contentUrl":"https:\/\/secure.gravatar.com\/avatar\/517384810d242ca9e38c180f3c9fb973?s=96&d=mm&r=g","caption":"Administrador"},"url":"https:\/\/www.asajacyl.com\/palencia\/author\/carlosrm"}]}},"_links":{"self":[{"href":"https:\/\/www.asajacyl.com\/palencia\/wp-json\/wp\/v2\/posts\/19039"}],"collection":[{"href":"https:\/\/www.asajacyl.com\/palencia\/wp-json\/wp\/v2\/posts"}],"about":[{"href":"https:\/\/www.asajacyl.com\/palencia\/wp-json\/wp\/v2\/types\/post"}],"author":[{"embeddable":true,"href":"https:\/\/www.asajacyl.com\/palencia\/wp-json\/wp\/v2\/users\/9"}],"replies":[{"embeddable":true,"href":"https:\/\/www.asajacyl.com\/palencia\/wp-json\/wp\/v2\/comments?post=19039"}],"version-history":[{"count":3,"href":"https:\/\/www.asajacyl.com\/palencia\/wp-json\/wp\/v2\/posts\/19039\/revisions"}],"predecessor-version":[{"id":19045,"href":"https:\/\/www.asajacyl.com\/palencia\/wp-json\/wp\/v2\/posts\/19039\/revisions\/19045"}],"wp:featuredmedia":[{"embeddable":true,"href":"https:\/\/www.asajacyl.com\/palencia\/wp-json\/wp\/v2\/media\/19042"}],"wp:attachment":[{"href":"https:\/\/www.asajacyl.com\/palencia\/wp-json\/wp\/v2\/media?parent=19039"}],"wp:term":[{"taxonomy":"category","embeddable":true,"href":"https:\/\/www.asajacyl.com\/palencia\/wp-json\/wp\/v2\/categories?post=19039"},{"taxonomy":"post_tag","embeddable":true,"href":"https:\/\/www.asajacyl.com\/palencia\/wp-json\/wp\/v2\/tags?post=19039"}],"curies":[{"name":"wp","href":"https:\/\/api.w.org\/{rel}","templated":true}]}}