{"id":19076,"date":"2025-03-04T09:37:54","date_gmt":"2025-03-04T08:37:54","guid":{"rendered":"https:\/\/www.asajacyl.com\/palencia\/?p=19076"},"modified":"2025-03-04T09:39:53","modified_gmt":"2025-03-04T08:39:53","slug":"la-cotizacion-de-los-lechazos-registra-una-ligera-bajada-en-la-mesa-de-castilla-y-leon","status":"publish","type":"post","link":"https:\/\/www.asajacyl.com\/palencia\/asaja-palencia-informa\/la-cotizacion-de-los-lechazos-registra-una-ligera-bajada-en-la-mesa-de-castilla-y-leon","title":{"rendered":"La cotizaci\u00f3n de los lechazos registra una ligera bajada en la Mesa de Castilla y Le\u00f3n"},"content":{"rendered":"\n<h2 class=\"wp-block-heading\">Apenas diez c\u00e9ntimos por kilo han bajado todas las categor\u00edas cotizadas en la Mesa del Lechazo de Castilla y Le\u00f3n en la sesi\u00f3n celebrada el viernes 28 de febrero, en lo que puede interpretarse como una mera correcci\u00f3n t\u00e9cnica en plena temporada baja. Hace dos semanas, a mediados de mes, ya se hab\u00edan rebajado otros veinte c\u00e9ntimos en la lonja de referencia de Tordesillas (Valladolid). Por su parte, los precios del bovino de carne escalaron otros ocho c\u00e9ntimos en la Lonja de Salamanca de este lunes, 3 de marzo, gracias a una demanda exterior que sigue potente.<\/h2>\n\n\n\n<p>En la mesa del ovino de la lonja salmantina s\u00ed lograron repetir precio tanto los lechazos como los corderos. Estos \u00faltimos suscitaron m\u00e1s debate, una vez que los compradores expresaron su inquietud por las menores expectativas de exportaci\u00f3n ante el ramad\u00e1n, que empez\u00f3 el pasado fin de semana y se prolongar\u00e1 durante todo el mes de marzo.<\/p>\n\n\n\n<p>Los tratantes argumentan que el mercado ofrece a la poblaci\u00f3n musulmana precios m\u00e1s competitivos que el producto espa\u00f1ol, que se ha revalorizado en los \u00faltimos tiempos, fundamentalmente por la paulatina reducci\u00f3n del n\u00famero de ganaderos y por un aprecio por su calidad, tanto en la hosteler\u00eda como en el consumo dom\u00e9stico.<\/p>\n\n\n\n<p><strong>NOTICIAS DE MARRUECOS. <\/strong>A medio plazo, tampoco hay que perder de vista que el pasado mi\u00e9rcoles el rey de Marruecos, Mohamed VI, inst\u00f3 a no cumplir este a\u00f1o con la tradicional fiesta del sacrificio, conocida como fiesta del cordero, prevista para mediados de junio. Debido a la fuerte sequ\u00eda que afecta al pa\u00eds, ha mermado de modo significativo su caba\u00f1a y la menor oferta ha encarecido los precios. El l\u00edder religioso marroqu\u00ed argumenta la medida para no afectar a la poblaci\u00f3n con ingresos \u00abm\u00e1s limitados\u00bb.<\/p>\n\n\n\n<p>Sin duda, la supresi\u00f3n de esa fiesta reducir\u00e1 las exportaciones de ovino desde Espa\u00f1a y, por tanto, afectar\u00e1 en cierta medida al precio que perciben nuestros ganaderos, probablemente en los animales de m\u00e1s tama\u00f1o. Espa\u00f1a export\u00f3 el a\u00f1o pasado 1,1 millones de corderos, m\u00e1s de tres cuartas partes (77 %) con destino a Marruecos. Aunque se trate de una decisi\u00f3n para junio, el anuncio del monarca y Comendador de los creyentes del reino magreb\u00ed revela la actual dificultad de este mercado. <\/p>\n\n\n\n<p><strong>DESCENSO AMORTIGUADO. <\/strong>Tras la m\u00ednima correcci\u00f3n del viernes pasado, los precios de la Mesa del Lechazo de Castilla y Le\u00f3n habr\u00edan perdido desde el pico de la pasadas fiestas de Navidad 1,60 euros por kilogramo, lo que resulta un descenso del 23 % en el caso del Lechazo IGP de Castilla y Le\u00f3n, y del 26 % en el caso del lechazo (10-12 kilos) sin marchamo de calidad.<\/p>\n\n\n\n<p>Pensando en nuestros ganaderos, confiemos en que este leve descenso marque ya el suelo de la temporada baja del lechazo. No est\u00e1 de m\u00e1s recordar, sin embargo, que el producto est\u00e1 aguantando este a\u00f1o mejor el bache habitual tras las festividades navide\u00f1as. <\/p>\n\n\n\n<p>Si el descenso se cifra este a\u00f1o en 1,60 euros\/kilo con respecto a los m\u00e1ximos de ese periodo, en la pasada campa\u00f1a la bajada fue de 1,90 euros\/kilo, aun partiendo de cotizaciones m\u00e1s altas. La reducci\u00f3n rond\u00f3 entonces el 30 % en el caso del lechazo IGP y supero el 32 % en el lechazo convencional.  <\/p>\n\n\n\n<p><strong>RECUPERACI\u00d3N. <\/strong>Amortiguar esa ca\u00edda l\u00f3gica tras la \u00e9poca de mayor demanda del a\u00f1o no importa tanto para nuestros productores por el volumen de operaciones que efectuan actualmente como por las venideras, y cara a la tambi\u00e9n habitual recuperaci\u00f3n de precios en torno a la Semana Santa, que este a\u00f1o llega bien mediado el mes de abril; rangos que determinan la garant\u00eda de una viabilidad econ\u00f3mica de la actividad.<\/p>\n\n\n\n<p>Por lo que respecta a la mesa del bovino de carne, la Lonja de Salamanca constat\u00f3 esta semana otra subida de ocho c\u00e9ntimos por kilogramo en terneras y a\u00f1ojos, al igual que el lunes anterior. La decisi\u00f3n se produjo no sin debate, ya que los ganaderon insisten en que se refleje la verdad del mercado, donde las operaciones se cierran en no menos de siete euros por kilo. Por su parte, los compradores reconocen que las exportaciones se mantienen fuertes, pero argumentan que el consumo nacional ya se est\u00e1 resintiendo a estos precios.<strong>\/<\/strong><\/p>\n\n\n\n<figure class=\"wp-block-image size-large is-resized\"><img loading=\"lazy\" decoding=\"async\" width=\"1024\" height=\"768\" src=\"https:\/\/www.asajacyl.com\/palencia\/wp-content\/uploads\/sites\/3\/2025\/03\/Tabla-precios-ganaderia-3marzo2025-1024x768.png\" alt=\"\" class=\"wp-image-19077\" style=\"width:1067px;height:auto\" srcset=\"https:\/\/www.asajacyl.com\/palencia\/wp-content\/uploads\/sites\/3\/2025\/03\/Tabla-precios-ganaderia-3marzo2025-1024x768.png 1024w, https:\/\/www.asajacyl.com\/palencia\/wp-content\/uploads\/sites\/3\/2025\/03\/Tabla-precios-ganaderia-3marzo2025-300x225.png 300w, https:\/\/www.asajacyl.com\/palencia\/wp-content\/uploads\/sites\/3\/2025\/03\/Tabla-precios-ganaderia-3marzo2025-768x576.png 768w, https:\/\/www.asajacyl.com\/palencia\/wp-content\/uploads\/sites\/3\/2025\/03\/Tabla-precios-ganaderia-3marzo2025-1536x1152.png 1536w, https:\/\/www.asajacyl.com\/palencia\/wp-content\/uploads\/sites\/3\/2025\/03\/Tabla-precios-ganaderia-3marzo2025-2048x1536.png 2048w, https:\/\/www.asajacyl.com\/palencia\/wp-content\/uploads\/sites\/3\/2025\/03\/Tabla-precios-ganaderia-3marzo2025-560x420.png 560w, https:\/\/www.asajacyl.com\/palencia\/wp-content\/uploads\/sites\/3\/2025\/03\/Tabla-precios-ganaderia-3marzo2025-80x60.png 80w, https:\/\/www.asajacyl.com\/palencia\/wp-content\/uploads\/sites\/3\/2025\/03\/Tabla-precios-ganaderia-3marzo2025-696x522.png 696w, https:\/\/www.asajacyl.com\/palencia\/wp-content\/uploads\/sites\/3\/2025\/03\/Tabla-precios-ganaderia-3marzo2025-1068x801.png 1068w, https:\/\/www.asajacyl.com\/palencia\/wp-content\/uploads\/sites\/3\/2025\/03\/Tabla-precios-ganaderia-3marzo2025-1920x1440.png 1920w\" sizes=\"(max-width: 1024px) 100vw, 1024px\" \/><\/figure>\n","protected":false},"excerpt":{"rendered":"<p>Apenas diez c\u00e9ntimos por kilo han bajado todas las categor\u00edas cotizadas en la Mesa del Lechazo de Castilla y Le\u00f3n en la sesi\u00f3n celebrada el viernes 28 de febrero, en lo que puede interpretarse como una mera correcci\u00f3n t\u00e9cnica en plena temporada baja. Hace dos semanas, a mediados de mes, ya se hab\u00edan rebajado otros [&hellip;]<\/p>\n","protected":false},"author":9,"featured_media":19078,"comment_status":"open","ping_status":"open","sticky":false,"template":"","format":"standard","meta":{"footnotes":""},"categories":[9,29,36,28,13],"tags":[648,234,478,351,77,477,637,467,510,92,93,631,144,294],"yoast_head":"<!-- This site is optimized with the Yoast SEO plugin v24.5 - https:\/\/yoast.com\/wordpress\/plugins\/seo\/ -->\n<title>La cotizaci\u00f3n de los lechazos registra una ligera bajada en la Mesa de Castilla y Le\u00f3n - ASAJA Palencia<\/title>\n<meta name=\"description\" content=\"Apenas diez c\u00e9ntimos por kilo han bajado todas las categor\u00edas cotizadas en la Mesa del Lechazo de Castilla y Le\u00f3n en la sesi\u00f3n celebrada el viernes 28 de\" \/>\n<meta name=\"robots\" content=\"index, follow, max-snippet:-1, max-image-preview:large, max-video-preview:-1\" \/>\n<link rel=\"canonical\" href=\"https:\/\/www.asajacyl.com\/palencia\/asaja-palencia-informa\/la-cotizacion-de-los-lechazos-registra-una-ligera-bajada-en-la-mesa-de-castilla-y-leon\" \/>\n<meta property=\"og:locale\" content=\"es_ES\" \/>\n<meta property=\"og:type\" content=\"article\" \/>\n<meta property=\"og:title\" content=\"La cotizaci\u00f3n de los lechazos registra una ligera bajada en la Mesa de Castilla y Le\u00f3n - ASAJA Palencia\" \/>\n<meta property=\"og:description\" content=\"Apenas diez c\u00e9ntimos por kilo han bajado todas las categor\u00edas cotizadas en la Mesa del Lechazo de Castilla y Le\u00f3n en la sesi\u00f3n celebrada el viernes 28 de\" \/>\n<meta property=\"og:url\" content=\"https:\/\/www.asajacyl.com\/palencia\/asaja-palencia-informa\/la-cotizacion-de-los-lechazos-registra-una-ligera-bajada-en-la-mesa-de-castilla-y-leon\" \/>\n<meta property=\"og:site_name\" content=\"ASAJA Palencia\" \/>\n<meta property=\"article:published_time\" content=\"2025-03-04T08:37:54+00:00\" \/>\n<meta property=\"article:modified_time\" content=\"2025-03-04T08:39:53+00:00\" \/>\n<meta property=\"og:image\" content=\"https:\/\/www.asajacyl.com\/palencia\/wp-content\/uploads\/sites\/3\/2025\/03\/Rebano-ovino-churro-Duenas-con-perro.jpg\" \/>\n\t<meta property=\"og:image:width\" content=\"1890\" \/>\n\t<meta property=\"og:image:height\" content=\"1654\" \/>\n\t<meta property=\"og:image:type\" content=\"image\/jpeg\" \/>\n<meta name=\"author\" content=\"Administrador\" \/>\n<meta name=\"twitter:card\" content=\"summary_large_image\" \/>\n<meta name=\"twitter:label1\" content=\"Escrito por\" \/>\n\t<meta name=\"twitter:data1\" content=\"Administrador\" \/>\n\t<meta name=\"twitter:label2\" content=\"Tiempo de lectura\" \/>\n\t<meta name=\"twitter:data2\" content=\"4 minutos\" \/>\n<script type=\"application\/ld+json\" class=\"yoast-schema-graph\">{\"@context\":\"https:\/\/schema.org\",\"@graph\":[{\"@type\":\"WebPage\",\"@id\":\"https:\/\/www.asajacyl.com\/palencia\/asaja-palencia-informa\/la-cotizacion-de-los-lechazos-registra-una-ligera-bajada-en-la-mesa-de-castilla-y-leon\",\"url\":\"https:\/\/www.asajacyl.com\/palencia\/asaja-palencia-informa\/la-cotizacion-de-los-lechazos-registra-una-ligera-bajada-en-la-mesa-de-castilla-y-leon\",\"name\":\"La cotizaci\u00f3n de los lechazos registra una ligera bajada en la Mesa de Castilla y Le\u00f3n - ASAJA Palencia\",\"isPartOf\":{\"@id\":\"https:\/\/www.asajacyl.com\/palencia\/#website\"},\"primaryImageOfPage\":{\"@id\":\"https:\/\/www.asajacyl.com\/palencia\/asaja-palencia-informa\/la-cotizacion-de-los-lechazos-registra-una-ligera-bajada-en-la-mesa-de-castilla-y-leon#primaryimage\"},\"image\":{\"@id\":\"https:\/\/www.asajacyl.com\/palencia\/asaja-palencia-informa\/la-cotizacion-de-los-lechazos-registra-una-ligera-bajada-en-la-mesa-de-castilla-y-leon#primaryimage\"},\"thumbnailUrl\":\"https:\/\/www.asajacyl.com\/palencia\/wp-content\/uploads\/sites\/3\/2025\/03\/Rebano-ovino-churro-Duenas-con-perro.jpg\",\"datePublished\":\"2025-03-04T08:37:54+00:00\",\"dateModified\":\"2025-03-04T08:39:53+00:00\",\"author\":{\"@id\":\"https:\/\/www.asajacyl.com\/palencia\/#\/schema\/person\/3ab17aeb03527485c317557fae64aab1\"},\"description\":\"Apenas diez c\u00e9ntimos por kilo han bajado todas las categor\u00edas cotizadas en la Mesa del Lechazo de Castilla y Le\u00f3n en la sesi\u00f3n celebrada el viernes 28 de\",\"breadcrumb\":{\"@id\":\"https:\/\/www.asajacyl.com\/palencia\/asaja-palencia-informa\/la-cotizacion-de-los-lechazos-registra-una-ligera-bajada-en-la-mesa-de-castilla-y-leon#breadcrumb\"},\"inLanguage\":\"es\",\"potentialAction\":[{\"@type\":\"ReadAction\",\"target\":[\"https:\/\/www.asajacyl.com\/palencia\/asaja-palencia-informa\/la-cotizacion-de-los-lechazos-registra-una-ligera-bajada-en-la-mesa-de-castilla-y-leon\"]}]},{\"@type\":\"ImageObject\",\"inLanguage\":\"es\",\"@id\":\"https:\/\/www.asajacyl.com\/palencia\/asaja-palencia-informa\/la-cotizacion-de-los-lechazos-registra-una-ligera-bajada-en-la-mesa-de-castilla-y-leon#primaryimage\",\"url\":\"https:\/\/www.asajacyl.com\/palencia\/wp-content\/uploads\/sites\/3\/2025\/03\/Rebano-ovino-churro-Duenas-con-perro.jpg\",\"contentUrl\":\"https:\/\/www.asajacyl.com\/palencia\/wp-content\/uploads\/sites\/3\/2025\/03\/Rebano-ovino-churro-Duenas-con-perro.jpg\",\"width\":1890,\"height\":1654},{\"@type\":\"BreadcrumbList\",\"@id\":\"https:\/\/www.asajacyl.com\/palencia\/asaja-palencia-informa\/la-cotizacion-de-los-lechazos-registra-una-ligera-bajada-en-la-mesa-de-castilla-y-leon#breadcrumb\",\"itemListElement\":[{\"@type\":\"ListItem\",\"position\":1,\"name\":\"Portada\",\"item\":\"https:\/\/www.asajacyl.com\/palencia\/\"},{\"@type\":\"ListItem\",\"position\":2,\"name\":\"La cotizaci\u00f3n de los lechazos registra una ligera bajada en la Mesa de Castilla y Le\u00f3n\"}]},{\"@type\":\"WebSite\",\"@id\":\"https:\/\/www.asajacyl.com\/palencia\/#website\",\"url\":\"https:\/\/www.asajacyl.com\/palencia\/\",\"name\":\"ASAJA Palencia\",\"description\":\"Otro sitio m\u00e1s de Provincias ASAJA Castilla y Le\u00f3n\",\"potentialAction\":[{\"@type\":\"SearchAction\",\"target\":{\"@type\":\"EntryPoint\",\"urlTemplate\":\"https:\/\/www.asajacyl.com\/palencia\/?s={search_term_string}\"},\"query-input\":{\"@type\":\"PropertyValueSpecification\",\"valueRequired\":true,\"valueName\":\"search_term_string\"}}],\"inLanguage\":\"es\"},{\"@type\":\"Person\",\"@id\":\"https:\/\/www.asajacyl.com\/palencia\/#\/schema\/person\/3ab17aeb03527485c317557fae64aab1\",\"name\":\"Administrador\",\"image\":{\"@type\":\"ImageObject\",\"inLanguage\":\"es\",\"@id\":\"https:\/\/www.asajacyl.com\/palencia\/#\/schema\/person\/image\/\",\"url\":\"https:\/\/secure.gravatar.com\/avatar\/517384810d242ca9e38c180f3c9fb973?s=96&d=mm&r=g\",\"contentUrl\":\"https:\/\/secure.gravatar.com\/avatar\/517384810d242ca9e38c180f3c9fb973?s=96&d=mm&r=g\",\"caption\":\"Administrador\"},\"url\":\"https:\/\/www.asajacyl.com\/palencia\/author\/carlosrm\"}]}<\/script>\n<!-- \/ Yoast SEO plugin. -->","yoast_head_json":{"title":"La cotizaci\u00f3n de los lechazos registra una ligera bajada en la Mesa de Castilla y Le\u00f3n - ASAJA Palencia","description":"Apenas diez c\u00e9ntimos por kilo han bajado todas las categor\u00edas cotizadas en la Mesa del Lechazo de Castilla y Le\u00f3n en la sesi\u00f3n celebrada el viernes 28 de","robots":{"index":"index","follow":"follow","max-snippet":"max-snippet:-1","max-image-preview":"max-image-preview:large","max-video-preview":"max-video-preview:-1"},"canonical":"https:\/\/www.asajacyl.com\/palencia\/asaja-palencia-informa\/la-cotizacion-de-los-lechazos-registra-una-ligera-bajada-en-la-mesa-de-castilla-y-leon","og_locale":"es_ES","og_type":"article","og_title":"La cotizaci\u00f3n de los lechazos registra una ligera bajada en la Mesa de Castilla y Le\u00f3n - ASAJA Palencia","og_description":"Apenas diez c\u00e9ntimos por kilo han bajado todas las categor\u00edas cotizadas en la Mesa del Lechazo de Castilla y Le\u00f3n en la sesi\u00f3n celebrada el viernes 28 de","og_url":"https:\/\/www.asajacyl.com\/palencia\/asaja-palencia-informa\/la-cotizacion-de-los-lechazos-registra-una-ligera-bajada-en-la-mesa-de-castilla-y-leon","og_site_name":"ASAJA Palencia","article_published_time":"2025-03-04T08:37:54+00:00","article_modified_time":"2025-03-04T08:39:53+00:00","og_image":[{"width":1890,"height":1654,"url":"https:\/\/www.asajacyl.com\/palencia\/wp-content\/uploads\/sites\/3\/2025\/03\/Rebano-ovino-churro-Duenas-con-perro.jpg","type":"image\/jpeg"}],"author":"Administrador","twitter_card":"summary_large_image","twitter_misc":{"Escrito por":"Administrador","Tiempo de lectura":"4 minutos"},"schema":{"@context":"https:\/\/schema.org","@graph":[{"@type":"WebPage","@id":"https:\/\/www.asajacyl.com\/palencia\/asaja-palencia-informa\/la-cotizacion-de-los-lechazos-registra-una-ligera-bajada-en-la-mesa-de-castilla-y-leon","url":"https:\/\/www.asajacyl.com\/palencia\/asaja-palencia-informa\/la-cotizacion-de-los-lechazos-registra-una-ligera-bajada-en-la-mesa-de-castilla-y-leon","name":"La cotizaci\u00f3n de los lechazos registra una ligera bajada en la Mesa de Castilla y Le\u00f3n - ASAJA Palencia","isPartOf":{"@id":"https:\/\/www.asajacyl.com\/palencia\/#website"},"primaryImageOfPage":{"@id":"https:\/\/www.asajacyl.com\/palencia\/asaja-palencia-informa\/la-cotizacion-de-los-lechazos-registra-una-ligera-bajada-en-la-mesa-de-castilla-y-leon#primaryimage"},"image":{"@id":"https:\/\/www.asajacyl.com\/palencia\/asaja-palencia-informa\/la-cotizacion-de-los-lechazos-registra-una-ligera-bajada-en-la-mesa-de-castilla-y-leon#primaryimage"},"thumbnailUrl":"https:\/\/www.asajacyl.com\/palencia\/wp-content\/uploads\/sites\/3\/2025\/03\/Rebano-ovino-churro-Duenas-con-perro.jpg","datePublished":"2025-03-04T08:37:54+00:00","dateModified":"2025-03-04T08:39:53+00:00","author":{"@id":"https:\/\/www.asajacyl.com\/palencia\/#\/schema\/person\/3ab17aeb03527485c317557fae64aab1"},"description":"Apenas diez c\u00e9ntimos por kilo han bajado todas las categor\u00edas cotizadas en la Mesa del Lechazo de Castilla y Le\u00f3n en la sesi\u00f3n celebrada el viernes 28 de","breadcrumb":{"@id":"https:\/\/www.asajacyl.com\/palencia\/asaja-palencia-informa\/la-cotizacion-de-los-lechazos-registra-una-ligera-bajada-en-la-mesa-de-castilla-y-leon#breadcrumb"},"inLanguage":"es","potentialAction":[{"@type":"ReadAction","target":["https:\/\/www.asajacyl.com\/palencia\/asaja-palencia-informa\/la-cotizacion-de-los-lechazos-registra-una-ligera-bajada-en-la-mesa-de-castilla-y-leon"]}]},{"@type":"ImageObject","inLanguage":"es","@id":"https:\/\/www.asajacyl.com\/palencia\/asaja-palencia-informa\/la-cotizacion-de-los-lechazos-registra-una-ligera-bajada-en-la-mesa-de-castilla-y-leon#primaryimage","url":"https:\/\/www.asajacyl.com\/palencia\/wp-content\/uploads\/sites\/3\/2025\/03\/Rebano-ovino-churro-Duenas-con-perro.jpg","contentUrl":"https:\/\/www.asajacyl.com\/palencia\/wp-content\/uploads\/sites\/3\/2025\/03\/Rebano-ovino-churro-Duenas-con-perro.jpg","width":1890,"height":1654},{"@type":"BreadcrumbList","@id":"https:\/\/www.asajacyl.com\/palencia\/asaja-palencia-informa\/la-cotizacion-de-los-lechazos-registra-una-ligera-bajada-en-la-mesa-de-castilla-y-leon#breadcrumb","itemListElement":[{"@type":"ListItem","position":1,"name":"Portada","item":"https:\/\/www.asajacyl.com\/palencia\/"},{"@type":"ListItem","position":2,"name":"La cotizaci\u00f3n de los lechazos registra una ligera bajada en la Mesa de Castilla y Le\u00f3n"}]},{"@type":"WebSite","@id":"https:\/\/www.asajacyl.com\/palencia\/#website","url":"https:\/\/www.asajacyl.com\/palencia\/","name":"ASAJA Palencia","description":"Otro sitio m\u00e1s de Provincias ASAJA Castilla y Le\u00f3n","potentialAction":[{"@type":"SearchAction","target":{"@type":"EntryPoint","urlTemplate":"https:\/\/www.asajacyl.com\/palencia\/?s={search_term_string}"},"query-input":{"@type":"PropertyValueSpecification","valueRequired":true,"valueName":"search_term_string"}}],"inLanguage":"es"},{"@type":"Person","@id":"https:\/\/www.asajacyl.com\/palencia\/#\/schema\/person\/3ab17aeb03527485c317557fae64aab1","name":"Administrador","image":{"@type":"ImageObject","inLanguage":"es","@id":"https:\/\/www.asajacyl.com\/palencia\/#\/schema\/person\/image\/","url":"https:\/\/secure.gravatar.com\/avatar\/517384810d242ca9e38c180f3c9fb973?s=96&d=mm&r=g","contentUrl":"https:\/\/secure.gravatar.com\/avatar\/517384810d242ca9e38c180f3c9fb973?s=96&d=mm&r=g","caption":"Administrador"},"url":"https:\/\/www.asajacyl.com\/palencia\/author\/carlosrm"}]}},"_links":{"self":[{"href":"https:\/\/www.asajacyl.com\/palencia\/wp-json\/wp\/v2\/posts\/19076"}],"collection":[{"href":"https:\/\/www.asajacyl.com\/palencia\/wp-json\/wp\/v2\/posts"}],"about":[{"href":"https:\/\/www.asajacyl.com\/palencia\/wp-json\/wp\/v2\/types\/post"}],"author":[{"embeddable":true,"href":"https:\/\/www.asajacyl.com\/palencia\/wp-json\/wp\/v2\/users\/9"}],"replies":[{"embeddable":true,"href":"https:\/\/www.asajacyl.com\/palencia\/wp-json\/wp\/v2\/comments?post=19076"}],"version-history":[{"count":3,"href":"https:\/\/www.asajacyl.com\/palencia\/wp-json\/wp\/v2\/posts\/19076\/revisions"}],"predecessor-version":[{"id":19081,"href":"https:\/\/www.asajacyl.com\/palencia\/wp-json\/wp\/v2\/posts\/19076\/revisions\/19081"}],"wp:featuredmedia":[{"embeddable":true,"href":"https:\/\/www.asajacyl.com\/palencia\/wp-json\/wp\/v2\/media\/19078"}],"wp:attachment":[{"href":"https:\/\/www.asajacyl.com\/palencia\/wp-json\/wp\/v2\/media?parent=19076"}],"wp:term":[{"taxonomy":"category","embeddable":true,"href":"https:\/\/www.asajacyl.com\/palencia\/wp-json\/wp\/v2\/categories?post=19076"},{"taxonomy":"post_tag","embeddable":true,"href":"https:\/\/www.asajacyl.com\/palencia\/wp-json\/wp\/v2\/tags?post=19076"}],"curies":[{"name":"wp","href":"https:\/\/api.w.org\/{rel}","templated":true}]}}