{"id":19097,"date":"2025-03-05T13:49:47","date_gmt":"2025-03-05T12:49:47","guid":{"rendered":"https:\/\/www.asajacyl.com\/palencia\/?p=19097"},"modified":"2025-03-05T13:50:52","modified_gmt":"2025-03-05T12:50:52","slug":"el-campo-no-es-un-tablero-de-ajedrez","status":"publish","type":"post","link":"https:\/\/www.asajacyl.com\/palencia\/asaja-palencia-informa\/el-campo-no-es-un-tablero-de-ajedrez","title":{"rendered":"El campo no es un tablero de ajedrez"},"content":{"rendered":"\n<h2 class=\"wp-block-heading\">PEDRO BARATO | Presidente nacional de ASAJA<\/h2>\n\n\n\n<p>En el gran escenario de la pol\u00edtica internacional,&nbsp; el sector agro siempre parece ocupar el mismo papel: el de pe\u00f3n. Un pe\u00f3n que avanza seg\u00fan las estrategias de los jugadores , que se utiliza a menudo como parte de la t\u00e1ctica y en raras ocasiones alcanza el otro lado del tablero para convertirse en otra pieza.<\/p>\n\n\n\n<p>Un ejemplo m\u00e1s de c\u00f3mo el campo se convierte en moneda de cambio en los enfrentamientos pol\u00edticos es el \u00faltimo movimiento de Donald Trump, anunciando aranceles a los productos agr\u00edcolas importados. Mientras los l\u00edderes mundiales se esfuerzan por demostrar su poder, los agricultores y ganaderos, que trabajan arduamente para alimentar a la poblaci\u00f3n, son los que soportan las consecuencias.<\/p>\n\n\n<div class=\"wp-block-image\">\n<figure class=\"alignright is-resized\"><a href=\"https:\/\/www.asaja.com\/files\/noticia\/04032025212024_2013-06-23%2010.16.31.jpg\"><img decoding=\"async\" src=\"https:\/\/www.asaja.com\/files\/noticia\/04032025212024_2013-06-23%2010.16.31.jpg\" alt=\"Thumb\" style=\"width:560px;height:auto\" \/><\/a><\/figure><\/div>\n\n\n<p><strong>Trump, con su estilo caracter\u00edstico, ha lanzado un mensaje a los agricultores estadounidenses para que \u00abse diviertan\u00bb produciendo m\u00e1s para el mercado interno. Como si el trabajo en el campo fuera un pasatiempo y no un labor vital.<\/strong> Mientras tanto, los mercados se tambalean, los precios suben y los productores de otros pa\u00edses, como Espa\u00f1a, ven c\u00f3mo sus exportaciones se convierten en v\u00edctimas colaterales de esta guerra comercial.<\/p>\n\n\n\n<p><strong>Pero no nos enga\u00f1emos: Trump no es el \u00fanico culpable. Este es un problema global. Los agricultores y ganaderos llevan a\u00f1os siendo utilizados como fichas en las negociaciones comerciales, como si su trabajo fuera simples n\u00fameros en una hoja de c\u00e1lculo.<\/strong> Y lo peor es que, cuando las cosas se complican, son ellos, agricultores y ganaderos, los que tienen que apretarse el cintur\u00f3n, mientras los pol\u00edticos se felicitan por sus \u00abgrandes logros\u00bb en las cumbres internacionales.<\/p>\n\n\n\n<p>El sector agro est\u00e1 harto. Harto de ser el chivo expiatorio de las pol\u00edticas migratorias, de las guerras comerciales y de las crisis econ\u00f3micas; harto de que se le pida producir m\u00e1s con menos o&nbsp; de que se le culpe por el cambio clim\u00e1tico mientras que algunas grandes industrias siguen contaminando sin control, y, harto,&nbsp; de que se le exija adaptarse a normativas cada vez m\u00e1s estrictas sin recibir el apoyo necesario.<\/p>\n\n\n\n<p><strong>\u00bfNo creen que ha llegado la hora de que los pol\u00edticos dejen de tratar al campo como un tablero de ajedrez y empiecen a verlo como lo que realmente es: la base de nuestra sociedad? Sin agricultores y ganaderos, no hay comida en nuestras mesas. Sin ellos, no hay futuro.<\/strong><\/p>\n\n\n\n<p>Por eso, desde aqu\u00ed, hacemos un llamado a los l\u00edderes mundiales, para que dejen de jugar con el campo, para que dejen de usarlo como arma en sus disputas y empiecen a protegerlo como el tesoro que es. Porque, al final, cuando el \u00faltimo pe\u00f3n haya ca\u00eddo, no habr\u00e1 rey ni reina que pueda salvarnos.<\/p>\n\n\n\n<p>Y a los consumidores, os decimos, que apoy\u00e9is a los agricultores y ganaderos; que compr\u00e9is productos locales, exij\u00e1is pol\u00edticas justas y sobre todo, que teng\u00e1is presente&nbsp; que detr\u00e1s de cada alimento hay una historia de esfuerzo, sacrificio y amor por la tierra. Porque el campo no es un tablero de ajedrez, es nuestra vida.<\/p>\n\n\n\n<blockquote class=\"wp-block-quote is-layout-flow wp-block-quote-is-layout-flow\">\n<p>\u00abHacemos un llamado a los l\u00edderes mundiales para que dejen de jugar con el campo, para que dejen de usarlo como arma en sus disputas, y empiecen a protegerlo, como el tesoro que es\u00bb<\/p>\n<\/blockquote>\n","protected":false},"excerpt":{"rendered":"<p>PEDRO BARATO | Presidente nacional de ASAJA En el gran escenario de la pol\u00edtica internacional,&nbsp; el sector agro siempre parece ocupar el mismo papel: el de pe\u00f3n. Un pe\u00f3n que avanza seg\u00fan las estrategias de los jugadores , que se utiliza a menudo como parte de la t\u00e1ctica y en raras ocasiones alcanza el otro [&hellip;]<\/p>\n","protected":false},"author":9,"featured_media":19098,"comment_status":"open","ping_status":"open","sticky":false,"template":"","format":"standard","meta":{"footnotes":""},"categories":[9,29,30,28],"tags":[58,351,77,939],"yoast_head":"<!-- This site is optimized with the Yoast SEO plugin v24.5 - https:\/\/yoast.com\/wordpress\/plugins\/seo\/ -->\n<title>El campo no es un tablero de ajedrez - ASAJA Palencia<\/title>\n<meta name=\"description\" content=\"PEDRO BARATO | Presidente nacional de ASAJA En el gran escenario de la pol\u00edtica internacional,&nbsp; el sector agro siempre parece ocupar el mismo papel:\" \/>\n<meta name=\"robots\" content=\"index, follow, max-snippet:-1, max-image-preview:large, max-video-preview:-1\" \/>\n<link rel=\"canonical\" href=\"https:\/\/www.asajacyl.com\/palencia\/asaja-palencia-informa\/el-campo-no-es-un-tablero-de-ajedrez\" \/>\n<meta property=\"og:locale\" content=\"es_ES\" \/>\n<meta property=\"og:type\" content=\"article\" \/>\n<meta property=\"og:title\" content=\"El campo no es un tablero de ajedrez - ASAJA Palencia\" \/>\n<meta property=\"og:description\" content=\"PEDRO BARATO | Presidente nacional de ASAJA En el gran escenario de la pol\u00edtica internacional,&nbsp; el sector agro siempre parece ocupar el mismo papel:\" \/>\n<meta property=\"og:url\" content=\"https:\/\/www.asajacyl.com\/palencia\/asaja-palencia-informa\/el-campo-no-es-un-tablero-de-ajedrez\" \/>\n<meta property=\"og:site_name\" content=\"ASAJA Palencia\" \/>\n<meta property=\"article:published_time\" content=\"2025-03-05T12:49:47+00:00\" \/>\n<meta property=\"article:modified_time\" content=\"2025-03-05T12:50:52+00:00\" \/>\n<meta property=\"og:image\" content=\"https:\/\/www.asajacyl.com\/palencia\/wp-content\/uploads\/sites\/3\/2025\/03\/Pedro-Barato2-web.jpg\" \/>\n\t<meta property=\"og:image:width\" content=\"1890\" \/>\n\t<meta property=\"og:image:height\" content=\"1654\" \/>\n\t<meta property=\"og:image:type\" content=\"image\/jpeg\" \/>\n<meta name=\"author\" content=\"Administrador\" \/>\n<meta name=\"twitter:card\" content=\"summary_large_image\" \/>\n<meta name=\"twitter:label1\" content=\"Escrito por\" \/>\n\t<meta name=\"twitter:data1\" content=\"Administrador\" \/>\n\t<meta name=\"twitter:label2\" content=\"Tiempo de lectura\" \/>\n\t<meta name=\"twitter:data2\" content=\"3 minutos\" \/>\n<script type=\"application\/ld+json\" class=\"yoast-schema-graph\">{\"@context\":\"https:\/\/schema.org\",\"@graph\":[{\"@type\":\"WebPage\",\"@id\":\"https:\/\/www.asajacyl.com\/palencia\/asaja-palencia-informa\/el-campo-no-es-un-tablero-de-ajedrez\",\"url\":\"https:\/\/www.asajacyl.com\/palencia\/asaja-palencia-informa\/el-campo-no-es-un-tablero-de-ajedrez\",\"name\":\"El campo no es un tablero de ajedrez - ASAJA Palencia\",\"isPartOf\":{\"@id\":\"https:\/\/www.asajacyl.com\/palencia\/#website\"},\"primaryImageOfPage\":{\"@id\":\"https:\/\/www.asajacyl.com\/palencia\/asaja-palencia-informa\/el-campo-no-es-un-tablero-de-ajedrez#primaryimage\"},\"image\":{\"@id\":\"https:\/\/www.asajacyl.com\/palencia\/asaja-palencia-informa\/el-campo-no-es-un-tablero-de-ajedrez#primaryimage\"},\"thumbnailUrl\":\"https:\/\/www.asajacyl.com\/palencia\/wp-content\/uploads\/sites\/3\/2025\/03\/Pedro-Barato2-web.jpg\",\"datePublished\":\"2025-03-05T12:49:47+00:00\",\"dateModified\":\"2025-03-05T12:50:52+00:00\",\"author\":{\"@id\":\"https:\/\/www.asajacyl.com\/palencia\/#\/schema\/person\/3ab17aeb03527485c317557fae64aab1\"},\"description\":\"PEDRO BARATO | Presidente nacional de ASAJA En el gran escenario de la pol\u00edtica internacional,&nbsp; el sector agro siempre parece ocupar el mismo papel:\",\"breadcrumb\":{\"@id\":\"https:\/\/www.asajacyl.com\/palencia\/asaja-palencia-informa\/el-campo-no-es-un-tablero-de-ajedrez#breadcrumb\"},\"inLanguage\":\"es\",\"potentialAction\":[{\"@type\":\"ReadAction\",\"target\":[\"https:\/\/www.asajacyl.com\/palencia\/asaja-palencia-informa\/el-campo-no-es-un-tablero-de-ajedrez\"]}]},{\"@type\":\"ImageObject\",\"inLanguage\":\"es\",\"@id\":\"https:\/\/www.asajacyl.com\/palencia\/asaja-palencia-informa\/el-campo-no-es-un-tablero-de-ajedrez#primaryimage\",\"url\":\"https:\/\/www.asajacyl.com\/palencia\/wp-content\/uploads\/sites\/3\/2025\/03\/Pedro-Barato2-web.jpg\",\"contentUrl\":\"https:\/\/www.asajacyl.com\/palencia\/wp-content\/uploads\/sites\/3\/2025\/03\/Pedro-Barato2-web.jpg\",\"width\":1890,\"height\":1654},{\"@type\":\"BreadcrumbList\",\"@id\":\"https:\/\/www.asajacyl.com\/palencia\/asaja-palencia-informa\/el-campo-no-es-un-tablero-de-ajedrez#breadcrumb\",\"itemListElement\":[{\"@type\":\"ListItem\",\"position\":1,\"name\":\"Portada\",\"item\":\"https:\/\/www.asajacyl.com\/palencia\/\"},{\"@type\":\"ListItem\",\"position\":2,\"name\":\"El campo no es un tablero de ajedrez\"}]},{\"@type\":\"WebSite\",\"@id\":\"https:\/\/www.asajacyl.com\/palencia\/#website\",\"url\":\"https:\/\/www.asajacyl.com\/palencia\/\",\"name\":\"ASAJA Palencia\",\"description\":\"Otro sitio m\u00e1s de Provincias ASAJA Castilla y Le\u00f3n\",\"potentialAction\":[{\"@type\":\"SearchAction\",\"target\":{\"@type\":\"EntryPoint\",\"urlTemplate\":\"https:\/\/www.asajacyl.com\/palencia\/?s={search_term_string}\"},\"query-input\":{\"@type\":\"PropertyValueSpecification\",\"valueRequired\":true,\"valueName\":\"search_term_string\"}}],\"inLanguage\":\"es\"},{\"@type\":\"Person\",\"@id\":\"https:\/\/www.asajacyl.com\/palencia\/#\/schema\/person\/3ab17aeb03527485c317557fae64aab1\",\"name\":\"Administrador\",\"image\":{\"@type\":\"ImageObject\",\"inLanguage\":\"es\",\"@id\":\"https:\/\/www.asajacyl.com\/palencia\/#\/schema\/person\/image\/\",\"url\":\"https:\/\/secure.gravatar.com\/avatar\/517384810d242ca9e38c180f3c9fb973?s=96&d=mm&r=g\",\"contentUrl\":\"https:\/\/secure.gravatar.com\/avatar\/517384810d242ca9e38c180f3c9fb973?s=96&d=mm&r=g\",\"caption\":\"Administrador\"},\"url\":\"https:\/\/www.asajacyl.com\/palencia\/author\/carlosrm\"}]}<\/script>\n<!-- \/ Yoast SEO plugin. -->","yoast_head_json":{"title":"El campo no es un tablero de ajedrez - ASAJA Palencia","description":"PEDRO BARATO | Presidente nacional de ASAJA En el gran escenario de la pol\u00edtica internacional,&nbsp; el sector agro siempre parece ocupar el mismo papel:","robots":{"index":"index","follow":"follow","max-snippet":"max-snippet:-1","max-image-preview":"max-image-preview:large","max-video-preview":"max-video-preview:-1"},"canonical":"https:\/\/www.asajacyl.com\/palencia\/asaja-palencia-informa\/el-campo-no-es-un-tablero-de-ajedrez","og_locale":"es_ES","og_type":"article","og_title":"El campo no es un tablero de ajedrez - ASAJA Palencia","og_description":"PEDRO BARATO | Presidente nacional de ASAJA En el gran escenario de la pol\u00edtica internacional,&nbsp; el sector agro siempre parece ocupar el mismo papel:","og_url":"https:\/\/www.asajacyl.com\/palencia\/asaja-palencia-informa\/el-campo-no-es-un-tablero-de-ajedrez","og_site_name":"ASAJA Palencia","article_published_time":"2025-03-05T12:49:47+00:00","article_modified_time":"2025-03-05T12:50:52+00:00","og_image":[{"width":1890,"height":1654,"url":"https:\/\/www.asajacyl.com\/palencia\/wp-content\/uploads\/sites\/3\/2025\/03\/Pedro-Barato2-web.jpg","type":"image\/jpeg"}],"author":"Administrador","twitter_card":"summary_large_image","twitter_misc":{"Escrito por":"Administrador","Tiempo de lectura":"3 minutos"},"schema":{"@context":"https:\/\/schema.org","@graph":[{"@type":"WebPage","@id":"https:\/\/www.asajacyl.com\/palencia\/asaja-palencia-informa\/el-campo-no-es-un-tablero-de-ajedrez","url":"https:\/\/www.asajacyl.com\/palencia\/asaja-palencia-informa\/el-campo-no-es-un-tablero-de-ajedrez","name":"El campo no es un tablero de ajedrez - ASAJA Palencia","isPartOf":{"@id":"https:\/\/www.asajacyl.com\/palencia\/#website"},"primaryImageOfPage":{"@id":"https:\/\/www.asajacyl.com\/palencia\/asaja-palencia-informa\/el-campo-no-es-un-tablero-de-ajedrez#primaryimage"},"image":{"@id":"https:\/\/www.asajacyl.com\/palencia\/asaja-palencia-informa\/el-campo-no-es-un-tablero-de-ajedrez#primaryimage"},"thumbnailUrl":"https:\/\/www.asajacyl.com\/palencia\/wp-content\/uploads\/sites\/3\/2025\/03\/Pedro-Barato2-web.jpg","datePublished":"2025-03-05T12:49:47+00:00","dateModified":"2025-03-05T12:50:52+00:00","author":{"@id":"https:\/\/www.asajacyl.com\/palencia\/#\/schema\/person\/3ab17aeb03527485c317557fae64aab1"},"description":"PEDRO BARATO | Presidente nacional de ASAJA En el gran escenario de la pol\u00edtica internacional,&nbsp; el sector agro siempre parece ocupar el mismo papel:","breadcrumb":{"@id":"https:\/\/www.asajacyl.com\/palencia\/asaja-palencia-informa\/el-campo-no-es-un-tablero-de-ajedrez#breadcrumb"},"inLanguage":"es","potentialAction":[{"@type":"ReadAction","target":["https:\/\/www.asajacyl.com\/palencia\/asaja-palencia-informa\/el-campo-no-es-un-tablero-de-ajedrez"]}]},{"@type":"ImageObject","inLanguage":"es","@id":"https:\/\/www.asajacyl.com\/palencia\/asaja-palencia-informa\/el-campo-no-es-un-tablero-de-ajedrez#primaryimage","url":"https:\/\/www.asajacyl.com\/palencia\/wp-content\/uploads\/sites\/3\/2025\/03\/Pedro-Barato2-web.jpg","contentUrl":"https:\/\/www.asajacyl.com\/palencia\/wp-content\/uploads\/sites\/3\/2025\/03\/Pedro-Barato2-web.jpg","width":1890,"height":1654},{"@type":"BreadcrumbList","@id":"https:\/\/www.asajacyl.com\/palencia\/asaja-palencia-informa\/el-campo-no-es-un-tablero-de-ajedrez#breadcrumb","itemListElement":[{"@type":"ListItem","position":1,"name":"Portada","item":"https:\/\/www.asajacyl.com\/palencia\/"},{"@type":"ListItem","position":2,"name":"El campo no es un tablero de ajedrez"}]},{"@type":"WebSite","@id":"https:\/\/www.asajacyl.com\/palencia\/#website","url":"https:\/\/www.asajacyl.com\/palencia\/","name":"ASAJA Palencia","description":"Otro sitio m\u00e1s de Provincias ASAJA Castilla y Le\u00f3n","potentialAction":[{"@type":"SearchAction","target":{"@type":"EntryPoint","urlTemplate":"https:\/\/www.asajacyl.com\/palencia\/?s={search_term_string}"},"query-input":{"@type":"PropertyValueSpecification","valueRequired":true,"valueName":"search_term_string"}}],"inLanguage":"es"},{"@type":"Person","@id":"https:\/\/www.asajacyl.com\/palencia\/#\/schema\/person\/3ab17aeb03527485c317557fae64aab1","name":"Administrador","image":{"@type":"ImageObject","inLanguage":"es","@id":"https:\/\/www.asajacyl.com\/palencia\/#\/schema\/person\/image\/","url":"https:\/\/secure.gravatar.com\/avatar\/517384810d242ca9e38c180f3c9fb973?s=96&d=mm&r=g","contentUrl":"https:\/\/secure.gravatar.com\/avatar\/517384810d242ca9e38c180f3c9fb973?s=96&d=mm&r=g","caption":"Administrador"},"url":"https:\/\/www.asajacyl.com\/palencia\/author\/carlosrm"}]}},"_links":{"self":[{"href":"https:\/\/www.asajacyl.com\/palencia\/wp-json\/wp\/v2\/posts\/19097"}],"collection":[{"href":"https:\/\/www.asajacyl.com\/palencia\/wp-json\/wp\/v2\/posts"}],"about":[{"href":"https:\/\/www.asajacyl.com\/palencia\/wp-json\/wp\/v2\/types\/post"}],"author":[{"embeddable":true,"href":"https:\/\/www.asajacyl.com\/palencia\/wp-json\/wp\/v2\/users\/9"}],"replies":[{"embeddable":true,"href":"https:\/\/www.asajacyl.com\/palencia\/wp-json\/wp\/v2\/comments?post=19097"}],"version-history":[{"count":2,"href":"https:\/\/www.asajacyl.com\/palencia\/wp-json\/wp\/v2\/posts\/19097\/revisions"}],"predecessor-version":[{"id":19100,"href":"https:\/\/www.asajacyl.com\/palencia\/wp-json\/wp\/v2\/posts\/19097\/revisions\/19100"}],"wp:featuredmedia":[{"embeddable":true,"href":"https:\/\/www.asajacyl.com\/palencia\/wp-json\/wp\/v2\/media\/19098"}],"wp:attachment":[{"href":"https:\/\/www.asajacyl.com\/palencia\/wp-json\/wp\/v2\/media?parent=19097"}],"wp:term":[{"taxonomy":"category","embeddable":true,"href":"https:\/\/www.asajacyl.com\/palencia\/wp-json\/wp\/v2\/categories?post=19097"},{"taxonomy":"post_tag","embeddable":true,"href":"https:\/\/www.asajacyl.com\/palencia\/wp-json\/wp\/v2\/tags?post=19097"}],"curies":[{"name":"wp","href":"https:\/\/api.w.org\/{rel}","templated":true}]}}