{"id":19118,"date":"2025-03-07T09:43:18","date_gmt":"2025-03-07T08:43:18","guid":{"rendered":"https:\/\/www.asajacyl.com\/palencia\/?p=19118"},"modified":"2025-03-07T09:44:39","modified_gmt":"2025-03-07T08:44:39","slug":"aqui-puedes-leer-el-ultimo-numero-de-la-revista-asaja-especial-sobre-la-vision-del-sector-en-la-ue","status":"publish","type":"post","link":"https:\/\/www.asajacyl.com\/palencia\/asaja-palencia-informa\/aqui-puedes-leer-el-ultimo-numero-de-la-revista-asaja-especial-sobre-la-vision-del-sector-en-la-ue","title":{"rendered":"Aqu\u00ed puedes leer el \u00faltimo n\u00famero de la revista ASAJA, especial sobre la visi\u00f3n del sector en la UE"},"content":{"rendered":"<div class=\"wp-block-image\">\n<figure class=\"alignright size-large is-resized\"><a href=\"https:\/\/www.calameo.com\/read\/002859422a22d064075d3?page=1\"><img loading=\"lazy\" decoding=\"async\" width=\"722\" height=\"1024\" src=\"https:\/\/www.asajacyl.com\/palencia\/wp-content\/uploads\/sites\/3\/2025\/03\/image-1-722x1024.jpg\" alt=\"\" class=\"wp-image-19120\" style=\"width:652px;height:auto\" srcset=\"https:\/\/www.asajacyl.com\/palencia\/wp-content\/uploads\/sites\/3\/2025\/03\/image-1-722x1024.jpg 722w, https:\/\/www.asajacyl.com\/palencia\/wp-content\/uploads\/sites\/3\/2025\/03\/image-1-211x300.jpg 211w, https:\/\/www.asajacyl.com\/palencia\/wp-content\/uploads\/sites\/3\/2025\/03\/image-1-768x1090.jpg 768w, https:\/\/www.asajacyl.com\/palencia\/wp-content\/uploads\/sites\/3\/2025\/03\/image-1-296x420.jpg 296w, https:\/\/www.asajacyl.com\/palencia\/wp-content\/uploads\/sites\/3\/2025\/03\/image-1-696x987.jpg 696w, https:\/\/www.asajacyl.com\/palencia\/wp-content\/uploads\/sites\/3\/2025\/03\/image-1.jpg 1027w\" sizes=\"(max-width: 722px) 100vw, 722px\" \/><\/a><\/figure><\/div>\n\n\n<h2 class=\"wp-block-heading has-text-align-left\">\ud83c\udf3e Especial sobre la nueva visi\u00f3n de la agricultura y la alimentaci\u00f3n en la UE. \u00bfSon suficientes los planes para el campo europeo? Las ambiciones y propuestas ser\u00e1n insuficientes sin una PAC s\u00f3lida. <\/h2>\n\n\n\n<h2 class=\"wp-block-heading\">\ud83c\udfe2 Art\u00edculo de PEDRO BARATO, presidente nacional: \u00abLa ret\u00f3rica de los despachos frente a la realidad del campo\u00bb.<\/h2>\n\n\n\n<h2 class=\"wp-block-heading\">\u2696\ufe0f Las \u00faltimas decisiones pol\u00edticas en el terreno laboral y su impacto en el sector: reducci\u00f3n de la jornada, subida del salario m\u00ednimo interprofesional\u2026 <\/h2>\n\n\n\n<h2 class=\"wp-block-heading\">\ud83d\udcb8 Art\u00edculo de JUAN JOS\u00c9 \u00c1LVAREZ ALCALDE, secretario de Organizaci\u00f3n de ASAJA: \u00abCuando el campo no aguanta, tu bolsillo tampoco\u00bb.<\/h2>\n\n\n\n<h2 class=\"wp-block-heading\">\ud83c\udf47\ud83c\udf45 Informaci\u00f3n sobre miel, hortalizas, fruta, vino e innovaci\u00f3n.<\/h2>\n\n\n\n<h2 class=\"wp-block-heading\">\ud83d\udcb6 Art\u00edculo de JOS\u00c9 MAR\u00cdA CASTILLA, director de la oficina de ASAJA en Bruselas: \u00abEl impuesto como receta universal\u00bb.<\/h2>\n\n\n\n<h2 class=\"wp-block-heading\">\ud83d\udcd6 Y muchos m\u00e1s contenidos&#8230; Lee el \u00faltimo n\u00famero de tu revista de ASAJA clicando en la portada \ud83d\udc49\ud83c\udffb<\/h2>\n","protected":false},"excerpt":{"rendered":"<p>\ud83c\udf3e Especial sobre la nueva visi\u00f3n de la agricultura y la alimentaci\u00f3n en la UE. \u00bfSon suficientes los planes para el campo europeo? Las ambiciones y propuestas ser\u00e1n insuficientes sin una PAC s\u00f3lida. \ud83c\udfe2 Art\u00edculo de PEDRO BARATO, presidente nacional: \u00abLa ret\u00f3rica de los despachos frente a la realidad del campo\u00bb. \u2696\ufe0f Las \u00faltimas decisiones [&hellip;]<\/p>\n","protected":false},"author":9,"featured_media":19134,"comment_status":"open","ping_status":"open","sticky":false,"template":"","format":"standard","meta":{"footnotes":""},"categories":[9,38,29,28,13],"tags":[59,125,351,77,110,45,338],"yoast_head":"<!-- This site is optimized with the Yoast SEO plugin v24.5 - https:\/\/yoast.com\/wordpress\/plugins\/seo\/ -->\n<title>Aqu\u00ed puedes leer el \u00faltimo n\u00famero de la revista ASAJA, especial sobre la visi\u00f3n del sector en la UE - ASAJA Palencia<\/title>\n<meta name=\"description\" content=\"\ud83c\udf3e Especial sobre la nueva visi\u00f3n de la agricultura y la alimentaci\u00f3n en la UE. \u00bfSon suficientes los planes para el campo europeo? Las ambiciones y\" \/>\n<meta name=\"robots\" content=\"index, follow, max-snippet:-1, max-image-preview:large, max-video-preview:-1\" \/>\n<link rel=\"canonical\" href=\"https:\/\/www.asajacyl.com\/palencia\/asaja-palencia-informa\/aqui-puedes-leer-el-ultimo-numero-de-la-revista-asaja-especial-sobre-la-vision-del-sector-en-la-ue\" \/>\n<meta property=\"og:locale\" content=\"es_ES\" \/>\n<meta property=\"og:type\" content=\"article\" \/>\n<meta property=\"og:title\" content=\"Aqu\u00ed puedes leer el \u00faltimo n\u00famero de la revista ASAJA, especial sobre la visi\u00f3n del sector en la UE - ASAJA Palencia\" \/>\n<meta property=\"og:description\" content=\"\ud83c\udf3e Especial sobre la nueva visi\u00f3n de la agricultura y la alimentaci\u00f3n en la UE. \u00bfSon suficientes los planes para el campo europeo? Las ambiciones y\" \/>\n<meta property=\"og:url\" content=\"https:\/\/www.asajacyl.com\/palencia\/asaja-palencia-informa\/aqui-puedes-leer-el-ultimo-numero-de-la-revista-asaja-especial-sobre-la-vision-del-sector-en-la-ue\" \/>\n<meta property=\"og:site_name\" content=\"ASAJA Palencia\" \/>\n<meta property=\"article:published_time\" content=\"2025-03-07T08:43:18+00:00\" \/>\n<meta property=\"article:modified_time\" content=\"2025-03-07T08:44:39+00:00\" \/>\n<meta property=\"og:image\" content=\"https:\/\/www.asajacyl.com\/palencia\/wp-content\/uploads\/sites\/3\/2025\/03\/Portada-ASAJAfeb2025.jpg\" \/>\n\t<meta property=\"og:image:width\" content=\"1890\" \/>\n\t<meta property=\"og:image:height\" content=\"1654\" \/>\n\t<meta property=\"og:image:type\" content=\"image\/jpeg\" \/>\n<meta name=\"author\" content=\"Administrador\" \/>\n<meta name=\"twitter:card\" content=\"summary_large_image\" \/>\n<meta name=\"twitter:label1\" content=\"Escrito por\" \/>\n\t<meta name=\"twitter:data1\" content=\"Administrador\" \/>\n\t<meta name=\"twitter:label2\" content=\"Tiempo de lectura\" \/>\n\t<meta name=\"twitter:data2\" content=\"2 minutos\" \/>\n<script type=\"application\/ld+json\" class=\"yoast-schema-graph\">{\"@context\":\"https:\/\/schema.org\",\"@graph\":[{\"@type\":\"WebPage\",\"@id\":\"https:\/\/www.asajacyl.com\/palencia\/asaja-palencia-informa\/aqui-puedes-leer-el-ultimo-numero-de-la-revista-asaja-especial-sobre-la-vision-del-sector-en-la-ue\",\"url\":\"https:\/\/www.asajacyl.com\/palencia\/asaja-palencia-informa\/aqui-puedes-leer-el-ultimo-numero-de-la-revista-asaja-especial-sobre-la-vision-del-sector-en-la-ue\",\"name\":\"Aqu\u00ed puedes leer el \u00faltimo n\u00famero de la revista ASAJA, especial sobre la visi\u00f3n del sector en la UE - ASAJA Palencia\",\"isPartOf\":{\"@id\":\"https:\/\/www.asajacyl.com\/palencia\/#website\"},\"primaryImageOfPage\":{\"@id\":\"https:\/\/www.asajacyl.com\/palencia\/asaja-palencia-informa\/aqui-puedes-leer-el-ultimo-numero-de-la-revista-asaja-especial-sobre-la-vision-del-sector-en-la-ue#primaryimage\"},\"image\":{\"@id\":\"https:\/\/www.asajacyl.com\/palencia\/asaja-palencia-informa\/aqui-puedes-leer-el-ultimo-numero-de-la-revista-asaja-especial-sobre-la-vision-del-sector-en-la-ue#primaryimage\"},\"thumbnailUrl\":\"https:\/\/www.asajacyl.com\/palencia\/wp-content\/uploads\/sites\/3\/2025\/03\/Portada-ASAJAfeb2025.jpg\",\"datePublished\":\"2025-03-07T08:43:18+00:00\",\"dateModified\":\"2025-03-07T08:44:39+00:00\",\"author\":{\"@id\":\"https:\/\/www.asajacyl.com\/palencia\/#\/schema\/person\/3ab17aeb03527485c317557fae64aab1\"},\"description\":\"\ud83c\udf3e Especial sobre la nueva visi\u00f3n de la agricultura y la alimentaci\u00f3n en la UE. \u00bfSon suficientes los planes para el campo europeo? Las ambiciones y\",\"breadcrumb\":{\"@id\":\"https:\/\/www.asajacyl.com\/palencia\/asaja-palencia-informa\/aqui-puedes-leer-el-ultimo-numero-de-la-revista-asaja-especial-sobre-la-vision-del-sector-en-la-ue#breadcrumb\"},\"inLanguage\":\"es\",\"potentialAction\":[{\"@type\":\"ReadAction\",\"target\":[\"https:\/\/www.asajacyl.com\/palencia\/asaja-palencia-informa\/aqui-puedes-leer-el-ultimo-numero-de-la-revista-asaja-especial-sobre-la-vision-del-sector-en-la-ue\"]}]},{\"@type\":\"ImageObject\",\"inLanguage\":\"es\",\"@id\":\"https:\/\/www.asajacyl.com\/palencia\/asaja-palencia-informa\/aqui-puedes-leer-el-ultimo-numero-de-la-revista-asaja-especial-sobre-la-vision-del-sector-en-la-ue#primaryimage\",\"url\":\"https:\/\/www.asajacyl.com\/palencia\/wp-content\/uploads\/sites\/3\/2025\/03\/Portada-ASAJAfeb2025.jpg\",\"contentUrl\":\"https:\/\/www.asajacyl.com\/palencia\/wp-content\/uploads\/sites\/3\/2025\/03\/Portada-ASAJAfeb2025.jpg\",\"width\":1890,\"height\":1654},{\"@type\":\"BreadcrumbList\",\"@id\":\"https:\/\/www.asajacyl.com\/palencia\/asaja-palencia-informa\/aqui-puedes-leer-el-ultimo-numero-de-la-revista-asaja-especial-sobre-la-vision-del-sector-en-la-ue#breadcrumb\",\"itemListElement\":[{\"@type\":\"ListItem\",\"position\":1,\"name\":\"Portada\",\"item\":\"https:\/\/www.asajacyl.com\/palencia\/\"},{\"@type\":\"ListItem\",\"position\":2,\"name\":\"Aqu\u00ed puedes leer el \u00faltimo n\u00famero de la revista ASAJA, especial sobre la visi\u00f3n del sector en la UE\"}]},{\"@type\":\"WebSite\",\"@id\":\"https:\/\/www.asajacyl.com\/palencia\/#website\",\"url\":\"https:\/\/www.asajacyl.com\/palencia\/\",\"name\":\"ASAJA Palencia\",\"description\":\"Otro sitio m\u00e1s de Provincias ASAJA Castilla y Le\u00f3n\",\"potentialAction\":[{\"@type\":\"SearchAction\",\"target\":{\"@type\":\"EntryPoint\",\"urlTemplate\":\"https:\/\/www.asajacyl.com\/palencia\/?s={search_term_string}\"},\"query-input\":{\"@type\":\"PropertyValueSpecification\",\"valueRequired\":true,\"valueName\":\"search_term_string\"}}],\"inLanguage\":\"es\"},{\"@type\":\"Person\",\"@id\":\"https:\/\/www.asajacyl.com\/palencia\/#\/schema\/person\/3ab17aeb03527485c317557fae64aab1\",\"name\":\"Administrador\",\"image\":{\"@type\":\"ImageObject\",\"inLanguage\":\"es\",\"@id\":\"https:\/\/www.asajacyl.com\/palencia\/#\/schema\/person\/image\/\",\"url\":\"https:\/\/secure.gravatar.com\/avatar\/517384810d242ca9e38c180f3c9fb973?s=96&d=mm&r=g\",\"contentUrl\":\"https:\/\/secure.gravatar.com\/avatar\/517384810d242ca9e38c180f3c9fb973?s=96&d=mm&r=g\",\"caption\":\"Administrador\"},\"url\":\"https:\/\/www.asajacyl.com\/palencia\/author\/carlosrm\"}]}<\/script>\n<!-- \/ Yoast SEO plugin. -->","yoast_head_json":{"title":"Aqu\u00ed puedes leer el \u00faltimo n\u00famero de la revista ASAJA, especial sobre la visi\u00f3n del sector en la UE - ASAJA Palencia","description":"\ud83c\udf3e Especial sobre la nueva visi\u00f3n de la agricultura y la alimentaci\u00f3n en la UE. \u00bfSon suficientes los planes para el campo europeo? Las ambiciones y","robots":{"index":"index","follow":"follow","max-snippet":"max-snippet:-1","max-image-preview":"max-image-preview:large","max-video-preview":"max-video-preview:-1"},"canonical":"https:\/\/www.asajacyl.com\/palencia\/asaja-palencia-informa\/aqui-puedes-leer-el-ultimo-numero-de-la-revista-asaja-especial-sobre-la-vision-del-sector-en-la-ue","og_locale":"es_ES","og_type":"article","og_title":"Aqu\u00ed puedes leer el \u00faltimo n\u00famero de la revista ASAJA, especial sobre la visi\u00f3n del sector en la UE - ASAJA Palencia","og_description":"\ud83c\udf3e Especial sobre la nueva visi\u00f3n de la agricultura y la alimentaci\u00f3n en la UE. \u00bfSon suficientes los planes para el campo europeo? Las ambiciones y","og_url":"https:\/\/www.asajacyl.com\/palencia\/asaja-palencia-informa\/aqui-puedes-leer-el-ultimo-numero-de-la-revista-asaja-especial-sobre-la-vision-del-sector-en-la-ue","og_site_name":"ASAJA Palencia","article_published_time":"2025-03-07T08:43:18+00:00","article_modified_time":"2025-03-07T08:44:39+00:00","og_image":[{"width":1890,"height":1654,"url":"https:\/\/www.asajacyl.com\/palencia\/wp-content\/uploads\/sites\/3\/2025\/03\/Portada-ASAJAfeb2025.jpg","type":"image\/jpeg"}],"author":"Administrador","twitter_card":"summary_large_image","twitter_misc":{"Escrito por":"Administrador","Tiempo de lectura":"2 minutos"},"schema":{"@context":"https:\/\/schema.org","@graph":[{"@type":"WebPage","@id":"https:\/\/www.asajacyl.com\/palencia\/asaja-palencia-informa\/aqui-puedes-leer-el-ultimo-numero-de-la-revista-asaja-especial-sobre-la-vision-del-sector-en-la-ue","url":"https:\/\/www.asajacyl.com\/palencia\/asaja-palencia-informa\/aqui-puedes-leer-el-ultimo-numero-de-la-revista-asaja-especial-sobre-la-vision-del-sector-en-la-ue","name":"Aqu\u00ed puedes leer el \u00faltimo n\u00famero de la revista ASAJA, especial sobre la visi\u00f3n del sector en la UE - ASAJA Palencia","isPartOf":{"@id":"https:\/\/www.asajacyl.com\/palencia\/#website"},"primaryImageOfPage":{"@id":"https:\/\/www.asajacyl.com\/palencia\/asaja-palencia-informa\/aqui-puedes-leer-el-ultimo-numero-de-la-revista-asaja-especial-sobre-la-vision-del-sector-en-la-ue#primaryimage"},"image":{"@id":"https:\/\/www.asajacyl.com\/palencia\/asaja-palencia-informa\/aqui-puedes-leer-el-ultimo-numero-de-la-revista-asaja-especial-sobre-la-vision-del-sector-en-la-ue#primaryimage"},"thumbnailUrl":"https:\/\/www.asajacyl.com\/palencia\/wp-content\/uploads\/sites\/3\/2025\/03\/Portada-ASAJAfeb2025.jpg","datePublished":"2025-03-07T08:43:18+00:00","dateModified":"2025-03-07T08:44:39+00:00","author":{"@id":"https:\/\/www.asajacyl.com\/palencia\/#\/schema\/person\/3ab17aeb03527485c317557fae64aab1"},"description":"\ud83c\udf3e Especial sobre la nueva visi\u00f3n de la agricultura y la alimentaci\u00f3n en la UE. \u00bfSon suficientes los planes para el campo europeo? Las ambiciones y","breadcrumb":{"@id":"https:\/\/www.asajacyl.com\/palencia\/asaja-palencia-informa\/aqui-puedes-leer-el-ultimo-numero-de-la-revista-asaja-especial-sobre-la-vision-del-sector-en-la-ue#breadcrumb"},"inLanguage":"es","potentialAction":[{"@type":"ReadAction","target":["https:\/\/www.asajacyl.com\/palencia\/asaja-palencia-informa\/aqui-puedes-leer-el-ultimo-numero-de-la-revista-asaja-especial-sobre-la-vision-del-sector-en-la-ue"]}]},{"@type":"ImageObject","inLanguage":"es","@id":"https:\/\/www.asajacyl.com\/palencia\/asaja-palencia-informa\/aqui-puedes-leer-el-ultimo-numero-de-la-revista-asaja-especial-sobre-la-vision-del-sector-en-la-ue#primaryimage","url":"https:\/\/www.asajacyl.com\/palencia\/wp-content\/uploads\/sites\/3\/2025\/03\/Portada-ASAJAfeb2025.jpg","contentUrl":"https:\/\/www.asajacyl.com\/palencia\/wp-content\/uploads\/sites\/3\/2025\/03\/Portada-ASAJAfeb2025.jpg","width":1890,"height":1654},{"@type":"BreadcrumbList","@id":"https:\/\/www.asajacyl.com\/palencia\/asaja-palencia-informa\/aqui-puedes-leer-el-ultimo-numero-de-la-revista-asaja-especial-sobre-la-vision-del-sector-en-la-ue#breadcrumb","itemListElement":[{"@type":"ListItem","position":1,"name":"Portada","item":"https:\/\/www.asajacyl.com\/palencia\/"},{"@type":"ListItem","position":2,"name":"Aqu\u00ed puedes leer el \u00faltimo n\u00famero de la revista ASAJA, especial sobre la visi\u00f3n del sector en la UE"}]},{"@type":"WebSite","@id":"https:\/\/www.asajacyl.com\/palencia\/#website","url":"https:\/\/www.asajacyl.com\/palencia\/","name":"ASAJA Palencia","description":"Otro sitio m\u00e1s de Provincias ASAJA Castilla y Le\u00f3n","potentialAction":[{"@type":"SearchAction","target":{"@type":"EntryPoint","urlTemplate":"https:\/\/www.asajacyl.com\/palencia\/?s={search_term_string}"},"query-input":{"@type":"PropertyValueSpecification","valueRequired":true,"valueName":"search_term_string"}}],"inLanguage":"es"},{"@type":"Person","@id":"https:\/\/www.asajacyl.com\/palencia\/#\/schema\/person\/3ab17aeb03527485c317557fae64aab1","name":"Administrador","image":{"@type":"ImageObject","inLanguage":"es","@id":"https:\/\/www.asajacyl.com\/palencia\/#\/schema\/person\/image\/","url":"https:\/\/secure.gravatar.com\/avatar\/517384810d242ca9e38c180f3c9fb973?s=96&d=mm&r=g","contentUrl":"https:\/\/secure.gravatar.com\/avatar\/517384810d242ca9e38c180f3c9fb973?s=96&d=mm&r=g","caption":"Administrador"},"url":"https:\/\/www.asajacyl.com\/palencia\/author\/carlosrm"}]}},"_links":{"self":[{"href":"https:\/\/www.asajacyl.com\/palencia\/wp-json\/wp\/v2\/posts\/19118"}],"collection":[{"href":"https:\/\/www.asajacyl.com\/palencia\/wp-json\/wp\/v2\/posts"}],"about":[{"href":"https:\/\/www.asajacyl.com\/palencia\/wp-json\/wp\/v2\/types\/post"}],"author":[{"embeddable":true,"href":"https:\/\/www.asajacyl.com\/palencia\/wp-json\/wp\/v2\/users\/9"}],"replies":[{"embeddable":true,"href":"https:\/\/www.asajacyl.com\/palencia\/wp-json\/wp\/v2\/comments?post=19118"}],"version-history":[{"count":14,"href":"https:\/\/www.asajacyl.com\/palencia\/wp-json\/wp\/v2\/posts\/19118\/revisions"}],"predecessor-version":[{"id":19135,"href":"https:\/\/www.asajacyl.com\/palencia\/wp-json\/wp\/v2\/posts\/19118\/revisions\/19135"}],"wp:featuredmedia":[{"embeddable":true,"href":"https:\/\/www.asajacyl.com\/palencia\/wp-json\/wp\/v2\/media\/19134"}],"wp:attachment":[{"href":"https:\/\/www.asajacyl.com\/palencia\/wp-json\/wp\/v2\/media?parent=19118"}],"wp:term":[{"taxonomy":"category","embeddable":true,"href":"https:\/\/www.asajacyl.com\/palencia\/wp-json\/wp\/v2\/categories?post=19118"},{"taxonomy":"post_tag","embeddable":true,"href":"https:\/\/www.asajacyl.com\/palencia\/wp-json\/wp\/v2\/tags?post=19118"}],"curies":[{"name":"wp","href":"https:\/\/api.w.org\/{rel}","templated":true}]}}