{"id":19207,"date":"2025-03-11T09:40:37","date_gmt":"2025-03-11T08:40:37","guid":{"rendered":"https:\/\/www.asajacyl.com\/palencia\/?p=19207"},"modified":"2025-03-11T09:44:31","modified_gmt":"2025-03-11T08:44:31","slug":"la-cotizacion-del-bovino-de-carne-en-la-lonja-de-salamanca-da-sintomas-de-haber-tocado-techo","status":"publish","type":"post","link":"https:\/\/www.asajacyl.com\/palencia\/asaja-palencia-informa\/la-cotizacion-del-bovino-de-carne-en-la-lonja-de-salamanca-da-sintomas-de-haber-tocado-techo","title":{"rendered":"La cotizaci\u00f3n del bovino de carne en la Lonja de Salamanca da s\u00edntomas de haber tocado techo"},"content":{"rendered":"\n<h2 class=\"wp-block-heading\">La cotizaci\u00f3n del bovino de carne en la Lonja de Salamanca celebrada este lunes, 10 de marzo, ha dado unos primeros s\u00edntomas de haber tocado techo, o al menos de estar roz\u00e1ndolo, salvo un cambio significativo del mercado, sobre todo del exterior. Las terneras y los a\u00f1ojos repitieron precios despu\u00e9s de siete meses de continuas subidas. Los toros y las vacas siguieron escalando (cinco y tres c\u00e9ntimos m\u00e1s, respectivamente), por la escasez de oferta para cubrir la demanda existente de estas categor\u00edas, as\u00ed como por hallarnos en plazo de los tres recuentos de cabezas para percibir las ayudas de la PAC (1 de enero, 30 de abril y una fecha entre ambas), lo que retendr\u00e1 el env\u00edo de reses al matadero al menos hasta que acabe el pr\u00f3ximo mes.<\/h2>\n\n\n\n<p>La escalada del bovino para sacrificio arranc\u00f3 mediado agosto de 2024 y pr\u00e1cticamente se ha mantenido constante desde entonces, con un aceler\u00f3n a partir de noviembre, influido por el mayor consumo de la campa\u00f1a navide\u00f1a tanto en hogares como en hosteler\u00eda, pero tambi\u00e9n por la pujanza de la demanda exterior.<\/p>\n\n\n\n<p>Las terneras y los a\u00f1ojos de categor\u00eda especial y extra se est\u00e1n pagando, seg\u00fan las tablillas de la lonja salmantina, en los entornos de los siete euros por kilogramo, lo que representa una <strong>revalorizaci\u00f3n interanual del 25 %<\/strong>, que ha venido a salvar la rentabilidad de muchas explotaciones de nuestros ganaderos de bovino de carne.<\/p>\n\n\n\n<p>Cierto es que los 5,60 euros\/kilos que marcaba la ternera especial hace ahora un a\u00f1o ha sido el precio hasta bien entrado el pasado verano. Es decir, el alza se ha producido <strong>pr\u00e1cticamente en el \u00faltimo medio a\u00f1o<\/strong>.<\/p>\n\n\n\n<p><strong>BOVINO PARA CR\u00cdA. <\/strong>As\u00ed pues, la Lonja de Salamanca sigui\u00f3 este lunes, al menos en parte, la estabilidad que el pasado viernes ya se constat\u00f3 en la de Extremadura, donde repiti\u00f3 el bovino, tanto de sacrificio como para vida. <\/p>\n\n\n\n<p>En cambio, en la mesa salmantina de bovino para cr\u00eda los ganaderos lograron plasmar la sub\u00edda m\u00ednima que plantearon: pidieron entre seis y quince c\u00e9ntimos m\u00e1s, con el argumento de que en el mercado los compradores est\u00e1n pagando por los terneros hasta 6,50 euros por kilo (en torno a medio euro m\u00e1s que lo recogido en las tablillas). Los tratantes reclamaron dejar las cotizaciones estables y, al final, la presidencia de la mesa opt\u00f3 por esos <strong>seis c\u00e9ntimos m\u00e1s por kilo en todas las categor\u00edas<\/strong>.<\/p>\n\n\n\n<p>Por su parte, los lechazos repitieron en la<strong> mesa de ovino<\/strong> de este lunes en Salamanca, pero bajaron los corderos (m\u00e1s de quince kilos) entre diez y quince c\u00e9ntimos por kilogramo. Las cabezas m\u00e1s grandes, con destino mayoritario a la exportaci\u00f3n, acusan el reciente anuncio del rey de Marruecos, Mohamed VI, de liberar a su pa\u00eds este a\u00f1o de la tradicional fiesta del sacrificio, conocida como fiesta del cordero, prevista para mediados de junio, como <a href=\"https:\/\/www.asajacyl.com\/palencia\/asaja-palencia-informa\/la-cotizacion-de-los-lechazos-registra-una-ligera-bajada-en-la-mesa-de-castilla-y-leon\" target=\"_blank\" rel=\"noreferrer noopener\">inform\u00e1bamos aqu\u00ed hace una semana<\/a>. Debido a la fuerte sequ\u00eda, ha mermado de modo significativo su caba\u00f1a y se ha encarecido el precio del ovino, as\u00ed que el l\u00edder religioso marroqu\u00ed adopta la medida para no afectar a la poblaci\u00f3n con menores ingresos. <\/p>\n\n\n\n<p><strong>CEREALES, A LA BAJA. <\/strong>Cabe rese\u00f1ar, finalmente, a la espera de ver qu\u00e9 depara este mi\u00e9rcoles la Lonja de Le\u00f3n, que en la de Salamanca los cereales bajaron de manera preocupante, en medio de un ambiente de nerviosismo por las noticias internacionales y la sobreoferta de producto a menos de un cuatrimestre de una nueva cosecha que, de momento, no presenta mala perspectiva para el grano, aunque quedan los meses fundamentales de abril y mayo.<\/p>\n\n\n\n<p>La tonelada de trigo baj\u00f3 seis euros; la de cebada, cinco; y la de ma\u00edz, tres. Veremos c\u00f3mo se afrontan las pr\u00f3ximas semanas, con un d\u00f3lar a la baja que abarata las importaciones de grano, aut\u00e9ntico competidor de nuestro cereal nacional, que ya est\u00e1 en precios incompatibles con la rentabilidad a los costes actuales de producci\u00f3n. <\/p>\n\n\n\n<p>Estas se\u00f1ales de la lonja salmantina \u2014tras las bajadas en Le\u00f3n la pasada semana, m\u00e1s moderadas: tres euros el trigo y dos la cebada\u2014 no resultan nada tranquilizadoras para nuestra agricultura del cereal, columna vertebral del sector en Palencia, y por tanto, factor decisivo de manera directa e indirecta en la econom\u00eda y el empleo de la provincia.<strong>\/<\/strong><\/p>\n\n\n\n<figure class=\"wp-block-image size-large is-resized\"><img loading=\"lazy\" decoding=\"async\" width=\"1024\" height=\"768\" src=\"https:\/\/www.asajacyl.com\/palencia\/wp-content\/uploads\/sites\/3\/2025\/03\/Tabla-precios-ganaderia-10marzo2025-1024x768.png\" alt=\"\" class=\"wp-image-19208\" style=\"width:1067px;height:auto\" srcset=\"https:\/\/www.asajacyl.com\/palencia\/wp-content\/uploads\/sites\/3\/2025\/03\/Tabla-precios-ganaderia-10marzo2025-1024x768.png 1024w, https:\/\/www.asajacyl.com\/palencia\/wp-content\/uploads\/sites\/3\/2025\/03\/Tabla-precios-ganaderia-10marzo2025-300x225.png 300w, https:\/\/www.asajacyl.com\/palencia\/wp-content\/uploads\/sites\/3\/2025\/03\/Tabla-precios-ganaderia-10marzo2025-768x576.png 768w, https:\/\/www.asajacyl.com\/palencia\/wp-content\/uploads\/sites\/3\/2025\/03\/Tabla-precios-ganaderia-10marzo2025-1536x1152.png 1536w, https:\/\/www.asajacyl.com\/palencia\/wp-content\/uploads\/sites\/3\/2025\/03\/Tabla-precios-ganaderia-10marzo2025-2048x1536.png 2048w, https:\/\/www.asajacyl.com\/palencia\/wp-content\/uploads\/sites\/3\/2025\/03\/Tabla-precios-ganaderia-10marzo2025-560x420.png 560w, https:\/\/www.asajacyl.com\/palencia\/wp-content\/uploads\/sites\/3\/2025\/03\/Tabla-precios-ganaderia-10marzo2025-80x60.png 80w, https:\/\/www.asajacyl.com\/palencia\/wp-content\/uploads\/sites\/3\/2025\/03\/Tabla-precios-ganaderia-10marzo2025-696x522.png 696w, https:\/\/www.asajacyl.com\/palencia\/wp-content\/uploads\/sites\/3\/2025\/03\/Tabla-precios-ganaderia-10marzo2025-1068x801.png 1068w, https:\/\/www.asajacyl.com\/palencia\/wp-content\/uploads\/sites\/3\/2025\/03\/Tabla-precios-ganaderia-10marzo2025-1920x1440.png 1920w\" sizes=\"(max-width: 1024px) 100vw, 1024px\" \/><\/figure>\n","protected":false},"excerpt":{"rendered":"<p>La cotizaci\u00f3n del bovino de carne en la Lonja de Salamanca celebrada este lunes, 10 de marzo, ha dado unos primeros s\u00edntomas de haber tocado techo, o al menos de estar roz\u00e1ndolo, salvo un cambio significativo del mercado, sobre todo del exterior. Las terneras y los a\u00f1ojos repitieron precios despu\u00e9s de siete meses de continuas [&hellip;]<\/p>\n","protected":false},"author":9,"featured_media":19211,"comment_status":"open","ping_status":"open","sticky":false,"template":"","format":"standard","meta":{"footnotes":""},"categories":[9,29,36,28,13],"tags":[58,234,478,46,651,351,77,477,293,467,311,1324,294],"yoast_head":"<!-- This site is optimized with the Yoast SEO plugin v24.5 - https:\/\/yoast.com\/wordpress\/plugins\/seo\/ -->\n<title>La cotizaci\u00f3n del bovino de carne en la Lonja de Salamanca da s\u00edntomas de haber tocado techo - ASAJA Palencia<\/title>\n<meta name=\"description\" content=\"La cotizaci\u00f3n del bovino de carne en la Lonja de Salamanca celebrada este lunes, 10 de marzo, ha dado unos primeros s\u00edntomas de haber tocado techo, o al\" \/>\n<meta name=\"robots\" content=\"index, follow, max-snippet:-1, max-image-preview:large, max-video-preview:-1\" \/>\n<link rel=\"canonical\" href=\"https:\/\/www.asajacyl.com\/palencia\/asaja-palencia-informa\/la-cotizacion-del-bovino-de-carne-en-la-lonja-de-salamanca-da-sintomas-de-haber-tocado-techo\" \/>\n<meta property=\"og:locale\" content=\"es_ES\" \/>\n<meta property=\"og:type\" content=\"article\" \/>\n<meta property=\"og:title\" content=\"La cotizaci\u00f3n del bovino de carne en la Lonja de Salamanca da s\u00edntomas de haber tocado techo - ASAJA Palencia\" \/>\n<meta property=\"og:description\" content=\"La cotizaci\u00f3n del bovino de carne en la Lonja de Salamanca celebrada este lunes, 10 de marzo, ha dado unos primeros s\u00edntomas de haber tocado techo, o al\" \/>\n<meta property=\"og:url\" content=\"https:\/\/www.asajacyl.com\/palencia\/asaja-palencia-informa\/la-cotizacion-del-bovino-de-carne-en-la-lonja-de-salamanca-da-sintomas-de-haber-tocado-techo\" \/>\n<meta property=\"og:site_name\" content=\"ASAJA Palencia\" \/>\n<meta property=\"article:published_time\" content=\"2025-03-11T08:40:37+00:00\" \/>\n<meta property=\"article:modified_time\" content=\"2025-03-11T08:44:31+00:00\" \/>\n<meta property=\"og:image\" content=\"https:\/\/www.asajacyl.com\/palencia\/wp-content\/uploads\/sites\/3\/2025\/03\/Bovino-Calzada-de-los-Molinos-web.jpg\" \/>\n\t<meta property=\"og:image:width\" content=\"1890\" \/>\n\t<meta property=\"og:image:height\" content=\"1654\" \/>\n\t<meta property=\"og:image:type\" content=\"image\/jpeg\" \/>\n<meta name=\"author\" content=\"Administrador\" \/>\n<meta name=\"twitter:card\" content=\"summary_large_image\" \/>\n<meta name=\"twitter:label1\" content=\"Escrito por\" \/>\n\t<meta name=\"twitter:data1\" content=\"Administrador\" \/>\n\t<meta name=\"twitter:label2\" content=\"Tiempo de lectura\" \/>\n\t<meta name=\"twitter:data2\" content=\"4 minutos\" \/>\n<script type=\"application\/ld+json\" class=\"yoast-schema-graph\">{\"@context\":\"https:\/\/schema.org\",\"@graph\":[{\"@type\":\"WebPage\",\"@id\":\"https:\/\/www.asajacyl.com\/palencia\/asaja-palencia-informa\/la-cotizacion-del-bovino-de-carne-en-la-lonja-de-salamanca-da-sintomas-de-haber-tocado-techo\",\"url\":\"https:\/\/www.asajacyl.com\/palencia\/asaja-palencia-informa\/la-cotizacion-del-bovino-de-carne-en-la-lonja-de-salamanca-da-sintomas-de-haber-tocado-techo\",\"name\":\"La cotizaci\u00f3n del bovino de carne en la Lonja de Salamanca da s\u00edntomas de haber tocado techo - ASAJA Palencia\",\"isPartOf\":{\"@id\":\"https:\/\/www.asajacyl.com\/palencia\/#website\"},\"primaryImageOfPage\":{\"@id\":\"https:\/\/www.asajacyl.com\/palencia\/asaja-palencia-informa\/la-cotizacion-del-bovino-de-carne-en-la-lonja-de-salamanca-da-sintomas-de-haber-tocado-techo#primaryimage\"},\"image\":{\"@id\":\"https:\/\/www.asajacyl.com\/palencia\/asaja-palencia-informa\/la-cotizacion-del-bovino-de-carne-en-la-lonja-de-salamanca-da-sintomas-de-haber-tocado-techo#primaryimage\"},\"thumbnailUrl\":\"https:\/\/www.asajacyl.com\/palencia\/wp-content\/uploads\/sites\/3\/2025\/03\/Bovino-Calzada-de-los-Molinos-web.jpg\",\"datePublished\":\"2025-03-11T08:40:37+00:00\",\"dateModified\":\"2025-03-11T08:44:31+00:00\",\"author\":{\"@id\":\"https:\/\/www.asajacyl.com\/palencia\/#\/schema\/person\/3ab17aeb03527485c317557fae64aab1\"},\"description\":\"La cotizaci\u00f3n del bovino de carne en la Lonja de Salamanca celebrada este lunes, 10 de marzo, ha dado unos primeros s\u00edntomas de haber tocado techo, o al\",\"breadcrumb\":{\"@id\":\"https:\/\/www.asajacyl.com\/palencia\/asaja-palencia-informa\/la-cotizacion-del-bovino-de-carne-en-la-lonja-de-salamanca-da-sintomas-de-haber-tocado-techo#breadcrumb\"},\"inLanguage\":\"es\",\"potentialAction\":[{\"@type\":\"ReadAction\",\"target\":[\"https:\/\/www.asajacyl.com\/palencia\/asaja-palencia-informa\/la-cotizacion-del-bovino-de-carne-en-la-lonja-de-salamanca-da-sintomas-de-haber-tocado-techo\"]}]},{\"@type\":\"ImageObject\",\"inLanguage\":\"es\",\"@id\":\"https:\/\/www.asajacyl.com\/palencia\/asaja-palencia-informa\/la-cotizacion-del-bovino-de-carne-en-la-lonja-de-salamanca-da-sintomas-de-haber-tocado-techo#primaryimage\",\"url\":\"https:\/\/www.asajacyl.com\/palencia\/wp-content\/uploads\/sites\/3\/2025\/03\/Bovino-Calzada-de-los-Molinos-web.jpg\",\"contentUrl\":\"https:\/\/www.asajacyl.com\/palencia\/wp-content\/uploads\/sites\/3\/2025\/03\/Bovino-Calzada-de-los-Molinos-web.jpg\",\"width\":1890,\"height\":1654},{\"@type\":\"BreadcrumbList\",\"@id\":\"https:\/\/www.asajacyl.com\/palencia\/asaja-palencia-informa\/la-cotizacion-del-bovino-de-carne-en-la-lonja-de-salamanca-da-sintomas-de-haber-tocado-techo#breadcrumb\",\"itemListElement\":[{\"@type\":\"ListItem\",\"position\":1,\"name\":\"Portada\",\"item\":\"https:\/\/www.asajacyl.com\/palencia\/\"},{\"@type\":\"ListItem\",\"position\":2,\"name\":\"La cotizaci\u00f3n del bovino de carne en la Lonja de Salamanca da s\u00edntomas de haber tocado techo\"}]},{\"@type\":\"WebSite\",\"@id\":\"https:\/\/www.asajacyl.com\/palencia\/#website\",\"url\":\"https:\/\/www.asajacyl.com\/palencia\/\",\"name\":\"ASAJA Palencia\",\"description\":\"Otro sitio m\u00e1s de Provincias ASAJA Castilla y Le\u00f3n\",\"potentialAction\":[{\"@type\":\"SearchAction\",\"target\":{\"@type\":\"EntryPoint\",\"urlTemplate\":\"https:\/\/www.asajacyl.com\/palencia\/?s={search_term_string}\"},\"query-input\":{\"@type\":\"PropertyValueSpecification\",\"valueRequired\":true,\"valueName\":\"search_term_string\"}}],\"inLanguage\":\"es\"},{\"@type\":\"Person\",\"@id\":\"https:\/\/www.asajacyl.com\/palencia\/#\/schema\/person\/3ab17aeb03527485c317557fae64aab1\",\"name\":\"Administrador\",\"image\":{\"@type\":\"ImageObject\",\"inLanguage\":\"es\",\"@id\":\"https:\/\/www.asajacyl.com\/palencia\/#\/schema\/person\/image\/\",\"url\":\"https:\/\/secure.gravatar.com\/avatar\/517384810d242ca9e38c180f3c9fb973?s=96&d=mm&r=g\",\"contentUrl\":\"https:\/\/secure.gravatar.com\/avatar\/517384810d242ca9e38c180f3c9fb973?s=96&d=mm&r=g\",\"caption\":\"Administrador\"},\"url\":\"https:\/\/www.asajacyl.com\/palencia\/author\/carlosrm\"}]}<\/script>\n<!-- \/ Yoast SEO plugin. -->","yoast_head_json":{"title":"La cotizaci\u00f3n del bovino de carne en la Lonja de Salamanca da s\u00edntomas de haber tocado techo - ASAJA Palencia","description":"La cotizaci\u00f3n del bovino de carne en la Lonja de Salamanca celebrada este lunes, 10 de marzo, ha dado unos primeros s\u00edntomas de haber tocado techo, o al","robots":{"index":"index","follow":"follow","max-snippet":"max-snippet:-1","max-image-preview":"max-image-preview:large","max-video-preview":"max-video-preview:-1"},"canonical":"https:\/\/www.asajacyl.com\/palencia\/asaja-palencia-informa\/la-cotizacion-del-bovino-de-carne-en-la-lonja-de-salamanca-da-sintomas-de-haber-tocado-techo","og_locale":"es_ES","og_type":"article","og_title":"La cotizaci\u00f3n del bovino de carne en la Lonja de Salamanca da s\u00edntomas de haber tocado techo - ASAJA Palencia","og_description":"La cotizaci\u00f3n del bovino de carne en la Lonja de Salamanca celebrada este lunes, 10 de marzo, ha dado unos primeros s\u00edntomas de haber tocado techo, o al","og_url":"https:\/\/www.asajacyl.com\/palencia\/asaja-palencia-informa\/la-cotizacion-del-bovino-de-carne-en-la-lonja-de-salamanca-da-sintomas-de-haber-tocado-techo","og_site_name":"ASAJA Palencia","article_published_time":"2025-03-11T08:40:37+00:00","article_modified_time":"2025-03-11T08:44:31+00:00","og_image":[{"width":1890,"height":1654,"url":"https:\/\/www.asajacyl.com\/palencia\/wp-content\/uploads\/sites\/3\/2025\/03\/Bovino-Calzada-de-los-Molinos-web.jpg","type":"image\/jpeg"}],"author":"Administrador","twitter_card":"summary_large_image","twitter_misc":{"Escrito por":"Administrador","Tiempo de lectura":"4 minutos"},"schema":{"@context":"https:\/\/schema.org","@graph":[{"@type":"WebPage","@id":"https:\/\/www.asajacyl.com\/palencia\/asaja-palencia-informa\/la-cotizacion-del-bovino-de-carne-en-la-lonja-de-salamanca-da-sintomas-de-haber-tocado-techo","url":"https:\/\/www.asajacyl.com\/palencia\/asaja-palencia-informa\/la-cotizacion-del-bovino-de-carne-en-la-lonja-de-salamanca-da-sintomas-de-haber-tocado-techo","name":"La cotizaci\u00f3n del bovino de carne en la Lonja de Salamanca da s\u00edntomas de haber tocado techo - ASAJA Palencia","isPartOf":{"@id":"https:\/\/www.asajacyl.com\/palencia\/#website"},"primaryImageOfPage":{"@id":"https:\/\/www.asajacyl.com\/palencia\/asaja-palencia-informa\/la-cotizacion-del-bovino-de-carne-en-la-lonja-de-salamanca-da-sintomas-de-haber-tocado-techo#primaryimage"},"image":{"@id":"https:\/\/www.asajacyl.com\/palencia\/asaja-palencia-informa\/la-cotizacion-del-bovino-de-carne-en-la-lonja-de-salamanca-da-sintomas-de-haber-tocado-techo#primaryimage"},"thumbnailUrl":"https:\/\/www.asajacyl.com\/palencia\/wp-content\/uploads\/sites\/3\/2025\/03\/Bovino-Calzada-de-los-Molinos-web.jpg","datePublished":"2025-03-11T08:40:37+00:00","dateModified":"2025-03-11T08:44:31+00:00","author":{"@id":"https:\/\/www.asajacyl.com\/palencia\/#\/schema\/person\/3ab17aeb03527485c317557fae64aab1"},"description":"La cotizaci\u00f3n del bovino de carne en la Lonja de Salamanca celebrada este lunes, 10 de marzo, ha dado unos primeros s\u00edntomas de haber tocado techo, o al","breadcrumb":{"@id":"https:\/\/www.asajacyl.com\/palencia\/asaja-palencia-informa\/la-cotizacion-del-bovino-de-carne-en-la-lonja-de-salamanca-da-sintomas-de-haber-tocado-techo#breadcrumb"},"inLanguage":"es","potentialAction":[{"@type":"ReadAction","target":["https:\/\/www.asajacyl.com\/palencia\/asaja-palencia-informa\/la-cotizacion-del-bovino-de-carne-en-la-lonja-de-salamanca-da-sintomas-de-haber-tocado-techo"]}]},{"@type":"ImageObject","inLanguage":"es","@id":"https:\/\/www.asajacyl.com\/palencia\/asaja-palencia-informa\/la-cotizacion-del-bovino-de-carne-en-la-lonja-de-salamanca-da-sintomas-de-haber-tocado-techo#primaryimage","url":"https:\/\/www.asajacyl.com\/palencia\/wp-content\/uploads\/sites\/3\/2025\/03\/Bovino-Calzada-de-los-Molinos-web.jpg","contentUrl":"https:\/\/www.asajacyl.com\/palencia\/wp-content\/uploads\/sites\/3\/2025\/03\/Bovino-Calzada-de-los-Molinos-web.jpg","width":1890,"height":1654},{"@type":"BreadcrumbList","@id":"https:\/\/www.asajacyl.com\/palencia\/asaja-palencia-informa\/la-cotizacion-del-bovino-de-carne-en-la-lonja-de-salamanca-da-sintomas-de-haber-tocado-techo#breadcrumb","itemListElement":[{"@type":"ListItem","position":1,"name":"Portada","item":"https:\/\/www.asajacyl.com\/palencia\/"},{"@type":"ListItem","position":2,"name":"La cotizaci\u00f3n del bovino de carne en la Lonja de Salamanca da s\u00edntomas de haber tocado techo"}]},{"@type":"WebSite","@id":"https:\/\/www.asajacyl.com\/palencia\/#website","url":"https:\/\/www.asajacyl.com\/palencia\/","name":"ASAJA Palencia","description":"Otro sitio m\u00e1s de Provincias ASAJA Castilla y Le\u00f3n","potentialAction":[{"@type":"SearchAction","target":{"@type":"EntryPoint","urlTemplate":"https:\/\/www.asajacyl.com\/palencia\/?s={search_term_string}"},"query-input":{"@type":"PropertyValueSpecification","valueRequired":true,"valueName":"search_term_string"}}],"inLanguage":"es"},{"@type":"Person","@id":"https:\/\/www.asajacyl.com\/palencia\/#\/schema\/person\/3ab17aeb03527485c317557fae64aab1","name":"Administrador","image":{"@type":"ImageObject","inLanguage":"es","@id":"https:\/\/www.asajacyl.com\/palencia\/#\/schema\/person\/image\/","url":"https:\/\/secure.gravatar.com\/avatar\/517384810d242ca9e38c180f3c9fb973?s=96&d=mm&r=g","contentUrl":"https:\/\/secure.gravatar.com\/avatar\/517384810d242ca9e38c180f3c9fb973?s=96&d=mm&r=g","caption":"Administrador"},"url":"https:\/\/www.asajacyl.com\/palencia\/author\/carlosrm"}]}},"_links":{"self":[{"href":"https:\/\/www.asajacyl.com\/palencia\/wp-json\/wp\/v2\/posts\/19207"}],"collection":[{"href":"https:\/\/www.asajacyl.com\/palencia\/wp-json\/wp\/v2\/posts"}],"about":[{"href":"https:\/\/www.asajacyl.com\/palencia\/wp-json\/wp\/v2\/types\/post"}],"author":[{"embeddable":true,"href":"https:\/\/www.asajacyl.com\/palencia\/wp-json\/wp\/v2\/users\/9"}],"replies":[{"embeddable":true,"href":"https:\/\/www.asajacyl.com\/palencia\/wp-json\/wp\/v2\/comments?post=19207"}],"version-history":[{"count":2,"href":"https:\/\/www.asajacyl.com\/palencia\/wp-json\/wp\/v2\/posts\/19207\/revisions"}],"predecessor-version":[{"id":19213,"href":"https:\/\/www.asajacyl.com\/palencia\/wp-json\/wp\/v2\/posts\/19207\/revisions\/19213"}],"wp:featuredmedia":[{"embeddable":true,"href":"https:\/\/www.asajacyl.com\/palencia\/wp-json\/wp\/v2\/media\/19211"}],"wp:attachment":[{"href":"https:\/\/www.asajacyl.com\/palencia\/wp-json\/wp\/v2\/media?parent=19207"}],"wp:term":[{"taxonomy":"category","embeddable":true,"href":"https:\/\/www.asajacyl.com\/palencia\/wp-json\/wp\/v2\/categories?post=19207"},{"taxonomy":"post_tag","embeddable":true,"href":"https:\/\/www.asajacyl.com\/palencia\/wp-json\/wp\/v2\/tags?post=19207"}],"curies":[{"name":"wp","href":"https:\/\/api.w.org\/{rel}","templated":true}]}}