{"id":19221,"date":"2025-03-12T14:49:59","date_gmt":"2025-03-12T13:49:59","guid":{"rendered":"https:\/\/www.asajacyl.com\/palencia\/?p=19221"},"modified":"2025-03-12T14:50:01","modified_gmt":"2025-03-12T13:50:01","slug":"asaja-denuncia-el-insoportable-aumento-de-ataques-del-lobo-al-ganado-el-doble-que-hace-tres-anos","status":"publish","type":"post","link":"https:\/\/www.asajacyl.com\/palencia\/asaja-palencia-informa\/asaja-denuncia-el-insoportable-aumento-de-ataques-del-lobo-al-ganado-el-doble-que-hace-tres-anos","title":{"rendered":"ASAJA denuncia el insoportable aumento de ataques del lobo al ganado, el doble que hace tres a\u00f1os"},"content":{"rendered":"\n<h2 class=\"wp-block-heading\">ASAJA-Castilla y Le\u00f3n ha denunciado el insoportable incremento del n\u00famero de ataques del lobo al ganado, que se han incrementado un 47 % en los \u00faltimos tres a\u00f1os, desde que el Ministerio de Transici\u00f3n Ecol\u00f3gica y Reto Demogr\u00e1fico (MITECO) lo incluyera en el Listado de Especies Silvestres en R\u00e9gimen de Protecci\u00f3n Especial (Lespre), que impide la gesti\u00f3n por parte de las comunidades aut\u00f3nomas.<\/h2>\n\n\n<div class=\"wp-block-image\">\n<figure class=\"alignright size-large is-resized\"><img loading=\"lazy\" decoding=\"async\" width=\"1024\" height=\"529\" src=\"https:\/\/www.asajacyl.com\/palencia\/wp-content\/uploads\/sites\/3\/2025\/03\/ASAJA-lobo-reunion-marzo-2025-web-1024x529.jpg\" alt=\"\" class=\"wp-image-19223\" style=\"width:649px;height:auto\" srcset=\"https:\/\/www.asajacyl.com\/palencia\/wp-content\/uploads\/sites\/3\/2025\/03\/ASAJA-lobo-reunion-marzo-2025-web-1024x529.jpg 1024w, https:\/\/www.asajacyl.com\/palencia\/wp-content\/uploads\/sites\/3\/2025\/03\/ASAJA-lobo-reunion-marzo-2025-web-300x155.jpg 300w, https:\/\/www.asajacyl.com\/palencia\/wp-content\/uploads\/sites\/3\/2025\/03\/ASAJA-lobo-reunion-marzo-2025-web-768x396.jpg 768w, https:\/\/www.asajacyl.com\/palencia\/wp-content\/uploads\/sites\/3\/2025\/03\/ASAJA-lobo-reunion-marzo-2025-web-1536x793.jpg 1536w, https:\/\/www.asajacyl.com\/palencia\/wp-content\/uploads\/sites\/3\/2025\/03\/ASAJA-lobo-reunion-marzo-2025-web-814x420.jpg 814w, https:\/\/www.asajacyl.com\/palencia\/wp-content\/uploads\/sites\/3\/2025\/03\/ASAJA-lobo-reunion-marzo-2025-web-696x359.jpg 696w, https:\/\/www.asajacyl.com\/palencia\/wp-content\/uploads\/sites\/3\/2025\/03\/ASAJA-lobo-reunion-marzo-2025-web-1068x551.jpg 1068w, https:\/\/www.asajacyl.com\/palencia\/wp-content\/uploads\/sites\/3\/2025\/03\/ASAJA-lobo-reunion-marzo-2025-web.jpg 1600w\" sizes=\"(max-width: 1024px) 100vw, 1024px\" \/><figcaption class=\"wp-element-caption\">Donaciano Dujo (segundo por la derecha), presidente de ASAJA-Castilla y Le\u00f3n, junto al consejero de Medio Ambiente, Juan Carlos Su\u00e1rez-Qui\u00f1ones (centro), durante la presentaci\u00f3n de los datos de ataques del lobo en 2024, celebrado esta semana.<\/figcaption><\/figure><\/div>\n\n\n<p>Estos datos se presentaron este martes, 11 de marzo, por parte del consejero de Medio Ambiente, Juan Carlos Su\u00e1rez-Qui\u00f1ones, en una reuni\u00f3n con las organizaciones profesionales agrarias, donde ASAJA estuvo representada por el presidente regional, Donaciano Dujo, acompa\u00f1ado por los presidentes de ASAJA-\u00c1vila, Joaqu\u00edn Antonio Pino; y de ASAJA-Salamanca, Juan Luis Delgado.<\/p>\n\n\n\n<p>El pasado a\u00f1o 2024 se registraron 3973 ataques de lobos, un 47% m\u00e1s que antes de la inclusi\u00f3n de este c\u00e1nino en el Lespre, y nuestros ganaderos perdieron cerca de 6000 animales, un 39 % m\u00e1s que en 2021. Adem\u00e1s, hay que sumar otras 430 cabezas de ganado heridas en estos sucesos, n\u00famero tambi\u00e9n creciente. <\/p>\n\n\n\n<p>Cada d\u00eda se producen una media de once ataques y mueren diecis\u00e9is cabezas de ganado en Castilla y Le\u00f3n por ataques del lobo, un dato que da idea de la presi\u00f3n insoportable que est\u00e1n viviendo de forma permanente los ganaderos.<\/p>\n\n\n\n<p><strong>UN ATAQUE AL D\u00cdA EN PALENCIA. <\/strong>Por lo que respecta a la provincia de Palencia, en 2024 se registraron 357 ataques de lobo a la ganader\u00eda, que se tradujeron en 369 animales muertos. Es decir, hablamos pr\u00e1cticamente de un ataque y un animal muerto cada d\u00eda. La mayor\u00eda de las v\u00edctimas fueron reses vacunas (226), seguidas por \u00e9quidos (61), cabezas de caprino (42) y ovino (37), as\u00ed como tres perros. <\/p>\n\n\n\n<p>Otro dato destacable es que la extensi\u00f3n del c\u00e1nido por el territorio de Castilla y Le\u00f3n, sin medidas de gesti\u00f3n de la especie, lo que est\u00e1 repercutiendo en un aumento progresivo de las explotaciones ganaderas afectadas. As\u00ed, mientras que en 2020 fueron 775 los ganaderos que comunicaron ataques, en 2024 son ya 1230 las explotaciones atacadas, aun cuando el n\u00edmero de ganaderos va descendiendo. En un cuatrienio se ha incrementado casi el 60 % la cifra de explotaciones con ataques.<\/p>\n\n\n\n<p><strong>M\u00c1S AL NORTE DEL DUERO. <\/strong>Otra prueba de la repercusi\u00f3n directa de la decisi\u00f3n del Ministerio de incluir al lobo en el Lespre es que, al ampliar las medidas de sobreprotecci\u00f3n al norte del Duero, es justo en esta parte del territorio donde m\u00e1s se ha acentuado el avance del animal. <\/p>\n\n\n\n<p>As\u00ed, si en las provincias del norte del Duero \u2014Burgos, Le\u00f3n, <strong>Palencia <\/strong>y parte de Zamora, principalmente), en 2021 se registraron medio millar de ataques, que en 2024 se han triplicado (alrededor de mil quinientos). Por n\u00famero de animales, en 2021 se perdieron 1600 cabezas, pero en 2024 fueron ya 2.800. Lo mismo ocurre con las indemnizaciones, que han pasado del mill\u00f3n de euros a 4,8 millones en 2024.<\/p>\n\n\n\n<p><strong>INSOSTENIBLE. <\/strong>Para el presidente de ASAJA Castilla y Le\u00f3n, Donaciano Dujo, la situaci\u00f3n es insostenible, el lobo no s\u00f3lo acarrea p\u00e9rdidas, es que est\u00e1 haciendo insoportables el trabajo y la vida para cientos de familias ganaderas que cada ma\u00f1ana temen que haya destrozado sus animales. E<\/p>\n\n\n\n<p>Nuestro dirigente regional reconoce el cambio de postura de la Uni\u00f3n Europea a favor de permitir un control de la especie, pero no somos nada optimistas, porque todo queda en manos del Gobierno de Espa\u00f1a, y aqu\u00ed la ministra no ha movido un dedo.<\/p>\n\n\n\n<p>Respecto a las p\u00e9rdidas, ASAJA valora el compromiso de la Consejer\u00eda de Medio Ambiente de actualizar los baremos de indemnizaci\u00f3n para ajustarlo al valor real de los animales perdidos, pero a\u00fan as\u00ed lo que quieren los ganaderos es que no haya ataques, el dinero no compensa de ninguna forma el problema. El lobo tiene que ocupar su lugar, pero no el lugar del ganado, porque entonces se expulsa a la ganader\u00eda y a los ganaderos del territorio.\/<\/p>\n\n\n\n<p><a href=\"https:\/\/www.asajacyl.com\/wp-content\/uploads\/2025\/03\/reunion-lobo-7.jpg\"><\/a><\/p>\n","protected":false},"excerpt":{"rendered":"<p>ASAJA-Castilla y Le\u00f3n ha denunciado el insoportable incremento del n\u00famero de ataques del lobo al ganado, que se han incrementado un 47 % en los \u00faltimos tres a\u00f1os, desde que el Ministerio de Transici\u00f3n Ecol\u00f3gica y Reto Demogr\u00e1fico (MITECO) lo incluyera en el Listado de Especies Silvestres en R\u00e9gimen de Protecci\u00f3n Especial (Lespre), que impide [&hellip;]<\/p>\n","protected":false},"author":9,"featured_media":19224,"comment_status":"open","ping_status":"open","sticky":false,"template":"","format":"standard","meta":{"footnotes":""},"categories":[9,38,28],"tags":[183,142,173,261,77,66,102,104,110,237,339,143,144],"yoast_head":"<!-- This site is optimized with the Yoast SEO plugin v24.5 - https:\/\/yoast.com\/wordpress\/plugins\/seo\/ -->\n<title>ASAJA denuncia el insoportable aumento de ataques del lobo al ganado, el doble que hace tres a\u00f1os - ASAJA Palencia<\/title>\n<meta name=\"description\" content=\"ASAJA-Castilla y Le\u00f3n ha denunciado el insoportable incremento del n\u00famero de ataques del lobo al ganado, que se han incrementado un 47 % en los \u00faltimos\" \/>\n<meta name=\"robots\" content=\"index, follow, max-snippet:-1, max-image-preview:large, max-video-preview:-1\" \/>\n<link rel=\"canonical\" href=\"https:\/\/www.asajacyl.com\/palencia\/asaja-palencia-informa\/asaja-denuncia-el-insoportable-aumento-de-ataques-del-lobo-al-ganado-el-doble-que-hace-tres-anos\" \/>\n<meta property=\"og:locale\" content=\"es_ES\" \/>\n<meta property=\"og:type\" content=\"article\" \/>\n<meta property=\"og:title\" content=\"ASAJA denuncia el insoportable aumento de ataques del lobo al ganado, el doble que hace tres a\u00f1os - ASAJA Palencia\" \/>\n<meta property=\"og:description\" content=\"ASAJA-Castilla y Le\u00f3n ha denunciado el insoportable incremento del n\u00famero de ataques del lobo al ganado, que se han incrementado un 47 % en los \u00faltimos\" \/>\n<meta property=\"og:url\" content=\"https:\/\/www.asajacyl.com\/palencia\/asaja-palencia-informa\/asaja-denuncia-el-insoportable-aumento-de-ataques-del-lobo-al-ganado-el-doble-que-hace-tres-anos\" \/>\n<meta property=\"og:site_name\" content=\"ASAJA Palencia\" \/>\n<meta property=\"article:published_time\" content=\"2025-03-12T13:49:59+00:00\" \/>\n<meta property=\"article:modified_time\" content=\"2025-03-12T13:50:01+00:00\" \/>\n<meta property=\"og:image\" content=\"https:\/\/www.asajacyl.com\/palencia\/wp-content\/uploads\/sites\/3\/2025\/03\/Danos-lobo-datos-JCyL-marzo2025.jpeg\" \/>\n\t<meta property=\"og:image:width\" content=\"1890\" \/>\n\t<meta property=\"og:image:height\" content=\"1654\" \/>\n\t<meta property=\"og:image:type\" content=\"image\/jpeg\" \/>\n<meta name=\"author\" content=\"Administrador\" \/>\n<meta name=\"twitter:card\" content=\"summary_large_image\" \/>\n<meta name=\"twitter:label1\" content=\"Escrito por\" \/>\n\t<meta name=\"twitter:data1\" content=\"Administrador\" \/>\n\t<meta name=\"twitter:label2\" content=\"Tiempo de lectura\" \/>\n\t<meta name=\"twitter:data2\" content=\"4 minutos\" \/>\n<script type=\"application\/ld+json\" class=\"yoast-schema-graph\">{\"@context\":\"https:\/\/schema.org\",\"@graph\":[{\"@type\":\"WebPage\",\"@id\":\"https:\/\/www.asajacyl.com\/palencia\/asaja-palencia-informa\/asaja-denuncia-el-insoportable-aumento-de-ataques-del-lobo-al-ganado-el-doble-que-hace-tres-anos\",\"url\":\"https:\/\/www.asajacyl.com\/palencia\/asaja-palencia-informa\/asaja-denuncia-el-insoportable-aumento-de-ataques-del-lobo-al-ganado-el-doble-que-hace-tres-anos\",\"name\":\"ASAJA denuncia el insoportable aumento de ataques del lobo al ganado, el doble que hace tres a\u00f1os - ASAJA Palencia\",\"isPartOf\":{\"@id\":\"https:\/\/www.asajacyl.com\/palencia\/#website\"},\"primaryImageOfPage\":{\"@id\":\"https:\/\/www.asajacyl.com\/palencia\/asaja-palencia-informa\/asaja-denuncia-el-insoportable-aumento-de-ataques-del-lobo-al-ganado-el-doble-que-hace-tres-anos#primaryimage\"},\"image\":{\"@id\":\"https:\/\/www.asajacyl.com\/palencia\/asaja-palencia-informa\/asaja-denuncia-el-insoportable-aumento-de-ataques-del-lobo-al-ganado-el-doble-que-hace-tres-anos#primaryimage\"},\"thumbnailUrl\":\"https:\/\/www.asajacyl.com\/palencia\/wp-content\/uploads\/sites\/3\/2025\/03\/Danos-lobo-datos-JCyL-marzo2025.jpeg\",\"datePublished\":\"2025-03-12T13:49:59+00:00\",\"dateModified\":\"2025-03-12T13:50:01+00:00\",\"author\":{\"@id\":\"https:\/\/www.asajacyl.com\/palencia\/#\/schema\/person\/3ab17aeb03527485c317557fae64aab1\"},\"description\":\"ASAJA-Castilla y Le\u00f3n ha denunciado el insoportable incremento del n\u00famero de ataques del lobo al ganado, que se han incrementado un 47 % en los \u00faltimos\",\"breadcrumb\":{\"@id\":\"https:\/\/www.asajacyl.com\/palencia\/asaja-palencia-informa\/asaja-denuncia-el-insoportable-aumento-de-ataques-del-lobo-al-ganado-el-doble-que-hace-tres-anos#breadcrumb\"},\"inLanguage\":\"es\",\"potentialAction\":[{\"@type\":\"ReadAction\",\"target\":[\"https:\/\/www.asajacyl.com\/palencia\/asaja-palencia-informa\/asaja-denuncia-el-insoportable-aumento-de-ataques-del-lobo-al-ganado-el-doble-que-hace-tres-anos\"]}]},{\"@type\":\"ImageObject\",\"inLanguage\":\"es\",\"@id\":\"https:\/\/www.asajacyl.com\/palencia\/asaja-palencia-informa\/asaja-denuncia-el-insoportable-aumento-de-ataques-del-lobo-al-ganado-el-doble-que-hace-tres-anos#primaryimage\",\"url\":\"https:\/\/www.asajacyl.com\/palencia\/wp-content\/uploads\/sites\/3\/2025\/03\/Danos-lobo-datos-JCyL-marzo2025.jpeg\",\"contentUrl\":\"https:\/\/www.asajacyl.com\/palencia\/wp-content\/uploads\/sites\/3\/2025\/03\/Danos-lobo-datos-JCyL-marzo2025.jpeg\",\"width\":1890,\"height\":1654},{\"@type\":\"BreadcrumbList\",\"@id\":\"https:\/\/www.asajacyl.com\/palencia\/asaja-palencia-informa\/asaja-denuncia-el-insoportable-aumento-de-ataques-del-lobo-al-ganado-el-doble-que-hace-tres-anos#breadcrumb\",\"itemListElement\":[{\"@type\":\"ListItem\",\"position\":1,\"name\":\"Portada\",\"item\":\"https:\/\/www.asajacyl.com\/palencia\/\"},{\"@type\":\"ListItem\",\"position\":2,\"name\":\"ASAJA denuncia el insoportable aumento de ataques del lobo al ganado, el doble que hace tres a\u00f1os\"}]},{\"@type\":\"WebSite\",\"@id\":\"https:\/\/www.asajacyl.com\/palencia\/#website\",\"url\":\"https:\/\/www.asajacyl.com\/palencia\/\",\"name\":\"ASAJA Palencia\",\"description\":\"Otro sitio m\u00e1s de Provincias ASAJA Castilla y Le\u00f3n\",\"potentialAction\":[{\"@type\":\"SearchAction\",\"target\":{\"@type\":\"EntryPoint\",\"urlTemplate\":\"https:\/\/www.asajacyl.com\/palencia\/?s={search_term_string}\"},\"query-input\":{\"@type\":\"PropertyValueSpecification\",\"valueRequired\":true,\"valueName\":\"search_term_string\"}}],\"inLanguage\":\"es\"},{\"@type\":\"Person\",\"@id\":\"https:\/\/www.asajacyl.com\/palencia\/#\/schema\/person\/3ab17aeb03527485c317557fae64aab1\",\"name\":\"Administrador\",\"image\":{\"@type\":\"ImageObject\",\"inLanguage\":\"es\",\"@id\":\"https:\/\/www.asajacyl.com\/palencia\/#\/schema\/person\/image\/\",\"url\":\"https:\/\/secure.gravatar.com\/avatar\/517384810d242ca9e38c180f3c9fb973?s=96&d=mm&r=g\",\"contentUrl\":\"https:\/\/secure.gravatar.com\/avatar\/517384810d242ca9e38c180f3c9fb973?s=96&d=mm&r=g\",\"caption\":\"Administrador\"},\"url\":\"https:\/\/www.asajacyl.com\/palencia\/author\/carlosrm\"}]}<\/script>\n<!-- \/ Yoast SEO plugin. -->","yoast_head_json":{"title":"ASAJA denuncia el insoportable aumento de ataques del lobo al ganado, el doble que hace tres a\u00f1os - ASAJA Palencia","description":"ASAJA-Castilla y Le\u00f3n ha denunciado el insoportable incremento del n\u00famero de ataques del lobo al ganado, que se han incrementado un 47 % en los \u00faltimos","robots":{"index":"index","follow":"follow","max-snippet":"max-snippet:-1","max-image-preview":"max-image-preview:large","max-video-preview":"max-video-preview:-1"},"canonical":"https:\/\/www.asajacyl.com\/palencia\/asaja-palencia-informa\/asaja-denuncia-el-insoportable-aumento-de-ataques-del-lobo-al-ganado-el-doble-que-hace-tres-anos","og_locale":"es_ES","og_type":"article","og_title":"ASAJA denuncia el insoportable aumento de ataques del lobo al ganado, el doble que hace tres a\u00f1os - ASAJA Palencia","og_description":"ASAJA-Castilla y Le\u00f3n ha denunciado el insoportable incremento del n\u00famero de ataques del lobo al ganado, que se han incrementado un 47 % en los \u00faltimos","og_url":"https:\/\/www.asajacyl.com\/palencia\/asaja-palencia-informa\/asaja-denuncia-el-insoportable-aumento-de-ataques-del-lobo-al-ganado-el-doble-que-hace-tres-anos","og_site_name":"ASAJA Palencia","article_published_time":"2025-03-12T13:49:59+00:00","article_modified_time":"2025-03-12T13:50:01+00:00","og_image":[{"width":1890,"height":1654,"url":"https:\/\/www.asajacyl.com\/palencia\/wp-content\/uploads\/sites\/3\/2025\/03\/Danos-lobo-datos-JCyL-marzo2025.jpeg","type":"image\/jpeg"}],"author":"Administrador","twitter_card":"summary_large_image","twitter_misc":{"Escrito por":"Administrador","Tiempo de lectura":"4 minutos"},"schema":{"@context":"https:\/\/schema.org","@graph":[{"@type":"WebPage","@id":"https:\/\/www.asajacyl.com\/palencia\/asaja-palencia-informa\/asaja-denuncia-el-insoportable-aumento-de-ataques-del-lobo-al-ganado-el-doble-que-hace-tres-anos","url":"https:\/\/www.asajacyl.com\/palencia\/asaja-palencia-informa\/asaja-denuncia-el-insoportable-aumento-de-ataques-del-lobo-al-ganado-el-doble-que-hace-tres-anos","name":"ASAJA denuncia el insoportable aumento de ataques del lobo al ganado, el doble que hace tres a\u00f1os - ASAJA Palencia","isPartOf":{"@id":"https:\/\/www.asajacyl.com\/palencia\/#website"},"primaryImageOfPage":{"@id":"https:\/\/www.asajacyl.com\/palencia\/asaja-palencia-informa\/asaja-denuncia-el-insoportable-aumento-de-ataques-del-lobo-al-ganado-el-doble-que-hace-tres-anos#primaryimage"},"image":{"@id":"https:\/\/www.asajacyl.com\/palencia\/asaja-palencia-informa\/asaja-denuncia-el-insoportable-aumento-de-ataques-del-lobo-al-ganado-el-doble-que-hace-tres-anos#primaryimage"},"thumbnailUrl":"https:\/\/www.asajacyl.com\/palencia\/wp-content\/uploads\/sites\/3\/2025\/03\/Danos-lobo-datos-JCyL-marzo2025.jpeg","datePublished":"2025-03-12T13:49:59+00:00","dateModified":"2025-03-12T13:50:01+00:00","author":{"@id":"https:\/\/www.asajacyl.com\/palencia\/#\/schema\/person\/3ab17aeb03527485c317557fae64aab1"},"description":"ASAJA-Castilla y Le\u00f3n ha denunciado el insoportable incremento del n\u00famero de ataques del lobo al ganado, que se han incrementado un 47 % en los \u00faltimos","breadcrumb":{"@id":"https:\/\/www.asajacyl.com\/palencia\/asaja-palencia-informa\/asaja-denuncia-el-insoportable-aumento-de-ataques-del-lobo-al-ganado-el-doble-que-hace-tres-anos#breadcrumb"},"inLanguage":"es","potentialAction":[{"@type":"ReadAction","target":["https:\/\/www.asajacyl.com\/palencia\/asaja-palencia-informa\/asaja-denuncia-el-insoportable-aumento-de-ataques-del-lobo-al-ganado-el-doble-que-hace-tres-anos"]}]},{"@type":"ImageObject","inLanguage":"es","@id":"https:\/\/www.asajacyl.com\/palencia\/asaja-palencia-informa\/asaja-denuncia-el-insoportable-aumento-de-ataques-del-lobo-al-ganado-el-doble-que-hace-tres-anos#primaryimage","url":"https:\/\/www.asajacyl.com\/palencia\/wp-content\/uploads\/sites\/3\/2025\/03\/Danos-lobo-datos-JCyL-marzo2025.jpeg","contentUrl":"https:\/\/www.asajacyl.com\/palencia\/wp-content\/uploads\/sites\/3\/2025\/03\/Danos-lobo-datos-JCyL-marzo2025.jpeg","width":1890,"height":1654},{"@type":"BreadcrumbList","@id":"https:\/\/www.asajacyl.com\/palencia\/asaja-palencia-informa\/asaja-denuncia-el-insoportable-aumento-de-ataques-del-lobo-al-ganado-el-doble-que-hace-tres-anos#breadcrumb","itemListElement":[{"@type":"ListItem","position":1,"name":"Portada","item":"https:\/\/www.asajacyl.com\/palencia\/"},{"@type":"ListItem","position":2,"name":"ASAJA denuncia el insoportable aumento de ataques del lobo al ganado, el doble que hace tres a\u00f1os"}]},{"@type":"WebSite","@id":"https:\/\/www.asajacyl.com\/palencia\/#website","url":"https:\/\/www.asajacyl.com\/palencia\/","name":"ASAJA Palencia","description":"Otro sitio m\u00e1s de Provincias ASAJA Castilla y Le\u00f3n","potentialAction":[{"@type":"SearchAction","target":{"@type":"EntryPoint","urlTemplate":"https:\/\/www.asajacyl.com\/palencia\/?s={search_term_string}"},"query-input":{"@type":"PropertyValueSpecification","valueRequired":true,"valueName":"search_term_string"}}],"inLanguage":"es"},{"@type":"Person","@id":"https:\/\/www.asajacyl.com\/palencia\/#\/schema\/person\/3ab17aeb03527485c317557fae64aab1","name":"Administrador","image":{"@type":"ImageObject","inLanguage":"es","@id":"https:\/\/www.asajacyl.com\/palencia\/#\/schema\/person\/image\/","url":"https:\/\/secure.gravatar.com\/avatar\/517384810d242ca9e38c180f3c9fb973?s=96&d=mm&r=g","contentUrl":"https:\/\/secure.gravatar.com\/avatar\/517384810d242ca9e38c180f3c9fb973?s=96&d=mm&r=g","caption":"Administrador"},"url":"https:\/\/www.asajacyl.com\/palencia\/author\/carlosrm"}]}},"_links":{"self":[{"href":"https:\/\/www.asajacyl.com\/palencia\/wp-json\/wp\/v2\/posts\/19221"}],"collection":[{"href":"https:\/\/www.asajacyl.com\/palencia\/wp-json\/wp\/v2\/posts"}],"about":[{"href":"https:\/\/www.asajacyl.com\/palencia\/wp-json\/wp\/v2\/types\/post"}],"author":[{"embeddable":true,"href":"https:\/\/www.asajacyl.com\/palencia\/wp-json\/wp\/v2\/users\/9"}],"replies":[{"embeddable":true,"href":"https:\/\/www.asajacyl.com\/palencia\/wp-json\/wp\/v2\/comments?post=19221"}],"version-history":[{"count":2,"href":"https:\/\/www.asajacyl.com\/palencia\/wp-json\/wp\/v2\/posts\/19221\/revisions"}],"predecessor-version":[{"id":19225,"href":"https:\/\/www.asajacyl.com\/palencia\/wp-json\/wp\/v2\/posts\/19221\/revisions\/19225"}],"wp:featuredmedia":[{"embeddable":true,"href":"https:\/\/www.asajacyl.com\/palencia\/wp-json\/wp\/v2\/media\/19224"}],"wp:attachment":[{"href":"https:\/\/www.asajacyl.com\/palencia\/wp-json\/wp\/v2\/media?parent=19221"}],"wp:term":[{"taxonomy":"category","embeddable":true,"href":"https:\/\/www.asajacyl.com\/palencia\/wp-json\/wp\/v2\/categories?post=19221"},{"taxonomy":"post_tag","embeddable":true,"href":"https:\/\/www.asajacyl.com\/palencia\/wp-json\/wp\/v2\/tags?post=19221"}],"curies":[{"name":"wp","href":"https:\/\/api.w.org\/{rel}","templated":true}]}}