{"id":19249,"date":"2025-03-15T10:00:00","date_gmt":"2025-03-15T09:00:00","guid":{"rendered":"https:\/\/www.asajacyl.com\/palencia\/?p=19249"},"modified":"2025-03-17T08:34:32","modified_gmt":"2025-03-17T07:34:32","slug":"asaja-solicita-a-los-estados-de-la-ue-avances-en-un-momento-crucial-de-las-nuevas-tecnicas-genomicas","status":"publish","type":"post","link":"https:\/\/www.asajacyl.com\/palencia\/asaja-palencia-informa\/asaja-solicita-a-los-estados-de-la-ue-avances-en-un-momento-crucial-de-las-nuevas-tecnicas-genomicas","title":{"rendered":"ASAJA solicita a los estados de la UE avances en un momento crucial de las nuevas t\u00e9cnicas gen\u00f3micas"},"content":{"rendered":"\n<h2 class=\"wp-block-heading\">Las Nuevas T\u00e9cnicas Gen\u00f3micas (NTGs) representan una oportunidad sin precedentes para la agricultura europea. En un contexto de cambio clim\u00e1tico, creciente presi\u00f3n sobre la seguridad alimentaria y necesidad de producir de manera m\u00e1s sostenible, es imprescindible que los estados miembro de la Uni\u00f3n Europea act\u00faen con determinaci\u00f3n y apoyen la propuesta legislativa en torno a estas innovaciones.<\/h2>\n\n\n\n<p>ASAJA celebra los avances logrados en el marco del COREPER (Comit\u00e9 de Representantes Permanentes de los Gobiernos de los Estados miembros de la Uni\u00f3n Europea) y el compromiso de la Presidencia polaca para impulsar el expediente legislativo de las NTGs. <\/p>\n\n\n\n<p>La\u00a0<strong>regulaci\u00f3n de estas t\u00e9cnicas es esencial para garantizar la inversi\u00f3n en la mejora gen\u00e9tica de cultivos\u00a0<\/strong>en Europa, permitiendo a nuestros agricultores acceder a variedades m\u00e1s resistentes a sequ\u00edas, plagas y enfermedades, y con mayores rendimientos.\u00a0<\/p>\n\n\n\n<p>Sin un<strong> marco legal claro, <\/strong>el sector agr\u00edcola europeo corre el riesgo de <strong>perder competitividad frente a otras regiones del mundo <\/strong>que ya est\u00e1n aprovechando estos avances cient\u00edficos<strong>.<\/strong><\/p>\n\n\n\n<p>Desde ASAJA respaldamos la posici\u00f3n del Consejo que establece la\u00a0<strong>exenci\u00f3n de los cultivos de Categor\u00eda 1 obtenidos mediante NTGs de la legislaci\u00f3n sobre organismo modificados gen\u00e9ticamente<\/strong>.\u00a0<\/p>\n\n\n\n<p>Esta medida,\u00a0<strong>basada en la evidencia cient\u00edfica<\/strong>, reconoce que estas variedades son tan seguras como las obtenidas mediante m\u00e9todos convencionales y facilita su adopci\u00f3n sin cargas regulatorias innecesarias. <\/p>\n\n\n\n<p>Al mismo tiempo, insistimos en la\u00a0<strong>importancia de evitar cl\u00e1usulas de exclusi\u00f3n que fragmentar\u00edan el mercado \u00fanico y crear\u00edan distorsiones competitivas entre Estados Miembro.\u00a0<\/strong><\/p>\n\n\n\n<p>Asimismo, la\u00a0<strong>transparencia ya est\u00e1 garantizada\u00a0<\/strong>mediante los registros de semillas y listas nacionales de variedades, por lo que a\u00f1adir requisitos adicionales de trazabilidad y etiquetado supondr\u00eda una barrera innecesaria.<\/p>\n\n\n\n<p>Es fundamental que la evaluaci\u00f3n de sostenibilidad se mantenga en el marco del Reglamento sobre Material Reproductivo Vegetal, <strong>permitiendo que las nuevas variedades aporten beneficios tangibles a los agricultores y consumidores.\u00a0<\/strong><\/p>\n\n\n\n<p>Concluir la primera lectura antes del final de la Presidencia polaca facilitar\u00e1 la tramitaci\u00f3n paralela de ambos expedientes legislativos, los cuales est\u00e1n interconectados y deben avanzar conjuntamente.<\/p>\n\n\n\n<p><strong>RECONOCIMIENTO AL APOYO DEL GOBIERNO. <\/strong>Desde ASAJA siempre hemos defendido el <strong>potencial de las NTGs y su importancia para el futuro de la agricultura espa\u00f1ola y europea.<\/strong>\u00a0Queremos expresar nuestro\u00a0<strong>agradecimiento al Gobierno de Espa\u00f1a por su firme apoyo<\/strong>\u00a0a estas tecnolog\u00edas a lo largo de los a\u00f1os. <\/p>\n\n\n\n<p>Su defensa de\u00a0<strong>una regulaci\u00f3n basada en la ciencia y su compromiso con la innovaci\u00f3n agr\u00edcola<\/strong>\u00a0han sido claves para avanzar en este expediente. <\/p>\n\n\n\n<p>Es\u00a0<strong>crucial que Espa\u00f1a contin\u00fae liderando<\/strong>\u00a0este esfuerzo dentro del Consejo de la UE\u00a0<strong>y sirva de referencia para otros Estados Miembro que a\u00fan muestran reticencias.<\/strong><\/p>\n\n\n\n<p>Por ello, hacemos<strong>\u00a0<\/strong>un <strong>llamamiento a todos los gobiernos europeos\u00a0<\/strong>para que act\u00faen con responsabilidad y apoyen un marco norm<strong>ativo\u00a0que permita a la agricultura comunitaria avanzar hacia un modelo m\u00e1s competitivo, sostenible y resiliente.<\/strong>\u00a0<\/p>\n\n\n\n<p>La decisi\u00f3n que se tome en los pr\u00f3ximos d\u00edas marcar\u00e1 el futuro de la producci\u00f3n agroalimentaria en la UE y definir\u00e1 nuestra capacidad para responder a los desaf\u00edos del siglo XXI. No podemos permitirnos m\u00e1s retrasos ni perder esta oportunidad de situar a Europa a la vanguardia de la innovaci\u00f3n agr\u00edcola.<strong>\/<\/strong><\/p>\n","protected":false},"excerpt":{"rendered":"<p>Las Nuevas T\u00e9cnicas Gen\u00f3micas (NTGs) representan una oportunidad sin precedentes para la agricultura europea. En un contexto de cambio clim\u00e1tico, creciente presi\u00f3n sobre la seguridad alimentaria y necesidad de producir de manera m\u00e1s sostenible, es imprescindible que los estados miembro de la Uni\u00f3n Europea act\u00faen con determinaci\u00f3n y apoyen la propuesta legislativa en torno a [&hellip;]<\/p>\n","protected":false},"author":9,"featured_media":13612,"comment_status":"open","ping_status":"open","sticky":false,"template":"","format":"standard","meta":{"footnotes":""},"categories":[9,38,29,28,13],"tags":[58,1328,351,1142,1332,338],"yoast_head":"<!-- This site is optimized with the Yoast SEO plugin v24.5 - https:\/\/yoast.com\/wordpress\/plugins\/seo\/ -->\n<title>ASAJA solicita a los estados de la UE avances en un momento crucial de las nuevas t\u00e9cnicas gen\u00f3micas - ASAJA Palencia<\/title>\n<meta name=\"description\" content=\"Las Nuevas T\u00e9cnicas Gen\u00f3micas (NTGs) representan una oportunidad sin precedentes para la agricultura europea. En un contexto de cambio clim\u00e1tico,\" \/>\n<meta name=\"robots\" content=\"index, follow, max-snippet:-1, max-image-preview:large, max-video-preview:-1\" \/>\n<link rel=\"canonical\" href=\"https:\/\/www.asajacyl.com\/palencia\/asaja-palencia-informa\/asaja-solicita-a-los-estados-de-la-ue-avances-en-un-momento-crucial-de-las-nuevas-tecnicas-genomicas\" \/>\n<meta property=\"og:locale\" content=\"es_ES\" \/>\n<meta property=\"og:type\" content=\"article\" \/>\n<meta property=\"og:title\" content=\"ASAJA solicita a los estados de la UE avances en un momento crucial de las nuevas t\u00e9cnicas gen\u00f3micas - ASAJA Palencia\" \/>\n<meta property=\"og:description\" content=\"Las Nuevas T\u00e9cnicas Gen\u00f3micas (NTGs) representan una oportunidad sin precedentes para la agricultura europea. En un contexto de cambio clim\u00e1tico,\" \/>\n<meta property=\"og:url\" content=\"https:\/\/www.asajacyl.com\/palencia\/asaja-palencia-informa\/asaja-solicita-a-los-estados-de-la-ue-avances-en-un-momento-crucial-de-las-nuevas-tecnicas-genomicas\" \/>\n<meta property=\"og:site_name\" content=\"ASAJA Palencia\" \/>\n<meta property=\"article:published_time\" content=\"2025-03-15T09:00:00+00:00\" \/>\n<meta property=\"article:modified_time\" content=\"2025-03-17T07:34:32+00:00\" \/>\n<meta property=\"og:image\" content=\"https:\/\/www.asajacyl.com\/palencia\/wp-content\/uploads\/sites\/3\/2023\/06\/Parlamento-Europeo.jpg\" \/>\n\t<meta property=\"og:image:width\" content=\"1890\" \/>\n\t<meta property=\"og:image:height\" content=\"1654\" \/>\n\t<meta property=\"og:image:type\" content=\"image\/jpeg\" \/>\n<meta name=\"author\" content=\"Administrador\" \/>\n<meta name=\"twitter:card\" content=\"summary_large_image\" \/>\n<meta name=\"twitter:label1\" content=\"Escrito por\" \/>\n\t<meta name=\"twitter:data1\" content=\"Administrador\" \/>\n\t<meta name=\"twitter:label2\" content=\"Tiempo de lectura\" \/>\n\t<meta name=\"twitter:data2\" content=\"3 minutos\" \/>\n<script type=\"application\/ld+json\" class=\"yoast-schema-graph\">{\"@context\":\"https:\/\/schema.org\",\"@graph\":[{\"@type\":\"WebPage\",\"@id\":\"https:\/\/www.asajacyl.com\/palencia\/asaja-palencia-informa\/asaja-solicita-a-los-estados-de-la-ue-avances-en-un-momento-crucial-de-las-nuevas-tecnicas-genomicas\",\"url\":\"https:\/\/www.asajacyl.com\/palencia\/asaja-palencia-informa\/asaja-solicita-a-los-estados-de-la-ue-avances-en-un-momento-crucial-de-las-nuevas-tecnicas-genomicas\",\"name\":\"ASAJA solicita a los estados de la UE avances en un momento crucial de las nuevas t\u00e9cnicas gen\u00f3micas - ASAJA Palencia\",\"isPartOf\":{\"@id\":\"https:\/\/www.asajacyl.com\/palencia\/#website\"},\"primaryImageOfPage\":{\"@id\":\"https:\/\/www.asajacyl.com\/palencia\/asaja-palencia-informa\/asaja-solicita-a-los-estados-de-la-ue-avances-en-un-momento-crucial-de-las-nuevas-tecnicas-genomicas#primaryimage\"},\"image\":{\"@id\":\"https:\/\/www.asajacyl.com\/palencia\/asaja-palencia-informa\/asaja-solicita-a-los-estados-de-la-ue-avances-en-un-momento-crucial-de-las-nuevas-tecnicas-genomicas#primaryimage\"},\"thumbnailUrl\":\"https:\/\/www.asajacyl.com\/palencia\/wp-content\/uploads\/sites\/3\/2023\/06\/Parlamento-Europeo.jpg\",\"datePublished\":\"2025-03-15T09:00:00+00:00\",\"dateModified\":\"2025-03-17T07:34:32+00:00\",\"author\":{\"@id\":\"https:\/\/www.asajacyl.com\/palencia\/#\/schema\/person\/3ab17aeb03527485c317557fae64aab1\"},\"description\":\"Las Nuevas T\u00e9cnicas Gen\u00f3micas (NTGs) representan una oportunidad sin precedentes para la agricultura europea. En un contexto de cambio clim\u00e1tico,\",\"breadcrumb\":{\"@id\":\"https:\/\/www.asajacyl.com\/palencia\/asaja-palencia-informa\/asaja-solicita-a-los-estados-de-la-ue-avances-en-un-momento-crucial-de-las-nuevas-tecnicas-genomicas#breadcrumb\"},\"inLanguage\":\"es\",\"potentialAction\":[{\"@type\":\"ReadAction\",\"target\":[\"https:\/\/www.asajacyl.com\/palencia\/asaja-palencia-informa\/asaja-solicita-a-los-estados-de-la-ue-avances-en-un-momento-crucial-de-las-nuevas-tecnicas-genomicas\"]}]},{\"@type\":\"ImageObject\",\"inLanguage\":\"es\",\"@id\":\"https:\/\/www.asajacyl.com\/palencia\/asaja-palencia-informa\/asaja-solicita-a-los-estados-de-la-ue-avances-en-un-momento-crucial-de-las-nuevas-tecnicas-genomicas#primaryimage\",\"url\":\"https:\/\/www.asajacyl.com\/palencia\/wp-content\/uploads\/sites\/3\/2023\/06\/Parlamento-Europeo.jpg\",\"contentUrl\":\"https:\/\/www.asajacyl.com\/palencia\/wp-content\/uploads\/sites\/3\/2023\/06\/Parlamento-Europeo.jpg\",\"width\":1890,\"height\":1654},{\"@type\":\"BreadcrumbList\",\"@id\":\"https:\/\/www.asajacyl.com\/palencia\/asaja-palencia-informa\/asaja-solicita-a-los-estados-de-la-ue-avances-en-un-momento-crucial-de-las-nuevas-tecnicas-genomicas#breadcrumb\",\"itemListElement\":[{\"@type\":\"ListItem\",\"position\":1,\"name\":\"Portada\",\"item\":\"https:\/\/www.asajacyl.com\/palencia\/\"},{\"@type\":\"ListItem\",\"position\":2,\"name\":\"ASAJA solicita a los estados de la UE avances en un momento crucial de las nuevas t\u00e9cnicas gen\u00f3micas\"}]},{\"@type\":\"WebSite\",\"@id\":\"https:\/\/www.asajacyl.com\/palencia\/#website\",\"url\":\"https:\/\/www.asajacyl.com\/palencia\/\",\"name\":\"ASAJA Palencia\",\"description\":\"Otro sitio m\u00e1s de Provincias ASAJA Castilla y Le\u00f3n\",\"potentialAction\":[{\"@type\":\"SearchAction\",\"target\":{\"@type\":\"EntryPoint\",\"urlTemplate\":\"https:\/\/www.asajacyl.com\/palencia\/?s={search_term_string}\"},\"query-input\":{\"@type\":\"PropertyValueSpecification\",\"valueRequired\":true,\"valueName\":\"search_term_string\"}}],\"inLanguage\":\"es\"},{\"@type\":\"Person\",\"@id\":\"https:\/\/www.asajacyl.com\/palencia\/#\/schema\/person\/3ab17aeb03527485c317557fae64aab1\",\"name\":\"Administrador\",\"image\":{\"@type\":\"ImageObject\",\"inLanguage\":\"es\",\"@id\":\"https:\/\/www.asajacyl.com\/palencia\/#\/schema\/person\/image\/\",\"url\":\"https:\/\/secure.gravatar.com\/avatar\/517384810d242ca9e38c180f3c9fb973?s=96&d=mm&r=g\",\"contentUrl\":\"https:\/\/secure.gravatar.com\/avatar\/517384810d242ca9e38c180f3c9fb973?s=96&d=mm&r=g\",\"caption\":\"Administrador\"},\"url\":\"https:\/\/www.asajacyl.com\/palencia\/author\/carlosrm\"}]}<\/script>\n<!-- \/ Yoast SEO plugin. -->","yoast_head_json":{"title":"ASAJA solicita a los estados de la UE avances en un momento crucial de las nuevas t\u00e9cnicas gen\u00f3micas - ASAJA Palencia","description":"Las Nuevas T\u00e9cnicas Gen\u00f3micas (NTGs) representan una oportunidad sin precedentes para la agricultura europea. En un contexto de cambio clim\u00e1tico,","robots":{"index":"index","follow":"follow","max-snippet":"max-snippet:-1","max-image-preview":"max-image-preview:large","max-video-preview":"max-video-preview:-1"},"canonical":"https:\/\/www.asajacyl.com\/palencia\/asaja-palencia-informa\/asaja-solicita-a-los-estados-de-la-ue-avances-en-un-momento-crucial-de-las-nuevas-tecnicas-genomicas","og_locale":"es_ES","og_type":"article","og_title":"ASAJA solicita a los estados de la UE avances en un momento crucial de las nuevas t\u00e9cnicas gen\u00f3micas - ASAJA Palencia","og_description":"Las Nuevas T\u00e9cnicas Gen\u00f3micas (NTGs) representan una oportunidad sin precedentes para la agricultura europea. En un contexto de cambio clim\u00e1tico,","og_url":"https:\/\/www.asajacyl.com\/palencia\/asaja-palencia-informa\/asaja-solicita-a-los-estados-de-la-ue-avances-en-un-momento-crucial-de-las-nuevas-tecnicas-genomicas","og_site_name":"ASAJA Palencia","article_published_time":"2025-03-15T09:00:00+00:00","article_modified_time":"2025-03-17T07:34:32+00:00","og_image":[{"width":1890,"height":1654,"url":"https:\/\/www.asajacyl.com\/palencia\/wp-content\/uploads\/sites\/3\/2023\/06\/Parlamento-Europeo.jpg","type":"image\/jpeg"}],"author":"Administrador","twitter_card":"summary_large_image","twitter_misc":{"Escrito por":"Administrador","Tiempo de lectura":"3 minutos"},"schema":{"@context":"https:\/\/schema.org","@graph":[{"@type":"WebPage","@id":"https:\/\/www.asajacyl.com\/palencia\/asaja-palencia-informa\/asaja-solicita-a-los-estados-de-la-ue-avances-en-un-momento-crucial-de-las-nuevas-tecnicas-genomicas","url":"https:\/\/www.asajacyl.com\/palencia\/asaja-palencia-informa\/asaja-solicita-a-los-estados-de-la-ue-avances-en-un-momento-crucial-de-las-nuevas-tecnicas-genomicas","name":"ASAJA solicita a los estados de la UE avances en un momento crucial de las nuevas t\u00e9cnicas gen\u00f3micas - ASAJA Palencia","isPartOf":{"@id":"https:\/\/www.asajacyl.com\/palencia\/#website"},"primaryImageOfPage":{"@id":"https:\/\/www.asajacyl.com\/palencia\/asaja-palencia-informa\/asaja-solicita-a-los-estados-de-la-ue-avances-en-un-momento-crucial-de-las-nuevas-tecnicas-genomicas#primaryimage"},"image":{"@id":"https:\/\/www.asajacyl.com\/palencia\/asaja-palencia-informa\/asaja-solicita-a-los-estados-de-la-ue-avances-en-un-momento-crucial-de-las-nuevas-tecnicas-genomicas#primaryimage"},"thumbnailUrl":"https:\/\/www.asajacyl.com\/palencia\/wp-content\/uploads\/sites\/3\/2023\/06\/Parlamento-Europeo.jpg","datePublished":"2025-03-15T09:00:00+00:00","dateModified":"2025-03-17T07:34:32+00:00","author":{"@id":"https:\/\/www.asajacyl.com\/palencia\/#\/schema\/person\/3ab17aeb03527485c317557fae64aab1"},"description":"Las Nuevas T\u00e9cnicas Gen\u00f3micas (NTGs) representan una oportunidad sin precedentes para la agricultura europea. En un contexto de cambio clim\u00e1tico,","breadcrumb":{"@id":"https:\/\/www.asajacyl.com\/palencia\/asaja-palencia-informa\/asaja-solicita-a-los-estados-de-la-ue-avances-en-un-momento-crucial-de-las-nuevas-tecnicas-genomicas#breadcrumb"},"inLanguage":"es","potentialAction":[{"@type":"ReadAction","target":["https:\/\/www.asajacyl.com\/palencia\/asaja-palencia-informa\/asaja-solicita-a-los-estados-de-la-ue-avances-en-un-momento-crucial-de-las-nuevas-tecnicas-genomicas"]}]},{"@type":"ImageObject","inLanguage":"es","@id":"https:\/\/www.asajacyl.com\/palencia\/asaja-palencia-informa\/asaja-solicita-a-los-estados-de-la-ue-avances-en-un-momento-crucial-de-las-nuevas-tecnicas-genomicas#primaryimage","url":"https:\/\/www.asajacyl.com\/palencia\/wp-content\/uploads\/sites\/3\/2023\/06\/Parlamento-Europeo.jpg","contentUrl":"https:\/\/www.asajacyl.com\/palencia\/wp-content\/uploads\/sites\/3\/2023\/06\/Parlamento-Europeo.jpg","width":1890,"height":1654},{"@type":"BreadcrumbList","@id":"https:\/\/www.asajacyl.com\/palencia\/asaja-palencia-informa\/asaja-solicita-a-los-estados-de-la-ue-avances-en-un-momento-crucial-de-las-nuevas-tecnicas-genomicas#breadcrumb","itemListElement":[{"@type":"ListItem","position":1,"name":"Portada","item":"https:\/\/www.asajacyl.com\/palencia\/"},{"@type":"ListItem","position":2,"name":"ASAJA solicita a los estados de la UE avances en un momento crucial de las nuevas t\u00e9cnicas gen\u00f3micas"}]},{"@type":"WebSite","@id":"https:\/\/www.asajacyl.com\/palencia\/#website","url":"https:\/\/www.asajacyl.com\/palencia\/","name":"ASAJA Palencia","description":"Otro sitio m\u00e1s de Provincias ASAJA Castilla y Le\u00f3n","potentialAction":[{"@type":"SearchAction","target":{"@type":"EntryPoint","urlTemplate":"https:\/\/www.asajacyl.com\/palencia\/?s={search_term_string}"},"query-input":{"@type":"PropertyValueSpecification","valueRequired":true,"valueName":"search_term_string"}}],"inLanguage":"es"},{"@type":"Person","@id":"https:\/\/www.asajacyl.com\/palencia\/#\/schema\/person\/3ab17aeb03527485c317557fae64aab1","name":"Administrador","image":{"@type":"ImageObject","inLanguage":"es","@id":"https:\/\/www.asajacyl.com\/palencia\/#\/schema\/person\/image\/","url":"https:\/\/secure.gravatar.com\/avatar\/517384810d242ca9e38c180f3c9fb973?s=96&d=mm&r=g","contentUrl":"https:\/\/secure.gravatar.com\/avatar\/517384810d242ca9e38c180f3c9fb973?s=96&d=mm&r=g","caption":"Administrador"},"url":"https:\/\/www.asajacyl.com\/palencia\/author\/carlosrm"}]}},"_links":{"self":[{"href":"https:\/\/www.asajacyl.com\/palencia\/wp-json\/wp\/v2\/posts\/19249"}],"collection":[{"href":"https:\/\/www.asajacyl.com\/palencia\/wp-json\/wp\/v2\/posts"}],"about":[{"href":"https:\/\/www.asajacyl.com\/palencia\/wp-json\/wp\/v2\/types\/post"}],"author":[{"embeddable":true,"href":"https:\/\/www.asajacyl.com\/palencia\/wp-json\/wp\/v2\/users\/9"}],"replies":[{"embeddable":true,"href":"https:\/\/www.asajacyl.com\/palencia\/wp-json\/wp\/v2\/comments?post=19249"}],"version-history":[{"count":2,"href":"https:\/\/www.asajacyl.com\/palencia\/wp-json\/wp\/v2\/posts\/19249\/revisions"}],"predecessor-version":[{"id":19252,"href":"https:\/\/www.asajacyl.com\/palencia\/wp-json\/wp\/v2\/posts\/19249\/revisions\/19252"}],"wp:featuredmedia":[{"embeddable":true,"href":"https:\/\/www.asajacyl.com\/palencia\/wp-json\/wp\/v2\/media\/13612"}],"wp:attachment":[{"href":"https:\/\/www.asajacyl.com\/palencia\/wp-json\/wp\/v2\/media?parent=19249"}],"wp:term":[{"taxonomy":"category","embeddable":true,"href":"https:\/\/www.asajacyl.com\/palencia\/wp-json\/wp\/v2\/categories?post=19249"},{"taxonomy":"post_tag","embeddable":true,"href":"https:\/\/www.asajacyl.com\/palencia\/wp-json\/wp\/v2\/tags?post=19249"}],"curies":[{"name":"wp","href":"https:\/\/api.w.org\/{rel}","templated":true}]}}