{"id":19257,"date":"2025-03-17T07:30:00","date_gmt":"2025-03-17T06:30:00","guid":{"rendered":"https:\/\/www.asajacyl.com\/palencia\/?p=19257"},"modified":"2025-03-14T13:58:22","modified_gmt":"2025-03-14T12:58:22","slug":"licor-43","status":"publish","type":"post","link":"https:\/\/www.asajacyl.com\/palencia\/asaja-palencia-informa\/licor-43","title":{"rendered":"Licor 43"},"content":{"rendered":"\n<h2 class=\"wp-block-heading\">JOS\u00c9 LUIS MARCOS | Presidente de ASAJA-Palencia<\/h2>\n\n\n\n<p>CUMPLIDO un a\u00f1o de la hist\u00f3rica movilizaci\u00f3n agraria (el 18 de marzo de 2024, por ejemplo, nos manifest\u00e1bamos ante el puerto de Santander contra una importaci\u00f3n masiva de cereal que sigue tirando los precios del grano), viene bien <strong>recordar el eje de la tabla reivindicativa<\/strong> que entonces acordamos las tres organizaciones agrarias representativas del campo palentino. El tiempo pasa muy deprisa (\u00a1cinco a\u00f1os ya desde el primer confinamiento de la pandemia!, hemos exclamado estos d\u00edas), y todos andamos cada vez peor de memoria, al no ejercitarla: el m\u00f3vil y Google siempre est\u00e1n ah\u00ed para echarnos un capote.<\/p>\n\n\n\n<p>Conviene, pues, recordar lo esencial de aquellas reivindicaciones. Y, de paso, revisar si acertaron quienes se dieron la mano con el Ministerio de Agricultura, y aceptaron lo que su titular, Luis Planas, llam\u00f3 en abril de 2024 un \u00abs\u00f3lido conjunto\u00bb de medidas; o bien si acertamos quienes, como ASAJA, vimos <strong>insuficiente aquel enjuague<\/strong>&#8230; incluso aunque se cumplieran las promesas (que \u00e9sa es otra).<\/p>\n\n\n\n<p><strong>ALARDE. <\/strong>Rara es la semana que el Ministerio no difunde un comunicado de prensa o no comparece su m\u00e1ximo responsable presumiendo de haber cumplido la mayor\u00eda del paquete de medidas&#8230; Hablando de paquetes, en v\u00edsperas de la Navidad, el se\u00f1or Planas se present\u00f3 con el suyo, con el regalazo propagand\u00edstico de haber aplicado, o muy avanzado, el 90 % de las llamadas <strong><em>43 medidas de apoyo al sector agrario espa\u00f1ol<\/em>.<\/strong> A estas alturas de Cuaresma, f\u00e1cil es que acaricie ya el 100 %.<\/p>\n\n\n\n<p>Es decir, en apenas nueve meses de un embarazo (de abril a diciembre), hab\u00eda dado la vuelta al sector agroganadero nacional. M\u00e1s f\u00e1cil que a un calcet\u00edn. Lo peor no es que quiera convencernos de ello a los profesionales del campo. Lo peor es que haya quienes as\u00ed lo creen. O al menos, lo aparentan. Quiz\u00e1 para no reconocer que, <strong>en su d\u00eda, se precipitaron al sentarse r\u00e1pido a firmar ese documento<\/strong> de 43 medidas, a compartir esos chupitos del <em>licor 43<\/em>.<\/p>\n\n\n\n<p>Recordemos tres peticiones centrales de la docena que incluy\u00f3 nuestra tabla reivindicativa de la provincia de Palencia de 2024. Y juzgue el lector si se nota un cambio\u2026 ese cambio \u00abmuy satisfactorio\u00bb (pero mucho, como nos dice nuestro ministro). Primera, \u00ab<strong>modificaci\u00f3n de la PAC <\/strong>en Espa\u00f1a para que sea flexible en lo medioambiental y dirigida a la productividad y la rentabilidad del sector\u00bb. Segunda, \u00abapuesta por los <strong>regad\u00edos<\/strong>, con aumento de la capacidad de agua embalsable y promoci\u00f3n de la modernizaci\u00f3n de regad\u00edos\u00bb. Tercera, \u00ab<strong>facilidad burocr\u00e1tica<\/strong> y apuesta decidida por la incorporaci\u00f3n de j\u00f3venes para <strong>facilitar el relevo generacional<\/strong>\u00bb.<\/p>\n\n\n\n<p><strong>RESTRICTIVO. <\/strong>Comprendemos que, en un solo a\u00f1o, es imposible corregir el hist\u00f3rico d\u00e9ficit de almacenamiento y regulaci\u00f3n hidrol\u00f3gica que padece Palencia. As\u00ed que seremos comprensivos al juzgar ese punto. Pero s\u00ed subrayamos que el Ministerio de Transici\u00f3n Ecol\u00f3gica sigue su pol\u00edtica restrictiva, sin visos de corregir <strong>el Plan Hidrol\u00f3gico del Duero 2022-2027 que impuso,<\/strong> pese al rechazo del Consejo del Agua de nuestra cuenca.<\/p>\n\n\n\n<p><strong>Estamos en el ecuador del plazo para presentar la solicitud de ayudas de la PAC 2025<\/strong>, un momento id\u00f3neo y pr\u00e1ctico de comprobar, en carnes propias, si hay una sensible mejora en las otras dos peticiones: por un lado, si la PAC es menos medioambientalista y piensa m\u00e1s en la rentabilidad de las explotaciones agroganaderas; y por otro, si exige menos burocracia. <strong>Los profesionales del campo, as\u00ed como el personal que los asesora para cumplimentar la PAC en las diversas oficinas p\u00fablicas y privadas, pueden hablar por experiencia<\/strong>. La nuestra, en ASAJA, es que <strong>poco ha cambiado<\/strong>. Casi nada. Ojal\u00e1 el giro (al menos en el discurso) de los nuevos mandatarios pol\u00edticos de Bruselas, llegue en la futura PAC y no se quede en palabras. De momento, seguimos pr\u00e1cticamente igual. Dejamos para otros el dulzor de la autocomplacencia y el regusto del licor triunfalista.<strong>\/<\/strong><\/p>\n\n\n\n<blockquote class=\"wp-block-quote is-layout-flow wp-block-quote-is-layout-flow\">\n<p>\u00aben apenas nueve meses de un embarazo (de abril a diciembre DE 2024), e<strong>l ministro luis planas presume de haber dado la vuelta al sector agroganadero nacional<\/strong>. M\u00e1s f\u00e1cil que a un calcet\u00edn. Lo peor no es que quiera convencernos de ello a los profesionales del campo. <strong>Lo peor es que haya quienes as\u00ed lo creen.<\/strong>\u00bb <\/p>\n<\/blockquote>\n","protected":false},"excerpt":{"rendered":"<p>JOS\u00c9 LUIS MARCOS | Presidente de ASAJA-Palencia CUMPLIDO un a\u00f1o de la hist\u00f3rica movilizaci\u00f3n agraria (el 18 de marzo de 2024, por ejemplo, nos manifest\u00e1bamos ante el puerto de Santander contra una importaci\u00f3n masiva de cereal que sigue tirando los precios del grano), viene bien recordar el eje de la tabla reivindicativa que entonces acordamos [&hellip;]<\/p>\n","protected":false},"author":9,"featured_media":15857,"comment_status":"open","ping_status":"open","sticky":false,"template":"","format":"standard","meta":{"footnotes":""},"categories":[9,29,30,28],"tags":[58,351,77,110,836],"yoast_head":"<!-- This site is optimized with the Yoast SEO plugin v24.5 - https:\/\/yoast.com\/wordpress\/plugins\/seo\/ -->\n<title>Licor 43 - ASAJA Palencia<\/title>\n<meta name=\"description\" content=\"JOS\u00c9 LUIS MARCOS | Presidente de ASAJA-Palencia CUMPLIDO un a\u00f1o de la hist\u00f3rica movilizaci\u00f3n agraria (el 18 de marzo de 2024, por ejemplo, nos\" \/>\n<meta name=\"robots\" content=\"index, follow, max-snippet:-1, max-image-preview:large, max-video-preview:-1\" \/>\n<link rel=\"canonical\" href=\"https:\/\/www.asajacyl.com\/palencia\/asaja-palencia-informa\/licor-43\" \/>\n<meta property=\"og:locale\" content=\"es_ES\" \/>\n<meta property=\"og:type\" content=\"article\" \/>\n<meta property=\"og:title\" content=\"Licor 43 - ASAJA Palencia\" \/>\n<meta property=\"og:description\" content=\"JOS\u00c9 LUIS MARCOS | Presidente de ASAJA-Palencia CUMPLIDO un a\u00f1o de la hist\u00f3rica movilizaci\u00f3n agraria (el 18 de marzo de 2024, por ejemplo, nos\" \/>\n<meta property=\"og:url\" content=\"https:\/\/www.asajacyl.com\/palencia\/asaja-palencia-informa\/licor-43\" \/>\n<meta property=\"og:site_name\" content=\"ASAJA Palencia\" \/>\n<meta property=\"article:published_time\" content=\"2025-03-17T06:30:00+00:00\" \/>\n<meta property=\"og:image\" content=\"https:\/\/www.asajacyl.com\/palencia\/wp-content\/uploads\/sites\/3\/2024\/04\/Jose-Luis-Marcos-para-web.jpg\" \/>\n\t<meta property=\"og:image:width\" content=\"1890\" \/>\n\t<meta property=\"og:image:height\" content=\"1654\" \/>\n\t<meta property=\"og:image:type\" content=\"image\/jpeg\" \/>\n<meta name=\"author\" content=\"Administrador\" \/>\n<meta name=\"twitter:card\" content=\"summary_large_image\" \/>\n<meta name=\"twitter:label1\" content=\"Escrito por\" \/>\n\t<meta name=\"twitter:data1\" content=\"Administrador\" \/>\n\t<meta name=\"twitter:label2\" content=\"Tiempo de lectura\" \/>\n\t<meta name=\"twitter:data2\" content=\"4 minutos\" \/>\n<script type=\"application\/ld+json\" class=\"yoast-schema-graph\">{\"@context\":\"https:\/\/schema.org\",\"@graph\":[{\"@type\":\"WebPage\",\"@id\":\"https:\/\/www.asajacyl.com\/palencia\/asaja-palencia-informa\/licor-43\",\"url\":\"https:\/\/www.asajacyl.com\/palencia\/asaja-palencia-informa\/licor-43\",\"name\":\"Licor 43 - ASAJA Palencia\",\"isPartOf\":{\"@id\":\"https:\/\/www.asajacyl.com\/palencia\/#website\"},\"primaryImageOfPage\":{\"@id\":\"https:\/\/www.asajacyl.com\/palencia\/asaja-palencia-informa\/licor-43#primaryimage\"},\"image\":{\"@id\":\"https:\/\/www.asajacyl.com\/palencia\/asaja-palencia-informa\/licor-43#primaryimage\"},\"thumbnailUrl\":\"https:\/\/www.asajacyl.com\/palencia\/wp-content\/uploads\/sites\/3\/2024\/04\/Jose-Luis-Marcos-para-web.jpg\",\"datePublished\":\"2025-03-17T06:30:00+00:00\",\"author\":{\"@id\":\"https:\/\/www.asajacyl.com\/palencia\/#\/schema\/person\/3ab17aeb03527485c317557fae64aab1\"},\"description\":\"JOS\u00c9 LUIS MARCOS | Presidente de ASAJA-Palencia CUMPLIDO un a\u00f1o de la hist\u00f3rica movilizaci\u00f3n agraria (el 18 de marzo de 2024, por ejemplo, nos\",\"breadcrumb\":{\"@id\":\"https:\/\/www.asajacyl.com\/palencia\/asaja-palencia-informa\/licor-43#breadcrumb\"},\"inLanguage\":\"es\",\"potentialAction\":[{\"@type\":\"ReadAction\",\"target\":[\"https:\/\/www.asajacyl.com\/palencia\/asaja-palencia-informa\/licor-43\"]}]},{\"@type\":\"ImageObject\",\"inLanguage\":\"es\",\"@id\":\"https:\/\/www.asajacyl.com\/palencia\/asaja-palencia-informa\/licor-43#primaryimage\",\"url\":\"https:\/\/www.asajacyl.com\/palencia\/wp-content\/uploads\/sites\/3\/2024\/04\/Jose-Luis-Marcos-para-web.jpg\",\"contentUrl\":\"https:\/\/www.asajacyl.com\/palencia\/wp-content\/uploads\/sites\/3\/2024\/04\/Jose-Luis-Marcos-para-web.jpg\",\"width\":1890,\"height\":1654},{\"@type\":\"BreadcrumbList\",\"@id\":\"https:\/\/www.asajacyl.com\/palencia\/asaja-palencia-informa\/licor-43#breadcrumb\",\"itemListElement\":[{\"@type\":\"ListItem\",\"position\":1,\"name\":\"Portada\",\"item\":\"https:\/\/www.asajacyl.com\/palencia\/\"},{\"@type\":\"ListItem\",\"position\":2,\"name\":\"Licor 43\"}]},{\"@type\":\"WebSite\",\"@id\":\"https:\/\/www.asajacyl.com\/palencia\/#website\",\"url\":\"https:\/\/www.asajacyl.com\/palencia\/\",\"name\":\"ASAJA Palencia\",\"description\":\"Otro sitio m\u00e1s de Provincias ASAJA Castilla y Le\u00f3n\",\"potentialAction\":[{\"@type\":\"SearchAction\",\"target\":{\"@type\":\"EntryPoint\",\"urlTemplate\":\"https:\/\/www.asajacyl.com\/palencia\/?s={search_term_string}\"},\"query-input\":{\"@type\":\"PropertyValueSpecification\",\"valueRequired\":true,\"valueName\":\"search_term_string\"}}],\"inLanguage\":\"es\"},{\"@type\":\"Person\",\"@id\":\"https:\/\/www.asajacyl.com\/palencia\/#\/schema\/person\/3ab17aeb03527485c317557fae64aab1\",\"name\":\"Administrador\",\"image\":{\"@type\":\"ImageObject\",\"inLanguage\":\"es\",\"@id\":\"https:\/\/www.asajacyl.com\/palencia\/#\/schema\/person\/image\/\",\"url\":\"https:\/\/secure.gravatar.com\/avatar\/517384810d242ca9e38c180f3c9fb973?s=96&d=mm&r=g\",\"contentUrl\":\"https:\/\/secure.gravatar.com\/avatar\/517384810d242ca9e38c180f3c9fb973?s=96&d=mm&r=g\",\"caption\":\"Administrador\"},\"url\":\"https:\/\/www.asajacyl.com\/palencia\/author\/carlosrm\"}]}<\/script>\n<!-- \/ Yoast SEO plugin. -->","yoast_head_json":{"title":"Licor 43 - ASAJA Palencia","description":"JOS\u00c9 LUIS MARCOS | Presidente de ASAJA-Palencia CUMPLIDO un a\u00f1o de la hist\u00f3rica movilizaci\u00f3n agraria (el 18 de marzo de 2024, por ejemplo, nos","robots":{"index":"index","follow":"follow","max-snippet":"max-snippet:-1","max-image-preview":"max-image-preview:large","max-video-preview":"max-video-preview:-1"},"canonical":"https:\/\/www.asajacyl.com\/palencia\/asaja-palencia-informa\/licor-43","og_locale":"es_ES","og_type":"article","og_title":"Licor 43 - ASAJA Palencia","og_description":"JOS\u00c9 LUIS MARCOS | Presidente de ASAJA-Palencia CUMPLIDO un a\u00f1o de la hist\u00f3rica movilizaci\u00f3n agraria (el 18 de marzo de 2024, por ejemplo, nos","og_url":"https:\/\/www.asajacyl.com\/palencia\/asaja-palencia-informa\/licor-43","og_site_name":"ASAJA Palencia","article_published_time":"2025-03-17T06:30:00+00:00","og_image":[{"width":1890,"height":1654,"url":"https:\/\/www.asajacyl.com\/palencia\/wp-content\/uploads\/sites\/3\/2024\/04\/Jose-Luis-Marcos-para-web.jpg","type":"image\/jpeg"}],"author":"Administrador","twitter_card":"summary_large_image","twitter_misc":{"Escrito por":"Administrador","Tiempo de lectura":"4 minutos"},"schema":{"@context":"https:\/\/schema.org","@graph":[{"@type":"WebPage","@id":"https:\/\/www.asajacyl.com\/palencia\/asaja-palencia-informa\/licor-43","url":"https:\/\/www.asajacyl.com\/palencia\/asaja-palencia-informa\/licor-43","name":"Licor 43 - ASAJA Palencia","isPartOf":{"@id":"https:\/\/www.asajacyl.com\/palencia\/#website"},"primaryImageOfPage":{"@id":"https:\/\/www.asajacyl.com\/palencia\/asaja-palencia-informa\/licor-43#primaryimage"},"image":{"@id":"https:\/\/www.asajacyl.com\/palencia\/asaja-palencia-informa\/licor-43#primaryimage"},"thumbnailUrl":"https:\/\/www.asajacyl.com\/palencia\/wp-content\/uploads\/sites\/3\/2024\/04\/Jose-Luis-Marcos-para-web.jpg","datePublished":"2025-03-17T06:30:00+00:00","author":{"@id":"https:\/\/www.asajacyl.com\/palencia\/#\/schema\/person\/3ab17aeb03527485c317557fae64aab1"},"description":"JOS\u00c9 LUIS MARCOS | Presidente de ASAJA-Palencia CUMPLIDO un a\u00f1o de la hist\u00f3rica movilizaci\u00f3n agraria (el 18 de marzo de 2024, por ejemplo, nos","breadcrumb":{"@id":"https:\/\/www.asajacyl.com\/palencia\/asaja-palencia-informa\/licor-43#breadcrumb"},"inLanguage":"es","potentialAction":[{"@type":"ReadAction","target":["https:\/\/www.asajacyl.com\/palencia\/asaja-palencia-informa\/licor-43"]}]},{"@type":"ImageObject","inLanguage":"es","@id":"https:\/\/www.asajacyl.com\/palencia\/asaja-palencia-informa\/licor-43#primaryimage","url":"https:\/\/www.asajacyl.com\/palencia\/wp-content\/uploads\/sites\/3\/2024\/04\/Jose-Luis-Marcos-para-web.jpg","contentUrl":"https:\/\/www.asajacyl.com\/palencia\/wp-content\/uploads\/sites\/3\/2024\/04\/Jose-Luis-Marcos-para-web.jpg","width":1890,"height":1654},{"@type":"BreadcrumbList","@id":"https:\/\/www.asajacyl.com\/palencia\/asaja-palencia-informa\/licor-43#breadcrumb","itemListElement":[{"@type":"ListItem","position":1,"name":"Portada","item":"https:\/\/www.asajacyl.com\/palencia\/"},{"@type":"ListItem","position":2,"name":"Licor 43"}]},{"@type":"WebSite","@id":"https:\/\/www.asajacyl.com\/palencia\/#website","url":"https:\/\/www.asajacyl.com\/palencia\/","name":"ASAJA Palencia","description":"Otro sitio m\u00e1s de Provincias ASAJA Castilla y Le\u00f3n","potentialAction":[{"@type":"SearchAction","target":{"@type":"EntryPoint","urlTemplate":"https:\/\/www.asajacyl.com\/palencia\/?s={search_term_string}"},"query-input":{"@type":"PropertyValueSpecification","valueRequired":true,"valueName":"search_term_string"}}],"inLanguage":"es"},{"@type":"Person","@id":"https:\/\/www.asajacyl.com\/palencia\/#\/schema\/person\/3ab17aeb03527485c317557fae64aab1","name":"Administrador","image":{"@type":"ImageObject","inLanguage":"es","@id":"https:\/\/www.asajacyl.com\/palencia\/#\/schema\/person\/image\/","url":"https:\/\/secure.gravatar.com\/avatar\/517384810d242ca9e38c180f3c9fb973?s=96&d=mm&r=g","contentUrl":"https:\/\/secure.gravatar.com\/avatar\/517384810d242ca9e38c180f3c9fb973?s=96&d=mm&r=g","caption":"Administrador"},"url":"https:\/\/www.asajacyl.com\/palencia\/author\/carlosrm"}]}},"_links":{"self":[{"href":"https:\/\/www.asajacyl.com\/palencia\/wp-json\/wp\/v2\/posts\/19257"}],"collection":[{"href":"https:\/\/www.asajacyl.com\/palencia\/wp-json\/wp\/v2\/posts"}],"about":[{"href":"https:\/\/www.asajacyl.com\/palencia\/wp-json\/wp\/v2\/types\/post"}],"author":[{"embeddable":true,"href":"https:\/\/www.asajacyl.com\/palencia\/wp-json\/wp\/v2\/users\/9"}],"replies":[{"embeddable":true,"href":"https:\/\/www.asajacyl.com\/palencia\/wp-json\/wp\/v2\/comments?post=19257"}],"version-history":[{"count":2,"href":"https:\/\/www.asajacyl.com\/palencia\/wp-json\/wp\/v2\/posts\/19257\/revisions"}],"predecessor-version":[{"id":19260,"href":"https:\/\/www.asajacyl.com\/palencia\/wp-json\/wp\/v2\/posts\/19257\/revisions\/19260"}],"wp:featuredmedia":[{"embeddable":true,"href":"https:\/\/www.asajacyl.com\/palencia\/wp-json\/wp\/v2\/media\/15857"}],"wp:attachment":[{"href":"https:\/\/www.asajacyl.com\/palencia\/wp-json\/wp\/v2\/media?parent=19257"}],"wp:term":[{"taxonomy":"category","embeddable":true,"href":"https:\/\/www.asajacyl.com\/palencia\/wp-json\/wp\/v2\/categories?post=19257"},{"taxonomy":"post_tag","embeddable":true,"href":"https:\/\/www.asajacyl.com\/palencia\/wp-json\/wp\/v2\/tags?post=19257"}],"curies":[{"name":"wp","href":"https:\/\/api.w.org\/{rel}","templated":true}]}}