{"id":19272,"date":"2025-03-19T07:30:00","date_gmt":"2025-03-19T06:30:00","guid":{"rendered":"https:\/\/www.asajacyl.com\/palencia\/?p=19272"},"modified":"2025-03-17T13:35:41","modified_gmt":"2025-03-17T12:35:41","slug":"los-menores-de-40-anos-fueron-por-primera-vez-en-2024-los-principales-beneficiarios-de-avales-saeca","status":"publish","type":"post","link":"https:\/\/www.asajacyl.com\/palencia\/asaja-palencia-informa\/los-menores-de-40-anos-fueron-por-primera-vez-en-2024-los-principales-beneficiarios-de-avales-saeca","title":{"rendered":"Los menores de 40 a\u00f1os fueron por primera vez en 2024 los principales beneficiarios de avales SAECA"},"content":{"rendered":"\n<h2 class=\"wp-block-heading\">El pasado 2024 marc\u00f3 un cambio significativo en la&nbsp;l\u00ednea de avales Inversi\u00f3n y Circulante&nbsp;de la Sociedad An\u00f3nima Estatal de Cauci\u00f3n Agraria (SAECA), ya que&nbsp;por primera vez los profesionales agroganaderos menores de 40 a\u00f1os fueron los principales beneficiarios&nbsp;de estos apoyos para el acceso a la financiaci\u00f3n en el sector agrario, con un 52 % del total.<\/h2>\n\n\n\n<p>Las operaciones de esta l\u00ednea destinadas a inversiones tuvieron un importe medio cercano a los 119 000 euros y un plazo de amortizaci\u00f3n de once a\u00f1os. Casi el 45 % de las operaciones realizadas por&nbsp;j\u00f3venes agricultores&nbsp;menores de 40 a\u00f1os se destinaron a la&nbsp;compra de tierras.<\/p>\n\n\n\n<p>Estos datos se recogen en el documento\u00a0<a href=\"https:\/\/saeca.es\/wp-content\/uploads\/2025\/03\/INFORME_PERFIL_DE_USUARIO_2024.pdf\" target=\"_blank\" rel=\"noreferrer noopener\"><em>Perfil de referencia del usuario y de las operaciones de SAECA<\/em>\u00a0<\/a>de 2024, difundido por esta sociedad p\u00fablica que tutela el Ministerio de Agricultura, Pesca y Alimentaci\u00f3n (MAPA), cuyos prinicpales accionistas son la Sociedad Estatal de Participaciones Industriales (SEPI) y el Fondo Espa\u00f1ol de Garant\u00eda Agraria (FEGA). Su objetivo es facilitar el acceso a la financiaci\u00f3n al sector primario para acometer inversiones de mantenimiento, mejora o modernizaci\u00f3n de sus explotaciones, as\u00ed como necesidades de capital circulante.<\/p>\n\n\n\n<p><strong>M\u00c1S IMPORTE, M\u00c1S PLAZO DE AMORTIZACI\u00d3N. <\/strong>El documento <a href=\"https:\/\/saeca.es\/saeca-reduce-su-huella-de-carbono\/\"><\/a>muestra una tendencia de aumento tanto en el importe de las operaciones como de los plazos de amortizaci\u00f3n. El importe medio de la \u00faltima d\u00e9cada rondaba los 81 000 euros. Sin duda, esos aumentos reflejan el notable encarecimiento de los medios de producci\u00f3n del sector agroganadero registrado \u00faltimamente, as\u00ed como la creciente necesidad inversora que requiere una explotaci\u00f3n actualmente.<\/p>\n\n\n\n<p>Seg\u00fan<a href=\"https:\/\/www.asajacyl.com\/palencia\/asaja-palencia-informa\/el-ministerio-convoca-la-linea-ico-saeca-de-ayudas-a-la-financiacion-para-jovenes-agricultores\" target=\"_blank\" rel=\"noreferrer noopener\"> inform\u00f3 ASAJA-Palencia en su d\u00eda<\/a>, el Ministerio public\u00f3 en el Bolet\u00edn Oficial del Estado del 19 de diciembre las convocatorias de\u00a0<a href=\"https:\/\/www.boe.es\/boe\/dias\/2024\/12\/19\/pdfs\/BOE-B-2024-46487.pdf\">ayudas de la L\u00ednea ICO-MAPA-SAECA<\/a>\u00a0y\u00a0de\u00a0<a href=\"https:\/\/www.boe.es\/boe\/dias\/2024\/12\/19\/pdfs\/BOE-B-2024-46488.pdf\">subvenciones de los avales de SAECA<\/a>\u00a0para j\u00f3venes agricultores y operadores del sector pesquero, por un importe total de veintisiete millones de euros. <strong>El plazo para presentar solicitudes finaliza el 15 de septiembre de 2027, o si se agota el cr\u00e9dito disponible<\/strong>.<\/p>\n\n\n\n<p>En las l\u00edneas de avales subvencionadas por el Ministerio (MAPA-SAECA e ICO-MAPA-SAECA) tambi\u00e9n se registra un incremento en los valores. As\u00ed, el importe medio de las operaciones en 2024 fue de unos 68 500 euros, con un plazo de seis a\u00f1os; mientras la operaci\u00f3n tipo en la \u00faltima d\u00e9cada alcanzaba apenas un importe medio inferior a los 30 000 euros y un plazo de cinco a\u00f1os. Los usuarios de estas dos l\u00edneas son mayoritariamente mayores de 40 a\u00f1os (62 %), aunque por debajo de la media de la \u00faltima d\u00e9cada (73 %). Estas operaciones se realizaron principalmente a trav\u00e9s de una treintena de convenios suscritos entre SAECA y las entidades financieras.<\/p>\n\n\n\n<p><strong>AVALES A SEGUROS AGRARIOS. <\/strong>La l\u00ednea de aval SAECA-Agroseguro, que garantiza el fraccionamiento del pago de la prima del seguro agrario, se situ\u00f3 en 2024 en algo m\u00e1s de 7000 euros, el 12 % m\u00e1s que en 2023, con un plazo medio de nueve meses. En la rama agr\u00edcola destacan los avales a los seguros de cultivos frutales (casi una sexta parte del total), mientras en ganader\u00eda las explotaciones de vacuno supusieron una octava parte (12,5 % de la rama pecuaria).<\/p>\n\n\n\n<p>En 2024 SAECA aval\u00f3 m\u00e1s de ocho mil nuevas operaciones a agricultores y ganaderos de todo el territorio nacional, por un importe total que supera los 450 millones de euros, el 66 % m\u00e1s que en 2023. Adem\u00e1s, el pasado a\u00f1o se alcanz\u00f3 un riesgo vivo de 905 millones de euros, el m\u00e1s alto en sus treinta y seis a\u00f1os de historia, tras crecer el 37,5 % con respecto al de 2023. Las operaciones de SAECA suponen ya en torno al 5,3 % del endeudamiento total del sector primario y un 2,5 % en el de las explotaciones agr\u00edcolas y ganaderas.<strong>\/<\/strong> <\/p>\n","protected":false},"excerpt":{"rendered":"<p>El pasado 2024 marc\u00f3 un cambio significativo en la&nbsp;l\u00ednea de avales Inversi\u00f3n y Circulante&nbsp;de la Sociedad An\u00f3nima Estatal de Cauci\u00f3n Agraria (SAECA), ya que&nbsp;por primera vez los profesionales agroganaderos menores de 40 a\u00f1os fueron los principales beneficiarios&nbsp;de estos apoyos para el acceso a la financiaci\u00f3n en el sector agrario, con un 52 % del total. [&hellip;]<\/p>\n","protected":false},"author":9,"featured_media":19282,"comment_status":"open","ping_status":"open","sticky":false,"template":"","format":"standard","meta":{"footnotes":""},"categories":[9,29,28],"tags":[58,1338,190,77,64,717,296,1159,110,186],"yoast_head":"<!-- This site is optimized with the Yoast SEO plugin v24.5 - https:\/\/yoast.com\/wordpress\/plugins\/seo\/ -->\n<title>Los menores de 40 a\u00f1os fueron por primera vez en 2024 los principales beneficiarios de avales SAECA - ASAJA Palencia<\/title>\n<meta name=\"description\" content=\"El pasado 2024 marc\u00f3 un cambio significativo en la&nbsp;l\u00ednea de avales Inversi\u00f3n y Circulante&nbsp;de la Sociedad An\u00f3nima Estatal de Cauci\u00f3n Agraria\" \/>\n<meta name=\"robots\" content=\"index, follow, max-snippet:-1, max-image-preview:large, max-video-preview:-1\" \/>\n<link rel=\"canonical\" href=\"https:\/\/www.asajacyl.com\/palencia\/asaja-palencia-informa\/los-menores-de-40-anos-fueron-por-primera-vez-en-2024-los-principales-beneficiarios-de-avales-saeca\" \/>\n<meta property=\"og:locale\" content=\"es_ES\" \/>\n<meta property=\"og:type\" content=\"article\" \/>\n<meta property=\"og:title\" content=\"Los menores de 40 a\u00f1os fueron por primera vez en 2024 los principales beneficiarios de avales SAECA - ASAJA Palencia\" \/>\n<meta property=\"og:description\" content=\"El pasado 2024 marc\u00f3 un cambio significativo en la&nbsp;l\u00ednea de avales Inversi\u00f3n y Circulante&nbsp;de la Sociedad An\u00f3nima Estatal de Cauci\u00f3n Agraria\" \/>\n<meta property=\"og:url\" content=\"https:\/\/www.asajacyl.com\/palencia\/asaja-palencia-informa\/los-menores-de-40-anos-fueron-por-primera-vez-en-2024-los-principales-beneficiarios-de-avales-saeca\" \/>\n<meta property=\"og:site_name\" content=\"ASAJA Palencia\" \/>\n<meta property=\"article:published_time\" content=\"2025-03-19T06:30:00+00:00\" \/>\n<meta property=\"og:image\" content=\"https:\/\/www.asajacyl.com\/palencia\/wp-content\/uploads\/sites\/3\/2025\/03\/Agricultores-jovenes-web.jpg\" \/>\n\t<meta property=\"og:image:width\" content=\"1890\" \/>\n\t<meta property=\"og:image:height\" content=\"1654\" \/>\n\t<meta property=\"og:image:type\" content=\"image\/jpeg\" \/>\n<meta name=\"author\" content=\"Administrador\" \/>\n<meta name=\"twitter:card\" content=\"summary_large_image\" \/>\n<meta name=\"twitter:label1\" content=\"Escrito por\" \/>\n\t<meta name=\"twitter:data1\" content=\"Administrador\" \/>\n\t<meta name=\"twitter:label2\" content=\"Tiempo de lectura\" \/>\n\t<meta name=\"twitter:data2\" content=\"4 minutos\" \/>\n<script type=\"application\/ld+json\" class=\"yoast-schema-graph\">{\"@context\":\"https:\/\/schema.org\",\"@graph\":[{\"@type\":\"WebPage\",\"@id\":\"https:\/\/www.asajacyl.com\/palencia\/asaja-palencia-informa\/los-menores-de-40-anos-fueron-por-primera-vez-en-2024-los-principales-beneficiarios-de-avales-saeca\",\"url\":\"https:\/\/www.asajacyl.com\/palencia\/asaja-palencia-informa\/los-menores-de-40-anos-fueron-por-primera-vez-en-2024-los-principales-beneficiarios-de-avales-saeca\",\"name\":\"Los menores de 40 a\u00f1os fueron por primera vez en 2024 los principales beneficiarios de avales SAECA - ASAJA Palencia\",\"isPartOf\":{\"@id\":\"https:\/\/www.asajacyl.com\/palencia\/#website\"},\"primaryImageOfPage\":{\"@id\":\"https:\/\/www.asajacyl.com\/palencia\/asaja-palencia-informa\/los-menores-de-40-anos-fueron-por-primera-vez-en-2024-los-principales-beneficiarios-de-avales-saeca#primaryimage\"},\"image\":{\"@id\":\"https:\/\/www.asajacyl.com\/palencia\/asaja-palencia-informa\/los-menores-de-40-anos-fueron-por-primera-vez-en-2024-los-principales-beneficiarios-de-avales-saeca#primaryimage\"},\"thumbnailUrl\":\"https:\/\/www.asajacyl.com\/palencia\/wp-content\/uploads\/sites\/3\/2025\/03\/Agricultores-jovenes-web.jpg\",\"datePublished\":\"2025-03-19T06:30:00+00:00\",\"author\":{\"@id\":\"https:\/\/www.asajacyl.com\/palencia\/#\/schema\/person\/3ab17aeb03527485c317557fae64aab1\"},\"description\":\"El pasado 2024 marc\u00f3 un cambio significativo en la&nbsp;l\u00ednea de avales Inversi\u00f3n y Circulante&nbsp;de la Sociedad An\u00f3nima Estatal de Cauci\u00f3n Agraria\",\"breadcrumb\":{\"@id\":\"https:\/\/www.asajacyl.com\/palencia\/asaja-palencia-informa\/los-menores-de-40-anos-fueron-por-primera-vez-en-2024-los-principales-beneficiarios-de-avales-saeca#breadcrumb\"},\"inLanguage\":\"es\",\"potentialAction\":[{\"@type\":\"ReadAction\",\"target\":[\"https:\/\/www.asajacyl.com\/palencia\/asaja-palencia-informa\/los-menores-de-40-anos-fueron-por-primera-vez-en-2024-los-principales-beneficiarios-de-avales-saeca\"]}]},{\"@type\":\"ImageObject\",\"inLanguage\":\"es\",\"@id\":\"https:\/\/www.asajacyl.com\/palencia\/asaja-palencia-informa\/los-menores-de-40-anos-fueron-por-primera-vez-en-2024-los-principales-beneficiarios-de-avales-saeca#primaryimage\",\"url\":\"https:\/\/www.asajacyl.com\/palencia\/wp-content\/uploads\/sites\/3\/2025\/03\/Agricultores-jovenes-web.jpg\",\"contentUrl\":\"https:\/\/www.asajacyl.com\/palencia\/wp-content\/uploads\/sites\/3\/2025\/03\/Agricultores-jovenes-web.jpg\",\"width\":1890,\"height\":1654},{\"@type\":\"BreadcrumbList\",\"@id\":\"https:\/\/www.asajacyl.com\/palencia\/asaja-palencia-informa\/los-menores-de-40-anos-fueron-por-primera-vez-en-2024-los-principales-beneficiarios-de-avales-saeca#breadcrumb\",\"itemListElement\":[{\"@type\":\"ListItem\",\"position\":1,\"name\":\"Portada\",\"item\":\"https:\/\/www.asajacyl.com\/palencia\/\"},{\"@type\":\"ListItem\",\"position\":2,\"name\":\"Los menores de 40 a\u00f1os fueron por primera vez en 2024 los principales beneficiarios de avales SAECA\"}]},{\"@type\":\"WebSite\",\"@id\":\"https:\/\/www.asajacyl.com\/palencia\/#website\",\"url\":\"https:\/\/www.asajacyl.com\/palencia\/\",\"name\":\"ASAJA Palencia\",\"description\":\"Otro sitio m\u00e1s de Provincias ASAJA Castilla y Le\u00f3n\",\"potentialAction\":[{\"@type\":\"SearchAction\",\"target\":{\"@type\":\"EntryPoint\",\"urlTemplate\":\"https:\/\/www.asajacyl.com\/palencia\/?s={search_term_string}\"},\"query-input\":{\"@type\":\"PropertyValueSpecification\",\"valueRequired\":true,\"valueName\":\"search_term_string\"}}],\"inLanguage\":\"es\"},{\"@type\":\"Person\",\"@id\":\"https:\/\/www.asajacyl.com\/palencia\/#\/schema\/person\/3ab17aeb03527485c317557fae64aab1\",\"name\":\"Administrador\",\"image\":{\"@type\":\"ImageObject\",\"inLanguage\":\"es\",\"@id\":\"https:\/\/www.asajacyl.com\/palencia\/#\/schema\/person\/image\/\",\"url\":\"https:\/\/secure.gravatar.com\/avatar\/517384810d242ca9e38c180f3c9fb973?s=96&d=mm&r=g\",\"contentUrl\":\"https:\/\/secure.gravatar.com\/avatar\/517384810d242ca9e38c180f3c9fb973?s=96&d=mm&r=g\",\"caption\":\"Administrador\"},\"url\":\"https:\/\/www.asajacyl.com\/palencia\/author\/carlosrm\"}]}<\/script>\n<!-- \/ Yoast SEO plugin. -->","yoast_head_json":{"title":"Los menores de 40 a\u00f1os fueron por primera vez en 2024 los principales beneficiarios de avales SAECA - ASAJA Palencia","description":"El pasado 2024 marc\u00f3 un cambio significativo en la&nbsp;l\u00ednea de avales Inversi\u00f3n y Circulante&nbsp;de la Sociedad An\u00f3nima Estatal de Cauci\u00f3n Agraria","robots":{"index":"index","follow":"follow","max-snippet":"max-snippet:-1","max-image-preview":"max-image-preview:large","max-video-preview":"max-video-preview:-1"},"canonical":"https:\/\/www.asajacyl.com\/palencia\/asaja-palencia-informa\/los-menores-de-40-anos-fueron-por-primera-vez-en-2024-los-principales-beneficiarios-de-avales-saeca","og_locale":"es_ES","og_type":"article","og_title":"Los menores de 40 a\u00f1os fueron por primera vez en 2024 los principales beneficiarios de avales SAECA - ASAJA Palencia","og_description":"El pasado 2024 marc\u00f3 un cambio significativo en la&nbsp;l\u00ednea de avales Inversi\u00f3n y Circulante&nbsp;de la Sociedad An\u00f3nima Estatal de Cauci\u00f3n Agraria","og_url":"https:\/\/www.asajacyl.com\/palencia\/asaja-palencia-informa\/los-menores-de-40-anos-fueron-por-primera-vez-en-2024-los-principales-beneficiarios-de-avales-saeca","og_site_name":"ASAJA Palencia","article_published_time":"2025-03-19T06:30:00+00:00","og_image":[{"width":1890,"height":1654,"url":"https:\/\/www.asajacyl.com\/palencia\/wp-content\/uploads\/sites\/3\/2025\/03\/Agricultores-jovenes-web.jpg","type":"image\/jpeg"}],"author":"Administrador","twitter_card":"summary_large_image","twitter_misc":{"Escrito por":"Administrador","Tiempo de lectura":"4 minutos"},"schema":{"@context":"https:\/\/schema.org","@graph":[{"@type":"WebPage","@id":"https:\/\/www.asajacyl.com\/palencia\/asaja-palencia-informa\/los-menores-de-40-anos-fueron-por-primera-vez-en-2024-los-principales-beneficiarios-de-avales-saeca","url":"https:\/\/www.asajacyl.com\/palencia\/asaja-palencia-informa\/los-menores-de-40-anos-fueron-por-primera-vez-en-2024-los-principales-beneficiarios-de-avales-saeca","name":"Los menores de 40 a\u00f1os fueron por primera vez en 2024 los principales beneficiarios de avales SAECA - ASAJA Palencia","isPartOf":{"@id":"https:\/\/www.asajacyl.com\/palencia\/#website"},"primaryImageOfPage":{"@id":"https:\/\/www.asajacyl.com\/palencia\/asaja-palencia-informa\/los-menores-de-40-anos-fueron-por-primera-vez-en-2024-los-principales-beneficiarios-de-avales-saeca#primaryimage"},"image":{"@id":"https:\/\/www.asajacyl.com\/palencia\/asaja-palencia-informa\/los-menores-de-40-anos-fueron-por-primera-vez-en-2024-los-principales-beneficiarios-de-avales-saeca#primaryimage"},"thumbnailUrl":"https:\/\/www.asajacyl.com\/palencia\/wp-content\/uploads\/sites\/3\/2025\/03\/Agricultores-jovenes-web.jpg","datePublished":"2025-03-19T06:30:00+00:00","author":{"@id":"https:\/\/www.asajacyl.com\/palencia\/#\/schema\/person\/3ab17aeb03527485c317557fae64aab1"},"description":"El pasado 2024 marc\u00f3 un cambio significativo en la&nbsp;l\u00ednea de avales Inversi\u00f3n y Circulante&nbsp;de la Sociedad An\u00f3nima Estatal de Cauci\u00f3n Agraria","breadcrumb":{"@id":"https:\/\/www.asajacyl.com\/palencia\/asaja-palencia-informa\/los-menores-de-40-anos-fueron-por-primera-vez-en-2024-los-principales-beneficiarios-de-avales-saeca#breadcrumb"},"inLanguage":"es","potentialAction":[{"@type":"ReadAction","target":["https:\/\/www.asajacyl.com\/palencia\/asaja-palencia-informa\/los-menores-de-40-anos-fueron-por-primera-vez-en-2024-los-principales-beneficiarios-de-avales-saeca"]}]},{"@type":"ImageObject","inLanguage":"es","@id":"https:\/\/www.asajacyl.com\/palencia\/asaja-palencia-informa\/los-menores-de-40-anos-fueron-por-primera-vez-en-2024-los-principales-beneficiarios-de-avales-saeca#primaryimage","url":"https:\/\/www.asajacyl.com\/palencia\/wp-content\/uploads\/sites\/3\/2025\/03\/Agricultores-jovenes-web.jpg","contentUrl":"https:\/\/www.asajacyl.com\/palencia\/wp-content\/uploads\/sites\/3\/2025\/03\/Agricultores-jovenes-web.jpg","width":1890,"height":1654},{"@type":"BreadcrumbList","@id":"https:\/\/www.asajacyl.com\/palencia\/asaja-palencia-informa\/los-menores-de-40-anos-fueron-por-primera-vez-en-2024-los-principales-beneficiarios-de-avales-saeca#breadcrumb","itemListElement":[{"@type":"ListItem","position":1,"name":"Portada","item":"https:\/\/www.asajacyl.com\/palencia\/"},{"@type":"ListItem","position":2,"name":"Los menores de 40 a\u00f1os fueron por primera vez en 2024 los principales beneficiarios de avales SAECA"}]},{"@type":"WebSite","@id":"https:\/\/www.asajacyl.com\/palencia\/#website","url":"https:\/\/www.asajacyl.com\/palencia\/","name":"ASAJA Palencia","description":"Otro sitio m\u00e1s de Provincias ASAJA Castilla y Le\u00f3n","potentialAction":[{"@type":"SearchAction","target":{"@type":"EntryPoint","urlTemplate":"https:\/\/www.asajacyl.com\/palencia\/?s={search_term_string}"},"query-input":{"@type":"PropertyValueSpecification","valueRequired":true,"valueName":"search_term_string"}}],"inLanguage":"es"},{"@type":"Person","@id":"https:\/\/www.asajacyl.com\/palencia\/#\/schema\/person\/3ab17aeb03527485c317557fae64aab1","name":"Administrador","image":{"@type":"ImageObject","inLanguage":"es","@id":"https:\/\/www.asajacyl.com\/palencia\/#\/schema\/person\/image\/","url":"https:\/\/secure.gravatar.com\/avatar\/517384810d242ca9e38c180f3c9fb973?s=96&d=mm&r=g","contentUrl":"https:\/\/secure.gravatar.com\/avatar\/517384810d242ca9e38c180f3c9fb973?s=96&d=mm&r=g","caption":"Administrador"},"url":"https:\/\/www.asajacyl.com\/palencia\/author\/carlosrm"}]}},"_links":{"self":[{"href":"https:\/\/www.asajacyl.com\/palencia\/wp-json\/wp\/v2\/posts\/19272"}],"collection":[{"href":"https:\/\/www.asajacyl.com\/palencia\/wp-json\/wp\/v2\/posts"}],"about":[{"href":"https:\/\/www.asajacyl.com\/palencia\/wp-json\/wp\/v2\/types\/post"}],"author":[{"embeddable":true,"href":"https:\/\/www.asajacyl.com\/palencia\/wp-json\/wp\/v2\/users\/9"}],"replies":[{"embeddable":true,"href":"https:\/\/www.asajacyl.com\/palencia\/wp-json\/wp\/v2\/comments?post=19272"}],"version-history":[{"count":8,"href":"https:\/\/www.asajacyl.com\/palencia\/wp-json\/wp\/v2\/posts\/19272\/revisions"}],"predecessor-version":[{"id":19284,"href":"https:\/\/www.asajacyl.com\/palencia\/wp-json\/wp\/v2\/posts\/19272\/revisions\/19284"}],"wp:featuredmedia":[{"embeddable":true,"href":"https:\/\/www.asajacyl.com\/palencia\/wp-json\/wp\/v2\/media\/19282"}],"wp:attachment":[{"href":"https:\/\/www.asajacyl.com\/palencia\/wp-json\/wp\/v2\/media?parent=19272"}],"wp:term":[{"taxonomy":"category","embeddable":true,"href":"https:\/\/www.asajacyl.com\/palencia\/wp-json\/wp\/v2\/categories?post=19272"},{"taxonomy":"post_tag","embeddable":true,"href":"https:\/\/www.asajacyl.com\/palencia\/wp-json\/wp\/v2\/tags?post=19272"}],"curies":[{"name":"wp","href":"https:\/\/api.w.org\/{rel}","templated":true}]}}