{"id":19301,"date":"2025-03-22T08:00:00","date_gmt":"2025-03-22T07:00:00","guid":{"rendered":"https:\/\/www.asajacyl.com\/palencia\/?p=19301"},"modified":"2025-03-24T11:37:48","modified_gmt":"2025-03-24T10:37:48","slug":"torquemada-acoge-el-viernes-28-el-iii-congreso-del-campo-palentino-que-organiza-la-diputacion","status":"publish","type":"post","link":"https:\/\/www.asajacyl.com\/palencia\/asaja-palencia-informa\/torquemada-acoge-el-viernes-28-el-iii-congreso-del-campo-palentino-que-organiza-la-diputacion","title":{"rendered":"Torquemada acoge el viernes 28 el III Congreso del Campo Palentino que organiza la Diputaci\u00f3n"},"content":{"rendered":"\n<h2 class=\"wp-block-heading\">El Centro Sociocultural \u2018El Silo\u2019 de Torquemada acoger\u00e1 el viernes 28 de marzo el III Congreso del Campo Palentino, que abordar\u00e1 los retos y las oportunidades del sector. Los dos anteriores congresos se centraron en los cultivos del cereal y los forrajes.<\/h2>\n\n\n\n<p>La Diputaci\u00f3n de Palencia organiza este congreso, con la colaboraci\u00f3n del Ayuntamiento de Torquemada, Santander Agro y la Revista Campo, as\u00ed como una docena de empresas del sector.\u00a0<\/p>\n\n\n\n<p>Para poder asistir es <strong>obligatoria la inscripci\u00f3n<\/strong> en la web del congreso: <a href=\"https:\/\/www.revistacampo.es\/campo-palentino\/#inscripcion\" target=\"_blank\" rel=\"noreferrer noopener\">https:\/\/www.revistacampo.es\/campo-palentino\/#inscripcion<\/a><\/p>\n\n\n\n<p>El congreso incluir\u00e1 seis ponencias a cargo de profesionales y expertos, as\u00ed como una exposici\u00f3n de maquinaria. El programa, que ocupar\u00e1 toda la ma\u00f1ana del viernes 28, se cerrar\u00e1 con una mesa redonda con la participaci\u00f3n de firmas privadas del sector, instituciones p\u00fablicas y profesionales de la agricultura, como el presidente provincial de ASAJA,<strong> Jos\u00e9 Luis Marcos<\/strong>; el presidente de la Comunidad de Regantes del Canal del Pisuerga, <strong>Luis Alberto Nebreda,<\/strong> agricultor asociado a nuestra organizaci\u00f3n; y <strong>Beatriz Barcenilla<\/strong>, tambi\u00e9n asociada de ASAJA-Palencia, que representar\u00e1 en la mesa al grupo participativo del sector Ceres Rural Innovation Hub.<\/p>\n\n\n\n<p>Asimismo, dos socios de ASAJA-Palencia intervendr\u00e1n en el congreso: <strong>Antonio Barcenilla<\/strong>, de Agrobarcenilla; que hablar\u00e1 sobre los cultivos alternativos en la provincia de Palencia; e <strong>Iv\u00e1n \u00c1lvarez<\/strong>, gerente de la consultora agraria Asegrain, que ha titulado su charla con un interrogante \u2014\u00ab\u00bfSeguir\u00e1 siendo rentable sembrar cereal a nuestros hijos en Palencia?\u00bb\u2014 y que tambi\u00e9n participar\u00e1 en la mesa final de debate.<\/p>\n\n\n\n<p>Recogemos en la imagen adjunta el programa completo del congreso. <\/p>\n\n\n\n<figure class=\"wp-block-image size-large is-resized\"><img loading=\"lazy\" decoding=\"async\" width=\"702\" height=\"1024\" src=\"https:\/\/www.asajacyl.com\/palencia\/wp-content\/uploads\/sites\/3\/2025\/03\/Programa-III-Congreso-Campo-Palentino-702x1024.jpg\" alt=\"\" class=\"wp-image-19308\" style=\"width:1066px;height:auto\" srcset=\"https:\/\/www.asajacyl.com\/palencia\/wp-content\/uploads\/sites\/3\/2025\/03\/Programa-III-Congreso-Campo-Palentino-702x1024.jpg 702w, https:\/\/www.asajacyl.com\/palencia\/wp-content\/uploads\/sites\/3\/2025\/03\/Programa-III-Congreso-Campo-Palentino-206x300.jpg 206w, https:\/\/www.asajacyl.com\/palencia\/wp-content\/uploads\/sites\/3\/2025\/03\/Programa-III-Congreso-Campo-Palentino-768x1120.jpg 768w, https:\/\/www.asajacyl.com\/palencia\/wp-content\/uploads\/sites\/3\/2025\/03\/Programa-III-Congreso-Campo-Palentino-288x420.jpg 288w, https:\/\/www.asajacyl.com\/palencia\/wp-content\/uploads\/sites\/3\/2025\/03\/Programa-III-Congreso-Campo-Palentino-696x1015.jpg 696w, https:\/\/www.asajacyl.com\/palencia\/wp-content\/uploads\/sites\/3\/2025\/03\/Programa-III-Congreso-Campo-Palentino.jpg 900w\" sizes=\"(max-width: 702px) 100vw, 702px\" \/><\/figure>\n","protected":false},"excerpt":{"rendered":"<p>El Centro Sociocultural \u2018El Silo\u2019 de Torquemada acoger\u00e1 el viernes 28 de marzo el III Congreso del Campo Palentino, que abordar\u00e1 los retos y las oportunidades del sector. Los dos anteriores congresos se centraron en los cultivos del cereal y los forrajes. La Diputaci\u00f3n de Palencia organiza este congreso, con la colaboraci\u00f3n del Ayuntamiento de [&hellip;]<\/p>\n","protected":false},"author":9,"featured_media":19309,"comment_status":"open","ping_status":"open","sticky":false,"template":"","format":"standard","meta":{"footnotes":""},"categories":[9,31,39,29,28,13],"tags":[58,1108,46,953,142,422,351,188,77,66,92,55,285,93,401],"yoast_head":"<!-- This site is optimized with the Yoast SEO plugin v24.5 - https:\/\/yoast.com\/wordpress\/plugins\/seo\/ -->\n<title>Torquemada acoge el viernes 28 el III Congreso del Campo Palentino que organiza la Diputaci\u00f3n - ASAJA Palencia<\/title>\n<meta name=\"description\" content=\"El Centro Sociocultural \u2018El Silo\u2019 de Torquemada acoger\u00e1 el viernes 28 de marzo el III Congreso del Campo Palentino, que abordar\u00e1 los retos y las\" \/>\n<meta name=\"robots\" content=\"index, follow, max-snippet:-1, max-image-preview:large, max-video-preview:-1\" \/>\n<link rel=\"canonical\" href=\"https:\/\/www.asajacyl.com\/palencia\/asaja-palencia-informa\/torquemada-acoge-el-viernes-28-el-iii-congreso-del-campo-palentino-que-organiza-la-diputacion\" \/>\n<meta property=\"og:locale\" content=\"es_ES\" \/>\n<meta property=\"og:type\" content=\"article\" \/>\n<meta property=\"og:title\" content=\"Torquemada acoge el viernes 28 el III Congreso del Campo Palentino que organiza la Diputaci\u00f3n - ASAJA Palencia\" \/>\n<meta property=\"og:description\" content=\"El Centro Sociocultural \u2018El Silo\u2019 de Torquemada acoger\u00e1 el viernes 28 de marzo el III Congreso del Campo Palentino, que abordar\u00e1 los retos y las\" \/>\n<meta property=\"og:url\" content=\"https:\/\/www.asajacyl.com\/palencia\/asaja-palencia-informa\/torquemada-acoge-el-viernes-28-el-iii-congreso-del-campo-palentino-que-organiza-la-diputacion\" \/>\n<meta property=\"og:site_name\" content=\"ASAJA Palencia\" \/>\n<meta property=\"article:published_time\" content=\"2025-03-22T07:00:00+00:00\" \/>\n<meta property=\"article:modified_time\" content=\"2025-03-24T10:37:48+00:00\" \/>\n<meta property=\"og:image\" content=\"https:\/\/www.asajacyl.com\/palencia\/wp-content\/uploads\/sites\/3\/2025\/03\/III-Congreso-Campo-Palentino.jpg\" \/>\n\t<meta property=\"og:image:width\" content=\"1890\" \/>\n\t<meta property=\"og:image:height\" content=\"1654\" \/>\n\t<meta property=\"og:image:type\" content=\"image\/jpeg\" \/>\n<meta name=\"author\" content=\"Administrador\" \/>\n<meta name=\"twitter:card\" content=\"summary_large_image\" \/>\n<meta name=\"twitter:label1\" content=\"Escrito por\" \/>\n\t<meta name=\"twitter:data1\" content=\"Administrador\" \/>\n\t<meta name=\"twitter:label2\" content=\"Tiempo de lectura\" \/>\n\t<meta name=\"twitter:data2\" content=\"2 minutos\" \/>\n<script type=\"application\/ld+json\" class=\"yoast-schema-graph\">{\"@context\":\"https:\/\/schema.org\",\"@graph\":[{\"@type\":\"WebPage\",\"@id\":\"https:\/\/www.asajacyl.com\/palencia\/asaja-palencia-informa\/torquemada-acoge-el-viernes-28-el-iii-congreso-del-campo-palentino-que-organiza-la-diputacion\",\"url\":\"https:\/\/www.asajacyl.com\/palencia\/asaja-palencia-informa\/torquemada-acoge-el-viernes-28-el-iii-congreso-del-campo-palentino-que-organiza-la-diputacion\",\"name\":\"Torquemada acoge el viernes 28 el III Congreso del Campo Palentino que organiza la Diputaci\u00f3n - ASAJA Palencia\",\"isPartOf\":{\"@id\":\"https:\/\/www.asajacyl.com\/palencia\/#website\"},\"primaryImageOfPage\":{\"@id\":\"https:\/\/www.asajacyl.com\/palencia\/asaja-palencia-informa\/torquemada-acoge-el-viernes-28-el-iii-congreso-del-campo-palentino-que-organiza-la-diputacion#primaryimage\"},\"image\":{\"@id\":\"https:\/\/www.asajacyl.com\/palencia\/asaja-palencia-informa\/torquemada-acoge-el-viernes-28-el-iii-congreso-del-campo-palentino-que-organiza-la-diputacion#primaryimage\"},\"thumbnailUrl\":\"https:\/\/www.asajacyl.com\/palencia\/wp-content\/uploads\/sites\/3\/2025\/03\/III-Congreso-Campo-Palentino.jpg\",\"datePublished\":\"2025-03-22T07:00:00+00:00\",\"dateModified\":\"2025-03-24T10:37:48+00:00\",\"author\":{\"@id\":\"https:\/\/www.asajacyl.com\/palencia\/#\/schema\/person\/3ab17aeb03527485c317557fae64aab1\"},\"description\":\"El Centro Sociocultural \u2018El Silo\u2019 de Torquemada acoger\u00e1 el viernes 28 de marzo el III Congreso del Campo Palentino, que abordar\u00e1 los retos y las\",\"breadcrumb\":{\"@id\":\"https:\/\/www.asajacyl.com\/palencia\/asaja-palencia-informa\/torquemada-acoge-el-viernes-28-el-iii-congreso-del-campo-palentino-que-organiza-la-diputacion#breadcrumb\"},\"inLanguage\":\"es\",\"potentialAction\":[{\"@type\":\"ReadAction\",\"target\":[\"https:\/\/www.asajacyl.com\/palencia\/asaja-palencia-informa\/torquemada-acoge-el-viernes-28-el-iii-congreso-del-campo-palentino-que-organiza-la-diputacion\"]}]},{\"@type\":\"ImageObject\",\"inLanguage\":\"es\",\"@id\":\"https:\/\/www.asajacyl.com\/palencia\/asaja-palencia-informa\/torquemada-acoge-el-viernes-28-el-iii-congreso-del-campo-palentino-que-organiza-la-diputacion#primaryimage\",\"url\":\"https:\/\/www.asajacyl.com\/palencia\/wp-content\/uploads\/sites\/3\/2025\/03\/III-Congreso-Campo-Palentino.jpg\",\"contentUrl\":\"https:\/\/www.asajacyl.com\/palencia\/wp-content\/uploads\/sites\/3\/2025\/03\/III-Congreso-Campo-Palentino.jpg\",\"width\":1890,\"height\":1654},{\"@type\":\"BreadcrumbList\",\"@id\":\"https:\/\/www.asajacyl.com\/palencia\/asaja-palencia-informa\/torquemada-acoge-el-viernes-28-el-iii-congreso-del-campo-palentino-que-organiza-la-diputacion#breadcrumb\",\"itemListElement\":[{\"@type\":\"ListItem\",\"position\":1,\"name\":\"Portada\",\"item\":\"https:\/\/www.asajacyl.com\/palencia\/\"},{\"@type\":\"ListItem\",\"position\":2,\"name\":\"Torquemada acoge el viernes 28 el III Congreso del Campo Palentino que organiza la Diputaci\u00f3n\"}]},{\"@type\":\"WebSite\",\"@id\":\"https:\/\/www.asajacyl.com\/palencia\/#website\",\"url\":\"https:\/\/www.asajacyl.com\/palencia\/\",\"name\":\"ASAJA Palencia\",\"description\":\"Otro sitio m\u00e1s de Provincias ASAJA Castilla y Le\u00f3n\",\"potentialAction\":[{\"@type\":\"SearchAction\",\"target\":{\"@type\":\"EntryPoint\",\"urlTemplate\":\"https:\/\/www.asajacyl.com\/palencia\/?s={search_term_string}\"},\"query-input\":{\"@type\":\"PropertyValueSpecification\",\"valueRequired\":true,\"valueName\":\"search_term_string\"}}],\"inLanguage\":\"es\"},{\"@type\":\"Person\",\"@id\":\"https:\/\/www.asajacyl.com\/palencia\/#\/schema\/person\/3ab17aeb03527485c317557fae64aab1\",\"name\":\"Administrador\",\"image\":{\"@type\":\"ImageObject\",\"inLanguage\":\"es\",\"@id\":\"https:\/\/www.asajacyl.com\/palencia\/#\/schema\/person\/image\/\",\"url\":\"https:\/\/secure.gravatar.com\/avatar\/517384810d242ca9e38c180f3c9fb973?s=96&d=mm&r=g\",\"contentUrl\":\"https:\/\/secure.gravatar.com\/avatar\/517384810d242ca9e38c180f3c9fb973?s=96&d=mm&r=g\",\"caption\":\"Administrador\"},\"url\":\"https:\/\/www.asajacyl.com\/palencia\/author\/carlosrm\"}]}<\/script>\n<!-- \/ Yoast SEO plugin. -->","yoast_head_json":{"title":"Torquemada acoge el viernes 28 el III Congreso del Campo Palentino que organiza la Diputaci\u00f3n - ASAJA Palencia","description":"El Centro Sociocultural \u2018El Silo\u2019 de Torquemada acoger\u00e1 el viernes 28 de marzo el III Congreso del Campo Palentino, que abordar\u00e1 los retos y las","robots":{"index":"index","follow":"follow","max-snippet":"max-snippet:-1","max-image-preview":"max-image-preview:large","max-video-preview":"max-video-preview:-1"},"canonical":"https:\/\/www.asajacyl.com\/palencia\/asaja-palencia-informa\/torquemada-acoge-el-viernes-28-el-iii-congreso-del-campo-palentino-que-organiza-la-diputacion","og_locale":"es_ES","og_type":"article","og_title":"Torquemada acoge el viernes 28 el III Congreso del Campo Palentino que organiza la Diputaci\u00f3n - ASAJA Palencia","og_description":"El Centro Sociocultural \u2018El Silo\u2019 de Torquemada acoger\u00e1 el viernes 28 de marzo el III Congreso del Campo Palentino, que abordar\u00e1 los retos y las","og_url":"https:\/\/www.asajacyl.com\/palencia\/asaja-palencia-informa\/torquemada-acoge-el-viernes-28-el-iii-congreso-del-campo-palentino-que-organiza-la-diputacion","og_site_name":"ASAJA Palencia","article_published_time":"2025-03-22T07:00:00+00:00","article_modified_time":"2025-03-24T10:37:48+00:00","og_image":[{"width":1890,"height":1654,"url":"https:\/\/www.asajacyl.com\/palencia\/wp-content\/uploads\/sites\/3\/2025\/03\/III-Congreso-Campo-Palentino.jpg","type":"image\/jpeg"}],"author":"Administrador","twitter_card":"summary_large_image","twitter_misc":{"Escrito por":"Administrador","Tiempo de lectura":"2 minutos"},"schema":{"@context":"https:\/\/schema.org","@graph":[{"@type":"WebPage","@id":"https:\/\/www.asajacyl.com\/palencia\/asaja-palencia-informa\/torquemada-acoge-el-viernes-28-el-iii-congreso-del-campo-palentino-que-organiza-la-diputacion","url":"https:\/\/www.asajacyl.com\/palencia\/asaja-palencia-informa\/torquemada-acoge-el-viernes-28-el-iii-congreso-del-campo-palentino-que-organiza-la-diputacion","name":"Torquemada acoge el viernes 28 el III Congreso del Campo Palentino que organiza la Diputaci\u00f3n - ASAJA Palencia","isPartOf":{"@id":"https:\/\/www.asajacyl.com\/palencia\/#website"},"primaryImageOfPage":{"@id":"https:\/\/www.asajacyl.com\/palencia\/asaja-palencia-informa\/torquemada-acoge-el-viernes-28-el-iii-congreso-del-campo-palentino-que-organiza-la-diputacion#primaryimage"},"image":{"@id":"https:\/\/www.asajacyl.com\/palencia\/asaja-palencia-informa\/torquemada-acoge-el-viernes-28-el-iii-congreso-del-campo-palentino-que-organiza-la-diputacion#primaryimage"},"thumbnailUrl":"https:\/\/www.asajacyl.com\/palencia\/wp-content\/uploads\/sites\/3\/2025\/03\/III-Congreso-Campo-Palentino.jpg","datePublished":"2025-03-22T07:00:00+00:00","dateModified":"2025-03-24T10:37:48+00:00","author":{"@id":"https:\/\/www.asajacyl.com\/palencia\/#\/schema\/person\/3ab17aeb03527485c317557fae64aab1"},"description":"El Centro Sociocultural \u2018El Silo\u2019 de Torquemada acoger\u00e1 el viernes 28 de marzo el III Congreso del Campo Palentino, que abordar\u00e1 los retos y las","breadcrumb":{"@id":"https:\/\/www.asajacyl.com\/palencia\/asaja-palencia-informa\/torquemada-acoge-el-viernes-28-el-iii-congreso-del-campo-palentino-que-organiza-la-diputacion#breadcrumb"},"inLanguage":"es","potentialAction":[{"@type":"ReadAction","target":["https:\/\/www.asajacyl.com\/palencia\/asaja-palencia-informa\/torquemada-acoge-el-viernes-28-el-iii-congreso-del-campo-palentino-que-organiza-la-diputacion"]}]},{"@type":"ImageObject","inLanguage":"es","@id":"https:\/\/www.asajacyl.com\/palencia\/asaja-palencia-informa\/torquemada-acoge-el-viernes-28-el-iii-congreso-del-campo-palentino-que-organiza-la-diputacion#primaryimage","url":"https:\/\/www.asajacyl.com\/palencia\/wp-content\/uploads\/sites\/3\/2025\/03\/III-Congreso-Campo-Palentino.jpg","contentUrl":"https:\/\/www.asajacyl.com\/palencia\/wp-content\/uploads\/sites\/3\/2025\/03\/III-Congreso-Campo-Palentino.jpg","width":1890,"height":1654},{"@type":"BreadcrumbList","@id":"https:\/\/www.asajacyl.com\/palencia\/asaja-palencia-informa\/torquemada-acoge-el-viernes-28-el-iii-congreso-del-campo-palentino-que-organiza-la-diputacion#breadcrumb","itemListElement":[{"@type":"ListItem","position":1,"name":"Portada","item":"https:\/\/www.asajacyl.com\/palencia\/"},{"@type":"ListItem","position":2,"name":"Torquemada acoge el viernes 28 el III Congreso del Campo Palentino que organiza la Diputaci\u00f3n"}]},{"@type":"WebSite","@id":"https:\/\/www.asajacyl.com\/palencia\/#website","url":"https:\/\/www.asajacyl.com\/palencia\/","name":"ASAJA Palencia","description":"Otro sitio m\u00e1s de Provincias ASAJA Castilla y Le\u00f3n","potentialAction":[{"@type":"SearchAction","target":{"@type":"EntryPoint","urlTemplate":"https:\/\/www.asajacyl.com\/palencia\/?s={search_term_string}"},"query-input":{"@type":"PropertyValueSpecification","valueRequired":true,"valueName":"search_term_string"}}],"inLanguage":"es"},{"@type":"Person","@id":"https:\/\/www.asajacyl.com\/palencia\/#\/schema\/person\/3ab17aeb03527485c317557fae64aab1","name":"Administrador","image":{"@type":"ImageObject","inLanguage":"es","@id":"https:\/\/www.asajacyl.com\/palencia\/#\/schema\/person\/image\/","url":"https:\/\/secure.gravatar.com\/avatar\/517384810d242ca9e38c180f3c9fb973?s=96&d=mm&r=g","contentUrl":"https:\/\/secure.gravatar.com\/avatar\/517384810d242ca9e38c180f3c9fb973?s=96&d=mm&r=g","caption":"Administrador"},"url":"https:\/\/www.asajacyl.com\/palencia\/author\/carlosrm"}]}},"_links":{"self":[{"href":"https:\/\/www.asajacyl.com\/palencia\/wp-json\/wp\/v2\/posts\/19301"}],"collection":[{"href":"https:\/\/www.asajacyl.com\/palencia\/wp-json\/wp\/v2\/posts"}],"about":[{"href":"https:\/\/www.asajacyl.com\/palencia\/wp-json\/wp\/v2\/types\/post"}],"author":[{"embeddable":true,"href":"https:\/\/www.asajacyl.com\/palencia\/wp-json\/wp\/v2\/users\/9"}],"replies":[{"embeddable":true,"href":"https:\/\/www.asajacyl.com\/palencia\/wp-json\/wp\/v2\/comments?post=19301"}],"version-history":[{"count":3,"href":"https:\/\/www.asajacyl.com\/palencia\/wp-json\/wp\/v2\/posts\/19301\/revisions"}],"predecessor-version":[{"id":19378,"href":"https:\/\/www.asajacyl.com\/palencia\/wp-json\/wp\/v2\/posts\/19301\/revisions\/19378"}],"wp:featuredmedia":[{"embeddable":true,"href":"https:\/\/www.asajacyl.com\/palencia\/wp-json\/wp\/v2\/media\/19309"}],"wp:attachment":[{"href":"https:\/\/www.asajacyl.com\/palencia\/wp-json\/wp\/v2\/media?parent=19301"}],"wp:term":[{"taxonomy":"category","embeddable":true,"href":"https:\/\/www.asajacyl.com\/palencia\/wp-json\/wp\/v2\/categories?post=19301"},{"taxonomy":"post_tag","embeddable":true,"href":"https:\/\/www.asajacyl.com\/palencia\/wp-json\/wp\/v2\/tags?post=19301"}],"curies":[{"name":"wp","href":"https:\/\/api.w.org\/{rel}","templated":true}]}}