{"id":19302,"date":"2025-03-19T13:31:30","date_gmt":"2025-03-19T12:31:30","guid":{"rendered":"https:\/\/www.asajacyl.com\/palencia\/?p=19302"},"modified":"2025-03-19T13:31:32","modified_gmt":"2025-03-19T12:31:32","slug":"este-viernes-21-asamblea-de-asaja-palencia-con-intervenciones-de-pedro-barato-y-pedro-medina","status":"publish","type":"post","link":"https:\/\/www.asajacyl.com\/palencia\/asaja-palencia-informa\/este-viernes-21-asamblea-de-asaja-palencia-con-intervenciones-de-pedro-barato-y-pedro-medina","title":{"rendered":"Este viernes 21, asamblea de ASAJA-Palencia, con intervenciones de Pedro Barato y Pedro Medina"},"content":{"rendered":"\n<h2 class=\"wp-block-heading\">ASAJA-Palencia celebra este viernes 21 de marzo (11:30 horas) su asamblea general ordinaria en el auditorio de Unicaja (Obispo Nicol\u00e1s Castellanos, 2) de la capital. Aparte del orden del d\u00eda y tras los sorteos de viajes, Pedro Medina, exviceconsejero de PAC y Desarrollo Rural de la Junta de Castilla y Le\u00f3n, ofrecer\u00e1 una interesante conferencia sobre el futuro de la pol\u00edtica agraria de la UE. Nuestro presidente nacional, Pedro Barato, pronunciar\u00e1 posteriormente el discurso de clausura del acto.<\/h2>\n\n\n<div class=\"wp-block-image\">\n<figure class=\"alignright size-large is-resized\"><img loading=\"lazy\" decoding=\"async\" width=\"724\" height=\"1024\" src=\"https:\/\/www.asajacyl.com\/palencia\/wp-content\/uploads\/sites\/3\/2025\/03\/image-3-724x1024.jpg\" alt=\"\" class=\"wp-image-19304\" style=\"width:534px;height:auto\" srcset=\"https:\/\/www.asajacyl.com\/palencia\/wp-content\/uploads\/sites\/3\/2025\/03\/image-3-724x1024.jpg 724w, https:\/\/www.asajacyl.com\/palencia\/wp-content\/uploads\/sites\/3\/2025\/03\/image-3-212x300.jpg 212w, https:\/\/www.asajacyl.com\/palencia\/wp-content\/uploads\/sites\/3\/2025\/03\/image-3-768x1086.jpg 768w, https:\/\/www.asajacyl.com\/palencia\/wp-content\/uploads\/sites\/3\/2025\/03\/image-3-1086x1536.jpg 1086w, https:\/\/www.asajacyl.com\/palencia\/wp-content\/uploads\/sites\/3\/2025\/03\/image-3-1448x2048.jpg 1448w, https:\/\/www.asajacyl.com\/palencia\/wp-content\/uploads\/sites\/3\/2025\/03\/image-3-297x420.jpg 297w, https:\/\/www.asajacyl.com\/palencia\/wp-content\/uploads\/sites\/3\/2025\/03\/image-3-696x984.jpg 696w, https:\/\/www.asajacyl.com\/palencia\/wp-content\/uploads\/sites\/3\/2025\/03\/image-3-1068x1510.jpg 1068w, https:\/\/www.asajacyl.com\/palencia\/wp-content\/uploads\/sites\/3\/2025\/03\/image-3.jpg 1768w\" sizes=\"(max-width: 724px) 100vw, 724px\" \/><\/figure><\/div>\n\n\n<p>Por todos estos alicientes a\u00f1adidos, as\u00ed como por el inter\u00e9s propio de cada asamblea ordinaria anual, incluido el informe del presidente Jos\u00e9 Luis Marcos, ASAJA-Palencia anima a los asociados a asistir. Cara a una mejor organizaci\u00f3n del evento,\u00a0<strong>rogamos la inscripci\u00f3n en tu oficina de ASAJA, o en el tel\u00e9fono 979 752 344.<\/strong><\/p>\n\n\n\n<p>Tras el turno de ruego de preguntas y los sorteos que ponen fin al orden del d\u00eda, Pedro Medina ofrecer\u00e1 una ponencia titulada\u00a0<em>La futura PAC empieza a cocinarse.<\/em>\u00a0El exviceconsejero de Pol\u00edtica Agraria Com\u00fan y Desarrollo Rural de la Junta de Castilla y Le\u00f3n abordar\u00e1 las l\u00edneas maestras que ya se van trazando sobre las pol\u00edticas que llegar\u00e1n de Europa para nuestro sector a partir de 2028, con especial atenci\u00f3n a las que m\u00e1s repercuten en nuestra comunidad, as\u00ed como las perspectivas sobre la financiaci\u00f3n de la PAC en el nuevo marco financiero plurianual, que ser\u00e1 el aut\u00e9ntico caballo de batalla, seg\u00fan viene subrayando ASAJA en todos los foros.<\/p>\n\n\n\n<p>Por su parte, Pedro Barato, presidente nacional de ASAJA, acudir\u00e1 a Palencia para clausurar la jornada con un discurso donde, sin duda, tendr\u00e1n reflejo esas cuestiones comunitarias y otros asuntos internacionales, como los acuerdos de libre comercio de la UE con Mercosur, as\u00ed como las decisiones pol\u00edticas del Gobierno de Espa\u00f1a que m\u00e1s afectan a nuestro sector.<\/p>\n\n\n\n<p>En el cartel adjunto pueden verse con detalle los puntos del orden del d\u00eda de esta asamblea general ordinaria, as\u00ed como sobre el sorteo de cinco viajes para dos personas entre los asociadios que hayan tramitado con ASAJA-Palencia la solicitud de ayudas de la PAC y de otros tantos con quienes hayan suscrito con nosotros el seguro agrario.<strong>\/<\/strong><\/p>\n\n\n\n<p><a href=\"https:\/\/www.asajacyl.com\/palencia\/wp-content\/uploads\/sites\/3\/2025\/03\/Anuncio-Asamblea-para-web.jpg\"><\/a><\/p>\n","protected":false},"excerpt":{"rendered":"<p>ASAJA-Palencia celebra este viernes 21 de marzo (11:30 horas) su asamblea general ordinaria en el auditorio de Unicaja (Obispo Nicol\u00e1s Castellanos, 2) de la capital. Aparte del orden del d\u00eda y tras los sorteos de viajes, Pedro Medina, exviceconsejero de PAC y Desarrollo Rural de la Junta de Castilla y Le\u00f3n, ofrecer\u00e1 una interesante conferencia [&hellip;]<\/p>\n","protected":false},"author":9,"featured_media":19306,"comment_status":"open","ping_status":"open","sticky":false,"template":"","format":"standard","meta":{"footnotes":""},"categories":[9,31,29,28,13],"tags":[1308,58,59,46,77,1259,66,110,45,338],"yoast_head":"<!-- This site is optimized with the Yoast SEO plugin v24.5 - https:\/\/yoast.com\/wordpress\/plugins\/seo\/ -->\n<title>Este viernes 21, asamblea de ASAJA-Palencia, con intervenciones de Pedro Barato y Pedro Medina - ASAJA Palencia<\/title>\n<meta name=\"description\" content=\"ASAJA-Palencia celebra este viernes 21 de marzo (11:30 horas) su asamblea general ordinaria en el auditorio de Unicaja (Obispo Nicol\u00e1s Castellanos, 2) de\" \/>\n<meta name=\"robots\" content=\"index, follow, max-snippet:-1, max-image-preview:large, max-video-preview:-1\" \/>\n<link rel=\"canonical\" href=\"https:\/\/www.asajacyl.com\/palencia\/asaja-palencia-informa\/este-viernes-21-asamblea-de-asaja-palencia-con-intervenciones-de-pedro-barato-y-pedro-medina\" \/>\n<meta property=\"og:locale\" content=\"es_ES\" \/>\n<meta property=\"og:type\" content=\"article\" \/>\n<meta property=\"og:title\" content=\"Este viernes 21, asamblea de ASAJA-Palencia, con intervenciones de Pedro Barato y Pedro Medina - ASAJA Palencia\" \/>\n<meta property=\"og:description\" content=\"ASAJA-Palencia celebra este viernes 21 de marzo (11:30 horas) su asamblea general ordinaria en el auditorio de Unicaja (Obispo Nicol\u00e1s Castellanos, 2) de\" \/>\n<meta property=\"og:url\" content=\"https:\/\/www.asajacyl.com\/palencia\/asaja-palencia-informa\/este-viernes-21-asamblea-de-asaja-palencia-con-intervenciones-de-pedro-barato-y-pedro-medina\" \/>\n<meta property=\"og:site_name\" content=\"ASAJA Palencia\" \/>\n<meta property=\"article:published_time\" content=\"2025-03-19T12:31:30+00:00\" \/>\n<meta property=\"article:modified_time\" content=\"2025-03-19T12:31:32+00:00\" \/>\n<meta property=\"og:image\" content=\"https:\/\/www.asajacyl.com\/palencia\/wp-content\/uploads\/sites\/3\/2025\/03\/Asamblea-ordinaria-2024.jpg\" \/>\n\t<meta property=\"og:image:width\" content=\"1890\" \/>\n\t<meta property=\"og:image:height\" content=\"1654\" \/>\n\t<meta property=\"og:image:type\" content=\"image\/jpeg\" \/>\n<meta name=\"author\" content=\"Administrador\" \/>\n<meta name=\"twitter:card\" content=\"summary_large_image\" \/>\n<meta name=\"twitter:label1\" content=\"Escrito por\" \/>\n\t<meta name=\"twitter:data1\" content=\"Administrador\" \/>\n\t<meta name=\"twitter:label2\" content=\"Tiempo de lectura\" \/>\n\t<meta name=\"twitter:data2\" content=\"3 minutos\" \/>\n<script type=\"application\/ld+json\" class=\"yoast-schema-graph\">{\"@context\":\"https:\/\/schema.org\",\"@graph\":[{\"@type\":\"WebPage\",\"@id\":\"https:\/\/www.asajacyl.com\/palencia\/asaja-palencia-informa\/este-viernes-21-asamblea-de-asaja-palencia-con-intervenciones-de-pedro-barato-y-pedro-medina\",\"url\":\"https:\/\/www.asajacyl.com\/palencia\/asaja-palencia-informa\/este-viernes-21-asamblea-de-asaja-palencia-con-intervenciones-de-pedro-barato-y-pedro-medina\",\"name\":\"Este viernes 21, asamblea de ASAJA-Palencia, con intervenciones de Pedro Barato y Pedro Medina - ASAJA Palencia\",\"isPartOf\":{\"@id\":\"https:\/\/www.asajacyl.com\/palencia\/#website\"},\"primaryImageOfPage\":{\"@id\":\"https:\/\/www.asajacyl.com\/palencia\/asaja-palencia-informa\/este-viernes-21-asamblea-de-asaja-palencia-con-intervenciones-de-pedro-barato-y-pedro-medina#primaryimage\"},\"image\":{\"@id\":\"https:\/\/www.asajacyl.com\/palencia\/asaja-palencia-informa\/este-viernes-21-asamblea-de-asaja-palencia-con-intervenciones-de-pedro-barato-y-pedro-medina#primaryimage\"},\"thumbnailUrl\":\"https:\/\/www.asajacyl.com\/palencia\/wp-content\/uploads\/sites\/3\/2025\/03\/Asamblea-ordinaria-2024.jpg\",\"datePublished\":\"2025-03-19T12:31:30+00:00\",\"dateModified\":\"2025-03-19T12:31:32+00:00\",\"author\":{\"@id\":\"https:\/\/www.asajacyl.com\/palencia\/#\/schema\/person\/3ab17aeb03527485c317557fae64aab1\"},\"description\":\"ASAJA-Palencia celebra este viernes 21 de marzo (11:30 horas) su asamblea general ordinaria en el auditorio de Unicaja (Obispo Nicol\u00e1s Castellanos, 2) de\",\"breadcrumb\":{\"@id\":\"https:\/\/www.asajacyl.com\/palencia\/asaja-palencia-informa\/este-viernes-21-asamblea-de-asaja-palencia-con-intervenciones-de-pedro-barato-y-pedro-medina#breadcrumb\"},\"inLanguage\":\"es\",\"potentialAction\":[{\"@type\":\"ReadAction\",\"target\":[\"https:\/\/www.asajacyl.com\/palencia\/asaja-palencia-informa\/este-viernes-21-asamblea-de-asaja-palencia-con-intervenciones-de-pedro-barato-y-pedro-medina\"]}]},{\"@type\":\"ImageObject\",\"inLanguage\":\"es\",\"@id\":\"https:\/\/www.asajacyl.com\/palencia\/asaja-palencia-informa\/este-viernes-21-asamblea-de-asaja-palencia-con-intervenciones-de-pedro-barato-y-pedro-medina#primaryimage\",\"url\":\"https:\/\/www.asajacyl.com\/palencia\/wp-content\/uploads\/sites\/3\/2025\/03\/Asamblea-ordinaria-2024.jpg\",\"contentUrl\":\"https:\/\/www.asajacyl.com\/palencia\/wp-content\/uploads\/sites\/3\/2025\/03\/Asamblea-ordinaria-2024.jpg\",\"width\":1890,\"height\":1654},{\"@type\":\"BreadcrumbList\",\"@id\":\"https:\/\/www.asajacyl.com\/palencia\/asaja-palencia-informa\/este-viernes-21-asamblea-de-asaja-palencia-con-intervenciones-de-pedro-barato-y-pedro-medina#breadcrumb\",\"itemListElement\":[{\"@type\":\"ListItem\",\"position\":1,\"name\":\"Portada\",\"item\":\"https:\/\/www.asajacyl.com\/palencia\/\"},{\"@type\":\"ListItem\",\"position\":2,\"name\":\"Este viernes 21, asamblea de ASAJA-Palencia, con intervenciones de Pedro Barato y Pedro Medina\"}]},{\"@type\":\"WebSite\",\"@id\":\"https:\/\/www.asajacyl.com\/palencia\/#website\",\"url\":\"https:\/\/www.asajacyl.com\/palencia\/\",\"name\":\"ASAJA Palencia\",\"description\":\"Otro sitio m\u00e1s de Provincias ASAJA Castilla y Le\u00f3n\",\"potentialAction\":[{\"@type\":\"SearchAction\",\"target\":{\"@type\":\"EntryPoint\",\"urlTemplate\":\"https:\/\/www.asajacyl.com\/palencia\/?s={search_term_string}\"},\"query-input\":{\"@type\":\"PropertyValueSpecification\",\"valueRequired\":true,\"valueName\":\"search_term_string\"}}],\"inLanguage\":\"es\"},{\"@type\":\"Person\",\"@id\":\"https:\/\/www.asajacyl.com\/palencia\/#\/schema\/person\/3ab17aeb03527485c317557fae64aab1\",\"name\":\"Administrador\",\"image\":{\"@type\":\"ImageObject\",\"inLanguage\":\"es\",\"@id\":\"https:\/\/www.asajacyl.com\/palencia\/#\/schema\/person\/image\/\",\"url\":\"https:\/\/secure.gravatar.com\/avatar\/517384810d242ca9e38c180f3c9fb973?s=96&d=mm&r=g\",\"contentUrl\":\"https:\/\/secure.gravatar.com\/avatar\/517384810d242ca9e38c180f3c9fb973?s=96&d=mm&r=g\",\"caption\":\"Administrador\"},\"url\":\"https:\/\/www.asajacyl.com\/palencia\/author\/carlosrm\"}]}<\/script>\n<!-- \/ Yoast SEO plugin. -->","yoast_head_json":{"title":"Este viernes 21, asamblea de ASAJA-Palencia, con intervenciones de Pedro Barato y Pedro Medina - ASAJA Palencia","description":"ASAJA-Palencia celebra este viernes 21 de marzo (11:30 horas) su asamblea general ordinaria en el auditorio de Unicaja (Obispo Nicol\u00e1s Castellanos, 2) de","robots":{"index":"index","follow":"follow","max-snippet":"max-snippet:-1","max-image-preview":"max-image-preview:large","max-video-preview":"max-video-preview:-1"},"canonical":"https:\/\/www.asajacyl.com\/palencia\/asaja-palencia-informa\/este-viernes-21-asamblea-de-asaja-palencia-con-intervenciones-de-pedro-barato-y-pedro-medina","og_locale":"es_ES","og_type":"article","og_title":"Este viernes 21, asamblea de ASAJA-Palencia, con intervenciones de Pedro Barato y Pedro Medina - ASAJA Palencia","og_description":"ASAJA-Palencia celebra este viernes 21 de marzo (11:30 horas) su asamblea general ordinaria en el auditorio de Unicaja (Obispo Nicol\u00e1s Castellanos, 2) de","og_url":"https:\/\/www.asajacyl.com\/palencia\/asaja-palencia-informa\/este-viernes-21-asamblea-de-asaja-palencia-con-intervenciones-de-pedro-barato-y-pedro-medina","og_site_name":"ASAJA Palencia","article_published_time":"2025-03-19T12:31:30+00:00","article_modified_time":"2025-03-19T12:31:32+00:00","og_image":[{"width":1890,"height":1654,"url":"https:\/\/www.asajacyl.com\/palencia\/wp-content\/uploads\/sites\/3\/2025\/03\/Asamblea-ordinaria-2024.jpg","type":"image\/jpeg"}],"author":"Administrador","twitter_card":"summary_large_image","twitter_misc":{"Escrito por":"Administrador","Tiempo de lectura":"3 minutos"},"schema":{"@context":"https:\/\/schema.org","@graph":[{"@type":"WebPage","@id":"https:\/\/www.asajacyl.com\/palencia\/asaja-palencia-informa\/este-viernes-21-asamblea-de-asaja-palencia-con-intervenciones-de-pedro-barato-y-pedro-medina","url":"https:\/\/www.asajacyl.com\/palencia\/asaja-palencia-informa\/este-viernes-21-asamblea-de-asaja-palencia-con-intervenciones-de-pedro-barato-y-pedro-medina","name":"Este viernes 21, asamblea de ASAJA-Palencia, con intervenciones de Pedro Barato y Pedro Medina - ASAJA Palencia","isPartOf":{"@id":"https:\/\/www.asajacyl.com\/palencia\/#website"},"primaryImageOfPage":{"@id":"https:\/\/www.asajacyl.com\/palencia\/asaja-palencia-informa\/este-viernes-21-asamblea-de-asaja-palencia-con-intervenciones-de-pedro-barato-y-pedro-medina#primaryimage"},"image":{"@id":"https:\/\/www.asajacyl.com\/palencia\/asaja-palencia-informa\/este-viernes-21-asamblea-de-asaja-palencia-con-intervenciones-de-pedro-barato-y-pedro-medina#primaryimage"},"thumbnailUrl":"https:\/\/www.asajacyl.com\/palencia\/wp-content\/uploads\/sites\/3\/2025\/03\/Asamblea-ordinaria-2024.jpg","datePublished":"2025-03-19T12:31:30+00:00","dateModified":"2025-03-19T12:31:32+00:00","author":{"@id":"https:\/\/www.asajacyl.com\/palencia\/#\/schema\/person\/3ab17aeb03527485c317557fae64aab1"},"description":"ASAJA-Palencia celebra este viernes 21 de marzo (11:30 horas) su asamblea general ordinaria en el auditorio de Unicaja (Obispo Nicol\u00e1s Castellanos, 2) de","breadcrumb":{"@id":"https:\/\/www.asajacyl.com\/palencia\/asaja-palencia-informa\/este-viernes-21-asamblea-de-asaja-palencia-con-intervenciones-de-pedro-barato-y-pedro-medina#breadcrumb"},"inLanguage":"es","potentialAction":[{"@type":"ReadAction","target":["https:\/\/www.asajacyl.com\/palencia\/asaja-palencia-informa\/este-viernes-21-asamblea-de-asaja-palencia-con-intervenciones-de-pedro-barato-y-pedro-medina"]}]},{"@type":"ImageObject","inLanguage":"es","@id":"https:\/\/www.asajacyl.com\/palencia\/asaja-palencia-informa\/este-viernes-21-asamblea-de-asaja-palencia-con-intervenciones-de-pedro-barato-y-pedro-medina#primaryimage","url":"https:\/\/www.asajacyl.com\/palencia\/wp-content\/uploads\/sites\/3\/2025\/03\/Asamblea-ordinaria-2024.jpg","contentUrl":"https:\/\/www.asajacyl.com\/palencia\/wp-content\/uploads\/sites\/3\/2025\/03\/Asamblea-ordinaria-2024.jpg","width":1890,"height":1654},{"@type":"BreadcrumbList","@id":"https:\/\/www.asajacyl.com\/palencia\/asaja-palencia-informa\/este-viernes-21-asamblea-de-asaja-palencia-con-intervenciones-de-pedro-barato-y-pedro-medina#breadcrumb","itemListElement":[{"@type":"ListItem","position":1,"name":"Portada","item":"https:\/\/www.asajacyl.com\/palencia\/"},{"@type":"ListItem","position":2,"name":"Este viernes 21, asamblea de ASAJA-Palencia, con intervenciones de Pedro Barato y Pedro Medina"}]},{"@type":"WebSite","@id":"https:\/\/www.asajacyl.com\/palencia\/#website","url":"https:\/\/www.asajacyl.com\/palencia\/","name":"ASAJA Palencia","description":"Otro sitio m\u00e1s de Provincias ASAJA Castilla y Le\u00f3n","potentialAction":[{"@type":"SearchAction","target":{"@type":"EntryPoint","urlTemplate":"https:\/\/www.asajacyl.com\/palencia\/?s={search_term_string}"},"query-input":{"@type":"PropertyValueSpecification","valueRequired":true,"valueName":"search_term_string"}}],"inLanguage":"es"},{"@type":"Person","@id":"https:\/\/www.asajacyl.com\/palencia\/#\/schema\/person\/3ab17aeb03527485c317557fae64aab1","name":"Administrador","image":{"@type":"ImageObject","inLanguage":"es","@id":"https:\/\/www.asajacyl.com\/palencia\/#\/schema\/person\/image\/","url":"https:\/\/secure.gravatar.com\/avatar\/517384810d242ca9e38c180f3c9fb973?s=96&d=mm&r=g","contentUrl":"https:\/\/secure.gravatar.com\/avatar\/517384810d242ca9e38c180f3c9fb973?s=96&d=mm&r=g","caption":"Administrador"},"url":"https:\/\/www.asajacyl.com\/palencia\/author\/carlosrm"}]}},"_links":{"self":[{"href":"https:\/\/www.asajacyl.com\/palencia\/wp-json\/wp\/v2\/posts\/19302"}],"collection":[{"href":"https:\/\/www.asajacyl.com\/palencia\/wp-json\/wp\/v2\/posts"}],"about":[{"href":"https:\/\/www.asajacyl.com\/palencia\/wp-json\/wp\/v2\/types\/post"}],"author":[{"embeddable":true,"href":"https:\/\/www.asajacyl.com\/palencia\/wp-json\/wp\/v2\/users\/9"}],"replies":[{"embeddable":true,"href":"https:\/\/www.asajacyl.com\/palencia\/wp-json\/wp\/v2\/comments?post=19302"}],"version-history":[{"count":2,"href":"https:\/\/www.asajacyl.com\/palencia\/wp-json\/wp\/v2\/posts\/19302\/revisions"}],"predecessor-version":[{"id":19307,"href":"https:\/\/www.asajacyl.com\/palencia\/wp-json\/wp\/v2\/posts\/19302\/revisions\/19307"}],"wp:featuredmedia":[{"embeddable":true,"href":"https:\/\/www.asajacyl.com\/palencia\/wp-json\/wp\/v2\/media\/19306"}],"wp:attachment":[{"href":"https:\/\/www.asajacyl.com\/palencia\/wp-json\/wp\/v2\/media?parent=19302"}],"wp:term":[{"taxonomy":"category","embeddable":true,"href":"https:\/\/www.asajacyl.com\/palencia\/wp-json\/wp\/v2\/categories?post=19302"},{"taxonomy":"post_tag","embeddable":true,"href":"https:\/\/www.asajacyl.com\/palencia\/wp-json\/wp\/v2\/tags?post=19302"}],"curies":[{"name":"wp","href":"https:\/\/api.w.org\/{rel}","templated":true}]}}