{"id":19313,"date":"2025-03-20T07:45:00","date_gmt":"2025-03-20T06:45:00","guid":{"rendered":"https:\/\/www.asajacyl.com\/palencia\/?p=19313"},"modified":"2025-03-19T19:03:30","modified_gmt":"2025-03-19T18:03:30","slug":"los-cereales-siguen-a-la-baja-en-la-lonja-de-leon-debilitados-por-la-guerra-de-aranceles","status":"publish","type":"post","link":"https:\/\/www.asajacyl.com\/palencia\/asaja-palencia-informa\/los-cereales-siguen-a-la-baja-en-la-lonja-de-leon-debilitados-por-la-guerra-de-aranceles","title":{"rendered":"Los cereales siguen a la baja en la Lonja de Le\u00f3n, debilitados por la guerra de aranceles"},"content":{"rendered":"\n<h2 class=\"wp-block-heading\">La Lonja de Le\u00f3n ha marcado esta semana una nueva bajada de los cereales (a excepci\u00f3n del ma\u00edz, que repite). El grano acusa la guerra de los aranceles desatada tras la llegada de Trump a la Casa Blanca, as\u00ed como la \u00abimportante revalorizaci\u00f3n\u00bb del euro frente al d\u00f3lar, que hace menos competitivas las producciones comunitarias en los mercados internacionales, seg\u00fan explican desde la lonja leonesa, donde tambi\u00e9n bajaron vezas y forrajes.<\/h2>\n\n\n\n<p>El trigo y la cebada han perdido en la sesi\u00f3n de este mi\u00e9rcoles, 19 de marzo, tres euros por tonelada, mientras el descenso de la avena se queda en dos euros, y el del centeno, en uno. Por su parte, el ma\u00edz seco mantiene esta semana el primer precio que se marc\u00f3 la sesi\u00f3n anterior tras su vuelta a la cotizaci\u00f3n (225 euros\/tonelada).<\/p>\n\n\n\n<p>De mayor calado son los descensos en la veza de forraje y el forraje convencional, que se dejaron esta sesi\u00f3n quince y cinco euros por tonelada, respectivamente; con lo que pierden la revalorizaci\u00f3n lograda desde el pasado verano, y vuelven a precios anteriores a la sequ\u00eda de 2022-2023. Las alfalfas s\u00ed mantuvieron su precio en esta mesa de forrajes, al igual que repitieron cotizaci\u00f3n todas las categor\u00edas de patata.<strong>\/<\/strong><\/p>\n\n\n\n<figure class=\"wp-block-image size-large is-resized\"><img loading=\"lazy\" decoding=\"async\" width=\"1024\" height=\"768\" src=\"https:\/\/www.asajacyl.com\/palencia\/wp-content\/uploads\/sites\/3\/2025\/03\/Tabla-precios-agricultura-19mar2025-1024x768.jpg\" alt=\"\" class=\"wp-image-19314\" style=\"width:1065px;height:auto\" srcset=\"https:\/\/www.asajacyl.com\/palencia\/wp-content\/uploads\/sites\/3\/2025\/03\/Tabla-precios-agricultura-19mar2025-1024x768.jpg 1024w, https:\/\/www.asajacyl.com\/palencia\/wp-content\/uploads\/sites\/3\/2025\/03\/Tabla-precios-agricultura-19mar2025-300x225.jpg 300w, https:\/\/www.asajacyl.com\/palencia\/wp-content\/uploads\/sites\/3\/2025\/03\/Tabla-precios-agricultura-19mar2025-768x576.jpg 768w, https:\/\/www.asajacyl.com\/palencia\/wp-content\/uploads\/sites\/3\/2025\/03\/Tabla-precios-agricultura-19mar2025-1536x1152.jpg 1536w, https:\/\/www.asajacyl.com\/palencia\/wp-content\/uploads\/sites\/3\/2025\/03\/Tabla-precios-agricultura-19mar2025-2048x1536.jpg 2048w, https:\/\/www.asajacyl.com\/palencia\/wp-content\/uploads\/sites\/3\/2025\/03\/Tabla-precios-agricultura-19mar2025-560x420.jpg 560w, https:\/\/www.asajacyl.com\/palencia\/wp-content\/uploads\/sites\/3\/2025\/03\/Tabla-precios-agricultura-19mar2025-80x60.jpg 80w, https:\/\/www.asajacyl.com\/palencia\/wp-content\/uploads\/sites\/3\/2025\/03\/Tabla-precios-agricultura-19mar2025-696x522.jpg 696w, https:\/\/www.asajacyl.com\/palencia\/wp-content\/uploads\/sites\/3\/2025\/03\/Tabla-precios-agricultura-19mar2025-1068x801.jpg 1068w, https:\/\/www.asajacyl.com\/palencia\/wp-content\/uploads\/sites\/3\/2025\/03\/Tabla-precios-agricultura-19mar2025-1920x1440.jpg 1920w\" sizes=\"(max-width: 1024px) 100vw, 1024px\" \/><\/figure>\n","protected":false},"excerpt":{"rendered":"<p>La Lonja de Le\u00f3n ha marcado esta semana una nueva bajada de los cereales (a excepci\u00f3n del ma\u00edz, que repite). El grano acusa la guerra de los aranceles desatada tras la llegada de Trump a la Casa Blanca, as\u00ed como la \u00abimportante revalorizaci\u00f3n\u00bb del euro frente al d\u00f3lar, que hace menos competitivas las producciones comunitarias [&hellip;]<\/p>\n","protected":false},"author":9,"featured_media":19315,"comment_status":"open","ping_status":"open","sticky":false,"template":"","format":"standard","meta":{"footnotes":""},"categories":[9,29,36,28,13],"tags":[58,148,677,290,1342,221,46,1052,77,219,93,292],"yoast_head":"<!-- This site is optimized with the Yoast SEO plugin v24.5 - https:\/\/yoast.com\/wordpress\/plugins\/seo\/ -->\n<title>Los cereales siguen a la baja en la Lonja de Le\u00f3n, debilitados por la guerra de aranceles - ASAJA Palencia<\/title>\n<meta name=\"description\" content=\"La Lonja de Le\u00f3n ha marcado esta semana una nueva bajada de los cereales (a excepci\u00f3n del ma\u00edz, que repite). El grano acusa la guerra de los aranceles\" \/>\n<meta name=\"robots\" content=\"index, follow, max-snippet:-1, max-image-preview:large, max-video-preview:-1\" \/>\n<link rel=\"canonical\" href=\"https:\/\/www.asajacyl.com\/palencia\/asaja-palencia-informa\/los-cereales-siguen-a-la-baja-en-la-lonja-de-leon-debilitados-por-la-guerra-de-aranceles\" \/>\n<meta property=\"og:locale\" content=\"es_ES\" \/>\n<meta property=\"og:type\" content=\"article\" \/>\n<meta property=\"og:title\" content=\"Los cereales siguen a la baja en la Lonja de Le\u00f3n, debilitados por la guerra de aranceles - ASAJA Palencia\" \/>\n<meta property=\"og:description\" content=\"La Lonja de Le\u00f3n ha marcado esta semana una nueva bajada de los cereales (a excepci\u00f3n del ma\u00edz, que repite). El grano acusa la guerra de los aranceles\" \/>\n<meta property=\"og:url\" content=\"https:\/\/www.asajacyl.com\/palencia\/asaja-palencia-informa\/los-cereales-siguen-a-la-baja-en-la-lonja-de-leon-debilitados-por-la-guerra-de-aranceles\" \/>\n<meta property=\"og:site_name\" content=\"ASAJA Palencia\" \/>\n<meta property=\"article:published_time\" content=\"2025-03-20T06:45:00+00:00\" \/>\n<meta property=\"og:image\" content=\"https:\/\/www.asajacyl.com\/palencia\/wp-content\/uploads\/sites\/3\/2025\/03\/Trigo-y-cebada-web.jpg\" \/>\n\t<meta property=\"og:image:width\" content=\"1890\" \/>\n\t<meta property=\"og:image:height\" content=\"1654\" \/>\n\t<meta property=\"og:image:type\" content=\"image\/jpeg\" \/>\n<meta name=\"author\" content=\"Administrador\" \/>\n<meta name=\"twitter:card\" content=\"summary_large_image\" \/>\n<meta name=\"twitter:label1\" content=\"Escrito por\" \/>\n\t<meta name=\"twitter:data1\" content=\"Administrador\" \/>\n\t<meta name=\"twitter:label2\" content=\"Tiempo de lectura\" \/>\n\t<meta name=\"twitter:data2\" content=\"2 minutos\" \/>\n<script type=\"application\/ld+json\" class=\"yoast-schema-graph\">{\"@context\":\"https:\/\/schema.org\",\"@graph\":[{\"@type\":\"WebPage\",\"@id\":\"https:\/\/www.asajacyl.com\/palencia\/asaja-palencia-informa\/los-cereales-siguen-a-la-baja-en-la-lonja-de-leon-debilitados-por-la-guerra-de-aranceles\",\"url\":\"https:\/\/www.asajacyl.com\/palencia\/asaja-palencia-informa\/los-cereales-siguen-a-la-baja-en-la-lonja-de-leon-debilitados-por-la-guerra-de-aranceles\",\"name\":\"Los cereales siguen a la baja en la Lonja de Le\u00f3n, debilitados por la guerra de aranceles - ASAJA Palencia\",\"isPartOf\":{\"@id\":\"https:\/\/www.asajacyl.com\/palencia\/#website\"},\"primaryImageOfPage\":{\"@id\":\"https:\/\/www.asajacyl.com\/palencia\/asaja-palencia-informa\/los-cereales-siguen-a-la-baja-en-la-lonja-de-leon-debilitados-por-la-guerra-de-aranceles#primaryimage\"},\"image\":{\"@id\":\"https:\/\/www.asajacyl.com\/palencia\/asaja-palencia-informa\/los-cereales-siguen-a-la-baja-en-la-lonja-de-leon-debilitados-por-la-guerra-de-aranceles#primaryimage\"},\"thumbnailUrl\":\"https:\/\/www.asajacyl.com\/palencia\/wp-content\/uploads\/sites\/3\/2025\/03\/Trigo-y-cebada-web.jpg\",\"datePublished\":\"2025-03-20T06:45:00+00:00\",\"author\":{\"@id\":\"https:\/\/www.asajacyl.com\/palencia\/#\/schema\/person\/3ab17aeb03527485c317557fae64aab1\"},\"description\":\"La Lonja de Le\u00f3n ha marcado esta semana una nueva bajada de los cereales (a excepci\u00f3n del ma\u00edz, que repite). El grano acusa la guerra de los aranceles\",\"breadcrumb\":{\"@id\":\"https:\/\/www.asajacyl.com\/palencia\/asaja-palencia-informa\/los-cereales-siguen-a-la-baja-en-la-lonja-de-leon-debilitados-por-la-guerra-de-aranceles#breadcrumb\"},\"inLanguage\":\"es\",\"potentialAction\":[{\"@type\":\"ReadAction\",\"target\":[\"https:\/\/www.asajacyl.com\/palencia\/asaja-palencia-informa\/los-cereales-siguen-a-la-baja-en-la-lonja-de-leon-debilitados-por-la-guerra-de-aranceles\"]}]},{\"@type\":\"ImageObject\",\"inLanguage\":\"es\",\"@id\":\"https:\/\/www.asajacyl.com\/palencia\/asaja-palencia-informa\/los-cereales-siguen-a-la-baja-en-la-lonja-de-leon-debilitados-por-la-guerra-de-aranceles#primaryimage\",\"url\":\"https:\/\/www.asajacyl.com\/palencia\/wp-content\/uploads\/sites\/3\/2025\/03\/Trigo-y-cebada-web.jpg\",\"contentUrl\":\"https:\/\/www.asajacyl.com\/palencia\/wp-content\/uploads\/sites\/3\/2025\/03\/Trigo-y-cebada-web.jpg\",\"width\":1890,\"height\":1654},{\"@type\":\"BreadcrumbList\",\"@id\":\"https:\/\/www.asajacyl.com\/palencia\/asaja-palencia-informa\/los-cereales-siguen-a-la-baja-en-la-lonja-de-leon-debilitados-por-la-guerra-de-aranceles#breadcrumb\",\"itemListElement\":[{\"@type\":\"ListItem\",\"position\":1,\"name\":\"Portada\",\"item\":\"https:\/\/www.asajacyl.com\/palencia\/\"},{\"@type\":\"ListItem\",\"position\":2,\"name\":\"Los cereales siguen a la baja en la Lonja de Le\u00f3n, debilitados por la guerra de aranceles\"}]},{\"@type\":\"WebSite\",\"@id\":\"https:\/\/www.asajacyl.com\/palencia\/#website\",\"url\":\"https:\/\/www.asajacyl.com\/palencia\/\",\"name\":\"ASAJA Palencia\",\"description\":\"Otro sitio m\u00e1s de Provincias ASAJA Castilla y Le\u00f3n\",\"potentialAction\":[{\"@type\":\"SearchAction\",\"target\":{\"@type\":\"EntryPoint\",\"urlTemplate\":\"https:\/\/www.asajacyl.com\/palencia\/?s={search_term_string}\"},\"query-input\":{\"@type\":\"PropertyValueSpecification\",\"valueRequired\":true,\"valueName\":\"search_term_string\"}}],\"inLanguage\":\"es\"},{\"@type\":\"Person\",\"@id\":\"https:\/\/www.asajacyl.com\/palencia\/#\/schema\/person\/3ab17aeb03527485c317557fae64aab1\",\"name\":\"Administrador\",\"image\":{\"@type\":\"ImageObject\",\"inLanguage\":\"es\",\"@id\":\"https:\/\/www.asajacyl.com\/palencia\/#\/schema\/person\/image\/\",\"url\":\"https:\/\/secure.gravatar.com\/avatar\/517384810d242ca9e38c180f3c9fb973?s=96&d=mm&r=g\",\"contentUrl\":\"https:\/\/secure.gravatar.com\/avatar\/517384810d242ca9e38c180f3c9fb973?s=96&d=mm&r=g\",\"caption\":\"Administrador\"},\"url\":\"https:\/\/www.asajacyl.com\/palencia\/author\/carlosrm\"}]}<\/script>\n<!-- \/ Yoast SEO plugin. -->","yoast_head_json":{"title":"Los cereales siguen a la baja en la Lonja de Le\u00f3n, debilitados por la guerra de aranceles - ASAJA Palencia","description":"La Lonja de Le\u00f3n ha marcado esta semana una nueva bajada de los cereales (a excepci\u00f3n del ma\u00edz, que repite). El grano acusa la guerra de los aranceles","robots":{"index":"index","follow":"follow","max-snippet":"max-snippet:-1","max-image-preview":"max-image-preview:large","max-video-preview":"max-video-preview:-1"},"canonical":"https:\/\/www.asajacyl.com\/palencia\/asaja-palencia-informa\/los-cereales-siguen-a-la-baja-en-la-lonja-de-leon-debilitados-por-la-guerra-de-aranceles","og_locale":"es_ES","og_type":"article","og_title":"Los cereales siguen a la baja en la Lonja de Le\u00f3n, debilitados por la guerra de aranceles - ASAJA Palencia","og_description":"La Lonja de Le\u00f3n ha marcado esta semana una nueva bajada de los cereales (a excepci\u00f3n del ma\u00edz, que repite). El grano acusa la guerra de los aranceles","og_url":"https:\/\/www.asajacyl.com\/palencia\/asaja-palencia-informa\/los-cereales-siguen-a-la-baja-en-la-lonja-de-leon-debilitados-por-la-guerra-de-aranceles","og_site_name":"ASAJA Palencia","article_published_time":"2025-03-20T06:45:00+00:00","og_image":[{"width":1890,"height":1654,"url":"https:\/\/www.asajacyl.com\/palencia\/wp-content\/uploads\/sites\/3\/2025\/03\/Trigo-y-cebada-web.jpg","type":"image\/jpeg"}],"author":"Administrador","twitter_card":"summary_large_image","twitter_misc":{"Escrito por":"Administrador","Tiempo de lectura":"2 minutos"},"schema":{"@context":"https:\/\/schema.org","@graph":[{"@type":"WebPage","@id":"https:\/\/www.asajacyl.com\/palencia\/asaja-palencia-informa\/los-cereales-siguen-a-la-baja-en-la-lonja-de-leon-debilitados-por-la-guerra-de-aranceles","url":"https:\/\/www.asajacyl.com\/palencia\/asaja-palencia-informa\/los-cereales-siguen-a-la-baja-en-la-lonja-de-leon-debilitados-por-la-guerra-de-aranceles","name":"Los cereales siguen a la baja en la Lonja de Le\u00f3n, debilitados por la guerra de aranceles - ASAJA Palencia","isPartOf":{"@id":"https:\/\/www.asajacyl.com\/palencia\/#website"},"primaryImageOfPage":{"@id":"https:\/\/www.asajacyl.com\/palencia\/asaja-palencia-informa\/los-cereales-siguen-a-la-baja-en-la-lonja-de-leon-debilitados-por-la-guerra-de-aranceles#primaryimage"},"image":{"@id":"https:\/\/www.asajacyl.com\/palencia\/asaja-palencia-informa\/los-cereales-siguen-a-la-baja-en-la-lonja-de-leon-debilitados-por-la-guerra-de-aranceles#primaryimage"},"thumbnailUrl":"https:\/\/www.asajacyl.com\/palencia\/wp-content\/uploads\/sites\/3\/2025\/03\/Trigo-y-cebada-web.jpg","datePublished":"2025-03-20T06:45:00+00:00","author":{"@id":"https:\/\/www.asajacyl.com\/palencia\/#\/schema\/person\/3ab17aeb03527485c317557fae64aab1"},"description":"La Lonja de Le\u00f3n ha marcado esta semana una nueva bajada de los cereales (a excepci\u00f3n del ma\u00edz, que repite). El grano acusa la guerra de los aranceles","breadcrumb":{"@id":"https:\/\/www.asajacyl.com\/palencia\/asaja-palencia-informa\/los-cereales-siguen-a-la-baja-en-la-lonja-de-leon-debilitados-por-la-guerra-de-aranceles#breadcrumb"},"inLanguage":"es","potentialAction":[{"@type":"ReadAction","target":["https:\/\/www.asajacyl.com\/palencia\/asaja-palencia-informa\/los-cereales-siguen-a-la-baja-en-la-lonja-de-leon-debilitados-por-la-guerra-de-aranceles"]}]},{"@type":"ImageObject","inLanguage":"es","@id":"https:\/\/www.asajacyl.com\/palencia\/asaja-palencia-informa\/los-cereales-siguen-a-la-baja-en-la-lonja-de-leon-debilitados-por-la-guerra-de-aranceles#primaryimage","url":"https:\/\/www.asajacyl.com\/palencia\/wp-content\/uploads\/sites\/3\/2025\/03\/Trigo-y-cebada-web.jpg","contentUrl":"https:\/\/www.asajacyl.com\/palencia\/wp-content\/uploads\/sites\/3\/2025\/03\/Trigo-y-cebada-web.jpg","width":1890,"height":1654},{"@type":"BreadcrumbList","@id":"https:\/\/www.asajacyl.com\/palencia\/asaja-palencia-informa\/los-cereales-siguen-a-la-baja-en-la-lonja-de-leon-debilitados-por-la-guerra-de-aranceles#breadcrumb","itemListElement":[{"@type":"ListItem","position":1,"name":"Portada","item":"https:\/\/www.asajacyl.com\/palencia\/"},{"@type":"ListItem","position":2,"name":"Los cereales siguen a la baja en la Lonja de Le\u00f3n, debilitados por la guerra de aranceles"}]},{"@type":"WebSite","@id":"https:\/\/www.asajacyl.com\/palencia\/#website","url":"https:\/\/www.asajacyl.com\/palencia\/","name":"ASAJA Palencia","description":"Otro sitio m\u00e1s de Provincias ASAJA Castilla y Le\u00f3n","potentialAction":[{"@type":"SearchAction","target":{"@type":"EntryPoint","urlTemplate":"https:\/\/www.asajacyl.com\/palencia\/?s={search_term_string}"},"query-input":{"@type":"PropertyValueSpecification","valueRequired":true,"valueName":"search_term_string"}}],"inLanguage":"es"},{"@type":"Person","@id":"https:\/\/www.asajacyl.com\/palencia\/#\/schema\/person\/3ab17aeb03527485c317557fae64aab1","name":"Administrador","image":{"@type":"ImageObject","inLanguage":"es","@id":"https:\/\/www.asajacyl.com\/palencia\/#\/schema\/person\/image\/","url":"https:\/\/secure.gravatar.com\/avatar\/517384810d242ca9e38c180f3c9fb973?s=96&d=mm&r=g","contentUrl":"https:\/\/secure.gravatar.com\/avatar\/517384810d242ca9e38c180f3c9fb973?s=96&d=mm&r=g","caption":"Administrador"},"url":"https:\/\/www.asajacyl.com\/palencia\/author\/carlosrm"}]}},"_links":{"self":[{"href":"https:\/\/www.asajacyl.com\/palencia\/wp-json\/wp\/v2\/posts\/19313"}],"collection":[{"href":"https:\/\/www.asajacyl.com\/palencia\/wp-json\/wp\/v2\/posts"}],"about":[{"href":"https:\/\/www.asajacyl.com\/palencia\/wp-json\/wp\/v2\/types\/post"}],"author":[{"embeddable":true,"href":"https:\/\/www.asajacyl.com\/palencia\/wp-json\/wp\/v2\/users\/9"}],"replies":[{"embeddable":true,"href":"https:\/\/www.asajacyl.com\/palencia\/wp-json\/wp\/v2\/comments?post=19313"}],"version-history":[{"count":1,"href":"https:\/\/www.asajacyl.com\/palencia\/wp-json\/wp\/v2\/posts\/19313\/revisions"}],"predecessor-version":[{"id":19316,"href":"https:\/\/www.asajacyl.com\/palencia\/wp-json\/wp\/v2\/posts\/19313\/revisions\/19316"}],"wp:featuredmedia":[{"embeddable":true,"href":"https:\/\/www.asajacyl.com\/palencia\/wp-json\/wp\/v2\/media\/19315"}],"wp:attachment":[{"href":"https:\/\/www.asajacyl.com\/palencia\/wp-json\/wp\/v2\/media?parent=19313"}],"wp:term":[{"taxonomy":"category","embeddable":true,"href":"https:\/\/www.asajacyl.com\/palencia\/wp-json\/wp\/v2\/categories?post=19313"},{"taxonomy":"post_tag","embeddable":true,"href":"https:\/\/www.asajacyl.com\/palencia\/wp-json\/wp\/v2\/tags?post=19313"}],"curies":[{"name":"wp","href":"https:\/\/api.w.org\/{rel}","templated":true}]}}