{"id":19327,"date":"2025-03-20T11:31:33","date_gmt":"2025-03-20T10:31:33","guid":{"rendered":"https:\/\/www.asajacyl.com\/palencia\/?p=19327"},"modified":"2025-03-20T11:31:36","modified_gmt":"2025-03-20T10:31:36","slug":"carrion-de-los-condes-celebra-este-sabado-22-su-primer-foro-de-mujeres-empresarias-en-el-mundo-rural","status":"publish","type":"post","link":"https:\/\/www.asajacyl.com\/palencia\/asaja-palencia-informa\/carrion-de-los-condes-celebra-este-sabado-22-su-primer-foro-de-mujeres-empresarias-en-el-mundo-rural","title":{"rendered":"Carri\u00f3n de los Condes celebra este s\u00e1bado 22 su primer foro de mujeres empresarias en el mundo rural"},"content":{"rendered":"\n<h2 class=\"wp-block-heading\">El Teatro Sarabia de Carri\u00f3n de los Condes acoge este s\u00e1bado, 22 de marzo, por la tarde el I Foro de Mujeres Empresarias en el Mundo Rural, en el que participar\u00e1 una decena de mujeres emprendedoras, algunas asociadas de ASAJA-Palencia, pertenecientes a diversos sectores productivos, incluido el agroganadero y el alimentario, que expondr\u00e1n sus experiencias e intercambiar\u00e1n impresiones a lo largo de la jornada, que se clausurar\u00e1 con una degustaci\u00f3n de productos incluidos el la iniciativa &#8216;Carri\u00f3n Km 0&#8217;.<\/h2>\n\n\n<div class=\"wp-block-image\">\n<figure class=\"alignright size-large is-resized\"><img loading=\"lazy\" decoding=\"async\" width=\"576\" height=\"1024\" src=\"https:\/\/www.asajacyl.com\/palencia\/wp-content\/uploads\/sites\/3\/2025\/03\/Cartel-Carrion-Mujer-Rural-22marzo2025-576x1024.jpg\" alt=\"\" class=\"wp-image-19329\" style=\"width:722px;height:auto\" srcset=\"https:\/\/www.asajacyl.com\/palencia\/wp-content\/uploads\/sites\/3\/2025\/03\/Cartel-Carrion-Mujer-Rural-22marzo2025-576x1024.jpg 576w, https:\/\/www.asajacyl.com\/palencia\/wp-content\/uploads\/sites\/3\/2025\/03\/Cartel-Carrion-Mujer-Rural-22marzo2025-169x300.jpg 169w, https:\/\/www.asajacyl.com\/palencia\/wp-content\/uploads\/sites\/3\/2025\/03\/Cartel-Carrion-Mujer-Rural-22marzo2025-768x1365.jpg 768w, https:\/\/www.asajacyl.com\/palencia\/wp-content\/uploads\/sites\/3\/2025\/03\/Cartel-Carrion-Mujer-Rural-22marzo2025-864x1536.jpg 864w, https:\/\/www.asajacyl.com\/palencia\/wp-content\/uploads\/sites\/3\/2025\/03\/Cartel-Carrion-Mujer-Rural-22marzo2025-236x420.jpg 236w, https:\/\/www.asajacyl.com\/palencia\/wp-content\/uploads\/sites\/3\/2025\/03\/Cartel-Carrion-Mujer-Rural-22marzo2025-696x1237.jpg 696w, https:\/\/www.asajacyl.com\/palencia\/wp-content\/uploads\/sites\/3\/2025\/03\/Cartel-Carrion-Mujer-Rural-22marzo2025-1068x1899.jpg 1068w, https:\/\/www.asajacyl.com\/palencia\/wp-content\/uploads\/sites\/3\/2025\/03\/Cartel-Carrion-Mujer-Rural-22marzo2025.jpg 1080w\" sizes=\"(max-width: 576px) 100vw, 576px\" \/><\/figure><\/div>\n\n\n<p>El Ayuntamiento de Carri\u00f3n de los Condes, a trav\u00e9s de la Concejal\u00eda de Igualdad, ha organizado este I Foro de Mujeres Empresarias en el Mundo Rural, en colaboraci\u00f3n con la Asociaci\u00f3n de Empresarios de Carri\u00f3n de los Condes y Comarca, el grupo de acci\u00f3n local Araduey Campos y el Pacto de Estado contra la Violencia de G\u00e9nero.<\/p>\n\n\n\n<p>La jornada estar\u00e1 moderada y presentada por la periodista y asesora en comunicaci\u00f3n y relaciones p\u00fablicas Eva Calleja. El foro (cuyo programa completo y participantes puede consultarse en la imagen adjunta) se abre a las 16:00 horas, e incluir\u00e1 una serie de ponencias por parte de cuatro empresarias con sus respectivas experiencias (<em>Mujeres inspiradoras<\/em>), una mesa redonda sobre las ventajas del emprendimiento en el mundo rural, con otras cinco emprendedoras, a cuyo t\u00e9rmino se abrir\u00e1 turno de preguntas o intervenciones por parte de cualquier persona asistente que quiera participar.<\/p>\n\n\n\n<p>A las 18:00 horas, los t\u00e9cnicos de Araduey-Campos expondr\u00e1n qu\u00e9 apoyos econ\u00f3micos y financieros existen para crear o ampliar empresas; y a las 18:30 horas ofrecer\u00e1 una sesion motivacional Mar\u00eda Alonso Mart\u00edn, socia directora de DTL Consulting, experta en desarrollo del liderazgo en empresarios y emprendedores para activar sus proyectos y sus equipos.<\/p>\n\n\n\n<p>M\u00e1s informaci\u00f3n en <a href=\"https:\/\/www.carriondeloscondes.org\/i-foro-de-mujeres-empresarias-en-el-mundo-rural\/\">https:\/\/www.carriondeloscondes.org\/i-foro-de-mujeres-empresarias-en-el-mundo-rural\/<\/a><\/p>\n\n\n\n<p><\/p>\n","protected":false},"excerpt":{"rendered":"<p>El Teatro Sarabia de Carri\u00f3n de los Condes acoge este s\u00e1bado, 22 de marzo, por la tarde el I Foro de Mujeres Empresarias en el Mundo Rural, en el que participar\u00e1 una decena de mujeres emprendedoras, algunas asociadas de ASAJA-Palencia, pertenecientes a diversos sectores productivos, incluido el agroganadero y el alimentario, que expondr\u00e1n sus experiencias [&hellip;]<\/p>\n","protected":false},"author":9,"featured_media":19331,"comment_status":"open","ping_status":"open","sticky":false,"template":"","format":"standard","meta":{"footnotes":""},"categories":[9,31,39,29,28,13],"tags":[58,195,411,351,1348,77,52],"yoast_head":"<!-- This site is optimized with the Yoast SEO plugin v24.5 - https:\/\/yoast.com\/wordpress\/plugins\/seo\/ -->\n<title>Carri\u00f3n de los Condes celebra este s\u00e1bado 22 su primer foro de mujeres empresarias en el mundo rural - ASAJA Palencia<\/title>\n<meta name=\"description\" content=\"El Teatro Sarabia de Carri\u00f3n de los Condes acoge este s\u00e1bado, 22 de marzo, por la tarde el I Foro de Mujeres Empresarias en el Mundo Rural, en el que\" \/>\n<meta name=\"robots\" content=\"index, follow, max-snippet:-1, max-image-preview:large, max-video-preview:-1\" \/>\n<link rel=\"canonical\" href=\"https:\/\/www.asajacyl.com\/palencia\/asaja-palencia-informa\/carrion-de-los-condes-celebra-este-sabado-22-su-primer-foro-de-mujeres-empresarias-en-el-mundo-rural\" \/>\n<meta property=\"og:locale\" content=\"es_ES\" \/>\n<meta property=\"og:type\" content=\"article\" \/>\n<meta property=\"og:title\" content=\"Carri\u00f3n de los Condes celebra este s\u00e1bado 22 su primer foro de mujeres empresarias en el mundo rural - ASAJA Palencia\" \/>\n<meta property=\"og:description\" content=\"El Teatro Sarabia de Carri\u00f3n de los Condes acoge este s\u00e1bado, 22 de marzo, por la tarde el I Foro de Mujeres Empresarias en el Mundo Rural, en el que\" \/>\n<meta property=\"og:url\" content=\"https:\/\/www.asajacyl.com\/palencia\/asaja-palencia-informa\/carrion-de-los-condes-celebra-este-sabado-22-su-primer-foro-de-mujeres-empresarias-en-el-mundo-rural\" \/>\n<meta property=\"og:site_name\" content=\"ASAJA Palencia\" \/>\n<meta property=\"article:published_time\" content=\"2025-03-20T10:31:33+00:00\" \/>\n<meta property=\"article:modified_time\" content=\"2025-03-20T10:31:36+00:00\" \/>\n<meta property=\"og:image\" content=\"https:\/\/www.asajacyl.com\/palencia\/wp-content\/uploads\/sites\/3\/2025\/03\/Teatro-Sarabia-Carrion-web.jpg\" \/>\n\t<meta property=\"og:image:width\" content=\"1890\" \/>\n\t<meta property=\"og:image:height\" content=\"1654\" \/>\n\t<meta property=\"og:image:type\" content=\"image\/jpeg\" \/>\n<meta name=\"author\" content=\"Administrador\" \/>\n<meta name=\"twitter:card\" content=\"summary_large_image\" \/>\n<meta name=\"twitter:label1\" content=\"Escrito por\" \/>\n\t<meta name=\"twitter:data1\" content=\"Administrador\" \/>\n\t<meta name=\"twitter:label2\" content=\"Tiempo de lectura\" \/>\n\t<meta name=\"twitter:data2\" content=\"2 minutos\" \/>\n<script type=\"application\/ld+json\" class=\"yoast-schema-graph\">{\"@context\":\"https:\/\/schema.org\",\"@graph\":[{\"@type\":\"WebPage\",\"@id\":\"https:\/\/www.asajacyl.com\/palencia\/asaja-palencia-informa\/carrion-de-los-condes-celebra-este-sabado-22-su-primer-foro-de-mujeres-empresarias-en-el-mundo-rural\",\"url\":\"https:\/\/www.asajacyl.com\/palencia\/asaja-palencia-informa\/carrion-de-los-condes-celebra-este-sabado-22-su-primer-foro-de-mujeres-empresarias-en-el-mundo-rural\",\"name\":\"Carri\u00f3n de los Condes celebra este s\u00e1bado 22 su primer foro de mujeres empresarias en el mundo rural - ASAJA Palencia\",\"isPartOf\":{\"@id\":\"https:\/\/www.asajacyl.com\/palencia\/#website\"},\"primaryImageOfPage\":{\"@id\":\"https:\/\/www.asajacyl.com\/palencia\/asaja-palencia-informa\/carrion-de-los-condes-celebra-este-sabado-22-su-primer-foro-de-mujeres-empresarias-en-el-mundo-rural#primaryimage\"},\"image\":{\"@id\":\"https:\/\/www.asajacyl.com\/palencia\/asaja-palencia-informa\/carrion-de-los-condes-celebra-este-sabado-22-su-primer-foro-de-mujeres-empresarias-en-el-mundo-rural#primaryimage\"},\"thumbnailUrl\":\"https:\/\/www.asajacyl.com\/palencia\/wp-content\/uploads\/sites\/3\/2025\/03\/Teatro-Sarabia-Carrion-web.jpg\",\"datePublished\":\"2025-03-20T10:31:33+00:00\",\"dateModified\":\"2025-03-20T10:31:36+00:00\",\"author\":{\"@id\":\"https:\/\/www.asajacyl.com\/palencia\/#\/schema\/person\/3ab17aeb03527485c317557fae64aab1\"},\"description\":\"El Teatro Sarabia de Carri\u00f3n de los Condes acoge este s\u00e1bado, 22 de marzo, por la tarde el I Foro de Mujeres Empresarias en el Mundo Rural, en el que\",\"breadcrumb\":{\"@id\":\"https:\/\/www.asajacyl.com\/palencia\/asaja-palencia-informa\/carrion-de-los-condes-celebra-este-sabado-22-su-primer-foro-de-mujeres-empresarias-en-el-mundo-rural#breadcrumb\"},\"inLanguage\":\"es\",\"potentialAction\":[{\"@type\":\"ReadAction\",\"target\":[\"https:\/\/www.asajacyl.com\/palencia\/asaja-palencia-informa\/carrion-de-los-condes-celebra-este-sabado-22-su-primer-foro-de-mujeres-empresarias-en-el-mundo-rural\"]}]},{\"@type\":\"ImageObject\",\"inLanguage\":\"es\",\"@id\":\"https:\/\/www.asajacyl.com\/palencia\/asaja-palencia-informa\/carrion-de-los-condes-celebra-este-sabado-22-su-primer-foro-de-mujeres-empresarias-en-el-mundo-rural#primaryimage\",\"url\":\"https:\/\/www.asajacyl.com\/palencia\/wp-content\/uploads\/sites\/3\/2025\/03\/Teatro-Sarabia-Carrion-web.jpg\",\"contentUrl\":\"https:\/\/www.asajacyl.com\/palencia\/wp-content\/uploads\/sites\/3\/2025\/03\/Teatro-Sarabia-Carrion-web.jpg\",\"width\":1890,\"height\":1654},{\"@type\":\"BreadcrumbList\",\"@id\":\"https:\/\/www.asajacyl.com\/palencia\/asaja-palencia-informa\/carrion-de-los-condes-celebra-este-sabado-22-su-primer-foro-de-mujeres-empresarias-en-el-mundo-rural#breadcrumb\",\"itemListElement\":[{\"@type\":\"ListItem\",\"position\":1,\"name\":\"Portada\",\"item\":\"https:\/\/www.asajacyl.com\/palencia\/\"},{\"@type\":\"ListItem\",\"position\":2,\"name\":\"Carri\u00f3n de los Condes celebra este s\u00e1bado 22 su primer foro de mujeres empresarias en el mundo rural\"}]},{\"@type\":\"WebSite\",\"@id\":\"https:\/\/www.asajacyl.com\/palencia\/#website\",\"url\":\"https:\/\/www.asajacyl.com\/palencia\/\",\"name\":\"ASAJA Palencia\",\"description\":\"Otro sitio m\u00e1s de Provincias ASAJA Castilla y Le\u00f3n\",\"potentialAction\":[{\"@type\":\"SearchAction\",\"target\":{\"@type\":\"EntryPoint\",\"urlTemplate\":\"https:\/\/www.asajacyl.com\/palencia\/?s={search_term_string}\"},\"query-input\":{\"@type\":\"PropertyValueSpecification\",\"valueRequired\":true,\"valueName\":\"search_term_string\"}}],\"inLanguage\":\"es\"},{\"@type\":\"Person\",\"@id\":\"https:\/\/www.asajacyl.com\/palencia\/#\/schema\/person\/3ab17aeb03527485c317557fae64aab1\",\"name\":\"Administrador\",\"image\":{\"@type\":\"ImageObject\",\"inLanguage\":\"es\",\"@id\":\"https:\/\/www.asajacyl.com\/palencia\/#\/schema\/person\/image\/\",\"url\":\"https:\/\/secure.gravatar.com\/avatar\/517384810d242ca9e38c180f3c9fb973?s=96&d=mm&r=g\",\"contentUrl\":\"https:\/\/secure.gravatar.com\/avatar\/517384810d242ca9e38c180f3c9fb973?s=96&d=mm&r=g\",\"caption\":\"Administrador\"},\"url\":\"https:\/\/www.asajacyl.com\/palencia\/author\/carlosrm\"}]}<\/script>\n<!-- \/ Yoast SEO plugin. -->","yoast_head_json":{"title":"Carri\u00f3n de los Condes celebra este s\u00e1bado 22 su primer foro de mujeres empresarias en el mundo rural - ASAJA Palencia","description":"El Teatro Sarabia de Carri\u00f3n de los Condes acoge este s\u00e1bado, 22 de marzo, por la tarde el I Foro de Mujeres Empresarias en el Mundo Rural, en el que","robots":{"index":"index","follow":"follow","max-snippet":"max-snippet:-1","max-image-preview":"max-image-preview:large","max-video-preview":"max-video-preview:-1"},"canonical":"https:\/\/www.asajacyl.com\/palencia\/asaja-palencia-informa\/carrion-de-los-condes-celebra-este-sabado-22-su-primer-foro-de-mujeres-empresarias-en-el-mundo-rural","og_locale":"es_ES","og_type":"article","og_title":"Carri\u00f3n de los Condes celebra este s\u00e1bado 22 su primer foro de mujeres empresarias en el mundo rural - ASAJA Palencia","og_description":"El Teatro Sarabia de Carri\u00f3n de los Condes acoge este s\u00e1bado, 22 de marzo, por la tarde el I Foro de Mujeres Empresarias en el Mundo Rural, en el que","og_url":"https:\/\/www.asajacyl.com\/palencia\/asaja-palencia-informa\/carrion-de-los-condes-celebra-este-sabado-22-su-primer-foro-de-mujeres-empresarias-en-el-mundo-rural","og_site_name":"ASAJA Palencia","article_published_time":"2025-03-20T10:31:33+00:00","article_modified_time":"2025-03-20T10:31:36+00:00","og_image":[{"width":1890,"height":1654,"url":"https:\/\/www.asajacyl.com\/palencia\/wp-content\/uploads\/sites\/3\/2025\/03\/Teatro-Sarabia-Carrion-web.jpg","type":"image\/jpeg"}],"author":"Administrador","twitter_card":"summary_large_image","twitter_misc":{"Escrito por":"Administrador","Tiempo de lectura":"2 minutos"},"schema":{"@context":"https:\/\/schema.org","@graph":[{"@type":"WebPage","@id":"https:\/\/www.asajacyl.com\/palencia\/asaja-palencia-informa\/carrion-de-los-condes-celebra-este-sabado-22-su-primer-foro-de-mujeres-empresarias-en-el-mundo-rural","url":"https:\/\/www.asajacyl.com\/palencia\/asaja-palencia-informa\/carrion-de-los-condes-celebra-este-sabado-22-su-primer-foro-de-mujeres-empresarias-en-el-mundo-rural","name":"Carri\u00f3n de los Condes celebra este s\u00e1bado 22 su primer foro de mujeres empresarias en el mundo rural - ASAJA Palencia","isPartOf":{"@id":"https:\/\/www.asajacyl.com\/palencia\/#website"},"primaryImageOfPage":{"@id":"https:\/\/www.asajacyl.com\/palencia\/asaja-palencia-informa\/carrion-de-los-condes-celebra-este-sabado-22-su-primer-foro-de-mujeres-empresarias-en-el-mundo-rural#primaryimage"},"image":{"@id":"https:\/\/www.asajacyl.com\/palencia\/asaja-palencia-informa\/carrion-de-los-condes-celebra-este-sabado-22-su-primer-foro-de-mujeres-empresarias-en-el-mundo-rural#primaryimage"},"thumbnailUrl":"https:\/\/www.asajacyl.com\/palencia\/wp-content\/uploads\/sites\/3\/2025\/03\/Teatro-Sarabia-Carrion-web.jpg","datePublished":"2025-03-20T10:31:33+00:00","dateModified":"2025-03-20T10:31:36+00:00","author":{"@id":"https:\/\/www.asajacyl.com\/palencia\/#\/schema\/person\/3ab17aeb03527485c317557fae64aab1"},"description":"El Teatro Sarabia de Carri\u00f3n de los Condes acoge este s\u00e1bado, 22 de marzo, por la tarde el I Foro de Mujeres Empresarias en el Mundo Rural, en el que","breadcrumb":{"@id":"https:\/\/www.asajacyl.com\/palencia\/asaja-palencia-informa\/carrion-de-los-condes-celebra-este-sabado-22-su-primer-foro-de-mujeres-empresarias-en-el-mundo-rural#breadcrumb"},"inLanguage":"es","potentialAction":[{"@type":"ReadAction","target":["https:\/\/www.asajacyl.com\/palencia\/asaja-palencia-informa\/carrion-de-los-condes-celebra-este-sabado-22-su-primer-foro-de-mujeres-empresarias-en-el-mundo-rural"]}]},{"@type":"ImageObject","inLanguage":"es","@id":"https:\/\/www.asajacyl.com\/palencia\/asaja-palencia-informa\/carrion-de-los-condes-celebra-este-sabado-22-su-primer-foro-de-mujeres-empresarias-en-el-mundo-rural#primaryimage","url":"https:\/\/www.asajacyl.com\/palencia\/wp-content\/uploads\/sites\/3\/2025\/03\/Teatro-Sarabia-Carrion-web.jpg","contentUrl":"https:\/\/www.asajacyl.com\/palencia\/wp-content\/uploads\/sites\/3\/2025\/03\/Teatro-Sarabia-Carrion-web.jpg","width":1890,"height":1654},{"@type":"BreadcrumbList","@id":"https:\/\/www.asajacyl.com\/palencia\/asaja-palencia-informa\/carrion-de-los-condes-celebra-este-sabado-22-su-primer-foro-de-mujeres-empresarias-en-el-mundo-rural#breadcrumb","itemListElement":[{"@type":"ListItem","position":1,"name":"Portada","item":"https:\/\/www.asajacyl.com\/palencia\/"},{"@type":"ListItem","position":2,"name":"Carri\u00f3n de los Condes celebra este s\u00e1bado 22 su primer foro de mujeres empresarias en el mundo rural"}]},{"@type":"WebSite","@id":"https:\/\/www.asajacyl.com\/palencia\/#website","url":"https:\/\/www.asajacyl.com\/palencia\/","name":"ASAJA Palencia","description":"Otro sitio m\u00e1s de Provincias ASAJA Castilla y Le\u00f3n","potentialAction":[{"@type":"SearchAction","target":{"@type":"EntryPoint","urlTemplate":"https:\/\/www.asajacyl.com\/palencia\/?s={search_term_string}"},"query-input":{"@type":"PropertyValueSpecification","valueRequired":true,"valueName":"search_term_string"}}],"inLanguage":"es"},{"@type":"Person","@id":"https:\/\/www.asajacyl.com\/palencia\/#\/schema\/person\/3ab17aeb03527485c317557fae64aab1","name":"Administrador","image":{"@type":"ImageObject","inLanguage":"es","@id":"https:\/\/www.asajacyl.com\/palencia\/#\/schema\/person\/image\/","url":"https:\/\/secure.gravatar.com\/avatar\/517384810d242ca9e38c180f3c9fb973?s=96&d=mm&r=g","contentUrl":"https:\/\/secure.gravatar.com\/avatar\/517384810d242ca9e38c180f3c9fb973?s=96&d=mm&r=g","caption":"Administrador"},"url":"https:\/\/www.asajacyl.com\/palencia\/author\/carlosrm"}]}},"_links":{"self":[{"href":"https:\/\/www.asajacyl.com\/palencia\/wp-json\/wp\/v2\/posts\/19327"}],"collection":[{"href":"https:\/\/www.asajacyl.com\/palencia\/wp-json\/wp\/v2\/posts"}],"about":[{"href":"https:\/\/www.asajacyl.com\/palencia\/wp-json\/wp\/v2\/types\/post"}],"author":[{"embeddable":true,"href":"https:\/\/www.asajacyl.com\/palencia\/wp-json\/wp\/v2\/users\/9"}],"replies":[{"embeddable":true,"href":"https:\/\/www.asajacyl.com\/palencia\/wp-json\/wp\/v2\/comments?post=19327"}],"version-history":[{"count":3,"href":"https:\/\/www.asajacyl.com\/palencia\/wp-json\/wp\/v2\/posts\/19327\/revisions"}],"predecessor-version":[{"id":19333,"href":"https:\/\/www.asajacyl.com\/palencia\/wp-json\/wp\/v2\/posts\/19327\/revisions\/19333"}],"wp:featuredmedia":[{"embeddable":true,"href":"https:\/\/www.asajacyl.com\/palencia\/wp-json\/wp\/v2\/media\/19331"}],"wp:attachment":[{"href":"https:\/\/www.asajacyl.com\/palencia\/wp-json\/wp\/v2\/media?parent=19327"}],"wp:term":[{"taxonomy":"category","embeddable":true,"href":"https:\/\/www.asajacyl.com\/palencia\/wp-json\/wp\/v2\/categories?post=19327"},{"taxonomy":"post_tag","embeddable":true,"href":"https:\/\/www.asajacyl.com\/palencia\/wp-json\/wp\/v2\/tags?post=19327"}],"curies":[{"name":"wp","href":"https:\/\/api.w.org\/{rel}","templated":true}]}}