{"id":19334,"date":"2025-03-21T07:15:00","date_gmt":"2025-03-21T06:15:00","guid":{"rendered":"https:\/\/www.asajacyl.com\/palencia\/?p=19334"},"modified":"2025-03-20T13:46:05","modified_gmt":"2025-03-20T12:46:05","slug":"la-junta-aclara-el-alcance-de-la-flexibilizacion-lograda-por-asaja-en-la-ayuda-agroambiental-a-la-remolacha","status":"publish","type":"post","link":"https:\/\/www.asajacyl.com\/palencia\/asaja-palencia-informa\/la-junta-aclara-el-alcance-de-la-flexibilizacion-lograda-por-asaja-en-la-ayuda-agroambiental-a-la-remolacha","title":{"rendered":"La Junta aclara el alcance de la flexibilizaci\u00f3n lograda por ASAJA en la ayuda agroambiental a la remolacha"},"content":{"rendered":"\n<h2 class=\"wp-block-heading\">Tal y como inform\u00e1bamos esta semana, a ra\u00edz de la reivindicaci\u00f3n de ASAJA-Castilla y Le\u00f3n, la Consejer\u00eda de Agricultura, Ganader\u00eda y Desarrollo Rural de la Junta ha flexibilizado la aplicaci\u00f3n de la normativa de ayudas agroambientales a los cultivos industriales, en lo referente a la remolacha azucarera, ante la bajada de precios que ofrece la industria. La Consejer\u00eda ha emitido una nota aclaratoria del alcance del cambio, dadas la diferente casu\u00edstica que puede presentarse para nuestros agricultores. Reproducimos aqu\u00ed su contenido.<\/h2>\n\n\n\n<p>La Junta reconoce en esta nota \u00abla inexistencia de una red comercial que permita el acceso a los mercados\u00bb, ya que nuestros remolacheros ven reducidas sus opciones a vender el producto a la cooperativa ACOR o a AB Azucarera; que \u00aben la camapa\u00f1 2025 las industrias azucareran han reducido de forma significativa su oferta\u00bb; y que \u00ablos agricultores que se encuentran en su tercer a\u00f1o de contrato agroambiental pueden verse en dificultades para un adecuado cumplimiento de los compromisos agroambientales\u00bb.<\/p>\n\n\n\n<p>Por ello, la Direcci\u00f3n General de Pol\u00edtica Agraria Comunitaria, plantea en su nota aclaratoria el alcance limitado de esta flexibilizaci\u00f3n:<\/p>\n\n\n\n<ul>\n<li>Los agricultores que no siembren remolacha este 2025 y <strong>suscribieron contratos agroambientales en 2023<\/strong>, no ver\u00e1n resuelto el contrato, con la devoluci\u00f3n de ayudas de los dos a\u00f1os que ello conllevar\u00eda.<\/li>\n\n\n\n<li>Los agricultores que <strong>se incorporaron en 2024<\/strong> (convocatoria de inminente resoluci\u00f3n) pero prev\u00e9n no cultivar remolacha ya este 2025, deben renunciar a formalizar el correspondiente contrato plurianual.<\/li>\n\n\n\n<li>Caso de persistir<strong> en 2026<\/strong> las \u00abactuales circunstancias desfavorables para el sector agrarios\u00bb, <strong>los afectados podr\u00e1n alegarlas <\/strong>y la Consejer\u00eda, \u00abtras su <span style=\"text-decoration: underline\">an\u00e1lisis y revisi\u00f3n caso por caso<\/span>\u00bb, determinar\u00e1 si se produce la excepcionalidad prevista en la normativa europea que permite no devolver las ayudas ya percibidas.<br><br>En todo caso, nuestros t\u00e9cnicos est\u00e1n a disposici\u00f3n del asociado para una adecuada orientaci\u00f3n y el asesoramiento personalizado en la materia.<\/li>\n<\/ul>\n","protected":false},"excerpt":{"rendered":"<p>Tal y como inform\u00e1bamos esta semana, a ra\u00edz de la reivindicaci\u00f3n de ASAJA-Castilla y Le\u00f3n, la Consejer\u00eda de Agricultura, Ganader\u00eda y Desarrollo Rural de la Junta ha flexibilizado la aplicaci\u00f3n de la normativa de ayudas agroambientales a los cultivos industriales, en lo referente a la remolacha azucarera, ante la bajada de precios que ofrece la [&hellip;]<\/p>\n","protected":false},"author":9,"featured_media":12970,"comment_status":"open","ping_status":"open","sticky":false,"template":"","format":"standard","meta":{"footnotes":""},"categories":[9,31,38,28,13],"tags":[1349,58,59,618,560,142,351,66,54,578],"yoast_head":"<!-- This site is optimized with the Yoast SEO plugin v24.5 - https:\/\/yoast.com\/wordpress\/plugins\/seo\/ -->\n<title>La Junta aclara el alcance de la flexibilizaci\u00f3n lograda por ASAJA en la ayuda agroambiental a la remolacha - ASAJA Palencia<\/title>\n<meta name=\"description\" content=\"Tal y como inform\u00e1bamos esta semana, a ra\u00edz de la reivindicaci\u00f3n de ASAJA-Castilla y Le\u00f3n, la Consejer\u00eda de Agricultura, Ganader\u00eda y Desarrollo Rural de\" \/>\n<meta name=\"robots\" content=\"index, follow, max-snippet:-1, max-image-preview:large, max-video-preview:-1\" \/>\n<link rel=\"canonical\" href=\"https:\/\/www.asajacyl.com\/palencia\/asaja-palencia-informa\/la-junta-aclara-el-alcance-de-la-flexibilizacion-lograda-por-asaja-en-la-ayuda-agroambiental-a-la-remolacha\" \/>\n<meta property=\"og:locale\" content=\"es_ES\" \/>\n<meta property=\"og:type\" content=\"article\" \/>\n<meta property=\"og:title\" content=\"La Junta aclara el alcance de la flexibilizaci\u00f3n lograda por ASAJA en la ayuda agroambiental a la remolacha - ASAJA Palencia\" \/>\n<meta property=\"og:description\" content=\"Tal y como inform\u00e1bamos esta semana, a ra\u00edz de la reivindicaci\u00f3n de ASAJA-Castilla y Le\u00f3n, la Consejer\u00eda de Agricultura, Ganader\u00eda y Desarrollo Rural de\" \/>\n<meta property=\"og:url\" content=\"https:\/\/www.asajacyl.com\/palencia\/asaja-palencia-informa\/la-junta-aclara-el-alcance-de-la-flexibilizacion-lograda-por-asaja-en-la-ayuda-agroambiental-a-la-remolacha\" \/>\n<meta property=\"og:site_name\" content=\"ASAJA Palencia\" \/>\n<meta property=\"article:published_time\" content=\"2025-03-21T06:15:00+00:00\" \/>\n<meta property=\"og:image\" content=\"https:\/\/www.asajacyl.com\/palencia\/wp-content\/uploads\/sites\/3\/2023\/04\/REMOLACHA-REGADIO-2.jpg\" \/>\n\t<meta property=\"og:image:width\" content=\"2500\" \/>\n\t<meta property=\"og:image:height\" content=\"1875\" \/>\n\t<meta property=\"og:image:type\" content=\"image\/jpeg\" \/>\n<meta name=\"author\" content=\"Administrador\" \/>\n<meta name=\"twitter:card\" content=\"summary_large_image\" \/>\n<meta name=\"twitter:label1\" content=\"Escrito por\" \/>\n\t<meta name=\"twitter:data1\" content=\"Administrador\" \/>\n\t<meta name=\"twitter:label2\" content=\"Tiempo de lectura\" \/>\n\t<meta name=\"twitter:data2\" content=\"2 minutos\" \/>\n<script type=\"application\/ld+json\" class=\"yoast-schema-graph\">{\"@context\":\"https:\/\/schema.org\",\"@graph\":[{\"@type\":\"WebPage\",\"@id\":\"https:\/\/www.asajacyl.com\/palencia\/asaja-palencia-informa\/la-junta-aclara-el-alcance-de-la-flexibilizacion-lograda-por-asaja-en-la-ayuda-agroambiental-a-la-remolacha\",\"url\":\"https:\/\/www.asajacyl.com\/palencia\/asaja-palencia-informa\/la-junta-aclara-el-alcance-de-la-flexibilizacion-lograda-por-asaja-en-la-ayuda-agroambiental-a-la-remolacha\",\"name\":\"La Junta aclara el alcance de la flexibilizaci\u00f3n lograda por ASAJA en la ayuda agroambiental a la remolacha - ASAJA Palencia\",\"isPartOf\":{\"@id\":\"https:\/\/www.asajacyl.com\/palencia\/#website\"},\"primaryImageOfPage\":{\"@id\":\"https:\/\/www.asajacyl.com\/palencia\/asaja-palencia-informa\/la-junta-aclara-el-alcance-de-la-flexibilizacion-lograda-por-asaja-en-la-ayuda-agroambiental-a-la-remolacha#primaryimage\"},\"image\":{\"@id\":\"https:\/\/www.asajacyl.com\/palencia\/asaja-palencia-informa\/la-junta-aclara-el-alcance-de-la-flexibilizacion-lograda-por-asaja-en-la-ayuda-agroambiental-a-la-remolacha#primaryimage\"},\"thumbnailUrl\":\"https:\/\/www.asajacyl.com\/palencia\/wp-content\/uploads\/sites\/3\/2023\/04\/REMOLACHA-REGADIO-2.jpg\",\"datePublished\":\"2025-03-21T06:15:00+00:00\",\"author\":{\"@id\":\"https:\/\/www.asajacyl.com\/palencia\/#\/schema\/person\/3ab17aeb03527485c317557fae64aab1\"},\"description\":\"Tal y como inform\u00e1bamos esta semana, a ra\u00edz de la reivindicaci\u00f3n de ASAJA-Castilla y Le\u00f3n, la Consejer\u00eda de Agricultura, Ganader\u00eda y Desarrollo Rural de\",\"breadcrumb\":{\"@id\":\"https:\/\/www.asajacyl.com\/palencia\/asaja-palencia-informa\/la-junta-aclara-el-alcance-de-la-flexibilizacion-lograda-por-asaja-en-la-ayuda-agroambiental-a-la-remolacha#breadcrumb\"},\"inLanguage\":\"es\",\"potentialAction\":[{\"@type\":\"ReadAction\",\"target\":[\"https:\/\/www.asajacyl.com\/palencia\/asaja-palencia-informa\/la-junta-aclara-el-alcance-de-la-flexibilizacion-lograda-por-asaja-en-la-ayuda-agroambiental-a-la-remolacha\"]}]},{\"@type\":\"ImageObject\",\"inLanguage\":\"es\",\"@id\":\"https:\/\/www.asajacyl.com\/palencia\/asaja-palencia-informa\/la-junta-aclara-el-alcance-de-la-flexibilizacion-lograda-por-asaja-en-la-ayuda-agroambiental-a-la-remolacha#primaryimage\",\"url\":\"https:\/\/www.asajacyl.com\/palencia\/wp-content\/uploads\/sites\/3\/2023\/04\/REMOLACHA-REGADIO-2.jpg\",\"contentUrl\":\"https:\/\/www.asajacyl.com\/palencia\/wp-content\/uploads\/sites\/3\/2023\/04\/REMOLACHA-REGADIO-2.jpg\",\"width\":2500,\"height\":1875},{\"@type\":\"BreadcrumbList\",\"@id\":\"https:\/\/www.asajacyl.com\/palencia\/asaja-palencia-informa\/la-junta-aclara-el-alcance-de-la-flexibilizacion-lograda-por-asaja-en-la-ayuda-agroambiental-a-la-remolacha#breadcrumb\",\"itemListElement\":[{\"@type\":\"ListItem\",\"position\":1,\"name\":\"Portada\",\"item\":\"https:\/\/www.asajacyl.com\/palencia\/\"},{\"@type\":\"ListItem\",\"position\":2,\"name\":\"La Junta aclara el alcance de la flexibilizaci\u00f3n lograda por ASAJA en la ayuda agroambiental a la remolacha\"}]},{\"@type\":\"WebSite\",\"@id\":\"https:\/\/www.asajacyl.com\/palencia\/#website\",\"url\":\"https:\/\/www.asajacyl.com\/palencia\/\",\"name\":\"ASAJA Palencia\",\"description\":\"Otro sitio m\u00e1s de Provincias ASAJA Castilla y Le\u00f3n\",\"potentialAction\":[{\"@type\":\"SearchAction\",\"target\":{\"@type\":\"EntryPoint\",\"urlTemplate\":\"https:\/\/www.asajacyl.com\/palencia\/?s={search_term_string}\"},\"query-input\":{\"@type\":\"PropertyValueSpecification\",\"valueRequired\":true,\"valueName\":\"search_term_string\"}}],\"inLanguage\":\"es\"},{\"@type\":\"Person\",\"@id\":\"https:\/\/www.asajacyl.com\/palencia\/#\/schema\/person\/3ab17aeb03527485c317557fae64aab1\",\"name\":\"Administrador\",\"image\":{\"@type\":\"ImageObject\",\"inLanguage\":\"es\",\"@id\":\"https:\/\/www.asajacyl.com\/palencia\/#\/schema\/person\/image\/\",\"url\":\"https:\/\/secure.gravatar.com\/avatar\/517384810d242ca9e38c180f3c9fb973?s=96&d=mm&r=g\",\"contentUrl\":\"https:\/\/secure.gravatar.com\/avatar\/517384810d242ca9e38c180f3c9fb973?s=96&d=mm&r=g\",\"caption\":\"Administrador\"},\"url\":\"https:\/\/www.asajacyl.com\/palencia\/author\/carlosrm\"}]}<\/script>\n<!-- \/ Yoast SEO plugin. -->","yoast_head_json":{"title":"La Junta aclara el alcance de la flexibilizaci\u00f3n lograda por ASAJA en la ayuda agroambiental a la remolacha - ASAJA Palencia","description":"Tal y como inform\u00e1bamos esta semana, a ra\u00edz de la reivindicaci\u00f3n de ASAJA-Castilla y Le\u00f3n, la Consejer\u00eda de Agricultura, Ganader\u00eda y Desarrollo Rural de","robots":{"index":"index","follow":"follow","max-snippet":"max-snippet:-1","max-image-preview":"max-image-preview:large","max-video-preview":"max-video-preview:-1"},"canonical":"https:\/\/www.asajacyl.com\/palencia\/asaja-palencia-informa\/la-junta-aclara-el-alcance-de-la-flexibilizacion-lograda-por-asaja-en-la-ayuda-agroambiental-a-la-remolacha","og_locale":"es_ES","og_type":"article","og_title":"La Junta aclara el alcance de la flexibilizaci\u00f3n lograda por ASAJA en la ayuda agroambiental a la remolacha - ASAJA Palencia","og_description":"Tal y como inform\u00e1bamos esta semana, a ra\u00edz de la reivindicaci\u00f3n de ASAJA-Castilla y Le\u00f3n, la Consejer\u00eda de Agricultura, Ganader\u00eda y Desarrollo Rural de","og_url":"https:\/\/www.asajacyl.com\/palencia\/asaja-palencia-informa\/la-junta-aclara-el-alcance-de-la-flexibilizacion-lograda-por-asaja-en-la-ayuda-agroambiental-a-la-remolacha","og_site_name":"ASAJA Palencia","article_published_time":"2025-03-21T06:15:00+00:00","og_image":[{"width":2500,"height":1875,"url":"https:\/\/www.asajacyl.com\/palencia\/wp-content\/uploads\/sites\/3\/2023\/04\/REMOLACHA-REGADIO-2.jpg","type":"image\/jpeg"}],"author":"Administrador","twitter_card":"summary_large_image","twitter_misc":{"Escrito por":"Administrador","Tiempo de lectura":"2 minutos"},"schema":{"@context":"https:\/\/schema.org","@graph":[{"@type":"WebPage","@id":"https:\/\/www.asajacyl.com\/palencia\/asaja-palencia-informa\/la-junta-aclara-el-alcance-de-la-flexibilizacion-lograda-por-asaja-en-la-ayuda-agroambiental-a-la-remolacha","url":"https:\/\/www.asajacyl.com\/palencia\/asaja-palencia-informa\/la-junta-aclara-el-alcance-de-la-flexibilizacion-lograda-por-asaja-en-la-ayuda-agroambiental-a-la-remolacha","name":"La Junta aclara el alcance de la flexibilizaci\u00f3n lograda por ASAJA en la ayuda agroambiental a la remolacha - ASAJA Palencia","isPartOf":{"@id":"https:\/\/www.asajacyl.com\/palencia\/#website"},"primaryImageOfPage":{"@id":"https:\/\/www.asajacyl.com\/palencia\/asaja-palencia-informa\/la-junta-aclara-el-alcance-de-la-flexibilizacion-lograda-por-asaja-en-la-ayuda-agroambiental-a-la-remolacha#primaryimage"},"image":{"@id":"https:\/\/www.asajacyl.com\/palencia\/asaja-palencia-informa\/la-junta-aclara-el-alcance-de-la-flexibilizacion-lograda-por-asaja-en-la-ayuda-agroambiental-a-la-remolacha#primaryimage"},"thumbnailUrl":"https:\/\/www.asajacyl.com\/palencia\/wp-content\/uploads\/sites\/3\/2023\/04\/REMOLACHA-REGADIO-2.jpg","datePublished":"2025-03-21T06:15:00+00:00","author":{"@id":"https:\/\/www.asajacyl.com\/palencia\/#\/schema\/person\/3ab17aeb03527485c317557fae64aab1"},"description":"Tal y como inform\u00e1bamos esta semana, a ra\u00edz de la reivindicaci\u00f3n de ASAJA-Castilla y Le\u00f3n, la Consejer\u00eda de Agricultura, Ganader\u00eda y Desarrollo Rural de","breadcrumb":{"@id":"https:\/\/www.asajacyl.com\/palencia\/asaja-palencia-informa\/la-junta-aclara-el-alcance-de-la-flexibilizacion-lograda-por-asaja-en-la-ayuda-agroambiental-a-la-remolacha#breadcrumb"},"inLanguage":"es","potentialAction":[{"@type":"ReadAction","target":["https:\/\/www.asajacyl.com\/palencia\/asaja-palencia-informa\/la-junta-aclara-el-alcance-de-la-flexibilizacion-lograda-por-asaja-en-la-ayuda-agroambiental-a-la-remolacha"]}]},{"@type":"ImageObject","inLanguage":"es","@id":"https:\/\/www.asajacyl.com\/palencia\/asaja-palencia-informa\/la-junta-aclara-el-alcance-de-la-flexibilizacion-lograda-por-asaja-en-la-ayuda-agroambiental-a-la-remolacha#primaryimage","url":"https:\/\/www.asajacyl.com\/palencia\/wp-content\/uploads\/sites\/3\/2023\/04\/REMOLACHA-REGADIO-2.jpg","contentUrl":"https:\/\/www.asajacyl.com\/palencia\/wp-content\/uploads\/sites\/3\/2023\/04\/REMOLACHA-REGADIO-2.jpg","width":2500,"height":1875},{"@type":"BreadcrumbList","@id":"https:\/\/www.asajacyl.com\/palencia\/asaja-palencia-informa\/la-junta-aclara-el-alcance-de-la-flexibilizacion-lograda-por-asaja-en-la-ayuda-agroambiental-a-la-remolacha#breadcrumb","itemListElement":[{"@type":"ListItem","position":1,"name":"Portada","item":"https:\/\/www.asajacyl.com\/palencia\/"},{"@type":"ListItem","position":2,"name":"La Junta aclara el alcance de la flexibilizaci\u00f3n lograda por ASAJA en la ayuda agroambiental a la remolacha"}]},{"@type":"WebSite","@id":"https:\/\/www.asajacyl.com\/palencia\/#website","url":"https:\/\/www.asajacyl.com\/palencia\/","name":"ASAJA Palencia","description":"Otro sitio m\u00e1s de Provincias ASAJA Castilla y Le\u00f3n","potentialAction":[{"@type":"SearchAction","target":{"@type":"EntryPoint","urlTemplate":"https:\/\/www.asajacyl.com\/palencia\/?s={search_term_string}"},"query-input":{"@type":"PropertyValueSpecification","valueRequired":true,"valueName":"search_term_string"}}],"inLanguage":"es"},{"@type":"Person","@id":"https:\/\/www.asajacyl.com\/palencia\/#\/schema\/person\/3ab17aeb03527485c317557fae64aab1","name":"Administrador","image":{"@type":"ImageObject","inLanguage":"es","@id":"https:\/\/www.asajacyl.com\/palencia\/#\/schema\/person\/image\/","url":"https:\/\/secure.gravatar.com\/avatar\/517384810d242ca9e38c180f3c9fb973?s=96&d=mm&r=g","contentUrl":"https:\/\/secure.gravatar.com\/avatar\/517384810d242ca9e38c180f3c9fb973?s=96&d=mm&r=g","caption":"Administrador"},"url":"https:\/\/www.asajacyl.com\/palencia\/author\/carlosrm"}]}},"_links":{"self":[{"href":"https:\/\/www.asajacyl.com\/palencia\/wp-json\/wp\/v2\/posts\/19334"}],"collection":[{"href":"https:\/\/www.asajacyl.com\/palencia\/wp-json\/wp\/v2\/posts"}],"about":[{"href":"https:\/\/www.asajacyl.com\/palencia\/wp-json\/wp\/v2\/types\/post"}],"author":[{"embeddable":true,"href":"https:\/\/www.asajacyl.com\/palencia\/wp-json\/wp\/v2\/users\/9"}],"replies":[{"embeddable":true,"href":"https:\/\/www.asajacyl.com\/palencia\/wp-json\/wp\/v2\/comments?post=19334"}],"version-history":[{"count":5,"href":"https:\/\/www.asajacyl.com\/palencia\/wp-json\/wp\/v2\/posts\/19334\/revisions"}],"predecessor-version":[{"id":19339,"href":"https:\/\/www.asajacyl.com\/palencia\/wp-json\/wp\/v2\/posts\/19334\/revisions\/19339"}],"wp:featuredmedia":[{"embeddable":true,"href":"https:\/\/www.asajacyl.com\/palencia\/wp-json\/wp\/v2\/media\/12970"}],"wp:attachment":[{"href":"https:\/\/www.asajacyl.com\/palencia\/wp-json\/wp\/v2\/media?parent=19334"}],"wp:term":[{"taxonomy":"category","embeddable":true,"href":"https:\/\/www.asajacyl.com\/palencia\/wp-json\/wp\/v2\/categories?post=19334"},{"taxonomy":"post_tag","embeddable":true,"href":"https:\/\/www.asajacyl.com\/palencia\/wp-json\/wp\/v2\/tags?post=19334"}],"curies":[{"name":"wp","href":"https:\/\/api.w.org\/{rel}","templated":true}]}}