{"id":19340,"date":"2025-03-21T09:33:10","date_gmt":"2025-03-21T08:33:10","guid":{"rendered":"https:\/\/www.asajacyl.com\/palencia\/?p=19340"},"modified":"2025-03-21T09:33:14","modified_gmt":"2025-03-21T08:33:14","slug":"asaja-celebra-que-el-congreso-saque-al-lobo-de-especie-con-la-maxima-proteccion-al-norte-del-duero","status":"publish","type":"post","link":"https:\/\/www.asajacyl.com\/palencia\/asaja-palencia-informa\/asaja-celebra-que-el-congreso-saque-al-lobo-de-especie-con-la-maxima-proteccion-al-norte-del-duero","title":{"rendered":"ASAJA celebra que el Congreso saque al lobo de especie con la m\u00e1xima protecci\u00f3n al norte del Duero"},"content":{"rendered":"\n<h2 class=\"wp-block-heading\">ASAJA celebra los dos importantes avances legislativos en materia laboral y energ\u00e9tica aprobados esta semana por el Congreso de los Diputados, fruto del intenso trabajo de nuestra organizaci\u00f3n agraria en defensa de agricultores y ganaderos, as\u00ed como la salida del lobo del grupo de especies con protecci\u00f3n especial al Norte del Duero, pero exige que esa rebaja avance hacia el sur.<\/h2>\n\n\n\n<p>Ci\u00f1endonos al \u00faltimo de estos asuntos, ASAJA valora de forma positiva la decisi\u00f3n del Congreso de excluir al lobo del Listado de Especies Silvestres en R\u00e9gimen de Protecci\u00f3n Especial (LESPRE) al Norte del r\u00edo Duero. La medida, que ha contado con el respaldo del Partido Popular,  VOX, Junts y el PNV, se hab\u00eda aprobada previamente en el Senado.<\/p>\n\n\n\n<p>Se devuelve as\u00ed a las comunidades aut\u00f3nomas la capacidad para gestionar adecuadamente las poblaciones de lobos seg\u00fan sus realidades territoriales espec\u00edficas. <\/p>\n\n\n\n<p><strong>GRATITUD Y REPROCHE. <\/strong>Nuestra organizaci\u00f3n agradece a los diputados que han votado a favor de esta iniciativa y expresa su cr\u00edtica hacia aquellos grupos pol\u00edticos que han preferido mantener la protecci\u00f3n estricta del lobo, ignorando las demandas del sector ganadero y las dificultades econ\u00f3micas y sociales que genera.<\/p>\n\n\n\n<p>Con esta decisi\u00f3n, las comunidades aut\u00f3nomas situadas al Norte del Duero recuperan su capacidad para gestionar y controlar el lobo de forma adecuada, volviendo a la situaci\u00f3n previa a la pol\u00e9mica orden del Ministerio de Transici\u00f3n Ecol\u00f3gica y Reto Demogr\u00e1fico (MITECO( de septiembre de 2021. <\/p>\n\n\n\n<p><strong>PLANES EFICACES. <\/strong>ASAJA trabajar\u00e1 ahora activamente con las administraciones auton\u00f3micas para implementar planes de gesti\u00f3n eficaces y evaluar con rigor los da\u00f1os causados por esta especie en las explotaciones ganaderas.<\/p>\n\n\n\n<p>No obstante, nuestra organizaci\u00f3n subraya que sigue pendiente la soluci\u00f3n al Sur del Duero, donde el lobo contin\u00faa incluido en el LESPRE debido a restricciones europeas. En este sentido, la organizaci\u00f3n agraria insiste en que es imprescindible modificar la Directiva H\u00e1bitats europea para que el lobo pase de considerarse una especie \u00abestrictamente protegida\u00bb a simplemente \u00abprotegida\u00bb. <\/p>\n\n\n\n<p>ASAJA continuar\u00e1 trabajando activamente en Europa para lograr este cambio normativo, que permitir\u00e1 extender esa exclusi\u00f3n del lobo del LESPRE a todo el territorio nacional tan pronto como sea aprobada. Estos logros legislativos ponen de manifiesto, una vez m\u00e1s, el compromiso permanente y riguroso de nuestra organizaci\u00f3n en defensa del sector agrario espa\u00f1ol.<strong>\/<\/strong><\/p>\n","protected":false},"excerpt":{"rendered":"<p>ASAJA celebra los dos importantes avances legislativos en materia laboral y energ\u00e9tica aprobados esta semana por el Congreso de los Diputados, fruto del intenso trabajo de nuestra organizaci\u00f3n agraria en defensa de agricultores y ganaderos, as\u00ed como la salida del lobo del grupo de especies con protecci\u00f3n especial al Norte del Duero, pero exige que [&hellip;]<\/p>\n","protected":false},"author":9,"featured_media":14314,"comment_status":"open","ping_status":"open","sticky":false,"template":"","format":"standard","meta":{"footnotes":""},"categories":[9,28],"tags":[58,473,351,77,66,472,237,339],"yoast_head":"<!-- This site is optimized with the Yoast SEO plugin v24.5 - https:\/\/yoast.com\/wordpress\/plugins\/seo\/ -->\n<title>ASAJA celebra que el Congreso saque al lobo de especie con la m\u00e1xima protecci\u00f3n al norte del Duero - ASAJA Palencia<\/title>\n<meta name=\"description\" content=\"ASAJA celebra los dos importantes avances legislativos en materia laboral y energ\u00e9tica aprobados esta semana por el Congreso de los Diputados, fruto del\" \/>\n<meta name=\"robots\" content=\"index, follow, max-snippet:-1, max-image-preview:large, max-video-preview:-1\" \/>\n<link rel=\"canonical\" href=\"https:\/\/www.asajacyl.com\/palencia\/asaja-palencia-informa\/asaja-celebra-que-el-congreso-saque-al-lobo-de-especie-con-la-maxima-proteccion-al-norte-del-duero\" \/>\n<meta property=\"og:locale\" content=\"es_ES\" \/>\n<meta property=\"og:type\" content=\"article\" \/>\n<meta property=\"og:title\" content=\"ASAJA celebra que el Congreso saque al lobo de especie con la m\u00e1xima protecci\u00f3n al norte del Duero - ASAJA Palencia\" \/>\n<meta property=\"og:description\" content=\"ASAJA celebra los dos importantes avances legislativos en materia laboral y energ\u00e9tica aprobados esta semana por el Congreso de los Diputados, fruto del\" \/>\n<meta property=\"og:url\" content=\"https:\/\/www.asajacyl.com\/palencia\/asaja-palencia-informa\/asaja-celebra-que-el-congreso-saque-al-lobo-de-especie-con-la-maxima-proteccion-al-norte-del-duero\" \/>\n<meta property=\"og:site_name\" content=\"ASAJA Palencia\" \/>\n<meta property=\"article:published_time\" content=\"2025-03-21T08:33:10+00:00\" \/>\n<meta property=\"article:modified_time\" content=\"2025-03-21T08:33:14+00:00\" \/>\n<meta property=\"og:image\" content=\"https:\/\/www.asajacyl.com\/palencia\/wp-content\/uploads\/sites\/3\/2023\/09\/lobo-web-1024x896.jpg\" \/>\n\t<meta property=\"og:image:width\" content=\"1024\" \/>\n\t<meta property=\"og:image:height\" content=\"896\" \/>\n\t<meta property=\"og:image:type\" content=\"image\/jpeg\" \/>\n<meta name=\"author\" content=\"Administrador\" \/>\n<meta name=\"twitter:card\" content=\"summary_large_image\" \/>\n<meta name=\"twitter:label1\" content=\"Escrito por\" \/>\n\t<meta name=\"twitter:data1\" content=\"Administrador\" \/>\n\t<meta name=\"twitter:label2\" content=\"Tiempo de lectura\" \/>\n\t<meta name=\"twitter:data2\" content=\"2 minutos\" \/>\n<script type=\"application\/ld+json\" class=\"yoast-schema-graph\">{\"@context\":\"https:\/\/schema.org\",\"@graph\":[{\"@type\":\"WebPage\",\"@id\":\"https:\/\/www.asajacyl.com\/palencia\/asaja-palencia-informa\/asaja-celebra-que-el-congreso-saque-al-lobo-de-especie-con-la-maxima-proteccion-al-norte-del-duero\",\"url\":\"https:\/\/www.asajacyl.com\/palencia\/asaja-palencia-informa\/asaja-celebra-que-el-congreso-saque-al-lobo-de-especie-con-la-maxima-proteccion-al-norte-del-duero\",\"name\":\"ASAJA celebra que el Congreso saque al lobo de especie con la m\u00e1xima protecci\u00f3n al norte del Duero - ASAJA Palencia\",\"isPartOf\":{\"@id\":\"https:\/\/www.asajacyl.com\/palencia\/#website\"},\"primaryImageOfPage\":{\"@id\":\"https:\/\/www.asajacyl.com\/palencia\/asaja-palencia-informa\/asaja-celebra-que-el-congreso-saque-al-lobo-de-especie-con-la-maxima-proteccion-al-norte-del-duero#primaryimage\"},\"image\":{\"@id\":\"https:\/\/www.asajacyl.com\/palencia\/asaja-palencia-informa\/asaja-celebra-que-el-congreso-saque-al-lobo-de-especie-con-la-maxima-proteccion-al-norte-del-duero#primaryimage\"},\"thumbnailUrl\":\"https:\/\/www.asajacyl.com\/palencia\/wp-content\/uploads\/sites\/3\/2023\/09\/lobo-web.jpg\",\"datePublished\":\"2025-03-21T08:33:10+00:00\",\"dateModified\":\"2025-03-21T08:33:14+00:00\",\"author\":{\"@id\":\"https:\/\/www.asajacyl.com\/palencia\/#\/schema\/person\/3ab17aeb03527485c317557fae64aab1\"},\"description\":\"ASAJA celebra los dos importantes avances legislativos en materia laboral y energ\u00e9tica aprobados esta semana por el Congreso de los Diputados, fruto del\",\"breadcrumb\":{\"@id\":\"https:\/\/www.asajacyl.com\/palencia\/asaja-palencia-informa\/asaja-celebra-que-el-congreso-saque-al-lobo-de-especie-con-la-maxima-proteccion-al-norte-del-duero#breadcrumb\"},\"inLanguage\":\"es\",\"potentialAction\":[{\"@type\":\"ReadAction\",\"target\":[\"https:\/\/www.asajacyl.com\/palencia\/asaja-palencia-informa\/asaja-celebra-que-el-congreso-saque-al-lobo-de-especie-con-la-maxima-proteccion-al-norte-del-duero\"]}]},{\"@type\":\"ImageObject\",\"inLanguage\":\"es\",\"@id\":\"https:\/\/www.asajacyl.com\/palencia\/asaja-palencia-informa\/asaja-celebra-que-el-congreso-saque-al-lobo-de-especie-con-la-maxima-proteccion-al-norte-del-duero#primaryimage\",\"url\":\"https:\/\/www.asajacyl.com\/palencia\/wp-content\/uploads\/sites\/3\/2023\/09\/lobo-web.jpg\",\"contentUrl\":\"https:\/\/www.asajacyl.com\/palencia\/wp-content\/uploads\/sites\/3\/2023\/09\/lobo-web.jpg\",\"width\":1890,\"height\":1654},{\"@type\":\"BreadcrumbList\",\"@id\":\"https:\/\/www.asajacyl.com\/palencia\/asaja-palencia-informa\/asaja-celebra-que-el-congreso-saque-al-lobo-de-especie-con-la-maxima-proteccion-al-norte-del-duero#breadcrumb\",\"itemListElement\":[{\"@type\":\"ListItem\",\"position\":1,\"name\":\"Portada\",\"item\":\"https:\/\/www.asajacyl.com\/palencia\/\"},{\"@type\":\"ListItem\",\"position\":2,\"name\":\"ASAJA celebra que el Congreso saque al lobo de especie con la m\u00e1xima protecci\u00f3n al norte del Duero\"}]},{\"@type\":\"WebSite\",\"@id\":\"https:\/\/www.asajacyl.com\/palencia\/#website\",\"url\":\"https:\/\/www.asajacyl.com\/palencia\/\",\"name\":\"ASAJA Palencia\",\"description\":\"Otro sitio m\u00e1s de Provincias ASAJA Castilla y Le\u00f3n\",\"potentialAction\":[{\"@type\":\"SearchAction\",\"target\":{\"@type\":\"EntryPoint\",\"urlTemplate\":\"https:\/\/www.asajacyl.com\/palencia\/?s={search_term_string}\"},\"query-input\":{\"@type\":\"PropertyValueSpecification\",\"valueRequired\":true,\"valueName\":\"search_term_string\"}}],\"inLanguage\":\"es\"},{\"@type\":\"Person\",\"@id\":\"https:\/\/www.asajacyl.com\/palencia\/#\/schema\/person\/3ab17aeb03527485c317557fae64aab1\",\"name\":\"Administrador\",\"image\":{\"@type\":\"ImageObject\",\"inLanguage\":\"es\",\"@id\":\"https:\/\/www.asajacyl.com\/palencia\/#\/schema\/person\/image\/\",\"url\":\"https:\/\/secure.gravatar.com\/avatar\/517384810d242ca9e38c180f3c9fb973?s=96&d=mm&r=g\",\"contentUrl\":\"https:\/\/secure.gravatar.com\/avatar\/517384810d242ca9e38c180f3c9fb973?s=96&d=mm&r=g\",\"caption\":\"Administrador\"},\"url\":\"https:\/\/www.asajacyl.com\/palencia\/author\/carlosrm\"}]}<\/script>\n<!-- \/ Yoast SEO plugin. -->","yoast_head_json":{"title":"ASAJA celebra que el Congreso saque al lobo de especie con la m\u00e1xima protecci\u00f3n al norte del Duero - ASAJA Palencia","description":"ASAJA celebra los dos importantes avances legislativos en materia laboral y energ\u00e9tica aprobados esta semana por el Congreso de los Diputados, fruto del","robots":{"index":"index","follow":"follow","max-snippet":"max-snippet:-1","max-image-preview":"max-image-preview:large","max-video-preview":"max-video-preview:-1"},"canonical":"https:\/\/www.asajacyl.com\/palencia\/asaja-palencia-informa\/asaja-celebra-que-el-congreso-saque-al-lobo-de-especie-con-la-maxima-proteccion-al-norte-del-duero","og_locale":"es_ES","og_type":"article","og_title":"ASAJA celebra que el Congreso saque al lobo de especie con la m\u00e1xima protecci\u00f3n al norte del Duero - ASAJA Palencia","og_description":"ASAJA celebra los dos importantes avances legislativos en materia laboral y energ\u00e9tica aprobados esta semana por el Congreso de los Diputados, fruto del","og_url":"https:\/\/www.asajacyl.com\/palencia\/asaja-palencia-informa\/asaja-celebra-que-el-congreso-saque-al-lobo-de-especie-con-la-maxima-proteccion-al-norte-del-duero","og_site_name":"ASAJA Palencia","article_published_time":"2025-03-21T08:33:10+00:00","article_modified_time":"2025-03-21T08:33:14+00:00","og_image":[{"width":1024,"height":896,"url":"https:\/\/www.asajacyl.com\/palencia\/wp-content\/uploads\/sites\/3\/2023\/09\/lobo-web-1024x896.jpg","type":"image\/jpeg"}],"author":"Administrador","twitter_card":"summary_large_image","twitter_misc":{"Escrito por":"Administrador","Tiempo de lectura":"2 minutos"},"schema":{"@context":"https:\/\/schema.org","@graph":[{"@type":"WebPage","@id":"https:\/\/www.asajacyl.com\/palencia\/asaja-palencia-informa\/asaja-celebra-que-el-congreso-saque-al-lobo-de-especie-con-la-maxima-proteccion-al-norte-del-duero","url":"https:\/\/www.asajacyl.com\/palencia\/asaja-palencia-informa\/asaja-celebra-que-el-congreso-saque-al-lobo-de-especie-con-la-maxima-proteccion-al-norte-del-duero","name":"ASAJA celebra que el Congreso saque al lobo de especie con la m\u00e1xima protecci\u00f3n al norte del Duero - ASAJA Palencia","isPartOf":{"@id":"https:\/\/www.asajacyl.com\/palencia\/#website"},"primaryImageOfPage":{"@id":"https:\/\/www.asajacyl.com\/palencia\/asaja-palencia-informa\/asaja-celebra-que-el-congreso-saque-al-lobo-de-especie-con-la-maxima-proteccion-al-norte-del-duero#primaryimage"},"image":{"@id":"https:\/\/www.asajacyl.com\/palencia\/asaja-palencia-informa\/asaja-celebra-que-el-congreso-saque-al-lobo-de-especie-con-la-maxima-proteccion-al-norte-del-duero#primaryimage"},"thumbnailUrl":"https:\/\/www.asajacyl.com\/palencia\/wp-content\/uploads\/sites\/3\/2023\/09\/lobo-web.jpg","datePublished":"2025-03-21T08:33:10+00:00","dateModified":"2025-03-21T08:33:14+00:00","author":{"@id":"https:\/\/www.asajacyl.com\/palencia\/#\/schema\/person\/3ab17aeb03527485c317557fae64aab1"},"description":"ASAJA celebra los dos importantes avances legislativos en materia laboral y energ\u00e9tica aprobados esta semana por el Congreso de los Diputados, fruto del","breadcrumb":{"@id":"https:\/\/www.asajacyl.com\/palencia\/asaja-palencia-informa\/asaja-celebra-que-el-congreso-saque-al-lobo-de-especie-con-la-maxima-proteccion-al-norte-del-duero#breadcrumb"},"inLanguage":"es","potentialAction":[{"@type":"ReadAction","target":["https:\/\/www.asajacyl.com\/palencia\/asaja-palencia-informa\/asaja-celebra-que-el-congreso-saque-al-lobo-de-especie-con-la-maxima-proteccion-al-norte-del-duero"]}]},{"@type":"ImageObject","inLanguage":"es","@id":"https:\/\/www.asajacyl.com\/palencia\/asaja-palencia-informa\/asaja-celebra-que-el-congreso-saque-al-lobo-de-especie-con-la-maxima-proteccion-al-norte-del-duero#primaryimage","url":"https:\/\/www.asajacyl.com\/palencia\/wp-content\/uploads\/sites\/3\/2023\/09\/lobo-web.jpg","contentUrl":"https:\/\/www.asajacyl.com\/palencia\/wp-content\/uploads\/sites\/3\/2023\/09\/lobo-web.jpg","width":1890,"height":1654},{"@type":"BreadcrumbList","@id":"https:\/\/www.asajacyl.com\/palencia\/asaja-palencia-informa\/asaja-celebra-que-el-congreso-saque-al-lobo-de-especie-con-la-maxima-proteccion-al-norte-del-duero#breadcrumb","itemListElement":[{"@type":"ListItem","position":1,"name":"Portada","item":"https:\/\/www.asajacyl.com\/palencia\/"},{"@type":"ListItem","position":2,"name":"ASAJA celebra que el Congreso saque al lobo de especie con la m\u00e1xima protecci\u00f3n al norte del Duero"}]},{"@type":"WebSite","@id":"https:\/\/www.asajacyl.com\/palencia\/#website","url":"https:\/\/www.asajacyl.com\/palencia\/","name":"ASAJA Palencia","description":"Otro sitio m\u00e1s de Provincias ASAJA Castilla y Le\u00f3n","potentialAction":[{"@type":"SearchAction","target":{"@type":"EntryPoint","urlTemplate":"https:\/\/www.asajacyl.com\/palencia\/?s={search_term_string}"},"query-input":{"@type":"PropertyValueSpecification","valueRequired":true,"valueName":"search_term_string"}}],"inLanguage":"es"},{"@type":"Person","@id":"https:\/\/www.asajacyl.com\/palencia\/#\/schema\/person\/3ab17aeb03527485c317557fae64aab1","name":"Administrador","image":{"@type":"ImageObject","inLanguage":"es","@id":"https:\/\/www.asajacyl.com\/palencia\/#\/schema\/person\/image\/","url":"https:\/\/secure.gravatar.com\/avatar\/517384810d242ca9e38c180f3c9fb973?s=96&d=mm&r=g","contentUrl":"https:\/\/secure.gravatar.com\/avatar\/517384810d242ca9e38c180f3c9fb973?s=96&d=mm&r=g","caption":"Administrador"},"url":"https:\/\/www.asajacyl.com\/palencia\/author\/carlosrm"}]}},"_links":{"self":[{"href":"https:\/\/www.asajacyl.com\/palencia\/wp-json\/wp\/v2\/posts\/19340"}],"collection":[{"href":"https:\/\/www.asajacyl.com\/palencia\/wp-json\/wp\/v2\/posts"}],"about":[{"href":"https:\/\/www.asajacyl.com\/palencia\/wp-json\/wp\/v2\/types\/post"}],"author":[{"embeddable":true,"href":"https:\/\/www.asajacyl.com\/palencia\/wp-json\/wp\/v2\/users\/9"}],"replies":[{"embeddable":true,"href":"https:\/\/www.asajacyl.com\/palencia\/wp-json\/wp\/v2\/comments?post=19340"}],"version-history":[{"count":1,"href":"https:\/\/www.asajacyl.com\/palencia\/wp-json\/wp\/v2\/posts\/19340\/revisions"}],"predecessor-version":[{"id":19341,"href":"https:\/\/www.asajacyl.com\/palencia\/wp-json\/wp\/v2\/posts\/19340\/revisions\/19341"}],"wp:featuredmedia":[{"embeddable":true,"href":"https:\/\/www.asajacyl.com\/palencia\/wp-json\/wp\/v2\/media\/14314"}],"wp:attachment":[{"href":"https:\/\/www.asajacyl.com\/palencia\/wp-json\/wp\/v2\/media?parent=19340"}],"wp:term":[{"taxonomy":"category","embeddable":true,"href":"https:\/\/www.asajacyl.com\/palencia\/wp-json\/wp\/v2\/categories?post=19340"},{"taxonomy":"post_tag","embeddable":true,"href":"https:\/\/www.asajacyl.com\/palencia\/wp-json\/wp\/v2\/tags?post=19340"}],"curies":[{"name":"wp","href":"https:\/\/api.w.org\/{rel}","templated":true}]}}