{"id":19342,"date":"2025-03-23T09:38:04","date_gmt":"2025-03-23T08:38:04","guid":{"rendered":"https:\/\/www.asajacyl.com\/palencia\/?p=19342"},"modified":"2025-03-21T09:54:41","modified_gmt":"2025-03-21T08:54:41","slug":"asaja-ve-atendidas-en-el-congreso-dos-importantes-medidas-en-materia-laboral-y-energetica","status":"publish","type":"post","link":"https:\/\/www.asajacyl.com\/palencia\/asaja-palencia-informa\/asaja-ve-atendidas-en-el-congreso-dos-importantes-medidas-en-materia-laboral-y-energetica","title":{"rendered":"ASAJA ve atendidas en el Congreso dos importantes medidas en materia laboral y energ\u00e9tica"},"content":{"rendered":"\n<h2 class=\"wp-block-heading\">ASAJA ha visto la pasada semana atendidas dos importantes medidas legislativas en el Congreso de los Diputados, fruto del intenso trabajo reivindicativo de nuestra organizaci\u00f3n agraria en defensa de agricultores y ganaderos, cambios que se unen a la <a href=\"https:\/\/www.asajacyl.com\/palencia\/asaja-palencia-informa\/asaja-celebra-que-el-congreso-saque-al-lobo-de-especie-con-la-maxima-proteccion-al-norte-del-duero\" target=\"_blank\" rel=\"noreferrer noopener\">salida del lobo del listado de especies de especial protecci\u00f3n al norte del Duero<\/a>.<\/h2>\n\n\n\n<p>Tras meses de negociaciones con los distintos grupos parlamentarios, ASAJA ha conseguido la aprobaci\u00f3n de una enmienda clave en la Ley de prevenci\u00f3n de las p\u00e9rdidas y el desperdicio alimentario. La modificaci\u00f3n permite a agricultores y ganaderos <strong>realizar contratos temporales de hasta 120 d\u00edas durante las campa\u00f1as agr\u00edcolas<\/strong>, lo que dota as\u00ed al sector de una herramienta fundamental para adaptarse con seguridad jur\u00eddica a las circunstancias laborales cambiantes propias del campo. Hasta la fecha no se contemplaba ni la temporalidad y ni la estacionalidad del sector agroganadero.<\/p>\n\n\n\n<p>La medida, impulsada por el Partido Popular en el Senado y ratificada finalmente en el Congreso con el apoyo de VOX, Junts y el PNV, da respuesta directa a las demandas planteadas por ASAJA desde la aprobaci\u00f3n de la reforma laboral, que hab\u00eda dejado al sector agrario en una situaci\u00f3n especialmente compleja respecto a la contrataci\u00f3n temporal. <\/p>\n\n\n\n<p>Adem\u00e1s, la ley incluye otra victoria hist\u00f3rica para ASAJA al incorporar <strong>mejoras en materia energ\u00e9tica<\/strong> largamente reivindicadas. Los titulares de explotaciones agrarias \u2014ya sean aut\u00f3nomos, empresas, cooperativas agrarias o comunidades de regantes\u2014 van a poder disponer de <strong>dos potencias el\u00e9ctricas diferentes<\/strong> durante un periodo de doce meses. <\/p>\n\n\n\n<p>Esta flexibilidad permitir\u00e1 ajustar los costes energ\u00e9ticos a las necesidades reales de cada explotaci\u00f3n, facilitando la gesti\u00f3n mediante una simple comunicaci\u00f3n telem\u00e1tica o telef\u00f3nica con el suministrador el\u00e9ctrico. La medida contribuye significativamente a la reducci\u00f3n de costes y aporta mayor flexibilidad operativa a nuestro sector; y es de gran importancia para el regad\u00edo.<strong>\/<\/strong><\/p>\n","protected":false},"excerpt":{"rendered":"<p>ASAJA ha visto la pasada semana atendidas dos importantes medidas legislativas en el Congreso de los Diputados, fruto del intenso trabajo reivindicativo de nuestra organizaci\u00f3n agraria en defensa de agricultores y ganaderos, cambios que se unen a la salida del lobo del listado de especies de especial protecci\u00f3n al norte del Duero. Tras meses de [&hellip;]<\/p>\n","protected":false},"author":9,"featured_media":19343,"comment_status":"open","ping_status":"open","sticky":false,"template":"","format":"standard","meta":{"footnotes":""},"categories":[9,38,28,13],"tags":[58,1097,1289,662,1296,351,948,493,77,661,1350],"yoast_head":"<!-- This site is optimized with the Yoast SEO plugin v24.5 - https:\/\/yoast.com\/wordpress\/plugins\/seo\/ -->\n<title>ASAJA ve atendidas en el Congreso dos importantes medidas en materia laboral y energ\u00e9tica - ASAJA Palencia<\/title>\n<meta name=\"description\" content=\"ASAJA ha visto la pasada semana atendidas dos importantes medidas legislativas en el Congreso de los Diputados, fruto del intenso trabajo reivindicativo\" \/>\n<meta name=\"robots\" content=\"index, follow, max-snippet:-1, max-image-preview:large, max-video-preview:-1\" \/>\n<link rel=\"canonical\" href=\"https:\/\/www.asajacyl.com\/palencia\/asaja-palencia-informa\/asaja-ve-atendidas-en-el-congreso-dos-importantes-medidas-en-materia-laboral-y-energetica\" \/>\n<meta property=\"og:locale\" content=\"es_ES\" \/>\n<meta property=\"og:type\" content=\"article\" \/>\n<meta property=\"og:title\" content=\"ASAJA ve atendidas en el Congreso dos importantes medidas en materia laboral y energ\u00e9tica - ASAJA Palencia\" \/>\n<meta property=\"og:description\" content=\"ASAJA ha visto la pasada semana atendidas dos importantes medidas legislativas en el Congreso de los Diputados, fruto del intenso trabajo reivindicativo\" \/>\n<meta property=\"og:url\" content=\"https:\/\/www.asajacyl.com\/palencia\/asaja-palencia-informa\/asaja-ve-atendidas-en-el-congreso-dos-importantes-medidas-en-materia-laboral-y-energetica\" \/>\n<meta property=\"og:site_name\" content=\"ASAJA Palencia\" \/>\n<meta property=\"article:published_time\" content=\"2025-03-23T08:38:04+00:00\" \/>\n<meta property=\"og:image\" content=\"https:\/\/www.asajacyl.com\/palencia\/wp-content\/uploads\/sites\/3\/2025\/03\/Cosechadora-cereal-Tierra-de-Campos-1024x896.jpg\" \/>\n\t<meta property=\"og:image:width\" content=\"1024\" \/>\n\t<meta property=\"og:image:height\" content=\"896\" \/>\n\t<meta property=\"og:image:type\" content=\"image\/jpeg\" \/>\n<meta name=\"author\" content=\"Administrador\" \/>\n<meta name=\"twitter:card\" content=\"summary_large_image\" \/>\n<meta name=\"twitter:label1\" content=\"Escrito por\" \/>\n\t<meta name=\"twitter:data1\" content=\"Administrador\" \/>\n\t<meta name=\"twitter:label2\" content=\"Tiempo de lectura\" \/>\n\t<meta name=\"twitter:data2\" content=\"2 minutos\" \/>\n<script type=\"application\/ld+json\" class=\"yoast-schema-graph\">{\"@context\":\"https:\/\/schema.org\",\"@graph\":[{\"@type\":\"WebPage\",\"@id\":\"https:\/\/www.asajacyl.com\/palencia\/asaja-palencia-informa\/asaja-ve-atendidas-en-el-congreso-dos-importantes-medidas-en-materia-laboral-y-energetica\",\"url\":\"https:\/\/www.asajacyl.com\/palencia\/asaja-palencia-informa\/asaja-ve-atendidas-en-el-congreso-dos-importantes-medidas-en-materia-laboral-y-energetica\",\"name\":\"ASAJA ve atendidas en el Congreso dos importantes medidas en materia laboral y energ\u00e9tica - ASAJA Palencia\",\"isPartOf\":{\"@id\":\"https:\/\/www.asajacyl.com\/palencia\/#website\"},\"primaryImageOfPage\":{\"@id\":\"https:\/\/www.asajacyl.com\/palencia\/asaja-palencia-informa\/asaja-ve-atendidas-en-el-congreso-dos-importantes-medidas-en-materia-laboral-y-energetica#primaryimage\"},\"image\":{\"@id\":\"https:\/\/www.asajacyl.com\/palencia\/asaja-palencia-informa\/asaja-ve-atendidas-en-el-congreso-dos-importantes-medidas-en-materia-laboral-y-energetica#primaryimage\"},\"thumbnailUrl\":\"https:\/\/www.asajacyl.com\/palencia\/wp-content\/uploads\/sites\/3\/2025\/03\/Cosechadora-cereal-Tierra-de-Campos.jpg\",\"datePublished\":\"2025-03-23T08:38:04+00:00\",\"author\":{\"@id\":\"https:\/\/www.asajacyl.com\/palencia\/#\/schema\/person\/3ab17aeb03527485c317557fae64aab1\"},\"description\":\"ASAJA ha visto la pasada semana atendidas dos importantes medidas legislativas en el Congreso de los Diputados, fruto del intenso trabajo reivindicativo\",\"breadcrumb\":{\"@id\":\"https:\/\/www.asajacyl.com\/palencia\/asaja-palencia-informa\/asaja-ve-atendidas-en-el-congreso-dos-importantes-medidas-en-materia-laboral-y-energetica#breadcrumb\"},\"inLanguage\":\"es\",\"potentialAction\":[{\"@type\":\"ReadAction\",\"target\":[\"https:\/\/www.asajacyl.com\/palencia\/asaja-palencia-informa\/asaja-ve-atendidas-en-el-congreso-dos-importantes-medidas-en-materia-laboral-y-energetica\"]}]},{\"@type\":\"ImageObject\",\"inLanguage\":\"es\",\"@id\":\"https:\/\/www.asajacyl.com\/palencia\/asaja-palencia-informa\/asaja-ve-atendidas-en-el-congreso-dos-importantes-medidas-en-materia-laboral-y-energetica#primaryimage\",\"url\":\"https:\/\/www.asajacyl.com\/palencia\/wp-content\/uploads\/sites\/3\/2025\/03\/Cosechadora-cereal-Tierra-de-Campos.jpg\",\"contentUrl\":\"https:\/\/www.asajacyl.com\/palencia\/wp-content\/uploads\/sites\/3\/2025\/03\/Cosechadora-cereal-Tierra-de-Campos.jpg\",\"width\":1890,\"height\":1654},{\"@type\":\"BreadcrumbList\",\"@id\":\"https:\/\/www.asajacyl.com\/palencia\/asaja-palencia-informa\/asaja-ve-atendidas-en-el-congreso-dos-importantes-medidas-en-materia-laboral-y-energetica#breadcrumb\",\"itemListElement\":[{\"@type\":\"ListItem\",\"position\":1,\"name\":\"Portada\",\"item\":\"https:\/\/www.asajacyl.com\/palencia\/\"},{\"@type\":\"ListItem\",\"position\":2,\"name\":\"ASAJA ve atendidas en el Congreso dos importantes medidas en materia laboral y energ\u00e9tica\"}]},{\"@type\":\"WebSite\",\"@id\":\"https:\/\/www.asajacyl.com\/palencia\/#website\",\"url\":\"https:\/\/www.asajacyl.com\/palencia\/\",\"name\":\"ASAJA Palencia\",\"description\":\"Otro sitio m\u00e1s de Provincias ASAJA Castilla y Le\u00f3n\",\"potentialAction\":[{\"@type\":\"SearchAction\",\"target\":{\"@type\":\"EntryPoint\",\"urlTemplate\":\"https:\/\/www.asajacyl.com\/palencia\/?s={search_term_string}\"},\"query-input\":{\"@type\":\"PropertyValueSpecification\",\"valueRequired\":true,\"valueName\":\"search_term_string\"}}],\"inLanguage\":\"es\"},{\"@type\":\"Person\",\"@id\":\"https:\/\/www.asajacyl.com\/palencia\/#\/schema\/person\/3ab17aeb03527485c317557fae64aab1\",\"name\":\"Administrador\",\"image\":{\"@type\":\"ImageObject\",\"inLanguage\":\"es\",\"@id\":\"https:\/\/www.asajacyl.com\/palencia\/#\/schema\/person\/image\/\",\"url\":\"https:\/\/secure.gravatar.com\/avatar\/517384810d242ca9e38c180f3c9fb973?s=96&d=mm&r=g\",\"contentUrl\":\"https:\/\/secure.gravatar.com\/avatar\/517384810d242ca9e38c180f3c9fb973?s=96&d=mm&r=g\",\"caption\":\"Administrador\"},\"url\":\"https:\/\/www.asajacyl.com\/palencia\/author\/carlosrm\"}]}<\/script>\n<!-- \/ Yoast SEO plugin. -->","yoast_head_json":{"title":"ASAJA ve atendidas en el Congreso dos importantes medidas en materia laboral y energ\u00e9tica - ASAJA Palencia","description":"ASAJA ha visto la pasada semana atendidas dos importantes medidas legislativas en el Congreso de los Diputados, fruto del intenso trabajo reivindicativo","robots":{"index":"index","follow":"follow","max-snippet":"max-snippet:-1","max-image-preview":"max-image-preview:large","max-video-preview":"max-video-preview:-1"},"canonical":"https:\/\/www.asajacyl.com\/palencia\/asaja-palencia-informa\/asaja-ve-atendidas-en-el-congreso-dos-importantes-medidas-en-materia-laboral-y-energetica","og_locale":"es_ES","og_type":"article","og_title":"ASAJA ve atendidas en el Congreso dos importantes medidas en materia laboral y energ\u00e9tica - ASAJA Palencia","og_description":"ASAJA ha visto la pasada semana atendidas dos importantes medidas legislativas en el Congreso de los Diputados, fruto del intenso trabajo reivindicativo","og_url":"https:\/\/www.asajacyl.com\/palencia\/asaja-palencia-informa\/asaja-ve-atendidas-en-el-congreso-dos-importantes-medidas-en-materia-laboral-y-energetica","og_site_name":"ASAJA Palencia","article_published_time":"2025-03-23T08:38:04+00:00","og_image":[{"width":1024,"height":896,"url":"https:\/\/www.asajacyl.com\/palencia\/wp-content\/uploads\/sites\/3\/2025\/03\/Cosechadora-cereal-Tierra-de-Campos-1024x896.jpg","type":"image\/jpeg"}],"author":"Administrador","twitter_card":"summary_large_image","twitter_misc":{"Escrito por":"Administrador","Tiempo de lectura":"2 minutos"},"schema":{"@context":"https:\/\/schema.org","@graph":[{"@type":"WebPage","@id":"https:\/\/www.asajacyl.com\/palencia\/asaja-palencia-informa\/asaja-ve-atendidas-en-el-congreso-dos-importantes-medidas-en-materia-laboral-y-energetica","url":"https:\/\/www.asajacyl.com\/palencia\/asaja-palencia-informa\/asaja-ve-atendidas-en-el-congreso-dos-importantes-medidas-en-materia-laboral-y-energetica","name":"ASAJA ve atendidas en el Congreso dos importantes medidas en materia laboral y energ\u00e9tica - ASAJA Palencia","isPartOf":{"@id":"https:\/\/www.asajacyl.com\/palencia\/#website"},"primaryImageOfPage":{"@id":"https:\/\/www.asajacyl.com\/palencia\/asaja-palencia-informa\/asaja-ve-atendidas-en-el-congreso-dos-importantes-medidas-en-materia-laboral-y-energetica#primaryimage"},"image":{"@id":"https:\/\/www.asajacyl.com\/palencia\/asaja-palencia-informa\/asaja-ve-atendidas-en-el-congreso-dos-importantes-medidas-en-materia-laboral-y-energetica#primaryimage"},"thumbnailUrl":"https:\/\/www.asajacyl.com\/palencia\/wp-content\/uploads\/sites\/3\/2025\/03\/Cosechadora-cereal-Tierra-de-Campos.jpg","datePublished":"2025-03-23T08:38:04+00:00","author":{"@id":"https:\/\/www.asajacyl.com\/palencia\/#\/schema\/person\/3ab17aeb03527485c317557fae64aab1"},"description":"ASAJA ha visto la pasada semana atendidas dos importantes medidas legislativas en el Congreso de los Diputados, fruto del intenso trabajo reivindicativo","breadcrumb":{"@id":"https:\/\/www.asajacyl.com\/palencia\/asaja-palencia-informa\/asaja-ve-atendidas-en-el-congreso-dos-importantes-medidas-en-materia-laboral-y-energetica#breadcrumb"},"inLanguage":"es","potentialAction":[{"@type":"ReadAction","target":["https:\/\/www.asajacyl.com\/palencia\/asaja-palencia-informa\/asaja-ve-atendidas-en-el-congreso-dos-importantes-medidas-en-materia-laboral-y-energetica"]}]},{"@type":"ImageObject","inLanguage":"es","@id":"https:\/\/www.asajacyl.com\/palencia\/asaja-palencia-informa\/asaja-ve-atendidas-en-el-congreso-dos-importantes-medidas-en-materia-laboral-y-energetica#primaryimage","url":"https:\/\/www.asajacyl.com\/palencia\/wp-content\/uploads\/sites\/3\/2025\/03\/Cosechadora-cereal-Tierra-de-Campos.jpg","contentUrl":"https:\/\/www.asajacyl.com\/palencia\/wp-content\/uploads\/sites\/3\/2025\/03\/Cosechadora-cereal-Tierra-de-Campos.jpg","width":1890,"height":1654},{"@type":"BreadcrumbList","@id":"https:\/\/www.asajacyl.com\/palencia\/asaja-palencia-informa\/asaja-ve-atendidas-en-el-congreso-dos-importantes-medidas-en-materia-laboral-y-energetica#breadcrumb","itemListElement":[{"@type":"ListItem","position":1,"name":"Portada","item":"https:\/\/www.asajacyl.com\/palencia\/"},{"@type":"ListItem","position":2,"name":"ASAJA ve atendidas en el Congreso dos importantes medidas en materia laboral y energ\u00e9tica"}]},{"@type":"WebSite","@id":"https:\/\/www.asajacyl.com\/palencia\/#website","url":"https:\/\/www.asajacyl.com\/palencia\/","name":"ASAJA Palencia","description":"Otro sitio m\u00e1s de Provincias ASAJA Castilla y Le\u00f3n","potentialAction":[{"@type":"SearchAction","target":{"@type":"EntryPoint","urlTemplate":"https:\/\/www.asajacyl.com\/palencia\/?s={search_term_string}"},"query-input":{"@type":"PropertyValueSpecification","valueRequired":true,"valueName":"search_term_string"}}],"inLanguage":"es"},{"@type":"Person","@id":"https:\/\/www.asajacyl.com\/palencia\/#\/schema\/person\/3ab17aeb03527485c317557fae64aab1","name":"Administrador","image":{"@type":"ImageObject","inLanguage":"es","@id":"https:\/\/www.asajacyl.com\/palencia\/#\/schema\/person\/image\/","url":"https:\/\/secure.gravatar.com\/avatar\/517384810d242ca9e38c180f3c9fb973?s=96&d=mm&r=g","contentUrl":"https:\/\/secure.gravatar.com\/avatar\/517384810d242ca9e38c180f3c9fb973?s=96&d=mm&r=g","caption":"Administrador"},"url":"https:\/\/www.asajacyl.com\/palencia\/author\/carlosrm"}]}},"_links":{"self":[{"href":"https:\/\/www.asajacyl.com\/palencia\/wp-json\/wp\/v2\/posts\/19342"}],"collection":[{"href":"https:\/\/www.asajacyl.com\/palencia\/wp-json\/wp\/v2\/posts"}],"about":[{"href":"https:\/\/www.asajacyl.com\/palencia\/wp-json\/wp\/v2\/types\/post"}],"author":[{"embeddable":true,"href":"https:\/\/www.asajacyl.com\/palencia\/wp-json\/wp\/v2\/users\/9"}],"replies":[{"embeddable":true,"href":"https:\/\/www.asajacyl.com\/palencia\/wp-json\/wp\/v2\/comments?post=19342"}],"version-history":[{"count":1,"href":"https:\/\/www.asajacyl.com\/palencia\/wp-json\/wp\/v2\/posts\/19342\/revisions"}],"predecessor-version":[{"id":19344,"href":"https:\/\/www.asajacyl.com\/palencia\/wp-json\/wp\/v2\/posts\/19342\/revisions\/19344"}],"wp:featuredmedia":[{"embeddable":true,"href":"https:\/\/www.asajacyl.com\/palencia\/wp-json\/wp\/v2\/media\/19343"}],"wp:attachment":[{"href":"https:\/\/www.asajacyl.com\/palencia\/wp-json\/wp\/v2\/media?parent=19342"}],"wp:term":[{"taxonomy":"category","embeddable":true,"href":"https:\/\/www.asajacyl.com\/palencia\/wp-json\/wp\/v2\/categories?post=19342"},{"taxonomy":"post_tag","embeddable":true,"href":"https:\/\/www.asajacyl.com\/palencia\/wp-json\/wp\/v2\/tags?post=19342"}],"curies":[{"name":"wp","href":"https:\/\/api.w.org\/{rel}","templated":true}]}}