{"id":19369,"date":"2025-03-25T07:30:00","date_gmt":"2025-03-25T06:30:00","guid":{"rendered":"https:\/\/www.asajacyl.com\/palencia\/?p=19369"},"modified":"2025-03-24T09:53:22","modified_gmt":"2025-03-24T08:53:22","slug":"el-observatorio-de-plagas-de-la-junta-advierte-del-riesgo-de-gorgojo-del-tallo-en-el-cultivo-de-colza","status":"publish","type":"post","link":"https:\/\/www.asajacyl.com\/palencia\/sin-categoria\/el-observatorio-de-plagas-de-la-junta-advierte-del-riesgo-de-gorgojo-del-tallo-en-el-cultivo-de-colza","title":{"rendered":"El observatorio de plagas de la Junta advierte del riesgo de gorgojo del tallo en el cultivo de colza"},"content":{"rendered":"\n<h3 class=\"wp-block-heading\">La Junta de Castilla y Le\u00f3n, a trav\u00e9s del Observatorio de plagas y enfermedades agr\u00edcolas, ha comunicado un aviso por presencia de gorgojo del tallo en el cultivo de colza. Las condicionas ambientales est\u00e1n siendo favorables para que inicie la actividad el gorgojo del tallo, y se han detectado vuelos de adultos en parcelas de colza. Por ello, se recomienda la vigilancia por parte de los agricultores y se aconseja consultar la<a href=\"https:\/\/plagas.itacyl.es\/gorgojo-de-la-colza\" target=\"_blank\" rel=\"noreferrer noopener\">&nbsp;ficha de apoyo a plagas y enfermedades elaborada por el Instituto T\u00e9cnico Agrario de Castilla y Le\u00f3n (ITACyL)<\/a>.<\/h3>\n\n\n<div class=\"wp-block-image\">\n<figure class=\"alignright size-large is-resized\"><img loading=\"lazy\" decoding=\"async\" width=\"680\" height=\"1024\" src=\"https:\/\/www.asajacyl.com\/palencia\/wp-content\/uploads\/sites\/3\/2025\/03\/Gorgojo-colza-deformidades-tallo-c-ITACyL-web-680x1024.jpg\" alt=\"\" class=\"wp-image-19370\" style=\"width:536px;height:auto\" srcset=\"https:\/\/www.asajacyl.com\/palencia\/wp-content\/uploads\/sites\/3\/2025\/03\/Gorgojo-colza-deformidades-tallo-c-ITACyL-web-680x1024.jpg 680w, https:\/\/www.asajacyl.com\/palencia\/wp-content\/uploads\/sites\/3\/2025\/03\/Gorgojo-colza-deformidades-tallo-c-ITACyL-web-199x300.jpg 199w, https:\/\/www.asajacyl.com\/palencia\/wp-content\/uploads\/sites\/3\/2025\/03\/Gorgojo-colza-deformidades-tallo-c-ITACyL-web-768x1157.jpg 768w, https:\/\/www.asajacyl.com\/palencia\/wp-content\/uploads\/sites\/3\/2025\/03\/Gorgojo-colza-deformidades-tallo-c-ITACyL-web-1020x1536.jpg 1020w, https:\/\/www.asajacyl.com\/palencia\/wp-content\/uploads\/sites\/3\/2025\/03\/Gorgojo-colza-deformidades-tallo-c-ITACyL-web-1360x2048.jpg 1360w, https:\/\/www.asajacyl.com\/palencia\/wp-content\/uploads\/sites\/3\/2025\/03\/Gorgojo-colza-deformidades-tallo-c-ITACyL-web-279x420.jpg 279w, https:\/\/www.asajacyl.com\/palencia\/wp-content\/uploads\/sites\/3\/2025\/03\/Gorgojo-colza-deformidades-tallo-c-ITACyL-web-696x1048.jpg 696w, https:\/\/www.asajacyl.com\/palencia\/wp-content\/uploads\/sites\/3\/2025\/03\/Gorgojo-colza-deformidades-tallo-c-ITACyL-web-1068x1608.jpg 1068w, https:\/\/www.asajacyl.com\/palencia\/wp-content\/uploads\/sites\/3\/2025\/03\/Gorgojo-colza-deformidades-tallo-c-ITACyL-web.jpg 1660w\" sizes=\"(max-width: 680px) 100vw, 680px\" \/><figcaption class=\"wp-element-caption\">Deformidades en el tallo de la colza a causa del gorgojo. Fotos: ITACyL.<\/figcaption><\/figure><\/div>\n\n\n<p>El gorgojo del tallo de la colza (<em>Ceuthorhynchus<\/em>&nbsp;spp.) puede comenzar sus vuelos y las puestas desde finales del invierno. La larva roe la m\u00e9dula del cuello y del tallo, lo que provoca necrosis, deformaciones, encamado y retraso, entre otros posibles da\u00f1os al cultivo.<\/p>\n\n\n\n<p>Los agricultores palentinos dedicaron el pasado 2024 unas 5600 hect\u00e1reas a colza, y las primeras estimaciones de la Junta para este a\u00f1o calculan unas 5150 hect\u00e1reas de esta oleaginosa. Representan, aproximadamente, algo menos de la d\u00e9cima parte del cultivo de colza en toda Castilla y Le\u00f3n (52 300 hect\u00e1reas en 2024 y una estimaci\u00f3n que tambi\u00e9n ronda las 52 000 para este a\u00f1o).<\/p>\n\n\n\n<p>La ficha del organismo dependiente de la Consejer\u00eda de Agricultura, anader\u00eda y Desarrollo Rural, incluye una serie de medidas preventivas y consejos sobre el uso de fitosanitarios para el gorgojo del tallo. Entre las primeras, se incluyen estas acciones de prevenci\u00f3n: <\/p>\n\n\n\n<ul>\n<li>Eliminar las malas hierbas cruc\u00edferas, enterrando en profundidad los restos de cultivo.<\/li>\n\n\n\n<li>Rotar con cultivos que no sean hu\u00e9sped (que no sean cruc\u00edferas).<\/li>\n\n\n\n<li>En la medida de lo posible, evitar siembras en la proximidad de huertas.<\/li>\n<\/ul>\n\n\n\n<p>En cuanto al uso de fitosanitarios, el ITACyL recomienda lo siguiente:<\/p>\n\n\n\n<ul>\n<li><span style=\"text-decoration: underline\">Vigilancia<\/span> | Uso de trampas de cubetas amarillas con agua, jab\u00f3n y az\u00facar, justo por encima de la vegetaci\u00f3n, revisando semanalmente y despu\u00e9s cada tres d\u00edas cuando empiezan a caer.<\/li>\n\n\n\n<li><span style=\"text-decoration: underline\">Umbral de tratamiento<\/span> | Cuando se detectan m\u00e1s de treinta adultos por trampa, o bien de siete a diez d\u00edas despu\u00e9s de los primeros vuelos, cuando el cultivo ha salido del reposo. Se debe tratar en las horas m\u00e1s c\u00e1lidas del d\u00eda.<\/li>\n\n\n\n<li>El gorgojo se detecta tambi\u00e9n sacudiendo las plantas sobre una bandeja o con barridos de manga entomol\u00f3gica durante la floraci\u00f3n. <\/li>\n\n\n\n<li>Tratar cuando las flores est\u00e1n tirando los p\u00e9talos si se observa presencia de m\u00e1s de un gorgojo cada dos plantas.<\/li>\n\n\n\n<li>Utilizar productos autorizados e inscritos en el Registro Oficial de Productos Fitosanitarios (consultarlo antes de cualquier aplicaci\u00f3n).<\/li>\n<\/ul>\n","protected":false},"excerpt":{"rendered":"<p>La Junta de Castilla y Le\u00f3n, a trav\u00e9s del Observatorio de plagas y enfermedades agr\u00edcolas, ha comunicado un aviso por presencia de gorgojo del tallo en el cultivo de colza. Las condicionas ambientales est\u00e1n siendo favorables para que inicie la actividad el gorgojo del tallo, y se han detectado vuelos de adultos en parcelas de [&hellip;]<\/p>\n","protected":false},"author":9,"featured_media":19372,"comment_status":"open","ping_status":"open","sticky":false,"template":"","format":"standard","meta":{"footnotes":""},"categories":[9,31,29,28,13,1],"tags":[58,213,142,1061,63,66,60,571],"yoast_head":"<!-- This site is optimized with the Yoast SEO plugin v24.5 - https:\/\/yoast.com\/wordpress\/plugins\/seo\/ -->\n<title>El observatorio de plagas de la Junta advierte del riesgo de gorgojo del tallo en el cultivo de colza - ASAJA Palencia<\/title>\n<meta name=\"description\" content=\"La Junta de Castilla y Le\u00f3n, a trav\u00e9s del Observatorio de plagas y enfermedades agr\u00edcolas, ha comunicado un aviso por presencia de gorgojo del tallo en el\" \/>\n<meta name=\"robots\" content=\"index, follow, max-snippet:-1, max-image-preview:large, max-video-preview:-1\" \/>\n<link rel=\"canonical\" href=\"https:\/\/www.asajacyl.com\/palencia\/sin-categoria\/el-observatorio-de-plagas-de-la-junta-advierte-del-riesgo-de-gorgojo-del-tallo-en-el-cultivo-de-colza\" \/>\n<meta property=\"og:locale\" content=\"es_ES\" \/>\n<meta property=\"og:type\" content=\"article\" \/>\n<meta property=\"og:title\" content=\"El observatorio de plagas de la Junta advierte del riesgo de gorgojo del tallo en el cultivo de colza - ASAJA Palencia\" \/>\n<meta property=\"og:description\" content=\"La Junta de Castilla y Le\u00f3n, a trav\u00e9s del Observatorio de plagas y enfermedades agr\u00edcolas, ha comunicado un aviso por presencia de gorgojo del tallo en el\" \/>\n<meta property=\"og:url\" content=\"https:\/\/www.asajacyl.com\/palencia\/sin-categoria\/el-observatorio-de-plagas-de-la-junta-advierte-del-riesgo-de-gorgojo-del-tallo-en-el-cultivo-de-colza\" \/>\n<meta property=\"og:site_name\" content=\"ASAJA Palencia\" \/>\n<meta property=\"article:published_time\" content=\"2025-03-25T06:30:00+00:00\" \/>\n<meta property=\"og:image\" content=\"https:\/\/www.asajacyl.com\/palencia\/wp-content\/uploads\/sites\/3\/2025\/03\/Gorgojo-colza-larva-c-ITACyL.jpg\" \/>\n\t<meta property=\"og:image:width\" content=\"1890\" \/>\n\t<meta property=\"og:image:height\" content=\"1654\" \/>\n\t<meta property=\"og:image:type\" content=\"image\/jpeg\" \/>\n<meta name=\"author\" content=\"Administrador\" \/>\n<meta name=\"twitter:card\" content=\"summary_large_image\" \/>\n<meta name=\"twitter:label1\" content=\"Escrito por\" \/>\n\t<meta name=\"twitter:data1\" content=\"Administrador\" \/>\n\t<meta name=\"twitter:label2\" content=\"Tiempo de lectura\" \/>\n\t<meta name=\"twitter:data2\" content=\"3 minutos\" \/>\n<script type=\"application\/ld+json\" class=\"yoast-schema-graph\">{\"@context\":\"https:\/\/schema.org\",\"@graph\":[{\"@type\":\"WebPage\",\"@id\":\"https:\/\/www.asajacyl.com\/palencia\/sin-categoria\/el-observatorio-de-plagas-de-la-junta-advierte-del-riesgo-de-gorgojo-del-tallo-en-el-cultivo-de-colza\",\"url\":\"https:\/\/www.asajacyl.com\/palencia\/sin-categoria\/el-observatorio-de-plagas-de-la-junta-advierte-del-riesgo-de-gorgojo-del-tallo-en-el-cultivo-de-colza\",\"name\":\"El observatorio de plagas de la Junta advierte del riesgo de gorgojo del tallo en el cultivo de colza - ASAJA Palencia\",\"isPartOf\":{\"@id\":\"https:\/\/www.asajacyl.com\/palencia\/#website\"},\"primaryImageOfPage\":{\"@id\":\"https:\/\/www.asajacyl.com\/palencia\/sin-categoria\/el-observatorio-de-plagas-de-la-junta-advierte-del-riesgo-de-gorgojo-del-tallo-en-el-cultivo-de-colza#primaryimage\"},\"image\":{\"@id\":\"https:\/\/www.asajacyl.com\/palencia\/sin-categoria\/el-observatorio-de-plagas-de-la-junta-advierte-del-riesgo-de-gorgojo-del-tallo-en-el-cultivo-de-colza#primaryimage\"},\"thumbnailUrl\":\"https:\/\/www.asajacyl.com\/palencia\/wp-content\/uploads\/sites\/3\/2025\/03\/Gorgojo-colza-larva-c-ITACyL.jpg\",\"datePublished\":\"2025-03-25T06:30:00+00:00\",\"author\":{\"@id\":\"https:\/\/www.asajacyl.com\/palencia\/#\/schema\/person\/3ab17aeb03527485c317557fae64aab1\"},\"description\":\"La Junta de Castilla y Le\u00f3n, a trav\u00e9s del Observatorio de plagas y enfermedades agr\u00edcolas, ha comunicado un aviso por presencia de gorgojo del tallo en el\",\"breadcrumb\":{\"@id\":\"https:\/\/www.asajacyl.com\/palencia\/sin-categoria\/el-observatorio-de-plagas-de-la-junta-advierte-del-riesgo-de-gorgojo-del-tallo-en-el-cultivo-de-colza#breadcrumb\"},\"inLanguage\":\"es\",\"potentialAction\":[{\"@type\":\"ReadAction\",\"target\":[\"https:\/\/www.asajacyl.com\/palencia\/sin-categoria\/el-observatorio-de-plagas-de-la-junta-advierte-del-riesgo-de-gorgojo-del-tallo-en-el-cultivo-de-colza\"]}]},{\"@type\":\"ImageObject\",\"inLanguage\":\"es\",\"@id\":\"https:\/\/www.asajacyl.com\/palencia\/sin-categoria\/el-observatorio-de-plagas-de-la-junta-advierte-del-riesgo-de-gorgojo-del-tallo-en-el-cultivo-de-colza#primaryimage\",\"url\":\"https:\/\/www.asajacyl.com\/palencia\/wp-content\/uploads\/sites\/3\/2025\/03\/Gorgojo-colza-larva-c-ITACyL.jpg\",\"contentUrl\":\"https:\/\/www.asajacyl.com\/palencia\/wp-content\/uploads\/sites\/3\/2025\/03\/Gorgojo-colza-larva-c-ITACyL.jpg\",\"width\":1890,\"height\":1654},{\"@type\":\"BreadcrumbList\",\"@id\":\"https:\/\/www.asajacyl.com\/palencia\/sin-categoria\/el-observatorio-de-plagas-de-la-junta-advierte-del-riesgo-de-gorgojo-del-tallo-en-el-cultivo-de-colza#breadcrumb\",\"itemListElement\":[{\"@type\":\"ListItem\",\"position\":1,\"name\":\"Portada\",\"item\":\"https:\/\/www.asajacyl.com\/palencia\/\"},{\"@type\":\"ListItem\",\"position\":2,\"name\":\"El observatorio de plagas de la Junta advierte del riesgo de gorgojo del tallo en el cultivo de colza\"}]},{\"@type\":\"WebSite\",\"@id\":\"https:\/\/www.asajacyl.com\/palencia\/#website\",\"url\":\"https:\/\/www.asajacyl.com\/palencia\/\",\"name\":\"ASAJA Palencia\",\"description\":\"Otro sitio m\u00e1s de Provincias ASAJA Castilla y Le\u00f3n\",\"potentialAction\":[{\"@type\":\"SearchAction\",\"target\":{\"@type\":\"EntryPoint\",\"urlTemplate\":\"https:\/\/www.asajacyl.com\/palencia\/?s={search_term_string}\"},\"query-input\":{\"@type\":\"PropertyValueSpecification\",\"valueRequired\":true,\"valueName\":\"search_term_string\"}}],\"inLanguage\":\"es\"},{\"@type\":\"Person\",\"@id\":\"https:\/\/www.asajacyl.com\/palencia\/#\/schema\/person\/3ab17aeb03527485c317557fae64aab1\",\"name\":\"Administrador\",\"image\":{\"@type\":\"ImageObject\",\"inLanguage\":\"es\",\"@id\":\"https:\/\/www.asajacyl.com\/palencia\/#\/schema\/person\/image\/\",\"url\":\"https:\/\/secure.gravatar.com\/avatar\/517384810d242ca9e38c180f3c9fb973?s=96&d=mm&r=g\",\"contentUrl\":\"https:\/\/secure.gravatar.com\/avatar\/517384810d242ca9e38c180f3c9fb973?s=96&d=mm&r=g\",\"caption\":\"Administrador\"},\"url\":\"https:\/\/www.asajacyl.com\/palencia\/author\/carlosrm\"}]}<\/script>\n<!-- \/ Yoast SEO plugin. -->","yoast_head_json":{"title":"El observatorio de plagas de la Junta advierte del riesgo de gorgojo del tallo en el cultivo de colza - ASAJA Palencia","description":"La Junta de Castilla y Le\u00f3n, a trav\u00e9s del Observatorio de plagas y enfermedades agr\u00edcolas, ha comunicado un aviso por presencia de gorgojo del tallo en el","robots":{"index":"index","follow":"follow","max-snippet":"max-snippet:-1","max-image-preview":"max-image-preview:large","max-video-preview":"max-video-preview:-1"},"canonical":"https:\/\/www.asajacyl.com\/palencia\/sin-categoria\/el-observatorio-de-plagas-de-la-junta-advierte-del-riesgo-de-gorgojo-del-tallo-en-el-cultivo-de-colza","og_locale":"es_ES","og_type":"article","og_title":"El observatorio de plagas de la Junta advierte del riesgo de gorgojo del tallo en el cultivo de colza - ASAJA Palencia","og_description":"La Junta de Castilla y Le\u00f3n, a trav\u00e9s del Observatorio de plagas y enfermedades agr\u00edcolas, ha comunicado un aviso por presencia de gorgojo del tallo en el","og_url":"https:\/\/www.asajacyl.com\/palencia\/sin-categoria\/el-observatorio-de-plagas-de-la-junta-advierte-del-riesgo-de-gorgojo-del-tallo-en-el-cultivo-de-colza","og_site_name":"ASAJA Palencia","article_published_time":"2025-03-25T06:30:00+00:00","og_image":[{"width":1890,"height":1654,"url":"https:\/\/www.asajacyl.com\/palencia\/wp-content\/uploads\/sites\/3\/2025\/03\/Gorgojo-colza-larva-c-ITACyL.jpg","type":"image\/jpeg"}],"author":"Administrador","twitter_card":"summary_large_image","twitter_misc":{"Escrito por":"Administrador","Tiempo de lectura":"3 minutos"},"schema":{"@context":"https:\/\/schema.org","@graph":[{"@type":"WebPage","@id":"https:\/\/www.asajacyl.com\/palencia\/sin-categoria\/el-observatorio-de-plagas-de-la-junta-advierte-del-riesgo-de-gorgojo-del-tallo-en-el-cultivo-de-colza","url":"https:\/\/www.asajacyl.com\/palencia\/sin-categoria\/el-observatorio-de-plagas-de-la-junta-advierte-del-riesgo-de-gorgojo-del-tallo-en-el-cultivo-de-colza","name":"El observatorio de plagas de la Junta advierte del riesgo de gorgojo del tallo en el cultivo de colza - ASAJA Palencia","isPartOf":{"@id":"https:\/\/www.asajacyl.com\/palencia\/#website"},"primaryImageOfPage":{"@id":"https:\/\/www.asajacyl.com\/palencia\/sin-categoria\/el-observatorio-de-plagas-de-la-junta-advierte-del-riesgo-de-gorgojo-del-tallo-en-el-cultivo-de-colza#primaryimage"},"image":{"@id":"https:\/\/www.asajacyl.com\/palencia\/sin-categoria\/el-observatorio-de-plagas-de-la-junta-advierte-del-riesgo-de-gorgojo-del-tallo-en-el-cultivo-de-colza#primaryimage"},"thumbnailUrl":"https:\/\/www.asajacyl.com\/palencia\/wp-content\/uploads\/sites\/3\/2025\/03\/Gorgojo-colza-larva-c-ITACyL.jpg","datePublished":"2025-03-25T06:30:00+00:00","author":{"@id":"https:\/\/www.asajacyl.com\/palencia\/#\/schema\/person\/3ab17aeb03527485c317557fae64aab1"},"description":"La Junta de Castilla y Le\u00f3n, a trav\u00e9s del Observatorio de plagas y enfermedades agr\u00edcolas, ha comunicado un aviso por presencia de gorgojo del tallo en el","breadcrumb":{"@id":"https:\/\/www.asajacyl.com\/palencia\/sin-categoria\/el-observatorio-de-plagas-de-la-junta-advierte-del-riesgo-de-gorgojo-del-tallo-en-el-cultivo-de-colza#breadcrumb"},"inLanguage":"es","potentialAction":[{"@type":"ReadAction","target":["https:\/\/www.asajacyl.com\/palencia\/sin-categoria\/el-observatorio-de-plagas-de-la-junta-advierte-del-riesgo-de-gorgojo-del-tallo-en-el-cultivo-de-colza"]}]},{"@type":"ImageObject","inLanguage":"es","@id":"https:\/\/www.asajacyl.com\/palencia\/sin-categoria\/el-observatorio-de-plagas-de-la-junta-advierte-del-riesgo-de-gorgojo-del-tallo-en-el-cultivo-de-colza#primaryimage","url":"https:\/\/www.asajacyl.com\/palencia\/wp-content\/uploads\/sites\/3\/2025\/03\/Gorgojo-colza-larva-c-ITACyL.jpg","contentUrl":"https:\/\/www.asajacyl.com\/palencia\/wp-content\/uploads\/sites\/3\/2025\/03\/Gorgojo-colza-larva-c-ITACyL.jpg","width":1890,"height":1654},{"@type":"BreadcrumbList","@id":"https:\/\/www.asajacyl.com\/palencia\/sin-categoria\/el-observatorio-de-plagas-de-la-junta-advierte-del-riesgo-de-gorgojo-del-tallo-en-el-cultivo-de-colza#breadcrumb","itemListElement":[{"@type":"ListItem","position":1,"name":"Portada","item":"https:\/\/www.asajacyl.com\/palencia\/"},{"@type":"ListItem","position":2,"name":"El observatorio de plagas de la Junta advierte del riesgo de gorgojo del tallo en el cultivo de colza"}]},{"@type":"WebSite","@id":"https:\/\/www.asajacyl.com\/palencia\/#website","url":"https:\/\/www.asajacyl.com\/palencia\/","name":"ASAJA Palencia","description":"Otro sitio m\u00e1s de Provincias ASAJA Castilla y Le\u00f3n","potentialAction":[{"@type":"SearchAction","target":{"@type":"EntryPoint","urlTemplate":"https:\/\/www.asajacyl.com\/palencia\/?s={search_term_string}"},"query-input":{"@type":"PropertyValueSpecification","valueRequired":true,"valueName":"search_term_string"}}],"inLanguage":"es"},{"@type":"Person","@id":"https:\/\/www.asajacyl.com\/palencia\/#\/schema\/person\/3ab17aeb03527485c317557fae64aab1","name":"Administrador","image":{"@type":"ImageObject","inLanguage":"es","@id":"https:\/\/www.asajacyl.com\/palencia\/#\/schema\/person\/image\/","url":"https:\/\/secure.gravatar.com\/avatar\/517384810d242ca9e38c180f3c9fb973?s=96&d=mm&r=g","contentUrl":"https:\/\/secure.gravatar.com\/avatar\/517384810d242ca9e38c180f3c9fb973?s=96&d=mm&r=g","caption":"Administrador"},"url":"https:\/\/www.asajacyl.com\/palencia\/author\/carlosrm"}]}},"_links":{"self":[{"href":"https:\/\/www.asajacyl.com\/palencia\/wp-json\/wp\/v2\/posts\/19369"}],"collection":[{"href":"https:\/\/www.asajacyl.com\/palencia\/wp-json\/wp\/v2\/posts"}],"about":[{"href":"https:\/\/www.asajacyl.com\/palencia\/wp-json\/wp\/v2\/types\/post"}],"author":[{"embeddable":true,"href":"https:\/\/www.asajacyl.com\/palencia\/wp-json\/wp\/v2\/users\/9"}],"replies":[{"embeddable":true,"href":"https:\/\/www.asajacyl.com\/palencia\/wp-json\/wp\/v2\/comments?post=19369"}],"version-history":[{"count":4,"href":"https:\/\/www.asajacyl.com\/palencia\/wp-json\/wp\/v2\/posts\/19369\/revisions"}],"predecessor-version":[{"id":19376,"href":"https:\/\/www.asajacyl.com\/palencia\/wp-json\/wp\/v2\/posts\/19369\/revisions\/19376"}],"wp:featuredmedia":[{"embeddable":true,"href":"https:\/\/www.asajacyl.com\/palencia\/wp-json\/wp\/v2\/media\/19372"}],"wp:attachment":[{"href":"https:\/\/www.asajacyl.com\/palencia\/wp-json\/wp\/v2\/media?parent=19369"}],"wp:term":[{"taxonomy":"category","embeddable":true,"href":"https:\/\/www.asajacyl.com\/palencia\/wp-json\/wp\/v2\/categories?post=19369"},{"taxonomy":"post_tag","embeddable":true,"href":"https:\/\/www.asajacyl.com\/palencia\/wp-json\/wp\/v2\/tags?post=19369"}],"curies":[{"name":"wp","href":"https:\/\/api.w.org\/{rel}","templated":true}]}}