{"id":19387,"date":"2025-03-25T09:59:39","date_gmt":"2025-03-25T08:59:39","guid":{"rendered":"https:\/\/www.asajacyl.com\/palencia\/?p=19387"},"modified":"2025-03-25T09:59:42","modified_gmt":"2025-03-25T08:59:42","slug":"llega-la-estabilidad-al-bovino-de-carne-en-la-lonja-de-salamanca-tanto-para-vida-como-para-sacrificio","status":"publish","type":"post","link":"https:\/\/www.asajacyl.com\/palencia\/sin-categoria\/llega-la-estabilidad-al-bovino-de-carne-en-la-lonja-de-salamanca-tanto-para-vida-como-para-sacrificio","title":{"rendered":"Llega la estabilidad al bovino de carne en la Lonja de Salamanca, tanto para vida como para sacrificio"},"content":{"rendered":"\n<h2 class=\"wp-block-heading\">Tras varios meses de subidas continuadas, la estabilidad parece haberse instalado en las cotizaciones del bovino de carne en la Lonja de Salamanca, tanto para cr\u00eda como para sacrificio. Este lunes, 24 de marzo, al igual que la semana anterior, las terneras y los a\u00f1ojos repitieron precios, mientras las vacas siguieron escalando, con cuatro c\u00e9ntimos m\u00e1s por kilogramo. Si en esta mesa hubo acuerdo entre los ganaderos y los tratantes, en la de bovino de vida s\u00ed se registr\u00f3 discrepancia: nuestros productores reclamaron actualizar al alza las tablas, mientras los compradores abogaron por rebajar quince c\u00e9ntimos por kilo. Al final, decisi\u00f3n salom\u00f3nica con una repetici\u00f3n de precios, la primera desde mediados de agosto.<\/h2>\n\n\n\n<p>La mesa del bovino para sacrificio constat\u00f3 la estabilidad del mercado, pero ganaderos y compradores tienen la vista puesta en la reacci\u00f3n del mercado con el final del ramad\u00e1n, que pr\u00e1cticamente coincidir\u00e1 con la pr\u00f3xima sesi\u00f3n de la lonja salmantina.<\/p>\n\n\n\n<p>La subida de las vacas se explica, como se ha comentado en esta web, por la gran escasez del mercado, acentuada por el hecho de que el 30 de abril es la fecha del \u00faltimo recuento para generar la ayuda de la PAC (las otras dos, como saben nuestros ganaderos, son el 1 de enero y una fecha intermedia entre ambas).<\/p>\n\n\n\n<p><strong>DIVERGENCIAS. <\/strong>Las divergencias llegaron en la mesa de bovino de vida, puesto que ciertos ganaderos aseguran que las cotizaciones a\u00fan est\u00e1n infravaloradas en torno a veinticinco c\u00e9ntimos por kilo. Sin embargo, algunos compradores afirmaron este lunes que los terneros se est\u00e1n vendiendo en unos cien euros (e incluso ciento cincuenta) por debajo del precio de las tablillas. <\/p>\n\n\n\n<p>La presidencia arbitr\u00f3 una repetici\u00f3n de precios que no se conoc\u00eda en esta mesa desde el ecuador del pasado verano. Los terneros para cr\u00eda han registrado en la lonja salmantina una revalorizaci\u00f3n interanual de entre el 50 % y el 70 %, seg\u00fan categor\u00edas, fundamentalmente en el \u00faltimo cuatrimestre.<strong>\/<\/strong><\/p>\n\n\n\n<figure class=\"wp-block-image size-large is-resized\"><img loading=\"lazy\" decoding=\"async\" width=\"1024\" height=\"768\" src=\"https:\/\/www.asajacyl.com\/palencia\/wp-content\/uploads\/sites\/3\/2025\/03\/Tabla-precios-ganaderia-24marzo2025-1024x768.png\" alt=\"\" class=\"wp-image-19388\" style=\"width:1068px;height:auto\" srcset=\"https:\/\/www.asajacyl.com\/palencia\/wp-content\/uploads\/sites\/3\/2025\/03\/Tabla-precios-ganaderia-24marzo2025-1024x768.png 1024w, https:\/\/www.asajacyl.com\/palencia\/wp-content\/uploads\/sites\/3\/2025\/03\/Tabla-precios-ganaderia-24marzo2025-300x225.png 300w, https:\/\/www.asajacyl.com\/palencia\/wp-content\/uploads\/sites\/3\/2025\/03\/Tabla-precios-ganaderia-24marzo2025-768x576.png 768w, https:\/\/www.asajacyl.com\/palencia\/wp-content\/uploads\/sites\/3\/2025\/03\/Tabla-precios-ganaderia-24marzo2025-1536x1152.png 1536w, https:\/\/www.asajacyl.com\/palencia\/wp-content\/uploads\/sites\/3\/2025\/03\/Tabla-precios-ganaderia-24marzo2025-2048x1536.png 2048w, https:\/\/www.asajacyl.com\/palencia\/wp-content\/uploads\/sites\/3\/2025\/03\/Tabla-precios-ganaderia-24marzo2025-560x420.png 560w, https:\/\/www.asajacyl.com\/palencia\/wp-content\/uploads\/sites\/3\/2025\/03\/Tabla-precios-ganaderia-24marzo2025-80x60.png 80w, https:\/\/www.asajacyl.com\/palencia\/wp-content\/uploads\/sites\/3\/2025\/03\/Tabla-precios-ganaderia-24marzo2025-696x522.png 696w, https:\/\/www.asajacyl.com\/palencia\/wp-content\/uploads\/sites\/3\/2025\/03\/Tabla-precios-ganaderia-24marzo2025-1068x801.png 1068w, https:\/\/www.asajacyl.com\/palencia\/wp-content\/uploads\/sites\/3\/2025\/03\/Tabla-precios-ganaderia-24marzo2025-1920x1440.png 1920w\" sizes=\"(max-width: 1024px) 100vw, 1024px\" \/><\/figure>\n","protected":false},"excerpt":{"rendered":"<p>Tras varios meses de subidas continuadas, la estabilidad parece haberse instalado en las cotizaciones del bovino de carne en la Lonja de Salamanca, tanto para cr\u00eda como para sacrificio. Este lunes, 24 de marzo, al igual que la semana anterior, las terneras y los a\u00f1ojos repitieron precios, mientras las vacas siguieron escalando, con cuatro c\u00e9ntimos [&hellip;]<\/p>\n","protected":false},"author":9,"featured_media":19390,"comment_status":"open","ping_status":"open","sticky":false,"template":"","format":"standard","meta":{"footnotes":""},"categories":[9,29,36,28,13,1],"tags":[234,478,77,45,631,987,144],"yoast_head":"<!-- This site is optimized with the Yoast SEO plugin v24.5 - https:\/\/yoast.com\/wordpress\/plugins\/seo\/ -->\n<title>Llega la estabilidad al bovino de carne en la Lonja de Salamanca, tanto para vida como para sacrificio - ASAJA Palencia<\/title>\n<meta name=\"description\" content=\"Tras varios meses de subidas continuadas, la estabilidad parece haberse instalado en las cotizaciones del bovino de carne en la Lonja de Salamanca, tanto\" \/>\n<meta name=\"robots\" content=\"index, follow, max-snippet:-1, max-image-preview:large, max-video-preview:-1\" \/>\n<link rel=\"canonical\" href=\"https:\/\/www.asajacyl.com\/palencia\/sin-categoria\/llega-la-estabilidad-al-bovino-de-carne-en-la-lonja-de-salamanca-tanto-para-vida-como-para-sacrificio\" \/>\n<meta property=\"og:locale\" content=\"es_ES\" \/>\n<meta property=\"og:type\" content=\"article\" \/>\n<meta property=\"og:title\" content=\"Llega la estabilidad al bovino de carne en la Lonja de Salamanca, tanto para vida como para sacrificio - ASAJA Palencia\" \/>\n<meta property=\"og:description\" content=\"Tras varios meses de subidas continuadas, la estabilidad parece haberse instalado en las cotizaciones del bovino de carne en la Lonja de Salamanca, tanto\" \/>\n<meta property=\"og:url\" content=\"https:\/\/www.asajacyl.com\/palencia\/sin-categoria\/llega-la-estabilidad-al-bovino-de-carne-en-la-lonja-de-salamanca-tanto-para-vida-como-para-sacrificio\" \/>\n<meta property=\"og:site_name\" content=\"ASAJA Palencia\" \/>\n<meta property=\"article:published_time\" content=\"2025-03-25T08:59:39+00:00\" \/>\n<meta property=\"article:modified_time\" content=\"2025-03-25T08:59:42+00:00\" \/>\n<meta property=\"og:image\" content=\"https:\/\/www.asajacyl.com\/palencia\/wp-content\/uploads\/sites\/3\/2025\/03\/Bovino-c-Tania-Torio.jpg\" \/>\n\t<meta property=\"og:image:width\" content=\"1875\" \/>\n\t<meta property=\"og:image:height\" content=\"1644\" \/>\n\t<meta property=\"og:image:type\" content=\"image\/jpeg\" \/>\n<meta name=\"author\" content=\"Administrador\" \/>\n<meta name=\"twitter:card\" content=\"summary_large_image\" \/>\n<meta name=\"twitter:label1\" content=\"Escrito por\" \/>\n\t<meta name=\"twitter:data1\" content=\"Administrador\" \/>\n\t<meta name=\"twitter:label2\" content=\"Tiempo de lectura\" \/>\n\t<meta name=\"twitter:data2\" content=\"2 minutos\" \/>\n<script type=\"application\/ld+json\" class=\"yoast-schema-graph\">{\"@context\":\"https:\/\/schema.org\",\"@graph\":[{\"@type\":\"WebPage\",\"@id\":\"https:\/\/www.asajacyl.com\/palencia\/sin-categoria\/llega-la-estabilidad-al-bovino-de-carne-en-la-lonja-de-salamanca-tanto-para-vida-como-para-sacrificio\",\"url\":\"https:\/\/www.asajacyl.com\/palencia\/sin-categoria\/llega-la-estabilidad-al-bovino-de-carne-en-la-lonja-de-salamanca-tanto-para-vida-como-para-sacrificio\",\"name\":\"Llega la estabilidad al bovino de carne en la Lonja de Salamanca, tanto para vida como para sacrificio - ASAJA Palencia\",\"isPartOf\":{\"@id\":\"https:\/\/www.asajacyl.com\/palencia\/#website\"},\"primaryImageOfPage\":{\"@id\":\"https:\/\/www.asajacyl.com\/palencia\/sin-categoria\/llega-la-estabilidad-al-bovino-de-carne-en-la-lonja-de-salamanca-tanto-para-vida-como-para-sacrificio#primaryimage\"},\"image\":{\"@id\":\"https:\/\/www.asajacyl.com\/palencia\/sin-categoria\/llega-la-estabilidad-al-bovino-de-carne-en-la-lonja-de-salamanca-tanto-para-vida-como-para-sacrificio#primaryimage\"},\"thumbnailUrl\":\"https:\/\/www.asajacyl.com\/palencia\/wp-content\/uploads\/sites\/3\/2025\/03\/Bovino-c-Tania-Torio.jpg\",\"datePublished\":\"2025-03-25T08:59:39+00:00\",\"dateModified\":\"2025-03-25T08:59:42+00:00\",\"author\":{\"@id\":\"https:\/\/www.asajacyl.com\/palencia\/#\/schema\/person\/3ab17aeb03527485c317557fae64aab1\"},\"description\":\"Tras varios meses de subidas continuadas, la estabilidad parece haberse instalado en las cotizaciones del bovino de carne en la Lonja de Salamanca, tanto\",\"breadcrumb\":{\"@id\":\"https:\/\/www.asajacyl.com\/palencia\/sin-categoria\/llega-la-estabilidad-al-bovino-de-carne-en-la-lonja-de-salamanca-tanto-para-vida-como-para-sacrificio#breadcrumb\"},\"inLanguage\":\"es\",\"potentialAction\":[{\"@type\":\"ReadAction\",\"target\":[\"https:\/\/www.asajacyl.com\/palencia\/sin-categoria\/llega-la-estabilidad-al-bovino-de-carne-en-la-lonja-de-salamanca-tanto-para-vida-como-para-sacrificio\"]}]},{\"@type\":\"ImageObject\",\"inLanguage\":\"es\",\"@id\":\"https:\/\/www.asajacyl.com\/palencia\/sin-categoria\/llega-la-estabilidad-al-bovino-de-carne-en-la-lonja-de-salamanca-tanto-para-vida-como-para-sacrificio#primaryimage\",\"url\":\"https:\/\/www.asajacyl.com\/palencia\/wp-content\/uploads\/sites\/3\/2025\/03\/Bovino-c-Tania-Torio.jpg\",\"contentUrl\":\"https:\/\/www.asajacyl.com\/palencia\/wp-content\/uploads\/sites\/3\/2025\/03\/Bovino-c-Tania-Torio.jpg\",\"width\":1875,\"height\":1644},{\"@type\":\"BreadcrumbList\",\"@id\":\"https:\/\/www.asajacyl.com\/palencia\/sin-categoria\/llega-la-estabilidad-al-bovino-de-carne-en-la-lonja-de-salamanca-tanto-para-vida-como-para-sacrificio#breadcrumb\",\"itemListElement\":[{\"@type\":\"ListItem\",\"position\":1,\"name\":\"Portada\",\"item\":\"https:\/\/www.asajacyl.com\/palencia\/\"},{\"@type\":\"ListItem\",\"position\":2,\"name\":\"Llega la estabilidad al bovino de carne en la Lonja de Salamanca, tanto para vida como para sacrificio\"}]},{\"@type\":\"WebSite\",\"@id\":\"https:\/\/www.asajacyl.com\/palencia\/#website\",\"url\":\"https:\/\/www.asajacyl.com\/palencia\/\",\"name\":\"ASAJA Palencia\",\"description\":\"Otro sitio m\u00e1s de Provincias ASAJA Castilla y Le\u00f3n\",\"potentialAction\":[{\"@type\":\"SearchAction\",\"target\":{\"@type\":\"EntryPoint\",\"urlTemplate\":\"https:\/\/www.asajacyl.com\/palencia\/?s={search_term_string}\"},\"query-input\":{\"@type\":\"PropertyValueSpecification\",\"valueRequired\":true,\"valueName\":\"search_term_string\"}}],\"inLanguage\":\"es\"},{\"@type\":\"Person\",\"@id\":\"https:\/\/www.asajacyl.com\/palencia\/#\/schema\/person\/3ab17aeb03527485c317557fae64aab1\",\"name\":\"Administrador\",\"image\":{\"@type\":\"ImageObject\",\"inLanguage\":\"es\",\"@id\":\"https:\/\/www.asajacyl.com\/palencia\/#\/schema\/person\/image\/\",\"url\":\"https:\/\/secure.gravatar.com\/avatar\/517384810d242ca9e38c180f3c9fb973?s=96&d=mm&r=g\",\"contentUrl\":\"https:\/\/secure.gravatar.com\/avatar\/517384810d242ca9e38c180f3c9fb973?s=96&d=mm&r=g\",\"caption\":\"Administrador\"},\"url\":\"https:\/\/www.asajacyl.com\/palencia\/author\/carlosrm\"}]}<\/script>\n<!-- \/ Yoast SEO plugin. -->","yoast_head_json":{"title":"Llega la estabilidad al bovino de carne en la Lonja de Salamanca, tanto para vida como para sacrificio - ASAJA Palencia","description":"Tras varios meses de subidas continuadas, la estabilidad parece haberse instalado en las cotizaciones del bovino de carne en la Lonja de Salamanca, tanto","robots":{"index":"index","follow":"follow","max-snippet":"max-snippet:-1","max-image-preview":"max-image-preview:large","max-video-preview":"max-video-preview:-1"},"canonical":"https:\/\/www.asajacyl.com\/palencia\/sin-categoria\/llega-la-estabilidad-al-bovino-de-carne-en-la-lonja-de-salamanca-tanto-para-vida-como-para-sacrificio","og_locale":"es_ES","og_type":"article","og_title":"Llega la estabilidad al bovino de carne en la Lonja de Salamanca, tanto para vida como para sacrificio - ASAJA Palencia","og_description":"Tras varios meses de subidas continuadas, la estabilidad parece haberse instalado en las cotizaciones del bovino de carne en la Lonja de Salamanca, tanto","og_url":"https:\/\/www.asajacyl.com\/palencia\/sin-categoria\/llega-la-estabilidad-al-bovino-de-carne-en-la-lonja-de-salamanca-tanto-para-vida-como-para-sacrificio","og_site_name":"ASAJA Palencia","article_published_time":"2025-03-25T08:59:39+00:00","article_modified_time":"2025-03-25T08:59:42+00:00","og_image":[{"width":1875,"height":1644,"url":"https:\/\/www.asajacyl.com\/palencia\/wp-content\/uploads\/sites\/3\/2025\/03\/Bovino-c-Tania-Torio.jpg","type":"image\/jpeg"}],"author":"Administrador","twitter_card":"summary_large_image","twitter_misc":{"Escrito por":"Administrador","Tiempo de lectura":"2 minutos"},"schema":{"@context":"https:\/\/schema.org","@graph":[{"@type":"WebPage","@id":"https:\/\/www.asajacyl.com\/palencia\/sin-categoria\/llega-la-estabilidad-al-bovino-de-carne-en-la-lonja-de-salamanca-tanto-para-vida-como-para-sacrificio","url":"https:\/\/www.asajacyl.com\/palencia\/sin-categoria\/llega-la-estabilidad-al-bovino-de-carne-en-la-lonja-de-salamanca-tanto-para-vida-como-para-sacrificio","name":"Llega la estabilidad al bovino de carne en la Lonja de Salamanca, tanto para vida como para sacrificio - ASAJA Palencia","isPartOf":{"@id":"https:\/\/www.asajacyl.com\/palencia\/#website"},"primaryImageOfPage":{"@id":"https:\/\/www.asajacyl.com\/palencia\/sin-categoria\/llega-la-estabilidad-al-bovino-de-carne-en-la-lonja-de-salamanca-tanto-para-vida-como-para-sacrificio#primaryimage"},"image":{"@id":"https:\/\/www.asajacyl.com\/palencia\/sin-categoria\/llega-la-estabilidad-al-bovino-de-carne-en-la-lonja-de-salamanca-tanto-para-vida-como-para-sacrificio#primaryimage"},"thumbnailUrl":"https:\/\/www.asajacyl.com\/palencia\/wp-content\/uploads\/sites\/3\/2025\/03\/Bovino-c-Tania-Torio.jpg","datePublished":"2025-03-25T08:59:39+00:00","dateModified":"2025-03-25T08:59:42+00:00","author":{"@id":"https:\/\/www.asajacyl.com\/palencia\/#\/schema\/person\/3ab17aeb03527485c317557fae64aab1"},"description":"Tras varios meses de subidas continuadas, la estabilidad parece haberse instalado en las cotizaciones del bovino de carne en la Lonja de Salamanca, tanto","breadcrumb":{"@id":"https:\/\/www.asajacyl.com\/palencia\/sin-categoria\/llega-la-estabilidad-al-bovino-de-carne-en-la-lonja-de-salamanca-tanto-para-vida-como-para-sacrificio#breadcrumb"},"inLanguage":"es","potentialAction":[{"@type":"ReadAction","target":["https:\/\/www.asajacyl.com\/palencia\/sin-categoria\/llega-la-estabilidad-al-bovino-de-carne-en-la-lonja-de-salamanca-tanto-para-vida-como-para-sacrificio"]}]},{"@type":"ImageObject","inLanguage":"es","@id":"https:\/\/www.asajacyl.com\/palencia\/sin-categoria\/llega-la-estabilidad-al-bovino-de-carne-en-la-lonja-de-salamanca-tanto-para-vida-como-para-sacrificio#primaryimage","url":"https:\/\/www.asajacyl.com\/palencia\/wp-content\/uploads\/sites\/3\/2025\/03\/Bovino-c-Tania-Torio.jpg","contentUrl":"https:\/\/www.asajacyl.com\/palencia\/wp-content\/uploads\/sites\/3\/2025\/03\/Bovino-c-Tania-Torio.jpg","width":1875,"height":1644},{"@type":"BreadcrumbList","@id":"https:\/\/www.asajacyl.com\/palencia\/sin-categoria\/llega-la-estabilidad-al-bovino-de-carne-en-la-lonja-de-salamanca-tanto-para-vida-como-para-sacrificio#breadcrumb","itemListElement":[{"@type":"ListItem","position":1,"name":"Portada","item":"https:\/\/www.asajacyl.com\/palencia\/"},{"@type":"ListItem","position":2,"name":"Llega la estabilidad al bovino de carne en la Lonja de Salamanca, tanto para vida como para sacrificio"}]},{"@type":"WebSite","@id":"https:\/\/www.asajacyl.com\/palencia\/#website","url":"https:\/\/www.asajacyl.com\/palencia\/","name":"ASAJA Palencia","description":"Otro sitio m\u00e1s de Provincias ASAJA Castilla y Le\u00f3n","potentialAction":[{"@type":"SearchAction","target":{"@type":"EntryPoint","urlTemplate":"https:\/\/www.asajacyl.com\/palencia\/?s={search_term_string}"},"query-input":{"@type":"PropertyValueSpecification","valueRequired":true,"valueName":"search_term_string"}}],"inLanguage":"es"},{"@type":"Person","@id":"https:\/\/www.asajacyl.com\/palencia\/#\/schema\/person\/3ab17aeb03527485c317557fae64aab1","name":"Administrador","image":{"@type":"ImageObject","inLanguage":"es","@id":"https:\/\/www.asajacyl.com\/palencia\/#\/schema\/person\/image\/","url":"https:\/\/secure.gravatar.com\/avatar\/517384810d242ca9e38c180f3c9fb973?s=96&d=mm&r=g","contentUrl":"https:\/\/secure.gravatar.com\/avatar\/517384810d242ca9e38c180f3c9fb973?s=96&d=mm&r=g","caption":"Administrador"},"url":"https:\/\/www.asajacyl.com\/palencia\/author\/carlosrm"}]}},"_links":{"self":[{"href":"https:\/\/www.asajacyl.com\/palencia\/wp-json\/wp\/v2\/posts\/19387"}],"collection":[{"href":"https:\/\/www.asajacyl.com\/palencia\/wp-json\/wp\/v2\/posts"}],"about":[{"href":"https:\/\/www.asajacyl.com\/palencia\/wp-json\/wp\/v2\/types\/post"}],"author":[{"embeddable":true,"href":"https:\/\/www.asajacyl.com\/palencia\/wp-json\/wp\/v2\/users\/9"}],"replies":[{"embeddable":true,"href":"https:\/\/www.asajacyl.com\/palencia\/wp-json\/wp\/v2\/comments?post=19387"}],"version-history":[{"count":1,"href":"https:\/\/www.asajacyl.com\/palencia\/wp-json\/wp\/v2\/posts\/19387\/revisions"}],"predecessor-version":[{"id":19389,"href":"https:\/\/www.asajacyl.com\/palencia\/wp-json\/wp\/v2\/posts\/19387\/revisions\/19389"}],"wp:featuredmedia":[{"embeddable":true,"href":"https:\/\/www.asajacyl.com\/palencia\/wp-json\/wp\/v2\/media\/19390"}],"wp:attachment":[{"href":"https:\/\/www.asajacyl.com\/palencia\/wp-json\/wp\/v2\/media?parent=19387"}],"wp:term":[{"taxonomy":"category","embeddable":true,"href":"https:\/\/www.asajacyl.com\/palencia\/wp-json\/wp\/v2\/categories?post=19387"},{"taxonomy":"post_tag","embeddable":true,"href":"https:\/\/www.asajacyl.com\/palencia\/wp-json\/wp\/v2\/tags?post=19387"}],"curies":[{"name":"wp","href":"https:\/\/api.w.org\/{rel}","templated":true}]}}