{"id":19457,"date":"2025-09-15T09:56:50","date_gmt":"2025-09-15T07:56:50","guid":{"rendered":"https:\/\/www.asajacyl.com\/palencia\/?p=19457"},"modified":"2025-09-15T09:57:24","modified_gmt":"2025-09-15T07:57:24","slug":"apoya-aqui-la-campana-de-asaja-contra-la-comida-falsa-a-por-el-millon-de-firmas-en-toda-la-ue","status":"publish","type":"post","link":"https:\/\/www.asajacyl.com\/palencia\/asaja-palencia-informa\/apoya-aqui-la-campana-de-asaja-contra-la-comida-falsa-a-por-el-millon-de-firmas-en-toda-la-ue","title":{"rendered":"\u00daltima llamada para la campa\u00f1a &#8216;\u00a1No a la comida falsa!&#8217;: hay 820 000 firmas y necesitamos un mill\u00f3n"},"content":{"rendered":"\n<h2 class=\"wp-block-heading\">Despu\u00e9s de un trimestre de trabajo conjunto, principalmente entre ASAJA y nuestra asociaci\u00f3n agraria hom\u00f3loga de Italia (Coldiretti), surgi\u00f3 la Iniciativa Ciudadana Europea en contra de la Comida Falsa y por la menci\u00f3n del origen en el etiquetado. El objetivo es alcanzar el mill\u00f3n de firmas y llegar a un m\u00ednimo de siete estados miembros de los veintisiete de la Uni\u00f3n Europea, algo que hasta ahora s\u00f3lo ha logrado Italia. Pero Espa\u00f1a tambi\u00e9n puede lograrlo. <span style=\"text-decoration: underline\">El domingo 21 de septiembre acaba el plazo<\/span>.<\/h2>\n\n\n\n<p>Hasta ahora hemos recogido 820 000 firmas, la gran mayor\u00eda en Italia. Pero Espa\u00f1a, un pa\u00eds donde tanta importancia damos a la comida de calidad y a la buena mesa, puede \u2014y debe\u2014 cumplir con su parte, por lo que ASAJA viene impulsando esta campa\u00f1a desde la pasada primavera. Aqu\u00ed te explicamos c\u00f3mo apoyar la iniciativa y te animamos a difundirla, compartiendo el enlace. <strong>Apoyar con tu firma te durar\u00e1 un minuto<\/strong>.<\/p>\n\n\n\n<p>\ud83d\udd0d&nbsp;<em>\u00bfSabes de d\u00f3nde viene lo que comes?<\/em>&nbsp;Firma para exigir un etiquetado claro en Europa \u270d\ufe0f<\/p>\n\n\n\n<p>\u270f\ufe0f Firma la petici\u00f3n #:NoALaComidaFalsa en este enlace <a href=\"https:\/\/eci.ec.europa.eu\/049\/public\/#\/screen\/home\">https:\/\/eci.ec.europa.eu\/049\/public\/#\/screen\/home<\/a><\/p>\n\n\n<div class=\"wp-block-image\">\n<figure class=\"alignright size-full is-resized\"><img loading=\"lazy\" decoding=\"async\" width=\"632\" height=\"632\" src=\"https:\/\/www.asajacyl.com\/palencia\/wp-content\/uploads\/sites\/3\/2025\/03\/image-6.jpg\" alt=\"\" class=\"wp-image-19463\" style=\"width:631px;height:auto\" srcset=\"https:\/\/www.asajacyl.com\/palencia\/wp-content\/uploads\/sites\/3\/2025\/03\/image-6.jpg 632w, https:\/\/www.asajacyl.com\/palencia\/wp-content\/uploads\/sites\/3\/2025\/03\/image-6-300x300.jpg 300w, https:\/\/www.asajacyl.com\/palencia\/wp-content\/uploads\/sites\/3\/2025\/03\/image-6-150x150.jpg 150w, https:\/\/www.asajacyl.com\/palencia\/wp-content\/uploads\/sites\/3\/2025\/03\/image-6-420x420.jpg 420w\" sizes=\"(max-width: 632px) 100vw, 632px\" \/><\/figure><\/div>\n\n\n<p>\ud83c\udf31 Saber lo que comes es cuidarte <\/p>\n\n\n\n<p>\ud83c\udf4e \u00bfSabes realmente de d\u00f3nde vienen los alimentos que llevas a tu mesa?<\/p>\n\n\n\n<p>\ud83e\udd69 \u00bfCarne de laboratorio o carne de verdad? \u00bfTomates de tu tierra o importados sin control? Lo que comemos importa. Y&nbsp;<em>tenemos derecho a saberlo<\/em>.<\/p>\n\n\n\n<p>\ud83c\udf0d Una Iniciativa Ciudadana Europea exige una medida tan simple como poderosa:<br><strong>\ud83d\udc49 Que el etiquetado de los alimentos muestre claramente su origen.<\/strong><\/p>\n\n\n\n<p>Esta campa\u00f1a puede cambiarlo todo:<br>\u2705 Transparencia para elegir con libertad<br>\u2705 Justicia para quienes producen cumpliendo las normas<br>\u2705 Salud y seguridad alimentaria para todos<\/p>\n\n\n\n<p>\ud83d\udea8 Porque sin un etiquetado claro, se enga\u00f1a al consumidor y se pone en desventaja al productor europeo. Porque no es lo mismo producir respetando el medio ambiente que importar sin control.<\/p>\n\n\n<div class=\"wp-block-image\">\n<figure class=\"alignright size-full is-resized\"><img loading=\"lazy\" decoding=\"async\" width=\"552\" height=\"147\" src=\"https:\/\/www.asajacyl.com\/palencia\/wp-content\/uploads\/sites\/3\/2025\/03\/Ventana-1-enlace-no-a-la-comida-falsa.jpeg\" alt=\"\" class=\"wp-image-19461\" style=\"width:628px;height:auto\" srcset=\"https:\/\/www.asajacyl.com\/palencia\/wp-content\/uploads\/sites\/3\/2025\/03\/Ventana-1-enlace-no-a-la-comida-falsa.jpeg 552w, https:\/\/www.asajacyl.com\/palencia\/wp-content\/uploads\/sites\/3\/2025\/03\/Ventana-1-enlace-no-a-la-comida-falsa-300x80.jpeg 300w\" sizes=\"(max-width: 552px) 100vw, 552px\" \/><\/figure><\/div>\n\n<div class=\"wp-block-image\">\n<figure class=\"alignright size-full is-resized\"><img loading=\"lazy\" decoding=\"async\" width=\"540\" height=\"411\" src=\"https:\/\/www.asajacyl.com\/palencia\/wp-content\/uploads\/sites\/3\/2025\/03\/Enlace-2-no-a-la-comida-falsa.jpeg\" alt=\"\" class=\"wp-image-19462\" style=\"width:631px;height:auto\" srcset=\"https:\/\/www.asajacyl.com\/palencia\/wp-content\/uploads\/sites\/3\/2025\/03\/Enlace-2-no-a-la-comida-falsa.jpeg 540w, https:\/\/www.asajacyl.com\/palencia\/wp-content\/uploads\/sites\/3\/2025\/03\/Enlace-2-no-a-la-comida-falsa-300x228.jpeg 300w, https:\/\/www.asajacyl.com\/palencia\/wp-content\/uploads\/sites\/3\/2025\/03\/Enlace-2-no-a-la-comida-falsa-80x60.jpeg 80w\" sizes=\"(max-width: 540px) 100vw, 540px\" \/><\/figure><\/div>\n\n\n<p>\ud83d\udcf2 Solo necesitas un minuto para apoyar esta causa que nos une a todos (Las im\u00e1genes adjuntas te orientan sobre las pesta\u00f1as que hay que pulsar y los campos que hay que rellenar)<br>\u270f\ufe0f Firma aqu\u00ed \ud83d\udc49\u00a0<a class=\"\" href=\"https:\/\/eci.ec.europa.eu\/049\/public\/#\/screen\/home\">https:\/\/eci.ec.europa.eu\/049\/public\/#\/screen\/home<\/a><br>\ud83d\udde3\ufe0f \u00a1Cada firma cuenta!<\/p>\n\n\n\n<p>\ud83d\udce2 \u00a1Y comp\u00e1rtelo! Que se sepa: la comida no es falsa\u2026 ni debe parecerlo.<br>#NoALaComidaFalsa #EtiquetadoClaro #AgriculturaEuropea #DerechoAInformarnos #ComidaReal<\/p>\n\n\n<div class=\"wp-block-image\">\n<figure class=\"alignleft size-full is-resized\"><img loading=\"lazy\" decoding=\"async\" width=\"328\" height=\"328\" src=\"https:\/\/www.asajacyl.com\/palencia\/wp-content\/uploads\/sites\/3\/2025\/03\/QR-campana-no-a-la-comida-falsa.jpeg\" alt=\"\" class=\"wp-image-19460\" style=\"width:253px;height:auto\" srcset=\"https:\/\/www.asajacyl.com\/palencia\/wp-content\/uploads\/sites\/3\/2025\/03\/QR-campana-no-a-la-comida-falsa.jpeg 328w, https:\/\/www.asajacyl.com\/palencia\/wp-content\/uploads\/sites\/3\/2025\/03\/QR-campana-no-a-la-comida-falsa-300x300.jpeg 300w, https:\/\/www.asajacyl.com\/palencia\/wp-content\/uploads\/sites\/3\/2025\/03\/QR-campana-no-a-la-comida-falsa-150x150.jpeg 150w\" sizes=\"(max-width: 328px) 100vw, 328px\" \/><\/figure><\/div>\n\n\n<p>Aqu\u00ed te explicarmos c\u00f3mo apoyar la iniciativa en unos sencillos pasos:<\/p>\n\n\n<div class=\"wp-block-image\">\n<figure class=\"alignright size-full is-resized\"><img loading=\"lazy\" decoding=\"async\" width=\"1017\" height=\"485\" src=\"https:\/\/www.asajacyl.com\/palencia\/wp-content\/uploads\/sites\/3\/2025\/03\/Rellenar-datos-personales-2.jpg\" alt=\"\" class=\"wp-image-19469\" style=\"width:626px;height:auto\" srcset=\"https:\/\/www.asajacyl.com\/palencia\/wp-content\/uploads\/sites\/3\/2025\/03\/Rellenar-datos-personales-2.jpg 1017w, https:\/\/www.asajacyl.com\/palencia\/wp-content\/uploads\/sites\/3\/2025\/03\/Rellenar-datos-personales-2-300x143.jpg 300w, https:\/\/www.asajacyl.com\/palencia\/wp-content\/uploads\/sites\/3\/2025\/03\/Rellenar-datos-personales-2-768x366.jpg 768w, https:\/\/www.asajacyl.com\/palencia\/wp-content\/uploads\/sites\/3\/2025\/03\/Rellenar-datos-personales-2-881x420.jpg 881w, https:\/\/www.asajacyl.com\/palencia\/wp-content\/uploads\/sites\/3\/2025\/03\/Rellenar-datos-personales-2-696x332.jpg 696w\" sizes=\"(max-width: 1017px) 100vw, 1017px\" \/><\/figure><\/div>\n\n<div class=\"wp-block-image\">\n<figure class=\"alignright size-full is-resized\"><img loading=\"lazy\" decoding=\"async\" width=\"1013\" height=\"404\" src=\"https:\/\/www.asajacyl.com\/palencia\/wp-content\/uploads\/sites\/3\/2025\/03\/Clave-y-final.jpg\" alt=\"\" class=\"wp-image-19465\" style=\"width:625px;height:auto\" srcset=\"https:\/\/www.asajacyl.com\/palencia\/wp-content\/uploads\/sites\/3\/2025\/03\/Clave-y-final.jpg 1013w, https:\/\/www.asajacyl.com\/palencia\/wp-content\/uploads\/sites\/3\/2025\/03\/Clave-y-final-300x120.jpg 300w, https:\/\/www.asajacyl.com\/palencia\/wp-content\/uploads\/sites\/3\/2025\/03\/Clave-y-final-768x306.jpg 768w, https:\/\/www.asajacyl.com\/palencia\/wp-content\/uploads\/sites\/3\/2025\/03\/Clave-y-final-696x278.jpg 696w\" sizes=\"(max-width: 1013px) 100vw, 1013px\" \/><\/figure><\/div>\n\n\n<ul>\n<li><strong>1. Pinchar en el ENLACE <\/strong>(o bien, fotografiar con tu m\u00f3vil el <strong>c\u00f3digo QR<\/strong>). <a href=\"https:\/\/eci.ec.europa.eu\/049\/public\/#\/screen\/home\" target=\"_blank\" rel=\"noreferrer noopener\">https:\/\/eci.ec.europa.eu\/049\/public\/#\/screen\/home<\/a><br><\/li>\n\n\n\n<li><strong>2. Indicar la nacionalidad <\/strong>del firmante, eligiendo la opci\u00f3n \u00ab<strong>ESPA\u00d1A<\/strong>\u00bb (ventana amarilla en la parte superior derecha).<br><\/li>\n\n\n\n<li><strong>3. <\/strong>Pinchar para que aparezca un <strong>\u2713<\/strong> de conformidad<strong>  en las dos pesta\u00f1as <\/strong>sobre declaraci\u00f3n de confidencialidad y compromiso de firmar s\u00f3lo una vez.<br> <\/li>\n\n\n\n<li><strong>4. <\/strong>Elegir la opci\u00f3n <strong>\u00abRellenar el formulario<\/strong>\u00bb (a la izquierda, marcada rojo en la imagen adjunta).<br><\/li>\n\n\n\n<li><strong>5.<\/strong> Identificarse con los <strong>datos personales<\/strong>: DNI (n\u00fameros y letras, sin espacios y sin gui\u00f3n), nombre y apellidos.<br><\/li>\n\n\n\n<li><strong>6. Repetir los caracteres <\/strong>(letras y n\u00fameros) de la <strong>clave de seguridad<\/strong> que aparece en una imagen bajo los datos personales (se crea para asegurar de que firma una persona, no una m\u00e1quina). Hay que prestar <span style=\"text-decoration: underline\">atenci\u00f3n<\/span> en cada letra a<span style=\"text-decoration: underline\"> si es may\u00fascula o min\u00fascula<\/span>. En el ejemplo de la imagen:\n<ul>\n<li>j (jota min\u00fascula)<\/li>\n\n\n\n<li>1 (n\u00famero 1 en cifra)<\/li>\n\n\n\n<li>u (u min\u00fascula)<\/li>\n\n\n\n<li>U (u may\u00fascula)<br><\/li>\n<\/ul>\n<\/li>\n\n\n\n<li><strong>7.<\/strong> Pinchar para que aparezca un <strong>\u2713<\/strong> en la casilla inferior de veracidad de los datos y, seguidamente en la pesta\u00f1a <strong>Apoyar<\/strong>. <\/li>\n<\/ul>\n\n\n\n<p>\ud83d\udcdd \u00a1Si a\u00fan no lo has hecho, firma ya para defender tu salud, el campo y la transparencia en los alimentos que consumimos! Y difunde la iniciativa entre tu c\u00edrculo familiar, personal, laboral, etc\u00e9tera.<\/p>\n","protected":false},"excerpt":{"rendered":"<p>Despu\u00e9s de un trimestre de trabajo conjunto, principalmente entre ASAJA y nuestra asociaci\u00f3n agraria hom\u00f3loga de Italia (Coldiretti), surgi\u00f3 la Iniciativa Ciudadana Europea en contra de la Comida Falsa y por la menci\u00f3n del origen en el etiquetado. El objetivo es alcanzar el mill\u00f3n de firmas y llegar a un m\u00ednimo de siete estados miembros [&hellip;]<\/p>\n","protected":false},"author":9,"featured_media":19474,"comment_status":"open","ping_status":"open","sticky":false,"template":"","format":"standard","meta":{"footnotes":""},"categories":[9,31,38,28,13],"tags":[58,71,351,731,77,338],"yoast_head":"<!-- This site is optimized with the Yoast SEO plugin v24.5 - https:\/\/yoast.com\/wordpress\/plugins\/seo\/ -->\n<title>\u00daltima llamada para la campa\u00f1a &#039;\u00a1No a la comida falsa!&#039;: hay 820 000 firmas y necesitamos un mill\u00f3n - ASAJA Palencia<\/title>\n<meta name=\"description\" content=\"Despu\u00e9s de un trimestre de trabajo conjunto, principalmente entre ASAJA y nuestra asociaci\u00f3n agraria hom\u00f3loga de Italia (Coldiretti), surgi\u00f3 la Iniciativa\" \/>\n<meta name=\"robots\" content=\"index, follow, max-snippet:-1, max-image-preview:large, max-video-preview:-1\" \/>\n<link rel=\"canonical\" href=\"https:\/\/www.asajacyl.com\/palencia\/asaja-palencia-informa\/apoya-aqui-la-campana-de-asaja-contra-la-comida-falsa-a-por-el-millon-de-firmas-en-toda-la-ue\" \/>\n<meta property=\"og:locale\" content=\"es_ES\" \/>\n<meta property=\"og:type\" content=\"article\" \/>\n<meta property=\"og:title\" content=\"\u00daltima llamada para la campa\u00f1a &#039;\u00a1No a la comida falsa!&#039;: hay 820 000 firmas y necesitamos un mill\u00f3n - ASAJA Palencia\" \/>\n<meta property=\"og:description\" content=\"Despu\u00e9s de un trimestre de trabajo conjunto, principalmente entre ASAJA y nuestra asociaci\u00f3n agraria hom\u00f3loga de Italia (Coldiretti), surgi\u00f3 la Iniciativa\" \/>\n<meta property=\"og:url\" content=\"https:\/\/www.asajacyl.com\/palencia\/asaja-palencia-informa\/apoya-aqui-la-campana-de-asaja-contra-la-comida-falsa-a-por-el-millon-de-firmas-en-toda-la-ue\" \/>\n<meta property=\"og:site_name\" content=\"ASAJA Palencia\" \/>\n<meta property=\"article:published_time\" content=\"2025-09-15T07:56:50+00:00\" \/>\n<meta property=\"article:modified_time\" content=\"2025-09-15T07:57:24+00:00\" \/>\n<meta property=\"og:image\" content=\"https:\/\/www.asajacyl.com\/palencia\/wp-content\/uploads\/sites\/3\/2025\/04\/Campana-no-a-la-comida-falsa.jpg\" \/>\n\t<meta property=\"og:image:width\" content=\"1890\" \/>\n\t<meta property=\"og:image:height\" content=\"1654\" \/>\n\t<meta property=\"og:image:type\" content=\"image\/jpeg\" \/>\n<meta name=\"author\" content=\"Administrador\" \/>\n<meta name=\"twitter:card\" content=\"summary_large_image\" \/>\n<meta name=\"twitter:label1\" content=\"Escrito por\" \/>\n\t<meta name=\"twitter:data1\" content=\"Administrador\" \/>\n\t<meta name=\"twitter:label2\" content=\"Tiempo de lectura\" \/>\n\t<meta name=\"twitter:data2\" content=\"5 minutos\" \/>\n<script type=\"application\/ld+json\" class=\"yoast-schema-graph\">{\"@context\":\"https:\/\/schema.org\",\"@graph\":[{\"@type\":\"WebPage\",\"@id\":\"https:\/\/www.asajacyl.com\/palencia\/asaja-palencia-informa\/apoya-aqui-la-campana-de-asaja-contra-la-comida-falsa-a-por-el-millon-de-firmas-en-toda-la-ue\",\"url\":\"https:\/\/www.asajacyl.com\/palencia\/asaja-palencia-informa\/apoya-aqui-la-campana-de-asaja-contra-la-comida-falsa-a-por-el-millon-de-firmas-en-toda-la-ue\",\"name\":\"\u00daltima llamada para la campa\u00f1a '\u00a1No a la comida falsa!': hay 820 000 firmas y necesitamos un mill\u00f3n - ASAJA Palencia\",\"isPartOf\":{\"@id\":\"https:\/\/www.asajacyl.com\/palencia\/#website\"},\"primaryImageOfPage\":{\"@id\":\"https:\/\/www.asajacyl.com\/palencia\/asaja-palencia-informa\/apoya-aqui-la-campana-de-asaja-contra-la-comida-falsa-a-por-el-millon-de-firmas-en-toda-la-ue#primaryimage\"},\"image\":{\"@id\":\"https:\/\/www.asajacyl.com\/palencia\/asaja-palencia-informa\/apoya-aqui-la-campana-de-asaja-contra-la-comida-falsa-a-por-el-millon-de-firmas-en-toda-la-ue#primaryimage\"},\"thumbnailUrl\":\"https:\/\/www.asajacyl.com\/palencia\/wp-content\/uploads\/sites\/3\/2025\/04\/Campana-no-a-la-comida-falsa.jpg\",\"datePublished\":\"2025-09-15T07:56:50+00:00\",\"dateModified\":\"2025-09-15T07:57:24+00:00\",\"author\":{\"@id\":\"https:\/\/www.asajacyl.com\/palencia\/#\/schema\/person\/3ab17aeb03527485c317557fae64aab1\"},\"description\":\"Despu\u00e9s de un trimestre de trabajo conjunto, principalmente entre ASAJA y nuestra asociaci\u00f3n agraria hom\u00f3loga de Italia (Coldiretti), surgi\u00f3 la Iniciativa\",\"breadcrumb\":{\"@id\":\"https:\/\/www.asajacyl.com\/palencia\/asaja-palencia-informa\/apoya-aqui-la-campana-de-asaja-contra-la-comida-falsa-a-por-el-millon-de-firmas-en-toda-la-ue#breadcrumb\"},\"inLanguage\":\"es\",\"potentialAction\":[{\"@type\":\"ReadAction\",\"target\":[\"https:\/\/www.asajacyl.com\/palencia\/asaja-palencia-informa\/apoya-aqui-la-campana-de-asaja-contra-la-comida-falsa-a-por-el-millon-de-firmas-en-toda-la-ue\"]}]},{\"@type\":\"ImageObject\",\"inLanguage\":\"es\",\"@id\":\"https:\/\/www.asajacyl.com\/palencia\/asaja-palencia-informa\/apoya-aqui-la-campana-de-asaja-contra-la-comida-falsa-a-por-el-millon-de-firmas-en-toda-la-ue#primaryimage\",\"url\":\"https:\/\/www.asajacyl.com\/palencia\/wp-content\/uploads\/sites\/3\/2025\/04\/Campana-no-a-la-comida-falsa.jpg\",\"contentUrl\":\"https:\/\/www.asajacyl.com\/palencia\/wp-content\/uploads\/sites\/3\/2025\/04\/Campana-no-a-la-comida-falsa.jpg\",\"width\":1890,\"height\":1654},{\"@type\":\"BreadcrumbList\",\"@id\":\"https:\/\/www.asajacyl.com\/palencia\/asaja-palencia-informa\/apoya-aqui-la-campana-de-asaja-contra-la-comida-falsa-a-por-el-millon-de-firmas-en-toda-la-ue#breadcrumb\",\"itemListElement\":[{\"@type\":\"ListItem\",\"position\":1,\"name\":\"Portada\",\"item\":\"https:\/\/www.asajacyl.com\/palencia\/\"},{\"@type\":\"ListItem\",\"position\":2,\"name\":\"\u00daltima llamada para la campa\u00f1a &#8216;\u00a1No a la comida falsa!&#8217;: hay 820 000 firmas y necesitamos un mill\u00f3n\"}]},{\"@type\":\"WebSite\",\"@id\":\"https:\/\/www.asajacyl.com\/palencia\/#website\",\"url\":\"https:\/\/www.asajacyl.com\/palencia\/\",\"name\":\"ASAJA Palencia\",\"description\":\"Otro sitio m\u00e1s de Provincias ASAJA Castilla y Le\u00f3n\",\"potentialAction\":[{\"@type\":\"SearchAction\",\"target\":{\"@type\":\"EntryPoint\",\"urlTemplate\":\"https:\/\/www.asajacyl.com\/palencia\/?s={search_term_string}\"},\"query-input\":{\"@type\":\"PropertyValueSpecification\",\"valueRequired\":true,\"valueName\":\"search_term_string\"}}],\"inLanguage\":\"es\"},{\"@type\":\"Person\",\"@id\":\"https:\/\/www.asajacyl.com\/palencia\/#\/schema\/person\/3ab17aeb03527485c317557fae64aab1\",\"name\":\"Administrador\",\"image\":{\"@type\":\"ImageObject\",\"inLanguage\":\"es\",\"@id\":\"https:\/\/www.asajacyl.com\/palencia\/#\/schema\/person\/image\/\",\"url\":\"https:\/\/secure.gravatar.com\/avatar\/517384810d242ca9e38c180f3c9fb973?s=96&d=mm&r=g\",\"contentUrl\":\"https:\/\/secure.gravatar.com\/avatar\/517384810d242ca9e38c180f3c9fb973?s=96&d=mm&r=g\",\"caption\":\"Administrador\"},\"url\":\"https:\/\/www.asajacyl.com\/palencia\/author\/carlosrm\"}]}<\/script>\n<!-- \/ Yoast SEO plugin. -->","yoast_head_json":{"title":"\u00daltima llamada para la campa\u00f1a '\u00a1No a la comida falsa!': hay 820 000 firmas y necesitamos un mill\u00f3n - ASAJA Palencia","description":"Despu\u00e9s de un trimestre de trabajo conjunto, principalmente entre ASAJA y nuestra asociaci\u00f3n agraria hom\u00f3loga de Italia (Coldiretti), surgi\u00f3 la Iniciativa","robots":{"index":"index","follow":"follow","max-snippet":"max-snippet:-1","max-image-preview":"max-image-preview:large","max-video-preview":"max-video-preview:-1"},"canonical":"https:\/\/www.asajacyl.com\/palencia\/asaja-palencia-informa\/apoya-aqui-la-campana-de-asaja-contra-la-comida-falsa-a-por-el-millon-de-firmas-en-toda-la-ue","og_locale":"es_ES","og_type":"article","og_title":"\u00daltima llamada para la campa\u00f1a '\u00a1No a la comida falsa!': hay 820 000 firmas y necesitamos un mill\u00f3n - ASAJA Palencia","og_description":"Despu\u00e9s de un trimestre de trabajo conjunto, principalmente entre ASAJA y nuestra asociaci\u00f3n agraria hom\u00f3loga de Italia (Coldiretti), surgi\u00f3 la Iniciativa","og_url":"https:\/\/www.asajacyl.com\/palencia\/asaja-palencia-informa\/apoya-aqui-la-campana-de-asaja-contra-la-comida-falsa-a-por-el-millon-de-firmas-en-toda-la-ue","og_site_name":"ASAJA Palencia","article_published_time":"2025-09-15T07:56:50+00:00","article_modified_time":"2025-09-15T07:57:24+00:00","og_image":[{"width":1890,"height":1654,"url":"https:\/\/www.asajacyl.com\/palencia\/wp-content\/uploads\/sites\/3\/2025\/04\/Campana-no-a-la-comida-falsa.jpg","type":"image\/jpeg"}],"author":"Administrador","twitter_card":"summary_large_image","twitter_misc":{"Escrito por":"Administrador","Tiempo de lectura":"5 minutos"},"schema":{"@context":"https:\/\/schema.org","@graph":[{"@type":"WebPage","@id":"https:\/\/www.asajacyl.com\/palencia\/asaja-palencia-informa\/apoya-aqui-la-campana-de-asaja-contra-la-comida-falsa-a-por-el-millon-de-firmas-en-toda-la-ue","url":"https:\/\/www.asajacyl.com\/palencia\/asaja-palencia-informa\/apoya-aqui-la-campana-de-asaja-contra-la-comida-falsa-a-por-el-millon-de-firmas-en-toda-la-ue","name":"\u00daltima llamada para la campa\u00f1a '\u00a1No a la comida falsa!': hay 820 000 firmas y necesitamos un mill\u00f3n - ASAJA Palencia","isPartOf":{"@id":"https:\/\/www.asajacyl.com\/palencia\/#website"},"primaryImageOfPage":{"@id":"https:\/\/www.asajacyl.com\/palencia\/asaja-palencia-informa\/apoya-aqui-la-campana-de-asaja-contra-la-comida-falsa-a-por-el-millon-de-firmas-en-toda-la-ue#primaryimage"},"image":{"@id":"https:\/\/www.asajacyl.com\/palencia\/asaja-palencia-informa\/apoya-aqui-la-campana-de-asaja-contra-la-comida-falsa-a-por-el-millon-de-firmas-en-toda-la-ue#primaryimage"},"thumbnailUrl":"https:\/\/www.asajacyl.com\/palencia\/wp-content\/uploads\/sites\/3\/2025\/04\/Campana-no-a-la-comida-falsa.jpg","datePublished":"2025-09-15T07:56:50+00:00","dateModified":"2025-09-15T07:57:24+00:00","author":{"@id":"https:\/\/www.asajacyl.com\/palencia\/#\/schema\/person\/3ab17aeb03527485c317557fae64aab1"},"description":"Despu\u00e9s de un trimestre de trabajo conjunto, principalmente entre ASAJA y nuestra asociaci\u00f3n agraria hom\u00f3loga de Italia (Coldiretti), surgi\u00f3 la Iniciativa","breadcrumb":{"@id":"https:\/\/www.asajacyl.com\/palencia\/asaja-palencia-informa\/apoya-aqui-la-campana-de-asaja-contra-la-comida-falsa-a-por-el-millon-de-firmas-en-toda-la-ue#breadcrumb"},"inLanguage":"es","potentialAction":[{"@type":"ReadAction","target":["https:\/\/www.asajacyl.com\/palencia\/asaja-palencia-informa\/apoya-aqui-la-campana-de-asaja-contra-la-comida-falsa-a-por-el-millon-de-firmas-en-toda-la-ue"]}]},{"@type":"ImageObject","inLanguage":"es","@id":"https:\/\/www.asajacyl.com\/palencia\/asaja-palencia-informa\/apoya-aqui-la-campana-de-asaja-contra-la-comida-falsa-a-por-el-millon-de-firmas-en-toda-la-ue#primaryimage","url":"https:\/\/www.asajacyl.com\/palencia\/wp-content\/uploads\/sites\/3\/2025\/04\/Campana-no-a-la-comida-falsa.jpg","contentUrl":"https:\/\/www.asajacyl.com\/palencia\/wp-content\/uploads\/sites\/3\/2025\/04\/Campana-no-a-la-comida-falsa.jpg","width":1890,"height":1654},{"@type":"BreadcrumbList","@id":"https:\/\/www.asajacyl.com\/palencia\/asaja-palencia-informa\/apoya-aqui-la-campana-de-asaja-contra-la-comida-falsa-a-por-el-millon-de-firmas-en-toda-la-ue#breadcrumb","itemListElement":[{"@type":"ListItem","position":1,"name":"Portada","item":"https:\/\/www.asajacyl.com\/palencia\/"},{"@type":"ListItem","position":2,"name":"\u00daltima llamada para la campa\u00f1a &#8216;\u00a1No a la comida falsa!&#8217;: hay 820 000 firmas y necesitamos un mill\u00f3n"}]},{"@type":"WebSite","@id":"https:\/\/www.asajacyl.com\/palencia\/#website","url":"https:\/\/www.asajacyl.com\/palencia\/","name":"ASAJA Palencia","description":"Otro sitio m\u00e1s de Provincias ASAJA Castilla y Le\u00f3n","potentialAction":[{"@type":"SearchAction","target":{"@type":"EntryPoint","urlTemplate":"https:\/\/www.asajacyl.com\/palencia\/?s={search_term_string}"},"query-input":{"@type":"PropertyValueSpecification","valueRequired":true,"valueName":"search_term_string"}}],"inLanguage":"es"},{"@type":"Person","@id":"https:\/\/www.asajacyl.com\/palencia\/#\/schema\/person\/3ab17aeb03527485c317557fae64aab1","name":"Administrador","image":{"@type":"ImageObject","inLanguage":"es","@id":"https:\/\/www.asajacyl.com\/palencia\/#\/schema\/person\/image\/","url":"https:\/\/secure.gravatar.com\/avatar\/517384810d242ca9e38c180f3c9fb973?s=96&d=mm&r=g","contentUrl":"https:\/\/secure.gravatar.com\/avatar\/517384810d242ca9e38c180f3c9fb973?s=96&d=mm&r=g","caption":"Administrador"},"url":"https:\/\/www.asajacyl.com\/palencia\/author\/carlosrm"}]}},"_links":{"self":[{"href":"https:\/\/www.asajacyl.com\/palencia\/wp-json\/wp\/v2\/posts\/19457"}],"collection":[{"href":"https:\/\/www.asajacyl.com\/palencia\/wp-json\/wp\/v2\/posts"}],"about":[{"href":"https:\/\/www.asajacyl.com\/palencia\/wp-json\/wp\/v2\/types\/post"}],"author":[{"embeddable":true,"href":"https:\/\/www.asajacyl.com\/palencia\/wp-json\/wp\/v2\/users\/9"}],"replies":[{"embeddable":true,"href":"https:\/\/www.asajacyl.com\/palencia\/wp-json\/wp\/v2\/comments?post=19457"}],"version-history":[{"count":8,"href":"https:\/\/www.asajacyl.com\/palencia\/wp-json\/wp\/v2\/posts\/19457\/revisions"}],"predecessor-version":[{"id":20927,"href":"https:\/\/www.asajacyl.com\/palencia\/wp-json\/wp\/v2\/posts\/19457\/revisions\/20927"}],"wp:featuredmedia":[{"embeddable":true,"href":"https:\/\/www.asajacyl.com\/palencia\/wp-json\/wp\/v2\/media\/19474"}],"wp:attachment":[{"href":"https:\/\/www.asajacyl.com\/palencia\/wp-json\/wp\/v2\/media?parent=19457"}],"wp:term":[{"taxonomy":"category","embeddable":true,"href":"https:\/\/www.asajacyl.com\/palencia\/wp-json\/wp\/v2\/categories?post=19457"},{"taxonomy":"post_tag","embeddable":true,"href":"https:\/\/www.asajacyl.com\/palencia\/wp-json\/wp\/v2\/tags?post=19457"}],"curies":[{"name":"wp","href":"https:\/\/api.w.org\/{rel}","templated":true}]}}