{"id":19495,"date":"2025-04-03T07:45:00","date_gmt":"2025-04-03T05:45:00","guid":{"rendered":"https:\/\/www.asajacyl.com\/palencia\/?p=19495"},"modified":"2025-04-02T13:41:05","modified_gmt":"2025-04-02T11:41:05","slug":"las-aves-de-corral-para-autoconsumo-deben-estar-dadas-de-alta-en-la-seccion-ganadera-del-reacyl","status":"publish","type":"post","link":"https:\/\/www.asajacyl.com\/palencia\/asaja-palencia-informa\/las-aves-de-corral-para-autoconsumo-deben-estar-dadas-de-alta-en-la-seccion-ganadera-del-reacyl","title":{"rendered":"Las aves de corral para autoconsumo deben estar dadas de alta en la secci\u00f3n ganadera del REACyL"},"content":{"rendered":"\n<h2 class=\"wp-block-heading\">ASAJA-Palencia informa que, seg\u00fan la normativa del Registro de Explotaciones Agrarias de Castilla y Le\u00f3n (REACyL) y el real decreto de 2021 sobre las normas b\u00e1sicas de ordenaci\u00f3n de las granjas av\u00edcolas, los titulares de estas explotaciones para autoconsumo deben comunicar el alta en la secci\u00f3n ganadera del REACyL. La vigilancia de este requisito se ha acentuado al aumentar en Espa\u00f1a el riesgo de gripe aviar, tras detectarse brotes en aves de corral y cautivas, as\u00ed como en aves silvestres, sobre todo en el centro y el norte de Europa. Asimismo, recordamos que la instalaci\u00f3n ganadera para autoconsumo requiere de <span style=\"text-decoration: underline\">comunicaci\u00f3n ambiental previa al Ayuntamiento<\/span> del t\u00e9rmino municipal donde se ubique, seg\u00fan la legislaci\u00f3n de Castilla y Le\u00f3n en la materia. De hecho, esa comunicaci\u00f3n es parte de la documentaci\u00f3n requerida para el alta en el registro.<\/h2>\n\n\n<div class=\"wp-block-image\">\n<figure class=\"alignright size-large is-resized\"><img loading=\"lazy\" decoding=\"async\" width=\"1024\" height=\"417\" src=\"https:\/\/www.asajacyl.com\/palencia\/wp-content\/uploads\/sites\/3\/2025\/04\/Web-Junta-alta-autoconsumo-1024x417.jpg\" alt=\"\" class=\"wp-image-19497\" style=\"width:624px;height:auto\" srcset=\"https:\/\/www.asajacyl.com\/palencia\/wp-content\/uploads\/sites\/3\/2025\/04\/Web-Junta-alta-autoconsumo-1024x417.jpg 1024w, https:\/\/www.asajacyl.com\/palencia\/wp-content\/uploads\/sites\/3\/2025\/04\/Web-Junta-alta-autoconsumo-300x122.jpg 300w, https:\/\/www.asajacyl.com\/palencia\/wp-content\/uploads\/sites\/3\/2025\/04\/Web-Junta-alta-autoconsumo-768x313.jpg 768w, https:\/\/www.asajacyl.com\/palencia\/wp-content\/uploads\/sites\/3\/2025\/04\/Web-Junta-alta-autoconsumo-1032x420.jpg 1032w, https:\/\/www.asajacyl.com\/palencia\/wp-content\/uploads\/sites\/3\/2025\/04\/Web-Junta-alta-autoconsumo-696x283.jpg 696w, https:\/\/www.asajacyl.com\/palencia\/wp-content\/uploads\/sites\/3\/2025\/04\/Web-Junta-alta-autoconsumo-1068x435.jpg 1068w, https:\/\/www.asajacyl.com\/palencia\/wp-content\/uploads\/sites\/3\/2025\/04\/Web-Junta-alta-autoconsumo.jpg 1226w\" sizes=\"(max-width: 1024px) 100vw, 1024px\" \/><\/figure><\/div>\n\n\n<p>Las explotaciones av\u00edcolas de autoconsumo (gallinas, pollos, pavos, pintadas, patos, ocas, codornices, palomas, faisanes, perdices&#8230;) deben cumplir estos requisitos:<\/p>\n\n\n<div class=\"wp-block-image\">\n<figure class=\"alignright size-full is-resized\"><img loading=\"lazy\" decoding=\"async\" width=\"568\" height=\"582\" src=\"https:\/\/www.asajacyl.com\/palencia\/wp-content\/uploads\/sites\/3\/2025\/04\/Equivalencia-aves-de-corral-UGM-1.jpg\" alt=\"\" class=\"wp-image-19510\" style=\"width:604px;height:auto\" srcset=\"https:\/\/www.asajacyl.com\/palencia\/wp-content\/uploads\/sites\/3\/2025\/04\/Equivalencia-aves-de-corral-UGM-1.jpg 568w, https:\/\/www.asajacyl.com\/palencia\/wp-content\/uploads\/sites\/3\/2025\/04\/Equivalencia-aves-de-corral-UGM-1-293x300.jpg 293w, https:\/\/www.asajacyl.com\/palencia\/wp-content\/uploads\/sites\/3\/2025\/04\/Equivalencia-aves-de-corral-UGM-1-410x420.jpg 410w, https:\/\/www.asajacyl.com\/palencia\/wp-content\/uploads\/sites\/3\/2025\/04\/Equivalencia-aves-de-corral-UGM-1-356x364.jpg 356w\" sizes=\"(max-width: 568px) 100vw, 568px\" \/><\/figure><\/div>\n\n\n<ul>\n<li><strong>no superar las 0,15 Unidades de Ganado Mayor<\/strong> (UGMs) de aves de corral de capacidad m\u00e1xima (calculadas seg\u00fan la tabla de equivalencias del real decreto de 2021).<\/li>\n\n\n\n<li><strong>en ning\u00fan caso comercializar<\/strong> los animales, ni su carne, ni los huevos, ni otras producciones (caso de hacerlo, deber\u00e1n registrarse como explotaciones).<\/li>\n\n\n\n<li><strong>no criar ni mantener aves corredoras<\/strong> \u2014ratites\u2014 (se considerar\u00e1n explotaciones reducidas).<\/li>\n<\/ul>\n\n\n\n<p>Conforme a esas tablas, por ejemplo, podr\u00e1n considerarse explotaciones av\u00edcolas de autoconsumo <strong>siempre que no superen los m\u00e1ximos<\/strong> de:<\/p>\n\n\n\n<ul>\n<li>las <strong>treinta cabezas de gallinas ponedoras<\/strong>.<\/li>\n\n\n\n<li>las <strong>cincuenta cabezas de pollo de engorde<\/strong> (broiler)<\/li>\n<\/ul>\n\n\n\n<p>Si se tienen cabezas de varias categor\u00edas, para no superar las 0,15 UGM, hay que calcular en funci\u00f3n de las equivalencias de la tabla adjunta, que recoge el real decreto de 2021 con las normas b\u00e1sicas de ordenaci\u00f3n de las granjas av\u00edcolas. <\/p>\n\n\n\n<p>Pongamos un ejemplo: con treinta pollos de engorde se alcanzan las 0,09 UGM, por lo que \u2014para no sobrepasar el rango permitido de explotaci\u00f3n de autoconsumo\u2014 s\u00f3lo podr\u00eda tenerse a mayores una docena de gallinas ponedoras, ya que con trece se exceder\u00eda el l\u00edmite (0,09 UGM de los treinta pollos + 0,065 UGM de las trece gallinas = 0,155 UGM &gt; 0,150 UGM, m\u00e1ximo permitido).<\/p>\n\n\n\n<p><strong>RIESGO ALTO DESDE ENERO. <\/strong>Seg\u00fan el programa de la gripe aviar del Ministerio de Agricultura, Pesca y Alimentaci\u00f3n (MAPA), la circulaci\u00f3n del virus hasta la fecha en Espa\u00f1a es muy limitada.&nbsp;<a href=\"https:\/\/www.asajacyl.com\/palencia\/asaja-palencia-informa\/el-ministerio-de-agricultura-declara-riesgo-alto-de-gripe-aviar-y-activa-prohibiciones-preventivas\" target=\"_blank\" rel=\"noreferrer noopener\">El Ministerio declar\u00f3 el pasado 20 de enero el riesgo alto por gripe aviar en Espa\u00f1a<\/a> y activ\u00f3 la orden de 2006 que prev\u00e9 medidas adicionales preventivas&nbsp;en las zonas de especial riesgo y vigilancia.<\/p>\n\n\n\n<p>La decisi\u00f3n se adopt\u00f3 tras detectar un aumento de riesgo significativo en comarcas de pr\u00e1cticamente todas las autonom\u00edas, y constatarse focos en aves silvestres y dom\u00e9sticas en Francia y en Portugal.<\/p>\n\n\n\n<p>El&nbsp;descenso de temperaturas&nbsp;y el&nbsp;aumento de movimientos migratorios&nbsp;de aves silvestres en \u00e9poca invernal incrementan la difusi\u00f3n del virus.&nbsp;En enero se detectaron alrededor de un centenar de focos&nbsp;en aves silvestres&nbsp;en catorce pa\u00edses,&nbsp;veintitr\u00e9s en&nbsp;aves cautivas&nbsp;en siete  pa\u00edses, y&nbsp;treinta y tres en&nbsp;aves de corral&nbsp;en ocho pa\u00edses, la mayor\u00eda en Centroeuropa.<strong>\/<\/strong><\/p>\n","protected":false},"excerpt":{"rendered":"<p>ASAJA-Palencia informa que, seg\u00fan la normativa del Registro de Explotaciones Agrarias de Castilla y Le\u00f3n (REACyL) y el real decreto de 2021 sobre las normas b\u00e1sicas de ordenaci\u00f3n de las granjas av\u00edcolas, los titulares de estas explotaciones para autoconsumo deben comunicar el alta en la secci\u00f3n ganadera del REACyL. La vigilancia de este requisito se [&hellip;]<\/p>\n","protected":false},"author":9,"featured_media":19498,"comment_status":"open","ping_status":"open","sticky":false,"template":"","format":"standard","meta":{"footnotes":""},"categories":[9,31,38,29,28,13],"tags":[1363,557,158,142,351,800,77,1253,282,66,774,1364,305],"yoast_head":"<!-- This site is optimized with the Yoast SEO plugin v24.5 - https:\/\/yoast.com\/wordpress\/plugins\/seo\/ -->\n<title>Las aves de corral para autoconsumo deben estar dadas de alta en la secci\u00f3n ganadera del REACyL - ASAJA Palencia<\/title>\n<meta name=\"description\" content=\"ASAJA-Palencia informa que, seg\u00fan la normativa del Registro de Explotaciones Agrarias de Castilla y Le\u00f3n (REACyL) y el real decreto de 2021 sobre las\" \/>\n<meta name=\"robots\" content=\"index, follow, max-snippet:-1, max-image-preview:large, max-video-preview:-1\" \/>\n<link rel=\"canonical\" href=\"https:\/\/www.asajacyl.com\/palencia\/asaja-palencia-informa\/las-aves-de-corral-para-autoconsumo-deben-estar-dadas-de-alta-en-la-seccion-ganadera-del-reacyl\" \/>\n<meta property=\"og:locale\" content=\"es_ES\" \/>\n<meta property=\"og:type\" content=\"article\" \/>\n<meta property=\"og:title\" content=\"Las aves de corral para autoconsumo deben estar dadas de alta en la secci\u00f3n ganadera del REACyL - ASAJA Palencia\" \/>\n<meta property=\"og:description\" content=\"ASAJA-Palencia informa que, seg\u00fan la normativa del Registro de Explotaciones Agrarias de Castilla y Le\u00f3n (REACyL) y el real decreto de 2021 sobre las\" \/>\n<meta property=\"og:url\" content=\"https:\/\/www.asajacyl.com\/palencia\/asaja-palencia-informa\/las-aves-de-corral-para-autoconsumo-deben-estar-dadas-de-alta-en-la-seccion-ganadera-del-reacyl\" \/>\n<meta property=\"og:site_name\" content=\"ASAJA Palencia\" \/>\n<meta property=\"article:published_time\" content=\"2025-04-03T05:45:00+00:00\" \/>\n<meta property=\"og:image\" content=\"https:\/\/www.asajacyl.com\/palencia\/wp-content\/uploads\/sites\/3\/2025\/04\/Gallinas-ASAJA-Jaen-web.jpg\" \/>\n\t<meta property=\"og:image:width\" content=\"1890\" \/>\n\t<meta property=\"og:image:height\" content=\"1654\" \/>\n\t<meta property=\"og:image:type\" content=\"image\/jpeg\" \/>\n<meta name=\"author\" content=\"Administrador\" \/>\n<meta name=\"twitter:card\" content=\"summary_large_image\" \/>\n<meta name=\"twitter:label1\" content=\"Escrito por\" \/>\n\t<meta name=\"twitter:data1\" content=\"Administrador\" \/>\n\t<meta name=\"twitter:label2\" content=\"Tiempo de lectura\" \/>\n\t<meta name=\"twitter:data2\" content=\"3 minutos\" \/>\n<script type=\"application\/ld+json\" class=\"yoast-schema-graph\">{\"@context\":\"https:\/\/schema.org\",\"@graph\":[{\"@type\":\"WebPage\",\"@id\":\"https:\/\/www.asajacyl.com\/palencia\/asaja-palencia-informa\/las-aves-de-corral-para-autoconsumo-deben-estar-dadas-de-alta-en-la-seccion-ganadera-del-reacyl\",\"url\":\"https:\/\/www.asajacyl.com\/palencia\/asaja-palencia-informa\/las-aves-de-corral-para-autoconsumo-deben-estar-dadas-de-alta-en-la-seccion-ganadera-del-reacyl\",\"name\":\"Las aves de corral para autoconsumo deben estar dadas de alta en la secci\u00f3n ganadera del REACyL - ASAJA Palencia\",\"isPartOf\":{\"@id\":\"https:\/\/www.asajacyl.com\/palencia\/#website\"},\"primaryImageOfPage\":{\"@id\":\"https:\/\/www.asajacyl.com\/palencia\/asaja-palencia-informa\/las-aves-de-corral-para-autoconsumo-deben-estar-dadas-de-alta-en-la-seccion-ganadera-del-reacyl#primaryimage\"},\"image\":{\"@id\":\"https:\/\/www.asajacyl.com\/palencia\/asaja-palencia-informa\/las-aves-de-corral-para-autoconsumo-deben-estar-dadas-de-alta-en-la-seccion-ganadera-del-reacyl#primaryimage\"},\"thumbnailUrl\":\"https:\/\/www.asajacyl.com\/palencia\/wp-content\/uploads\/sites\/3\/2025\/04\/Gallinas-ASAJA-Jaen-web.jpg\",\"datePublished\":\"2025-04-03T05:45:00+00:00\",\"author\":{\"@id\":\"https:\/\/www.asajacyl.com\/palencia\/#\/schema\/person\/3ab17aeb03527485c317557fae64aab1\"},\"description\":\"ASAJA-Palencia informa que, seg\u00fan la normativa del Registro de Explotaciones Agrarias de Castilla y Le\u00f3n (REACyL) y el real decreto de 2021 sobre las\",\"breadcrumb\":{\"@id\":\"https:\/\/www.asajacyl.com\/palencia\/asaja-palencia-informa\/las-aves-de-corral-para-autoconsumo-deben-estar-dadas-de-alta-en-la-seccion-ganadera-del-reacyl#breadcrumb\"},\"inLanguage\":\"es\",\"potentialAction\":[{\"@type\":\"ReadAction\",\"target\":[\"https:\/\/www.asajacyl.com\/palencia\/asaja-palencia-informa\/las-aves-de-corral-para-autoconsumo-deben-estar-dadas-de-alta-en-la-seccion-ganadera-del-reacyl\"]}]},{\"@type\":\"ImageObject\",\"inLanguage\":\"es\",\"@id\":\"https:\/\/www.asajacyl.com\/palencia\/asaja-palencia-informa\/las-aves-de-corral-para-autoconsumo-deben-estar-dadas-de-alta-en-la-seccion-ganadera-del-reacyl#primaryimage\",\"url\":\"https:\/\/www.asajacyl.com\/palencia\/wp-content\/uploads\/sites\/3\/2025\/04\/Gallinas-ASAJA-Jaen-web.jpg\",\"contentUrl\":\"https:\/\/www.asajacyl.com\/palencia\/wp-content\/uploads\/sites\/3\/2025\/04\/Gallinas-ASAJA-Jaen-web.jpg\",\"width\":1890,\"height\":1654},{\"@type\":\"BreadcrumbList\",\"@id\":\"https:\/\/www.asajacyl.com\/palencia\/asaja-palencia-informa\/las-aves-de-corral-para-autoconsumo-deben-estar-dadas-de-alta-en-la-seccion-ganadera-del-reacyl#breadcrumb\",\"itemListElement\":[{\"@type\":\"ListItem\",\"position\":1,\"name\":\"Portada\",\"item\":\"https:\/\/www.asajacyl.com\/palencia\/\"},{\"@type\":\"ListItem\",\"position\":2,\"name\":\"Las aves de corral para autoconsumo deben estar dadas de alta en la secci\u00f3n ganadera del REACyL\"}]},{\"@type\":\"WebSite\",\"@id\":\"https:\/\/www.asajacyl.com\/palencia\/#website\",\"url\":\"https:\/\/www.asajacyl.com\/palencia\/\",\"name\":\"ASAJA Palencia\",\"description\":\"Otro sitio m\u00e1s de Provincias ASAJA Castilla y Le\u00f3n\",\"potentialAction\":[{\"@type\":\"SearchAction\",\"target\":{\"@type\":\"EntryPoint\",\"urlTemplate\":\"https:\/\/www.asajacyl.com\/palencia\/?s={search_term_string}\"},\"query-input\":{\"@type\":\"PropertyValueSpecification\",\"valueRequired\":true,\"valueName\":\"search_term_string\"}}],\"inLanguage\":\"es\"},{\"@type\":\"Person\",\"@id\":\"https:\/\/www.asajacyl.com\/palencia\/#\/schema\/person\/3ab17aeb03527485c317557fae64aab1\",\"name\":\"Administrador\",\"image\":{\"@type\":\"ImageObject\",\"inLanguage\":\"es\",\"@id\":\"https:\/\/www.asajacyl.com\/palencia\/#\/schema\/person\/image\/\",\"url\":\"https:\/\/secure.gravatar.com\/avatar\/517384810d242ca9e38c180f3c9fb973?s=96&d=mm&r=g\",\"contentUrl\":\"https:\/\/secure.gravatar.com\/avatar\/517384810d242ca9e38c180f3c9fb973?s=96&d=mm&r=g\",\"caption\":\"Administrador\"},\"url\":\"https:\/\/www.asajacyl.com\/palencia\/author\/carlosrm\"}]}<\/script>\n<!-- \/ Yoast SEO plugin. -->","yoast_head_json":{"title":"Las aves de corral para autoconsumo deben estar dadas de alta en la secci\u00f3n ganadera del REACyL - ASAJA Palencia","description":"ASAJA-Palencia informa que, seg\u00fan la normativa del Registro de Explotaciones Agrarias de Castilla y Le\u00f3n (REACyL) y el real decreto de 2021 sobre las","robots":{"index":"index","follow":"follow","max-snippet":"max-snippet:-1","max-image-preview":"max-image-preview:large","max-video-preview":"max-video-preview:-1"},"canonical":"https:\/\/www.asajacyl.com\/palencia\/asaja-palencia-informa\/las-aves-de-corral-para-autoconsumo-deben-estar-dadas-de-alta-en-la-seccion-ganadera-del-reacyl","og_locale":"es_ES","og_type":"article","og_title":"Las aves de corral para autoconsumo deben estar dadas de alta en la secci\u00f3n ganadera del REACyL - ASAJA Palencia","og_description":"ASAJA-Palencia informa que, seg\u00fan la normativa del Registro de Explotaciones Agrarias de Castilla y Le\u00f3n (REACyL) y el real decreto de 2021 sobre las","og_url":"https:\/\/www.asajacyl.com\/palencia\/asaja-palencia-informa\/las-aves-de-corral-para-autoconsumo-deben-estar-dadas-de-alta-en-la-seccion-ganadera-del-reacyl","og_site_name":"ASAJA Palencia","article_published_time":"2025-04-03T05:45:00+00:00","og_image":[{"width":1890,"height":1654,"url":"https:\/\/www.asajacyl.com\/palencia\/wp-content\/uploads\/sites\/3\/2025\/04\/Gallinas-ASAJA-Jaen-web.jpg","type":"image\/jpeg"}],"author":"Administrador","twitter_card":"summary_large_image","twitter_misc":{"Escrito por":"Administrador","Tiempo de lectura":"3 minutos"},"schema":{"@context":"https:\/\/schema.org","@graph":[{"@type":"WebPage","@id":"https:\/\/www.asajacyl.com\/palencia\/asaja-palencia-informa\/las-aves-de-corral-para-autoconsumo-deben-estar-dadas-de-alta-en-la-seccion-ganadera-del-reacyl","url":"https:\/\/www.asajacyl.com\/palencia\/asaja-palencia-informa\/las-aves-de-corral-para-autoconsumo-deben-estar-dadas-de-alta-en-la-seccion-ganadera-del-reacyl","name":"Las aves de corral para autoconsumo deben estar dadas de alta en la secci\u00f3n ganadera del REACyL - ASAJA Palencia","isPartOf":{"@id":"https:\/\/www.asajacyl.com\/palencia\/#website"},"primaryImageOfPage":{"@id":"https:\/\/www.asajacyl.com\/palencia\/asaja-palencia-informa\/las-aves-de-corral-para-autoconsumo-deben-estar-dadas-de-alta-en-la-seccion-ganadera-del-reacyl#primaryimage"},"image":{"@id":"https:\/\/www.asajacyl.com\/palencia\/asaja-palencia-informa\/las-aves-de-corral-para-autoconsumo-deben-estar-dadas-de-alta-en-la-seccion-ganadera-del-reacyl#primaryimage"},"thumbnailUrl":"https:\/\/www.asajacyl.com\/palencia\/wp-content\/uploads\/sites\/3\/2025\/04\/Gallinas-ASAJA-Jaen-web.jpg","datePublished":"2025-04-03T05:45:00+00:00","author":{"@id":"https:\/\/www.asajacyl.com\/palencia\/#\/schema\/person\/3ab17aeb03527485c317557fae64aab1"},"description":"ASAJA-Palencia informa que, seg\u00fan la normativa del Registro de Explotaciones Agrarias de Castilla y Le\u00f3n (REACyL) y el real decreto de 2021 sobre las","breadcrumb":{"@id":"https:\/\/www.asajacyl.com\/palencia\/asaja-palencia-informa\/las-aves-de-corral-para-autoconsumo-deben-estar-dadas-de-alta-en-la-seccion-ganadera-del-reacyl#breadcrumb"},"inLanguage":"es","potentialAction":[{"@type":"ReadAction","target":["https:\/\/www.asajacyl.com\/palencia\/asaja-palencia-informa\/las-aves-de-corral-para-autoconsumo-deben-estar-dadas-de-alta-en-la-seccion-ganadera-del-reacyl"]}]},{"@type":"ImageObject","inLanguage":"es","@id":"https:\/\/www.asajacyl.com\/palencia\/asaja-palencia-informa\/las-aves-de-corral-para-autoconsumo-deben-estar-dadas-de-alta-en-la-seccion-ganadera-del-reacyl#primaryimage","url":"https:\/\/www.asajacyl.com\/palencia\/wp-content\/uploads\/sites\/3\/2025\/04\/Gallinas-ASAJA-Jaen-web.jpg","contentUrl":"https:\/\/www.asajacyl.com\/palencia\/wp-content\/uploads\/sites\/3\/2025\/04\/Gallinas-ASAJA-Jaen-web.jpg","width":1890,"height":1654},{"@type":"BreadcrumbList","@id":"https:\/\/www.asajacyl.com\/palencia\/asaja-palencia-informa\/las-aves-de-corral-para-autoconsumo-deben-estar-dadas-de-alta-en-la-seccion-ganadera-del-reacyl#breadcrumb","itemListElement":[{"@type":"ListItem","position":1,"name":"Portada","item":"https:\/\/www.asajacyl.com\/palencia\/"},{"@type":"ListItem","position":2,"name":"Las aves de corral para autoconsumo deben estar dadas de alta en la secci\u00f3n ganadera del REACyL"}]},{"@type":"WebSite","@id":"https:\/\/www.asajacyl.com\/palencia\/#website","url":"https:\/\/www.asajacyl.com\/palencia\/","name":"ASAJA Palencia","description":"Otro sitio m\u00e1s de Provincias ASAJA Castilla y Le\u00f3n","potentialAction":[{"@type":"SearchAction","target":{"@type":"EntryPoint","urlTemplate":"https:\/\/www.asajacyl.com\/palencia\/?s={search_term_string}"},"query-input":{"@type":"PropertyValueSpecification","valueRequired":true,"valueName":"search_term_string"}}],"inLanguage":"es"},{"@type":"Person","@id":"https:\/\/www.asajacyl.com\/palencia\/#\/schema\/person\/3ab17aeb03527485c317557fae64aab1","name":"Administrador","image":{"@type":"ImageObject","inLanguage":"es","@id":"https:\/\/www.asajacyl.com\/palencia\/#\/schema\/person\/image\/","url":"https:\/\/secure.gravatar.com\/avatar\/517384810d242ca9e38c180f3c9fb973?s=96&d=mm&r=g","contentUrl":"https:\/\/secure.gravatar.com\/avatar\/517384810d242ca9e38c180f3c9fb973?s=96&d=mm&r=g","caption":"Administrador"},"url":"https:\/\/www.asajacyl.com\/palencia\/author\/carlosrm"}]}},"_links":{"self":[{"href":"https:\/\/www.asajacyl.com\/palencia\/wp-json\/wp\/v2\/posts\/19495"}],"collection":[{"href":"https:\/\/www.asajacyl.com\/palencia\/wp-json\/wp\/v2\/posts"}],"about":[{"href":"https:\/\/www.asajacyl.com\/palencia\/wp-json\/wp\/v2\/types\/post"}],"author":[{"embeddable":true,"href":"https:\/\/www.asajacyl.com\/palencia\/wp-json\/wp\/v2\/users\/9"}],"replies":[{"embeddable":true,"href":"https:\/\/www.asajacyl.com\/palencia\/wp-json\/wp\/v2\/comments?post=19495"}],"version-history":[{"count":4,"href":"https:\/\/www.asajacyl.com\/palencia\/wp-json\/wp\/v2\/posts\/19495\/revisions"}],"predecessor-version":[{"id":19512,"href":"https:\/\/www.asajacyl.com\/palencia\/wp-json\/wp\/v2\/posts\/19495\/revisions\/19512"}],"wp:featuredmedia":[{"embeddable":true,"href":"https:\/\/www.asajacyl.com\/palencia\/wp-json\/wp\/v2\/media\/19498"}],"wp:attachment":[{"href":"https:\/\/www.asajacyl.com\/palencia\/wp-json\/wp\/v2\/media?parent=19495"}],"wp:term":[{"taxonomy":"category","embeddable":true,"href":"https:\/\/www.asajacyl.com\/palencia\/wp-json\/wp\/v2\/categories?post=19495"},{"taxonomy":"post_tag","embeddable":true,"href":"https:\/\/www.asajacyl.com\/palencia\/wp-json\/wp\/v2\/tags?post=19495"}],"curies":[{"name":"wp","href":"https:\/\/api.w.org\/{rel}","templated":true}]}}