{"id":19760,"date":"2025-04-30T12:10:05","date_gmt":"2025-04-30T10:10:05","guid":{"rendered":"https:\/\/www.asajacyl.com\/palencia\/?p=19760"},"modified":"2025-05-05T09:22:24","modified_gmt":"2025-05-05T07:22:24","slug":"debido-al-apagon-la-junta-amplia-al-6-de-mayo-el-plazo-de-sus-tramites-que-vencian-el-28-y-el-29-de-abril","status":"publish","type":"post","link":"https:\/\/www.asajacyl.com\/palencia\/asaja-palencia-informa\/debido-al-apagon-la-junta-amplia-al-6-de-mayo-el-plazo-de-sus-tramites-que-vencian-el-28-y-el-29-de-abril","title":{"rendered":"Debido al apag\u00f3n, Gobierno y Junta ampl\u00edan al 6 de mayo los plazos que venc\u00edan el 28 y el 29 de abril"},"content":{"rendered":"\n<h2 class=\"wp-block-heading\">Debido al apag\u00f3n del suministro el\u00e9ctrico sufrido el lunes y la ralentizaci\u00f3n de procesos de la jornada posterior, el Gobierno de Espa\u00f1a y la Junta de Castilla y Le\u00f3n han extendido hasta el pr\u00f3ximo martes 6 de mayo la duraci\u00f3n de todos aquellos plazos que vencieran los d\u00edas 28 y 29 de abril, lo que incluye solicitudes, comunicaciones, obligaciones tributarias y tr\u00e1mites en materia de contrataci\u00f3n administrativa.<\/h2>\n\n\n\n<p>El Consejo de Ministros, a propuesta del Ministerio para la Transformaci\u00f3n Digital y de la Funci\u00f3n P\u00fablica y del Ministerio del Interior, permite la ampliaci\u00f3n de t\u00e9rminos y plazos hasta las 00:00 horas del 6 de mayo para aquellos procesos administrativos afectados durante la interrupci\u00f3n generalizada del suministro el\u00e9ctrico que sucedi\u00f3 el pasado 28 de abril en Espa\u00f1a.<\/p>\n\n\n\n<p>Por su parte, la Consejer\u00eda de Presidencia de la Junta tambi\u00e9n se acogi\u00f3 a esa posibilidad y ampli\u00f3 los plazos de los procedimientos tramitados por la administraci\u00f3n regional y sus organismos vinculados o dependientes, debido al apag\u00f3n el\u00e9ctrico del pasado 28 de abril, que afect\u00f3 al funcionamiento ordinario de las oficinas de asistencia en materia de registros, la sede electr\u00f3nica y el portal tributario.<\/p>\n\n\n\n<p>La Ley de 2015 del Procedimiento Administrativo Com\u00fan de las Administraciones P\u00fablicas recoge que, cuando una incidencia t\u00e9cnica imposibilite el funcionamiento ordinario del sistema o aplicaci\u00f3n que corresponda, la administraci\u00f3n podr\u00e1 determinar una ampliaci\u00f3n de los plazos no vencidos.<\/p>\n\n\n\n<p>Seg\u00fan la Junta, \u00abes evidente que los plazos que concluyeran el d\u00eda del apag\u00f3n y el d\u00eda siguiente se vieron afectados por el apag\u00f3n que se produjo en torno al mediod\u00eda del 28 de abril, y que los interesados se vieron privados de una serie de horas que afectaron tanto a las presentaciones presenciales como a las electr\u00f3nicas\u00bb. <\/p>\n\n\n\n<p>Asimismo, reconoce que \u00abtampoco se puede garantizar que el d\u00eda 29 de abril, pese al restablecimiento general del suministro, algunos usuarios no se vieran igualmente afectados por la falta de suministro el\u00e9ctrico y redes de comunicaciones\u00bb.<\/p>\n\n\n\n<p>Por ello, para remediar esta situaci\u00f3n y facilitar las relaciones de los ciudadanos con la administraci\u00f3n regional, ampl\u00eda hasta las 23:59 horas del pr\u00f3ximo martes 6 de mayo el plazo para tr\u00e1mites como solicitudes, comunicaciones, contrataci\u00f3n administrativa o tributos.<\/p>\n\n\n\n<p>La Agencia Tributaria tambi\u00e9n ampli\u00f3 hasta el mi\u00e9rcoles 30 de abril los procedimientos fiscales que conclu\u00edan el lunes 28 y el martes 29.<strong>\/<\/strong><\/p>\n","protected":false},"excerpt":{"rendered":"<p>Debido al apag\u00f3n del suministro el\u00e9ctrico sufrido el lunes y la ralentizaci\u00f3n de procesos de la jornada posterior, el Gobierno de Espa\u00f1a y la Junta de Castilla y Le\u00f3n han extendido hasta el pr\u00f3ximo martes 6 de mayo la duraci\u00f3n de todos aquellos plazos que vencieran los d\u00edas 28 y 29 de abril, lo que [&hellip;]<\/p>\n","protected":false},"author":9,"featured_media":19763,"comment_status":"open","ping_status":"open","sticky":false,"template":"","format":"standard","meta":{"footnotes":""},"categories":[9,31,29,28,13],"tags":[58,298,142,1412,77,66],"yoast_head":"<!-- This site is optimized with the Yoast SEO plugin v24.5 - https:\/\/yoast.com\/wordpress\/plugins\/seo\/ -->\n<title>Debido al apag\u00f3n, Gobierno y Junta ampl\u00edan al 6 de mayo los plazos que venc\u00edan el 28 y el 29 de abril - ASAJA Palencia<\/title>\n<meta name=\"description\" content=\"Debido al apag\u00f3n del suministro el\u00e9ctrico sufrido el lunes y la ralentizaci\u00f3n de procesos de la jornada posterior, el Gobierno de Espa\u00f1a y la Junta de\" \/>\n<meta name=\"robots\" content=\"index, follow, max-snippet:-1, max-image-preview:large, max-video-preview:-1\" \/>\n<link rel=\"canonical\" href=\"https:\/\/www.asajacyl.com\/palencia\/asaja-palencia-informa\/debido-al-apagon-la-junta-amplia-al-6-de-mayo-el-plazo-de-sus-tramites-que-vencian-el-28-y-el-29-de-abril\" \/>\n<meta property=\"og:locale\" content=\"es_ES\" \/>\n<meta property=\"og:type\" content=\"article\" \/>\n<meta property=\"og:title\" content=\"Debido al apag\u00f3n, Gobierno y Junta ampl\u00edan al 6 de mayo los plazos que venc\u00edan el 28 y el 29 de abril - ASAJA Palencia\" \/>\n<meta property=\"og:description\" content=\"Debido al apag\u00f3n del suministro el\u00e9ctrico sufrido el lunes y la ralentizaci\u00f3n de procesos de la jornada posterior, el Gobierno de Espa\u00f1a y la Junta de\" \/>\n<meta property=\"og:url\" content=\"https:\/\/www.asajacyl.com\/palencia\/asaja-palencia-informa\/debido-al-apagon-la-junta-amplia-al-6-de-mayo-el-plazo-de-sus-tramites-que-vencian-el-28-y-el-29-de-abril\" \/>\n<meta property=\"og:site_name\" content=\"ASAJA Palencia\" \/>\n<meta property=\"article:published_time\" content=\"2025-04-30T10:10:05+00:00\" \/>\n<meta property=\"article:modified_time\" content=\"2025-05-05T07:22:24+00:00\" \/>\n<meta property=\"og:image\" content=\"https:\/\/www.asajacyl.com\/palencia\/wp-content\/uploads\/sites\/3\/2025\/04\/Delegacion-Junta-CyL-en-Palencia-cc-Zarateman-web-1024x896.jpg\" \/>\n\t<meta property=\"og:image:width\" content=\"1024\" \/>\n\t<meta property=\"og:image:height\" content=\"896\" \/>\n\t<meta property=\"og:image:type\" content=\"image\/jpeg\" \/>\n<meta name=\"author\" content=\"Administrador\" \/>\n<meta name=\"twitter:card\" content=\"summary_large_image\" \/>\n<meta name=\"twitter:label1\" content=\"Escrito por\" \/>\n\t<meta name=\"twitter:data1\" content=\"Administrador\" \/>\n\t<meta name=\"twitter:label2\" content=\"Tiempo de lectura\" \/>\n\t<meta name=\"twitter:data2\" content=\"2 minutos\" \/>\n<script type=\"application\/ld+json\" class=\"yoast-schema-graph\">{\"@context\":\"https:\/\/schema.org\",\"@graph\":[{\"@type\":\"WebPage\",\"@id\":\"https:\/\/www.asajacyl.com\/palencia\/asaja-palencia-informa\/debido-al-apagon-la-junta-amplia-al-6-de-mayo-el-plazo-de-sus-tramites-que-vencian-el-28-y-el-29-de-abril\",\"url\":\"https:\/\/www.asajacyl.com\/palencia\/asaja-palencia-informa\/debido-al-apagon-la-junta-amplia-al-6-de-mayo-el-plazo-de-sus-tramites-que-vencian-el-28-y-el-29-de-abril\",\"name\":\"Debido al apag\u00f3n, Gobierno y Junta ampl\u00edan al 6 de mayo los plazos que venc\u00edan el 28 y el 29 de abril - ASAJA Palencia\",\"isPartOf\":{\"@id\":\"https:\/\/www.asajacyl.com\/palencia\/#website\"},\"primaryImageOfPage\":{\"@id\":\"https:\/\/www.asajacyl.com\/palencia\/asaja-palencia-informa\/debido-al-apagon-la-junta-amplia-al-6-de-mayo-el-plazo-de-sus-tramites-que-vencian-el-28-y-el-29-de-abril#primaryimage\"},\"image\":{\"@id\":\"https:\/\/www.asajacyl.com\/palencia\/asaja-palencia-informa\/debido-al-apagon-la-junta-amplia-al-6-de-mayo-el-plazo-de-sus-tramites-que-vencian-el-28-y-el-29-de-abril#primaryimage\"},\"thumbnailUrl\":\"https:\/\/www.asajacyl.com\/palencia\/wp-content\/uploads\/sites\/3\/2025\/04\/Delegacion-Junta-CyL-en-Palencia-cc-Zarateman-web.jpg\",\"datePublished\":\"2025-04-30T10:10:05+00:00\",\"dateModified\":\"2025-05-05T07:22:24+00:00\",\"author\":{\"@id\":\"https:\/\/www.asajacyl.com\/palencia\/#\/schema\/person\/3ab17aeb03527485c317557fae64aab1\"},\"description\":\"Debido al apag\u00f3n del suministro el\u00e9ctrico sufrido el lunes y la ralentizaci\u00f3n de procesos de la jornada posterior, el Gobierno de Espa\u00f1a y la Junta de\",\"breadcrumb\":{\"@id\":\"https:\/\/www.asajacyl.com\/palencia\/asaja-palencia-informa\/debido-al-apagon-la-junta-amplia-al-6-de-mayo-el-plazo-de-sus-tramites-que-vencian-el-28-y-el-29-de-abril#breadcrumb\"},\"inLanguage\":\"es\",\"potentialAction\":[{\"@type\":\"ReadAction\",\"target\":[\"https:\/\/www.asajacyl.com\/palencia\/asaja-palencia-informa\/debido-al-apagon-la-junta-amplia-al-6-de-mayo-el-plazo-de-sus-tramites-que-vencian-el-28-y-el-29-de-abril\"]}]},{\"@type\":\"ImageObject\",\"inLanguage\":\"es\",\"@id\":\"https:\/\/www.asajacyl.com\/palencia\/asaja-palencia-informa\/debido-al-apagon-la-junta-amplia-al-6-de-mayo-el-plazo-de-sus-tramites-que-vencian-el-28-y-el-29-de-abril#primaryimage\",\"url\":\"https:\/\/www.asajacyl.com\/palencia\/wp-content\/uploads\/sites\/3\/2025\/04\/Delegacion-Junta-CyL-en-Palencia-cc-Zarateman-web.jpg\",\"contentUrl\":\"https:\/\/www.asajacyl.com\/palencia\/wp-content\/uploads\/sites\/3\/2025\/04\/Delegacion-Junta-CyL-en-Palencia-cc-Zarateman-web.jpg\",\"width\":1890,\"height\":1654},{\"@type\":\"BreadcrumbList\",\"@id\":\"https:\/\/www.asajacyl.com\/palencia\/asaja-palencia-informa\/debido-al-apagon-la-junta-amplia-al-6-de-mayo-el-plazo-de-sus-tramites-que-vencian-el-28-y-el-29-de-abril#breadcrumb\",\"itemListElement\":[{\"@type\":\"ListItem\",\"position\":1,\"name\":\"Portada\",\"item\":\"https:\/\/www.asajacyl.com\/palencia\/\"},{\"@type\":\"ListItem\",\"position\":2,\"name\":\"Debido al apag\u00f3n, Gobierno y Junta ampl\u00edan al 6 de mayo los plazos que venc\u00edan el 28 y el 29 de abril\"}]},{\"@type\":\"WebSite\",\"@id\":\"https:\/\/www.asajacyl.com\/palencia\/#website\",\"url\":\"https:\/\/www.asajacyl.com\/palencia\/\",\"name\":\"ASAJA Palencia\",\"description\":\"Otro sitio m\u00e1s de Provincias ASAJA Castilla y Le\u00f3n\",\"potentialAction\":[{\"@type\":\"SearchAction\",\"target\":{\"@type\":\"EntryPoint\",\"urlTemplate\":\"https:\/\/www.asajacyl.com\/palencia\/?s={search_term_string}\"},\"query-input\":{\"@type\":\"PropertyValueSpecification\",\"valueRequired\":true,\"valueName\":\"search_term_string\"}}],\"inLanguage\":\"es\"},{\"@type\":\"Person\",\"@id\":\"https:\/\/www.asajacyl.com\/palencia\/#\/schema\/person\/3ab17aeb03527485c317557fae64aab1\",\"name\":\"Administrador\",\"image\":{\"@type\":\"ImageObject\",\"inLanguage\":\"es\",\"@id\":\"https:\/\/www.asajacyl.com\/palencia\/#\/schema\/person\/image\/\",\"url\":\"https:\/\/secure.gravatar.com\/avatar\/517384810d242ca9e38c180f3c9fb973?s=96&d=mm&r=g\",\"contentUrl\":\"https:\/\/secure.gravatar.com\/avatar\/517384810d242ca9e38c180f3c9fb973?s=96&d=mm&r=g\",\"caption\":\"Administrador\"},\"url\":\"https:\/\/www.asajacyl.com\/palencia\/author\/carlosrm\"}]}<\/script>\n<!-- \/ Yoast SEO plugin. -->","yoast_head_json":{"title":"Debido al apag\u00f3n, Gobierno y Junta ampl\u00edan al 6 de mayo los plazos que venc\u00edan el 28 y el 29 de abril - ASAJA Palencia","description":"Debido al apag\u00f3n del suministro el\u00e9ctrico sufrido el lunes y la ralentizaci\u00f3n de procesos de la jornada posterior, el Gobierno de Espa\u00f1a y la Junta de","robots":{"index":"index","follow":"follow","max-snippet":"max-snippet:-1","max-image-preview":"max-image-preview:large","max-video-preview":"max-video-preview:-1"},"canonical":"https:\/\/www.asajacyl.com\/palencia\/asaja-palencia-informa\/debido-al-apagon-la-junta-amplia-al-6-de-mayo-el-plazo-de-sus-tramites-que-vencian-el-28-y-el-29-de-abril","og_locale":"es_ES","og_type":"article","og_title":"Debido al apag\u00f3n, Gobierno y Junta ampl\u00edan al 6 de mayo los plazos que venc\u00edan el 28 y el 29 de abril - ASAJA Palencia","og_description":"Debido al apag\u00f3n del suministro el\u00e9ctrico sufrido el lunes y la ralentizaci\u00f3n de procesos de la jornada posterior, el Gobierno de Espa\u00f1a y la Junta de","og_url":"https:\/\/www.asajacyl.com\/palencia\/asaja-palencia-informa\/debido-al-apagon-la-junta-amplia-al-6-de-mayo-el-plazo-de-sus-tramites-que-vencian-el-28-y-el-29-de-abril","og_site_name":"ASAJA Palencia","article_published_time":"2025-04-30T10:10:05+00:00","article_modified_time":"2025-05-05T07:22:24+00:00","og_image":[{"width":1024,"height":896,"url":"https:\/\/www.asajacyl.com\/palencia\/wp-content\/uploads\/sites\/3\/2025\/04\/Delegacion-Junta-CyL-en-Palencia-cc-Zarateman-web-1024x896.jpg","type":"image\/jpeg"}],"author":"Administrador","twitter_card":"summary_large_image","twitter_misc":{"Escrito por":"Administrador","Tiempo de lectura":"2 minutos"},"schema":{"@context":"https:\/\/schema.org","@graph":[{"@type":"WebPage","@id":"https:\/\/www.asajacyl.com\/palencia\/asaja-palencia-informa\/debido-al-apagon-la-junta-amplia-al-6-de-mayo-el-plazo-de-sus-tramites-que-vencian-el-28-y-el-29-de-abril","url":"https:\/\/www.asajacyl.com\/palencia\/asaja-palencia-informa\/debido-al-apagon-la-junta-amplia-al-6-de-mayo-el-plazo-de-sus-tramites-que-vencian-el-28-y-el-29-de-abril","name":"Debido al apag\u00f3n, Gobierno y Junta ampl\u00edan al 6 de mayo los plazos que venc\u00edan el 28 y el 29 de abril - ASAJA Palencia","isPartOf":{"@id":"https:\/\/www.asajacyl.com\/palencia\/#website"},"primaryImageOfPage":{"@id":"https:\/\/www.asajacyl.com\/palencia\/asaja-palencia-informa\/debido-al-apagon-la-junta-amplia-al-6-de-mayo-el-plazo-de-sus-tramites-que-vencian-el-28-y-el-29-de-abril#primaryimage"},"image":{"@id":"https:\/\/www.asajacyl.com\/palencia\/asaja-palencia-informa\/debido-al-apagon-la-junta-amplia-al-6-de-mayo-el-plazo-de-sus-tramites-que-vencian-el-28-y-el-29-de-abril#primaryimage"},"thumbnailUrl":"https:\/\/www.asajacyl.com\/palencia\/wp-content\/uploads\/sites\/3\/2025\/04\/Delegacion-Junta-CyL-en-Palencia-cc-Zarateman-web.jpg","datePublished":"2025-04-30T10:10:05+00:00","dateModified":"2025-05-05T07:22:24+00:00","author":{"@id":"https:\/\/www.asajacyl.com\/palencia\/#\/schema\/person\/3ab17aeb03527485c317557fae64aab1"},"description":"Debido al apag\u00f3n del suministro el\u00e9ctrico sufrido el lunes y la ralentizaci\u00f3n de procesos de la jornada posterior, el Gobierno de Espa\u00f1a y la Junta de","breadcrumb":{"@id":"https:\/\/www.asajacyl.com\/palencia\/asaja-palencia-informa\/debido-al-apagon-la-junta-amplia-al-6-de-mayo-el-plazo-de-sus-tramites-que-vencian-el-28-y-el-29-de-abril#breadcrumb"},"inLanguage":"es","potentialAction":[{"@type":"ReadAction","target":["https:\/\/www.asajacyl.com\/palencia\/asaja-palencia-informa\/debido-al-apagon-la-junta-amplia-al-6-de-mayo-el-plazo-de-sus-tramites-que-vencian-el-28-y-el-29-de-abril"]}]},{"@type":"ImageObject","inLanguage":"es","@id":"https:\/\/www.asajacyl.com\/palencia\/asaja-palencia-informa\/debido-al-apagon-la-junta-amplia-al-6-de-mayo-el-plazo-de-sus-tramites-que-vencian-el-28-y-el-29-de-abril#primaryimage","url":"https:\/\/www.asajacyl.com\/palencia\/wp-content\/uploads\/sites\/3\/2025\/04\/Delegacion-Junta-CyL-en-Palencia-cc-Zarateman-web.jpg","contentUrl":"https:\/\/www.asajacyl.com\/palencia\/wp-content\/uploads\/sites\/3\/2025\/04\/Delegacion-Junta-CyL-en-Palencia-cc-Zarateman-web.jpg","width":1890,"height":1654},{"@type":"BreadcrumbList","@id":"https:\/\/www.asajacyl.com\/palencia\/asaja-palencia-informa\/debido-al-apagon-la-junta-amplia-al-6-de-mayo-el-plazo-de-sus-tramites-que-vencian-el-28-y-el-29-de-abril#breadcrumb","itemListElement":[{"@type":"ListItem","position":1,"name":"Portada","item":"https:\/\/www.asajacyl.com\/palencia\/"},{"@type":"ListItem","position":2,"name":"Debido al apag\u00f3n, Gobierno y Junta ampl\u00edan al 6 de mayo los plazos que venc\u00edan el 28 y el 29 de abril"}]},{"@type":"WebSite","@id":"https:\/\/www.asajacyl.com\/palencia\/#website","url":"https:\/\/www.asajacyl.com\/palencia\/","name":"ASAJA Palencia","description":"Otro sitio m\u00e1s de Provincias ASAJA Castilla y Le\u00f3n","potentialAction":[{"@type":"SearchAction","target":{"@type":"EntryPoint","urlTemplate":"https:\/\/www.asajacyl.com\/palencia\/?s={search_term_string}"},"query-input":{"@type":"PropertyValueSpecification","valueRequired":true,"valueName":"search_term_string"}}],"inLanguage":"es"},{"@type":"Person","@id":"https:\/\/www.asajacyl.com\/palencia\/#\/schema\/person\/3ab17aeb03527485c317557fae64aab1","name":"Administrador","image":{"@type":"ImageObject","inLanguage":"es","@id":"https:\/\/www.asajacyl.com\/palencia\/#\/schema\/person\/image\/","url":"https:\/\/secure.gravatar.com\/avatar\/517384810d242ca9e38c180f3c9fb973?s=96&d=mm&r=g","contentUrl":"https:\/\/secure.gravatar.com\/avatar\/517384810d242ca9e38c180f3c9fb973?s=96&d=mm&r=g","caption":"Administrador"},"url":"https:\/\/www.asajacyl.com\/palencia\/author\/carlosrm"}]}},"_links":{"self":[{"href":"https:\/\/www.asajacyl.com\/palencia\/wp-json\/wp\/v2\/posts\/19760"}],"collection":[{"href":"https:\/\/www.asajacyl.com\/palencia\/wp-json\/wp\/v2\/posts"}],"about":[{"href":"https:\/\/www.asajacyl.com\/palencia\/wp-json\/wp\/v2\/types\/post"}],"author":[{"embeddable":true,"href":"https:\/\/www.asajacyl.com\/palencia\/wp-json\/wp\/v2\/users\/9"}],"replies":[{"embeddable":true,"href":"https:\/\/www.asajacyl.com\/palencia\/wp-json\/wp\/v2\/comments?post=19760"}],"version-history":[{"count":4,"href":"https:\/\/www.asajacyl.com\/palencia\/wp-json\/wp\/v2\/posts\/19760\/revisions"}],"predecessor-version":[{"id":19782,"href":"https:\/\/www.asajacyl.com\/palencia\/wp-json\/wp\/v2\/posts\/19760\/revisions\/19782"}],"wp:featuredmedia":[{"embeddable":true,"href":"https:\/\/www.asajacyl.com\/palencia\/wp-json\/wp\/v2\/media\/19763"}],"wp:attachment":[{"href":"https:\/\/www.asajacyl.com\/palencia\/wp-json\/wp\/v2\/media?parent=19760"}],"wp:term":[{"taxonomy":"category","embeddable":true,"href":"https:\/\/www.asajacyl.com\/palencia\/wp-json\/wp\/v2\/categories?post=19760"},{"taxonomy":"post_tag","embeddable":true,"href":"https:\/\/www.asajacyl.com\/palencia\/wp-json\/wp\/v2\/tags?post=19760"}],"curies":[{"name":"wp","href":"https:\/\/api.w.org\/{rel}","templated":true}]}}