{"id":19956,"date":"2025-05-22T09:18:28","date_gmt":"2025-05-22T07:18:28","guid":{"rendered":"https:\/\/www.asajacyl.com\/palencia\/?p=19956"},"modified":"2025-05-22T09:19:39","modified_gmt":"2025-05-22T07:19:39","slug":"el-campo-de-castilla-y-leon-unido-por-una-pac-fuerte-y-bien-financiada-que-apueste-por-el-profesional","status":"publish","type":"post","link":"https:\/\/www.asajacyl.com\/palencia\/asaja-palencia-informa\/el-campo-de-castilla-y-leon-unido-por-una-pac-fuerte-y-bien-financiada-que-apueste-por-el-profesional","title":{"rendered":"El campo de Castilla y Le\u00f3n, unido por una PAC fuerte y bien financiada, que apueste por el profesional"},"content":{"rendered":"\n<h2 class=\"wp-block-heading\">El Consejo Agrario de Castilla y Le\u00f3n, celebrado este mi\u00e9rcoles en Medina del Campo, ha incluido la firma de una declaraci\u00f3n conjunta de las organizaciones profesionales agrarias y la Junta de Castilla y Le\u00f3n que recoge las principales reivindicaciones del sector agroganadero de la Comunidad cara a la futura Pol\u00edtica Agraria Com\u00fan (PAC) 2028-2034. El campo castellanoleon\u00e9s manifiesta as\u00ed una postura unida para reclamar una PAC fuerte, bien financiada y enfocada al apoyo al profesional agroganadero.<\/h2>\n\n\n<div class=\"wp-block-image\">\n<figure class=\"alignright size-large is-resized\"><img loading=\"lazy\" decoding=\"async\" width=\"1024\" height=\"659\" src=\"https:\/\/www.asajacyl.com\/palencia\/wp-content\/uploads\/sites\/3\/2025\/05\/Consejo-Agrario-21mayo2025-web-1024x659.jpg\" alt=\"\" class=\"wp-image-19964\" style=\"width:635px;height:auto\" srcset=\"https:\/\/www.asajacyl.com\/palencia\/wp-content\/uploads\/sites\/3\/2025\/05\/Consejo-Agrario-21mayo2025-web-1024x659.jpg 1024w, https:\/\/www.asajacyl.com\/palencia\/wp-content\/uploads\/sites\/3\/2025\/05\/Consejo-Agrario-21mayo2025-web-300x193.jpg 300w, https:\/\/www.asajacyl.com\/palencia\/wp-content\/uploads\/sites\/3\/2025\/05\/Consejo-Agrario-21mayo2025-web-768x495.jpg 768w, https:\/\/www.asajacyl.com\/palencia\/wp-content\/uploads\/sites\/3\/2025\/05\/Consejo-Agrario-21mayo2025-web-1536x989.jpg 1536w, https:\/\/www.asajacyl.com\/palencia\/wp-content\/uploads\/sites\/3\/2025\/05\/Consejo-Agrario-21mayo2025-web-2048x1319.jpg 2048w, https:\/\/www.asajacyl.com\/palencia\/wp-content\/uploads\/sites\/3\/2025\/05\/Consejo-Agrario-21mayo2025-web-652x420.jpg 652w, https:\/\/www.asajacyl.com\/palencia\/wp-content\/uploads\/sites\/3\/2025\/05\/Consejo-Agrario-21mayo2025-web-696x448.jpg 696w, https:\/\/www.asajacyl.com\/palencia\/wp-content\/uploads\/sites\/3\/2025\/05\/Consejo-Agrario-21mayo2025-web-1068x688.jpg 1068w, https:\/\/www.asajacyl.com\/palencia\/wp-content\/uploads\/sites\/3\/2025\/05\/Consejo-Agrario-21mayo2025-web-1920x1236.jpg 1920w\" sizes=\"(max-width: 1024px) 100vw, 1024px\" \/><figcaption class=\"wp-element-caption\">Reuni\u00f3n del Consejo Agrario de Castilla y Le\u00f3n, celebrado este mi\u00e9rcoles, 21 de mayo, en Medina del Campo, presidido por la consejera de Agricultura, Ganader\u00eda y Desarrollo Rural, Mar\u00eda Gonz\u00e1lez Corral.<\/figcaption><\/figure><\/div>\n\n\n<p>La consejera de Agricultura, Ganader\u00eda y Desarrollo Rural, Mar\u00eda Gonz\u00e1lez Corral, ha presentado el documento, que incluye, entre otras reclamaciones, que se mantenga en la PAC la actual estructura de dos pilares (FEAGA y FEADER; es decir, unos pagos directos que frenen el abandono de la producci\u00f3n agroganadera; y unos fondos de desarrollo rural), as\u00ed como que incremente su dotaci\u00f3n presupuestaria, que incentive el relevo generacional y que d\u00e9 participaci\u00f3n a las comunidades aut\u00f3nomas en su dise\u00f1o.&nbsp;<\/p>\n\n\n\n<p><strong>Donaciano Dujo, presidente de ASAJA-Castilla y Le\u00f3n, ha valorado el acuerdo logrado por el sector en unidad de acci\u00f3n, y ha defendido una PAC fuerte y mejor financiada, que apueste por los agricultores y ganaderos profesionales y que se libre de burocracias y normas agroambientales absurdas. <\/strong><\/p>\n\n\n\n<p><strong>Adem\u00e1s, nuestra organizaci\u00f3n ha subrayado la importancia de que la Uni\u00f3n Europea proteja a sus propios agricultores y ganaderos, por lo que debe exigir a los productos de pa\u00edses extracomunitarios las mismas normas y los mismos requisitos que se piden al sector en los estados miembros, porque esas importaciones con manga ancha est\u00e1n hundiendo la rentabilidad de nuestras explotaciones, seg\u00fan ha a\u00f1adido Donaciano Dujo.<\/strong><\/p>\n\n\n\n<p><strong>NO AL FONDO \u00daNICO. <\/strong>Entre las principales reclamaciones que integran el documento \u2014cuyo contenido \u00edntegro se adjunta al final de esta informaci\u00f3n\u2014 cabe destacar el mantenimiento de la actual estructura en dos pilares (FEAGA y FEADER), ante la posibilidad de un fondo \u00fanico por pa\u00eds, donde cada estado decida su distribuci\u00f3n; pero con un incremento significativo de la dotaci\u00f3n presupuestaria dentro del mecanismo financiero plurianual, que corrija y compense la fuerte inflaci\u00f3n vivida en los \u00faltimos a\u00f1os.<\/p>\n\n\n\n<p>Asimismo, la declaraci\u00f3n reclama est\u00edmulos econ\u00f3micos para promocionar el relevo generacional; la imprescindible participaci\u00f3n de las comunidades aut\u00f3nomas en el dise\u00f1o de la PAC 2028-2034, como administraci\u00f3n gestora y conocedora de la realidad del sector agroganadero de cada regi\u00f3n; y la inclusi\u00f3n de un criterio de despoblaci\u00f3n para el reparto de los fondos.<\/p>\n\n\n\n<p><strong>BUROCRACIA Y REGAD\u00cdO. <\/strong>Tambi\u00e9n aboga el documento por simplificar y reducir tr\u00e1mites burocr\u00e1ticos, as\u00ed como por mejorar las infraestructuras de regulaci\u00f3n de los recursos h\u00eddricos, ligadas a una apuesta decidida por la modernizaci\u00f3n y la transformaci\u00f3n de los regad\u00edos.<\/p>\n\n\n\n<p>Otras propuestas ata\u00f1en a que las pr\u00e1cticas de protecci\u00f3n del medio ambiente no limiten la capacidad productiva, sino que se fomenten mediante incentivos; a que los mecanismos legales aseguren precios justos para los agricultores y ganaderos, principios de reciprocidad para los productos importados, y permitan los avances de las t\u00e9cnicas gen\u00f3micas. Finalmente, tambi\u00e9n se propone un compromiso de no retirar sustancias fitosanitarias si no se dispone de alternativas viables; y de programas que apoyen la transformaci\u00f3n digital.<strong>\/<\/strong><a href=\"https:\/\/www.asajacyl.com\/wp-content\/uploads\/2025\/05\/documento-PAC.jpeg\"><\/a><\/p>\n\n\n\n<div data-wp-interactive=\"core\/file\" class=\"wp-block-file\"><object data-wp-bind--hidden=\"!state.hasPdfPreview\"  class=\"wp-block-file__embed\" data=\"https:\/\/www.asajacyl.com\/palencia\/wp-content\/uploads\/sites\/3\/2025\/05\/Declaracion-Consejo-Agrario-21mayo2025.pdf\" type=\"application\/pdf\" style=\"width:100%;height:600px\" aria-label=\"Incrustado de Declaracion-Consejo-Agrario-21mayo2025.\"><\/object><a id=\"wp-block-file--media-017eb282-67b5-43db-8725-517514edef80\" href=\"https:\/\/www.asajacyl.com\/palencia\/wp-content\/uploads\/sites\/3\/2025\/05\/Declaracion-Consejo-Agrario-21mayo2025.pdf\">Declaracion-Consejo-Agrario-21mayo2025<\/a><a href=\"https:\/\/www.asajacyl.com\/palencia\/wp-content\/uploads\/sites\/3\/2025\/05\/Declaracion-Consejo-Agrario-21mayo2025.pdf\" class=\"wp-block-file__button wp-element-button\" download aria-describedby=\"wp-block-file--media-017eb282-67b5-43db-8725-517514edef80\">Descarga<\/a><\/div>\n","protected":false},"excerpt":{"rendered":"<p>El Consejo Agrario de Castilla y Le\u00f3n, celebrado este mi\u00e9rcoles en Medina del Campo, ha incluido la firma de una declaraci\u00f3n conjunta de las organizaciones profesionales agrarias y la Junta de Castilla y Le\u00f3n que recoge las principales reivindicaciones del sector agroganadero de la Comunidad cara a la futura Pol\u00edtica Agraria Com\u00fan (PAC) 2028-2034. El [&hellip;]<\/p>\n","protected":false},"author":9,"featured_media":19966,"comment_status":"open","ping_status":"open","sticky":false,"template":"","format":"standard","meta":{"footnotes":""},"categories":[9,38,29,28,13],"tags":[58,59,298,1431,142,351,370,49,801,77,1430,66,104,45,1188],"yoast_head":"<!-- This site is optimized with the Yoast SEO plugin v24.5 - https:\/\/yoast.com\/wordpress\/plugins\/seo\/ -->\n<title>El campo de Castilla y Le\u00f3n, unido por una PAC fuerte y bien financiada, que apueste por el profesional - ASAJA Palencia<\/title>\n<meta name=\"description\" content=\"El Consejo Agrario de Castilla y Le\u00f3n, celebrado este mi\u00e9rcoles en Medina del Campo, ha incluido la firma de una declaraci\u00f3n conjunta de las\" \/>\n<meta name=\"robots\" content=\"index, follow, max-snippet:-1, max-image-preview:large, max-video-preview:-1\" \/>\n<link rel=\"canonical\" href=\"https:\/\/www.asajacyl.com\/palencia\/asaja-palencia-informa\/el-campo-de-castilla-y-leon-unido-por-una-pac-fuerte-y-bien-financiada-que-apueste-por-el-profesional\" \/>\n<meta property=\"og:locale\" content=\"es_ES\" \/>\n<meta property=\"og:type\" content=\"article\" \/>\n<meta property=\"og:title\" content=\"El campo de Castilla y Le\u00f3n, unido por una PAC fuerte y bien financiada, que apueste por el profesional - ASAJA Palencia\" \/>\n<meta property=\"og:description\" content=\"El Consejo Agrario de Castilla y Le\u00f3n, celebrado este mi\u00e9rcoles en Medina del Campo, ha incluido la firma de una declaraci\u00f3n conjunta de las\" \/>\n<meta property=\"og:url\" content=\"https:\/\/www.asajacyl.com\/palencia\/asaja-palencia-informa\/el-campo-de-castilla-y-leon-unido-por-una-pac-fuerte-y-bien-financiada-que-apueste-por-el-profesional\" \/>\n<meta property=\"og:site_name\" content=\"ASAJA Palencia\" \/>\n<meta property=\"article:published_time\" content=\"2025-05-22T07:18:28+00:00\" \/>\n<meta property=\"article:modified_time\" content=\"2025-05-22T07:19:39+00:00\" \/>\n<meta property=\"og:image\" content=\"https:\/\/www.asajacyl.com\/palencia\/wp-content\/uploads\/sites\/3\/2025\/05\/Posicion-PAC-mayo2025-web.jpg\" \/>\n\t<meta property=\"og:image:width\" content=\"1890\" \/>\n\t<meta property=\"og:image:height\" content=\"1654\" \/>\n\t<meta property=\"og:image:type\" content=\"image\/jpeg\" \/>\n<meta name=\"author\" content=\"Administrador\" \/>\n<meta name=\"twitter:card\" content=\"summary_large_image\" \/>\n<meta name=\"twitter:label1\" content=\"Escrito por\" \/>\n\t<meta name=\"twitter:data1\" content=\"Administrador\" \/>\n\t<meta name=\"twitter:label2\" content=\"Tiempo de lectura\" \/>\n\t<meta name=\"twitter:data2\" content=\"3 minutos\" \/>\n<script type=\"application\/ld+json\" class=\"yoast-schema-graph\">{\"@context\":\"https:\/\/schema.org\",\"@graph\":[{\"@type\":\"WebPage\",\"@id\":\"https:\/\/www.asajacyl.com\/palencia\/asaja-palencia-informa\/el-campo-de-castilla-y-leon-unido-por-una-pac-fuerte-y-bien-financiada-que-apueste-por-el-profesional\",\"url\":\"https:\/\/www.asajacyl.com\/palencia\/asaja-palencia-informa\/el-campo-de-castilla-y-leon-unido-por-una-pac-fuerte-y-bien-financiada-que-apueste-por-el-profesional\",\"name\":\"El campo de Castilla y Le\u00f3n, unido por una PAC fuerte y bien financiada, que apueste por el profesional - ASAJA Palencia\",\"isPartOf\":{\"@id\":\"https:\/\/www.asajacyl.com\/palencia\/#website\"},\"primaryImageOfPage\":{\"@id\":\"https:\/\/www.asajacyl.com\/palencia\/asaja-palencia-informa\/el-campo-de-castilla-y-leon-unido-por-una-pac-fuerte-y-bien-financiada-que-apueste-por-el-profesional#primaryimage\"},\"image\":{\"@id\":\"https:\/\/www.asajacyl.com\/palencia\/asaja-palencia-informa\/el-campo-de-castilla-y-leon-unido-por-una-pac-fuerte-y-bien-financiada-que-apueste-por-el-profesional#primaryimage\"},\"thumbnailUrl\":\"https:\/\/www.asajacyl.com\/palencia\/wp-content\/uploads\/sites\/3\/2025\/05\/Posicion-PAC-mayo2025-web.jpg\",\"datePublished\":\"2025-05-22T07:18:28+00:00\",\"dateModified\":\"2025-05-22T07:19:39+00:00\",\"author\":{\"@id\":\"https:\/\/www.asajacyl.com\/palencia\/#\/schema\/person\/3ab17aeb03527485c317557fae64aab1\"},\"description\":\"El Consejo Agrario de Castilla y Le\u00f3n, celebrado este mi\u00e9rcoles en Medina del Campo, ha incluido la firma de una declaraci\u00f3n conjunta de las\",\"breadcrumb\":{\"@id\":\"https:\/\/www.asajacyl.com\/palencia\/asaja-palencia-informa\/el-campo-de-castilla-y-leon-unido-por-una-pac-fuerte-y-bien-financiada-que-apueste-por-el-profesional#breadcrumb\"},\"inLanguage\":\"es\",\"potentialAction\":[{\"@type\":\"ReadAction\",\"target\":[\"https:\/\/www.asajacyl.com\/palencia\/asaja-palencia-informa\/el-campo-de-castilla-y-leon-unido-por-una-pac-fuerte-y-bien-financiada-que-apueste-por-el-profesional\"]}]},{\"@type\":\"ImageObject\",\"inLanguage\":\"es\",\"@id\":\"https:\/\/www.asajacyl.com\/palencia\/asaja-palencia-informa\/el-campo-de-castilla-y-leon-unido-por-una-pac-fuerte-y-bien-financiada-que-apueste-por-el-profesional#primaryimage\",\"url\":\"https:\/\/www.asajacyl.com\/palencia\/wp-content\/uploads\/sites\/3\/2025\/05\/Posicion-PAC-mayo2025-web.jpg\",\"contentUrl\":\"https:\/\/www.asajacyl.com\/palencia\/wp-content\/uploads\/sites\/3\/2025\/05\/Posicion-PAC-mayo2025-web.jpg\",\"width\":1890,\"height\":1654},{\"@type\":\"BreadcrumbList\",\"@id\":\"https:\/\/www.asajacyl.com\/palencia\/asaja-palencia-informa\/el-campo-de-castilla-y-leon-unido-por-una-pac-fuerte-y-bien-financiada-que-apueste-por-el-profesional#breadcrumb\",\"itemListElement\":[{\"@type\":\"ListItem\",\"position\":1,\"name\":\"Portada\",\"item\":\"https:\/\/www.asajacyl.com\/palencia\/\"},{\"@type\":\"ListItem\",\"position\":2,\"name\":\"El campo de Castilla y Le\u00f3n, unido por una PAC fuerte y bien financiada, que apueste por el profesional\"}]},{\"@type\":\"WebSite\",\"@id\":\"https:\/\/www.asajacyl.com\/palencia\/#website\",\"url\":\"https:\/\/www.asajacyl.com\/palencia\/\",\"name\":\"ASAJA Palencia\",\"description\":\"Otro sitio m\u00e1s de Provincias ASAJA Castilla y Le\u00f3n\",\"potentialAction\":[{\"@type\":\"SearchAction\",\"target\":{\"@type\":\"EntryPoint\",\"urlTemplate\":\"https:\/\/www.asajacyl.com\/palencia\/?s={search_term_string}\"},\"query-input\":{\"@type\":\"PropertyValueSpecification\",\"valueRequired\":true,\"valueName\":\"search_term_string\"}}],\"inLanguage\":\"es\"},{\"@type\":\"Person\",\"@id\":\"https:\/\/www.asajacyl.com\/palencia\/#\/schema\/person\/3ab17aeb03527485c317557fae64aab1\",\"name\":\"Administrador\",\"image\":{\"@type\":\"ImageObject\",\"inLanguage\":\"es\",\"@id\":\"https:\/\/www.asajacyl.com\/palencia\/#\/schema\/person\/image\/\",\"url\":\"https:\/\/secure.gravatar.com\/avatar\/517384810d242ca9e38c180f3c9fb973?s=96&d=mm&r=g\",\"contentUrl\":\"https:\/\/secure.gravatar.com\/avatar\/517384810d242ca9e38c180f3c9fb973?s=96&d=mm&r=g\",\"caption\":\"Administrador\"},\"url\":\"https:\/\/www.asajacyl.com\/palencia\/author\/carlosrm\"}]}<\/script>\n<!-- \/ Yoast SEO plugin. -->","yoast_head_json":{"title":"El campo de Castilla y Le\u00f3n, unido por una PAC fuerte y bien financiada, que apueste por el profesional - ASAJA Palencia","description":"El Consejo Agrario de Castilla y Le\u00f3n, celebrado este mi\u00e9rcoles en Medina del Campo, ha incluido la firma de una declaraci\u00f3n conjunta de las","robots":{"index":"index","follow":"follow","max-snippet":"max-snippet:-1","max-image-preview":"max-image-preview:large","max-video-preview":"max-video-preview:-1"},"canonical":"https:\/\/www.asajacyl.com\/palencia\/asaja-palencia-informa\/el-campo-de-castilla-y-leon-unido-por-una-pac-fuerte-y-bien-financiada-que-apueste-por-el-profesional","og_locale":"es_ES","og_type":"article","og_title":"El campo de Castilla y Le\u00f3n, unido por una PAC fuerte y bien financiada, que apueste por el profesional - ASAJA Palencia","og_description":"El Consejo Agrario de Castilla y Le\u00f3n, celebrado este mi\u00e9rcoles en Medina del Campo, ha incluido la firma de una declaraci\u00f3n conjunta de las","og_url":"https:\/\/www.asajacyl.com\/palencia\/asaja-palencia-informa\/el-campo-de-castilla-y-leon-unido-por-una-pac-fuerte-y-bien-financiada-que-apueste-por-el-profesional","og_site_name":"ASAJA Palencia","article_published_time":"2025-05-22T07:18:28+00:00","article_modified_time":"2025-05-22T07:19:39+00:00","og_image":[{"width":1890,"height":1654,"url":"https:\/\/www.asajacyl.com\/palencia\/wp-content\/uploads\/sites\/3\/2025\/05\/Posicion-PAC-mayo2025-web.jpg","type":"image\/jpeg"}],"author":"Administrador","twitter_card":"summary_large_image","twitter_misc":{"Escrito por":"Administrador","Tiempo de lectura":"3 minutos"},"schema":{"@context":"https:\/\/schema.org","@graph":[{"@type":"WebPage","@id":"https:\/\/www.asajacyl.com\/palencia\/asaja-palencia-informa\/el-campo-de-castilla-y-leon-unido-por-una-pac-fuerte-y-bien-financiada-que-apueste-por-el-profesional","url":"https:\/\/www.asajacyl.com\/palencia\/asaja-palencia-informa\/el-campo-de-castilla-y-leon-unido-por-una-pac-fuerte-y-bien-financiada-que-apueste-por-el-profesional","name":"El campo de Castilla y Le\u00f3n, unido por una PAC fuerte y bien financiada, que apueste por el profesional - ASAJA Palencia","isPartOf":{"@id":"https:\/\/www.asajacyl.com\/palencia\/#website"},"primaryImageOfPage":{"@id":"https:\/\/www.asajacyl.com\/palencia\/asaja-palencia-informa\/el-campo-de-castilla-y-leon-unido-por-una-pac-fuerte-y-bien-financiada-que-apueste-por-el-profesional#primaryimage"},"image":{"@id":"https:\/\/www.asajacyl.com\/palencia\/asaja-palencia-informa\/el-campo-de-castilla-y-leon-unido-por-una-pac-fuerte-y-bien-financiada-que-apueste-por-el-profesional#primaryimage"},"thumbnailUrl":"https:\/\/www.asajacyl.com\/palencia\/wp-content\/uploads\/sites\/3\/2025\/05\/Posicion-PAC-mayo2025-web.jpg","datePublished":"2025-05-22T07:18:28+00:00","dateModified":"2025-05-22T07:19:39+00:00","author":{"@id":"https:\/\/www.asajacyl.com\/palencia\/#\/schema\/person\/3ab17aeb03527485c317557fae64aab1"},"description":"El Consejo Agrario de Castilla y Le\u00f3n, celebrado este mi\u00e9rcoles en Medina del Campo, ha incluido la firma de una declaraci\u00f3n conjunta de las","breadcrumb":{"@id":"https:\/\/www.asajacyl.com\/palencia\/asaja-palencia-informa\/el-campo-de-castilla-y-leon-unido-por-una-pac-fuerte-y-bien-financiada-que-apueste-por-el-profesional#breadcrumb"},"inLanguage":"es","potentialAction":[{"@type":"ReadAction","target":["https:\/\/www.asajacyl.com\/palencia\/asaja-palencia-informa\/el-campo-de-castilla-y-leon-unido-por-una-pac-fuerte-y-bien-financiada-que-apueste-por-el-profesional"]}]},{"@type":"ImageObject","inLanguage":"es","@id":"https:\/\/www.asajacyl.com\/palencia\/asaja-palencia-informa\/el-campo-de-castilla-y-leon-unido-por-una-pac-fuerte-y-bien-financiada-que-apueste-por-el-profesional#primaryimage","url":"https:\/\/www.asajacyl.com\/palencia\/wp-content\/uploads\/sites\/3\/2025\/05\/Posicion-PAC-mayo2025-web.jpg","contentUrl":"https:\/\/www.asajacyl.com\/palencia\/wp-content\/uploads\/sites\/3\/2025\/05\/Posicion-PAC-mayo2025-web.jpg","width":1890,"height":1654},{"@type":"BreadcrumbList","@id":"https:\/\/www.asajacyl.com\/palencia\/asaja-palencia-informa\/el-campo-de-castilla-y-leon-unido-por-una-pac-fuerte-y-bien-financiada-que-apueste-por-el-profesional#breadcrumb","itemListElement":[{"@type":"ListItem","position":1,"name":"Portada","item":"https:\/\/www.asajacyl.com\/palencia\/"},{"@type":"ListItem","position":2,"name":"El campo de Castilla y Le\u00f3n, unido por una PAC fuerte y bien financiada, que apueste por el profesional"}]},{"@type":"WebSite","@id":"https:\/\/www.asajacyl.com\/palencia\/#website","url":"https:\/\/www.asajacyl.com\/palencia\/","name":"ASAJA Palencia","description":"Otro sitio m\u00e1s de Provincias ASAJA Castilla y Le\u00f3n","potentialAction":[{"@type":"SearchAction","target":{"@type":"EntryPoint","urlTemplate":"https:\/\/www.asajacyl.com\/palencia\/?s={search_term_string}"},"query-input":{"@type":"PropertyValueSpecification","valueRequired":true,"valueName":"search_term_string"}}],"inLanguage":"es"},{"@type":"Person","@id":"https:\/\/www.asajacyl.com\/palencia\/#\/schema\/person\/3ab17aeb03527485c317557fae64aab1","name":"Administrador","image":{"@type":"ImageObject","inLanguage":"es","@id":"https:\/\/www.asajacyl.com\/palencia\/#\/schema\/person\/image\/","url":"https:\/\/secure.gravatar.com\/avatar\/517384810d242ca9e38c180f3c9fb973?s=96&d=mm&r=g","contentUrl":"https:\/\/secure.gravatar.com\/avatar\/517384810d242ca9e38c180f3c9fb973?s=96&d=mm&r=g","caption":"Administrador"},"url":"https:\/\/www.asajacyl.com\/palencia\/author\/carlosrm"}]}},"_links":{"self":[{"href":"https:\/\/www.asajacyl.com\/palencia\/wp-json\/wp\/v2\/posts\/19956"}],"collection":[{"href":"https:\/\/www.asajacyl.com\/palencia\/wp-json\/wp\/v2\/posts"}],"about":[{"href":"https:\/\/www.asajacyl.com\/palencia\/wp-json\/wp\/v2\/types\/post"}],"author":[{"embeddable":true,"href":"https:\/\/www.asajacyl.com\/palencia\/wp-json\/wp\/v2\/users\/9"}],"replies":[{"embeddable":true,"href":"https:\/\/www.asajacyl.com\/palencia\/wp-json\/wp\/v2\/comments?post=19956"}],"version-history":[{"count":4,"href":"https:\/\/www.asajacyl.com\/palencia\/wp-json\/wp\/v2\/posts\/19956\/revisions"}],"predecessor-version":[{"id":19968,"href":"https:\/\/www.asajacyl.com\/palencia\/wp-json\/wp\/v2\/posts\/19956\/revisions\/19968"}],"wp:featuredmedia":[{"embeddable":true,"href":"https:\/\/www.asajacyl.com\/palencia\/wp-json\/wp\/v2\/media\/19966"}],"wp:attachment":[{"href":"https:\/\/www.asajacyl.com\/palencia\/wp-json\/wp\/v2\/media?parent=19956"}],"wp:term":[{"taxonomy":"category","embeddable":true,"href":"https:\/\/www.asajacyl.com\/palencia\/wp-json\/wp\/v2\/categories?post=19956"},{"taxonomy":"post_tag","embeddable":true,"href":"https:\/\/www.asajacyl.com\/palencia\/wp-json\/wp\/v2\/tags?post=19956"}],"curies":[{"name":"wp","href":"https:\/\/api.w.org\/{rel}","templated":true}]}}