{"id":20014,"date":"2025-05-28T09:17:03","date_gmt":"2025-05-28T07:17:03","guid":{"rendered":"https:\/\/www.asajacyl.com\/palencia\/?p=20014"},"modified":"2025-05-28T09:29:33","modified_gmt":"2025-05-28T07:29:33","slug":"el-observatorio-de-plagas-de-castilla-y-leon-advierte-de-la-presencia-de-mildiu-en-el-vinedo","status":"publish","type":"post","link":"https:\/\/www.asajacyl.com\/palencia\/asaja-palencia-informa\/el-observatorio-de-plagas-de-castilla-y-leon-advierte-de-la-presencia-de-mildiu-en-el-vinedo","title":{"rendered":"El Observatorio de Plagas de Castilla y Le\u00f3n advierte de la presencia de mildiu en el vi\u00f1edo"},"content":{"rendered":"\n<h2 class=\"wp-block-heading\">El Observatorio de Plagas de Enfermedades del Instituto Tecnol\u00f3gico Agrario de Castilla y Le\u00f3n (ITACyL) ha informado de la detecci\u00f3n de mildiu en vi\u00f1edo. El mildiu es un oomiceto (pseudohongo) que ataca los \u00f3rganos verdes de la vid, principalmente en las hojas y los racimos.<\/h2>\n\n\n\n<p>El organismo dependiente de la Consejer\u00eda de Agricultura, Ganader\u00eda y Desarrollo Rural recomienda la vigilancia de las parcelas y llevar a cabo lucha integrada. Asimismo, aconseja las siguientes&nbsp;medidas preventivas:<\/p>\n\n\n\n<ul>\n<li>Poda en verde orientada a la mejora de la ventilaci\u00f3n, con la eliminaci\u00f3n de las hojas enfermas para reducir la cantidad de in\u00f3culo.<\/li>\n\n\n\n<li>Utilizar variedades tolerantes al mildiu en las nuevas plantaciones.<\/li>\n\n\n\n<li>Moderar el abonado nitrogenado y los riegos. <\/li>\n\n\n\n<li>Desbrozar y labrar en el periodo invernal para enterrar las hojas muertas.<\/li>\n<\/ul>\n\n\n\n<p>En cuanto al uso de productos fitosanitarios, recomienda prestar atenci\u00f3n a las posibles alertas de las estaciones de avisos m\u00e1s pr\u00f3ximas.<\/p>\n\n\n\n<p>En cualquier caso, cuando comiencen a darse las condiciones ambientales adecuadas, revisar cuidadosamente el vi\u00f1edo para la detecci\u00f3n de la aparici\u00f3n de los primeros s\u00edntomas.<\/p>\n\n\n\n<p>No existe un umbral predefinido, pero se aconseja el tratamiento ante la aparici\u00f3n de s\u00edntomas. Puede resultar recomendable un tratamiento preventivo en prefloraci\u00f3n, y repetir si los condicionantes atmosf\u00e9ricos favorecen la enfermedad. Si se realizan varios tratamientos, alternar materias activas con distintos modos de acci\u00f3n, para evitar la aparici\u00f3n de resistencias.<\/p>\n\n\n\n<p>En todo caso, hay que consultar antes de cualquier aplicaci\u00f3n qu\u00e9 productos est\u00e1n autorizados e inscritos en el&nbsp;<a href=\"https:\/\/www.mapa.gob.es\/es\/agricultura\/temas\/sanidad-vegetal\/productos-fitosanitarios\/registro-productos\/\" target=\"_blank\" rel=\"noreferrer noopener\">Registro Oficial de Productos Fitosanitarios<\/a>. Se adjunta a continuaci\u00f3n la ficha del ITACyL sobre esta plaga.<\/p>\n\n\n\n<p>Palencia, que posee 491 hect\u00e1reas de vi\u00f1edo (datos de la Junta a 31 de julio de 2024), es la provincia de Castilla y Le\u00f3n con menos superficie de este cultivo, que ocupa en toda la comunidad cerca de 84 400 hect\u00e1reas, con Valladolid (31 400 ha) y Burgos (21 800 ha) como territorios principales. La superficie de vi\u00f1edo en la regi\u00f3n supone aproximadamente el 9,2 % del total nacional, que ronda las 914 000 hect\u00e1reas.<strong>\/<\/strong><\/p>\n\n\n\n<div data-wp-interactive=\"core\/file\" class=\"wp-block-file\"><object data-wp-bind--hidden=\"!state.hasPdfPreview\"  class=\"wp-block-file__embed\" data=\"https:\/\/www.asajacyl.com\/palencia\/wp-content\/uploads\/sites\/3\/2025\/05\/Mildiu-en-vinedo.pdf\" type=\"application\/pdf\" style=\"width:100%;height:600px\" aria-label=\"Incrustado de Mildiu-en-vinedo.\"><\/object><a id=\"wp-block-file--media-ea775c62-9119-4949-9321-20637340b103\" href=\"https:\/\/www.asajacyl.com\/palencia\/wp-content\/uploads\/sites\/3\/2025\/05\/Mildiu-en-vinedo.pdf\">Mildiu-en-vinedo<\/a><a href=\"https:\/\/www.asajacyl.com\/palencia\/wp-content\/uploads\/sites\/3\/2025\/05\/Mildiu-en-vinedo.pdf\" class=\"wp-block-file__button wp-element-button\" download aria-describedby=\"wp-block-file--media-ea775c62-9119-4949-9321-20637340b103\">Descarga<\/a><\/div>\n\n\n\n<p><\/p>\n","protected":false},"excerpt":{"rendered":"<p>El Observatorio de Plagas de Enfermedades del Instituto Tecnol\u00f3gico Agrario de Castilla y Le\u00f3n (ITACyL) ha informado de la detecci\u00f3n de mildiu en vi\u00f1edo. El mildiu es un oomiceto (pseudohongo) que ataca los \u00f3rganos verdes de la vid, principalmente en las hojas y los racimos. El organismo dependiente de la Consejer\u00eda de Agricultura, Ganader\u00eda y [&hellip;]<\/p>\n","protected":false},"author":9,"featured_media":20016,"comment_status":"open","ping_status":"open","sticky":false,"template":"","format":"standard","meta":{"footnotes":""},"categories":[9,31,29,28,13],"tags":[58,142,141,1061,63,66,92,571,669,514],"yoast_head":"<!-- This site is optimized with the Yoast SEO plugin v24.5 - https:\/\/yoast.com\/wordpress\/plugins\/seo\/ -->\n<title>El Observatorio de Plagas de Castilla y Le\u00f3n advierte de la presencia de mildiu en el vi\u00f1edo - ASAJA Palencia<\/title>\n<meta name=\"description\" content=\"El Observatorio de Plagas de Enfermedades del Instituto Tecnol\u00f3gico Agrario de Castilla y Le\u00f3n (ITACyL) ha informado de la detecci\u00f3n de mildiu en vi\u00f1edo.\" \/>\n<meta name=\"robots\" content=\"index, follow, max-snippet:-1, max-image-preview:large, max-video-preview:-1\" \/>\n<link rel=\"canonical\" href=\"https:\/\/www.asajacyl.com\/palencia\/asaja-palencia-informa\/el-observatorio-de-plagas-de-castilla-y-leon-advierte-de-la-presencia-de-mildiu-en-el-vinedo\" \/>\n<meta property=\"og:locale\" content=\"es_ES\" \/>\n<meta property=\"og:type\" content=\"article\" \/>\n<meta property=\"og:title\" content=\"El Observatorio de Plagas de Castilla y Le\u00f3n advierte de la presencia de mildiu en el vi\u00f1edo - ASAJA Palencia\" \/>\n<meta property=\"og:description\" content=\"El Observatorio de Plagas de Enfermedades del Instituto Tecnol\u00f3gico Agrario de Castilla y Le\u00f3n (ITACyL) ha informado de la detecci\u00f3n de mildiu en vi\u00f1edo.\" \/>\n<meta property=\"og:url\" content=\"https:\/\/www.asajacyl.com\/palencia\/asaja-palencia-informa\/el-observatorio-de-plagas-de-castilla-y-leon-advierte-de-la-presencia-de-mildiu-en-el-vinedo\" \/>\n<meta property=\"og:site_name\" content=\"ASAJA Palencia\" \/>\n<meta property=\"article:published_time\" content=\"2025-05-28T07:17:03+00:00\" \/>\n<meta property=\"article:modified_time\" content=\"2025-05-28T07:29:33+00:00\" \/>\n<meta property=\"og:image\" content=\"https:\/\/www.asajacyl.com\/palencia\/wp-content\/uploads\/sites\/3\/2025\/05\/Mildiu.-Sintomas-en-hojas-c-ITACyL-web.jpg\" \/>\n\t<meta property=\"og:image:width\" content=\"1890\" \/>\n\t<meta property=\"og:image:height\" content=\"1772\" \/>\n\t<meta property=\"og:image:type\" content=\"image\/jpeg\" \/>\n<meta name=\"author\" content=\"Administrador\" \/>\n<meta name=\"twitter:card\" content=\"summary_large_image\" \/>\n<meta name=\"twitter:label1\" content=\"Escrito por\" \/>\n\t<meta name=\"twitter:data1\" content=\"Administrador\" \/>\n\t<meta name=\"twitter:label2\" content=\"Tiempo de lectura\" \/>\n\t<meta name=\"twitter:data2\" content=\"2 minutos\" \/>\n<script type=\"application\/ld+json\" class=\"yoast-schema-graph\">{\"@context\":\"https:\/\/schema.org\",\"@graph\":[{\"@type\":\"WebPage\",\"@id\":\"https:\/\/www.asajacyl.com\/palencia\/asaja-palencia-informa\/el-observatorio-de-plagas-de-castilla-y-leon-advierte-de-la-presencia-de-mildiu-en-el-vinedo\",\"url\":\"https:\/\/www.asajacyl.com\/palencia\/asaja-palencia-informa\/el-observatorio-de-plagas-de-castilla-y-leon-advierte-de-la-presencia-de-mildiu-en-el-vinedo\",\"name\":\"El Observatorio de Plagas de Castilla y Le\u00f3n advierte de la presencia de mildiu en el vi\u00f1edo - ASAJA Palencia\",\"isPartOf\":{\"@id\":\"https:\/\/www.asajacyl.com\/palencia\/#website\"},\"primaryImageOfPage\":{\"@id\":\"https:\/\/www.asajacyl.com\/palencia\/asaja-palencia-informa\/el-observatorio-de-plagas-de-castilla-y-leon-advierte-de-la-presencia-de-mildiu-en-el-vinedo#primaryimage\"},\"image\":{\"@id\":\"https:\/\/www.asajacyl.com\/palencia\/asaja-palencia-informa\/el-observatorio-de-plagas-de-castilla-y-leon-advierte-de-la-presencia-de-mildiu-en-el-vinedo#primaryimage\"},\"thumbnailUrl\":\"https:\/\/www.asajacyl.com\/palencia\/wp-content\/uploads\/sites\/3\/2025\/05\/Mildiu.-Sintomas-en-hojas-c-ITACyL-web.jpg\",\"datePublished\":\"2025-05-28T07:17:03+00:00\",\"dateModified\":\"2025-05-28T07:29:33+00:00\",\"author\":{\"@id\":\"https:\/\/www.asajacyl.com\/palencia\/#\/schema\/person\/3ab17aeb03527485c317557fae64aab1\"},\"description\":\"El Observatorio de Plagas de Enfermedades del Instituto Tecnol\u00f3gico Agrario de Castilla y Le\u00f3n (ITACyL) ha informado de la detecci\u00f3n de mildiu en vi\u00f1edo.\",\"breadcrumb\":{\"@id\":\"https:\/\/www.asajacyl.com\/palencia\/asaja-palencia-informa\/el-observatorio-de-plagas-de-castilla-y-leon-advierte-de-la-presencia-de-mildiu-en-el-vinedo#breadcrumb\"},\"inLanguage\":\"es\",\"potentialAction\":[{\"@type\":\"ReadAction\",\"target\":[\"https:\/\/www.asajacyl.com\/palencia\/asaja-palencia-informa\/el-observatorio-de-plagas-de-castilla-y-leon-advierte-de-la-presencia-de-mildiu-en-el-vinedo\"]}]},{\"@type\":\"ImageObject\",\"inLanguage\":\"es\",\"@id\":\"https:\/\/www.asajacyl.com\/palencia\/asaja-palencia-informa\/el-observatorio-de-plagas-de-castilla-y-leon-advierte-de-la-presencia-de-mildiu-en-el-vinedo#primaryimage\",\"url\":\"https:\/\/www.asajacyl.com\/palencia\/wp-content\/uploads\/sites\/3\/2025\/05\/Mildiu.-Sintomas-en-hojas-c-ITACyL-web.jpg\",\"contentUrl\":\"https:\/\/www.asajacyl.com\/palencia\/wp-content\/uploads\/sites\/3\/2025\/05\/Mildiu.-Sintomas-en-hojas-c-ITACyL-web.jpg\",\"width\":1890,\"height\":1772},{\"@type\":\"BreadcrumbList\",\"@id\":\"https:\/\/www.asajacyl.com\/palencia\/asaja-palencia-informa\/el-observatorio-de-plagas-de-castilla-y-leon-advierte-de-la-presencia-de-mildiu-en-el-vinedo#breadcrumb\",\"itemListElement\":[{\"@type\":\"ListItem\",\"position\":1,\"name\":\"Portada\",\"item\":\"https:\/\/www.asajacyl.com\/palencia\/\"},{\"@type\":\"ListItem\",\"position\":2,\"name\":\"El Observatorio de Plagas de Castilla y Le\u00f3n advierte de la presencia de mildiu en el vi\u00f1edo\"}]},{\"@type\":\"WebSite\",\"@id\":\"https:\/\/www.asajacyl.com\/palencia\/#website\",\"url\":\"https:\/\/www.asajacyl.com\/palencia\/\",\"name\":\"ASAJA Palencia\",\"description\":\"Otro sitio m\u00e1s de Provincias ASAJA Castilla y Le\u00f3n\",\"potentialAction\":[{\"@type\":\"SearchAction\",\"target\":{\"@type\":\"EntryPoint\",\"urlTemplate\":\"https:\/\/www.asajacyl.com\/palencia\/?s={search_term_string}\"},\"query-input\":{\"@type\":\"PropertyValueSpecification\",\"valueRequired\":true,\"valueName\":\"search_term_string\"}}],\"inLanguage\":\"es\"},{\"@type\":\"Person\",\"@id\":\"https:\/\/www.asajacyl.com\/palencia\/#\/schema\/person\/3ab17aeb03527485c317557fae64aab1\",\"name\":\"Administrador\",\"image\":{\"@type\":\"ImageObject\",\"inLanguage\":\"es\",\"@id\":\"https:\/\/www.asajacyl.com\/palencia\/#\/schema\/person\/image\/\",\"url\":\"https:\/\/secure.gravatar.com\/avatar\/517384810d242ca9e38c180f3c9fb973?s=96&d=mm&r=g\",\"contentUrl\":\"https:\/\/secure.gravatar.com\/avatar\/517384810d242ca9e38c180f3c9fb973?s=96&d=mm&r=g\",\"caption\":\"Administrador\"},\"url\":\"https:\/\/www.asajacyl.com\/palencia\/author\/carlosrm\"}]}<\/script>\n<!-- \/ Yoast SEO plugin. -->","yoast_head_json":{"title":"El Observatorio de Plagas de Castilla y Le\u00f3n advierte de la presencia de mildiu en el vi\u00f1edo - ASAJA Palencia","description":"El Observatorio de Plagas de Enfermedades del Instituto Tecnol\u00f3gico Agrario de Castilla y Le\u00f3n (ITACyL) ha informado de la detecci\u00f3n de mildiu en vi\u00f1edo.","robots":{"index":"index","follow":"follow","max-snippet":"max-snippet:-1","max-image-preview":"max-image-preview:large","max-video-preview":"max-video-preview:-1"},"canonical":"https:\/\/www.asajacyl.com\/palencia\/asaja-palencia-informa\/el-observatorio-de-plagas-de-castilla-y-leon-advierte-de-la-presencia-de-mildiu-en-el-vinedo","og_locale":"es_ES","og_type":"article","og_title":"El Observatorio de Plagas de Castilla y Le\u00f3n advierte de la presencia de mildiu en el vi\u00f1edo - ASAJA Palencia","og_description":"El Observatorio de Plagas de Enfermedades del Instituto Tecnol\u00f3gico Agrario de Castilla y Le\u00f3n (ITACyL) ha informado de la detecci\u00f3n de mildiu en vi\u00f1edo.","og_url":"https:\/\/www.asajacyl.com\/palencia\/asaja-palencia-informa\/el-observatorio-de-plagas-de-castilla-y-leon-advierte-de-la-presencia-de-mildiu-en-el-vinedo","og_site_name":"ASAJA Palencia","article_published_time":"2025-05-28T07:17:03+00:00","article_modified_time":"2025-05-28T07:29:33+00:00","og_image":[{"width":1890,"height":1772,"url":"https:\/\/www.asajacyl.com\/palencia\/wp-content\/uploads\/sites\/3\/2025\/05\/Mildiu.-Sintomas-en-hojas-c-ITACyL-web.jpg","type":"image\/jpeg"}],"author":"Administrador","twitter_card":"summary_large_image","twitter_misc":{"Escrito por":"Administrador","Tiempo de lectura":"2 minutos"},"schema":{"@context":"https:\/\/schema.org","@graph":[{"@type":"WebPage","@id":"https:\/\/www.asajacyl.com\/palencia\/asaja-palencia-informa\/el-observatorio-de-plagas-de-castilla-y-leon-advierte-de-la-presencia-de-mildiu-en-el-vinedo","url":"https:\/\/www.asajacyl.com\/palencia\/asaja-palencia-informa\/el-observatorio-de-plagas-de-castilla-y-leon-advierte-de-la-presencia-de-mildiu-en-el-vinedo","name":"El Observatorio de Plagas de Castilla y Le\u00f3n advierte de la presencia de mildiu en el vi\u00f1edo - ASAJA Palencia","isPartOf":{"@id":"https:\/\/www.asajacyl.com\/palencia\/#website"},"primaryImageOfPage":{"@id":"https:\/\/www.asajacyl.com\/palencia\/asaja-palencia-informa\/el-observatorio-de-plagas-de-castilla-y-leon-advierte-de-la-presencia-de-mildiu-en-el-vinedo#primaryimage"},"image":{"@id":"https:\/\/www.asajacyl.com\/palencia\/asaja-palencia-informa\/el-observatorio-de-plagas-de-castilla-y-leon-advierte-de-la-presencia-de-mildiu-en-el-vinedo#primaryimage"},"thumbnailUrl":"https:\/\/www.asajacyl.com\/palencia\/wp-content\/uploads\/sites\/3\/2025\/05\/Mildiu.-Sintomas-en-hojas-c-ITACyL-web.jpg","datePublished":"2025-05-28T07:17:03+00:00","dateModified":"2025-05-28T07:29:33+00:00","author":{"@id":"https:\/\/www.asajacyl.com\/palencia\/#\/schema\/person\/3ab17aeb03527485c317557fae64aab1"},"description":"El Observatorio de Plagas de Enfermedades del Instituto Tecnol\u00f3gico Agrario de Castilla y Le\u00f3n (ITACyL) ha informado de la detecci\u00f3n de mildiu en vi\u00f1edo.","breadcrumb":{"@id":"https:\/\/www.asajacyl.com\/palencia\/asaja-palencia-informa\/el-observatorio-de-plagas-de-castilla-y-leon-advierte-de-la-presencia-de-mildiu-en-el-vinedo#breadcrumb"},"inLanguage":"es","potentialAction":[{"@type":"ReadAction","target":["https:\/\/www.asajacyl.com\/palencia\/asaja-palencia-informa\/el-observatorio-de-plagas-de-castilla-y-leon-advierte-de-la-presencia-de-mildiu-en-el-vinedo"]}]},{"@type":"ImageObject","inLanguage":"es","@id":"https:\/\/www.asajacyl.com\/palencia\/asaja-palencia-informa\/el-observatorio-de-plagas-de-castilla-y-leon-advierte-de-la-presencia-de-mildiu-en-el-vinedo#primaryimage","url":"https:\/\/www.asajacyl.com\/palencia\/wp-content\/uploads\/sites\/3\/2025\/05\/Mildiu.-Sintomas-en-hojas-c-ITACyL-web.jpg","contentUrl":"https:\/\/www.asajacyl.com\/palencia\/wp-content\/uploads\/sites\/3\/2025\/05\/Mildiu.-Sintomas-en-hojas-c-ITACyL-web.jpg","width":1890,"height":1772},{"@type":"BreadcrumbList","@id":"https:\/\/www.asajacyl.com\/palencia\/asaja-palencia-informa\/el-observatorio-de-plagas-de-castilla-y-leon-advierte-de-la-presencia-de-mildiu-en-el-vinedo#breadcrumb","itemListElement":[{"@type":"ListItem","position":1,"name":"Portada","item":"https:\/\/www.asajacyl.com\/palencia\/"},{"@type":"ListItem","position":2,"name":"El Observatorio de Plagas de Castilla y Le\u00f3n advierte de la presencia de mildiu en el vi\u00f1edo"}]},{"@type":"WebSite","@id":"https:\/\/www.asajacyl.com\/palencia\/#website","url":"https:\/\/www.asajacyl.com\/palencia\/","name":"ASAJA Palencia","description":"Otro sitio m\u00e1s de Provincias ASAJA Castilla y Le\u00f3n","potentialAction":[{"@type":"SearchAction","target":{"@type":"EntryPoint","urlTemplate":"https:\/\/www.asajacyl.com\/palencia\/?s={search_term_string}"},"query-input":{"@type":"PropertyValueSpecification","valueRequired":true,"valueName":"search_term_string"}}],"inLanguage":"es"},{"@type":"Person","@id":"https:\/\/www.asajacyl.com\/palencia\/#\/schema\/person\/3ab17aeb03527485c317557fae64aab1","name":"Administrador","image":{"@type":"ImageObject","inLanguage":"es","@id":"https:\/\/www.asajacyl.com\/palencia\/#\/schema\/person\/image\/","url":"https:\/\/secure.gravatar.com\/avatar\/517384810d242ca9e38c180f3c9fb973?s=96&d=mm&r=g","contentUrl":"https:\/\/secure.gravatar.com\/avatar\/517384810d242ca9e38c180f3c9fb973?s=96&d=mm&r=g","caption":"Administrador"},"url":"https:\/\/www.asajacyl.com\/palencia\/author\/carlosrm"}]}},"_links":{"self":[{"href":"https:\/\/www.asajacyl.com\/palencia\/wp-json\/wp\/v2\/posts\/20014"}],"collection":[{"href":"https:\/\/www.asajacyl.com\/palencia\/wp-json\/wp\/v2\/posts"}],"about":[{"href":"https:\/\/www.asajacyl.com\/palencia\/wp-json\/wp\/v2\/types\/post"}],"author":[{"embeddable":true,"href":"https:\/\/www.asajacyl.com\/palencia\/wp-json\/wp\/v2\/users\/9"}],"replies":[{"embeddable":true,"href":"https:\/\/www.asajacyl.com\/palencia\/wp-json\/wp\/v2\/comments?post=20014"}],"version-history":[{"count":3,"href":"https:\/\/www.asajacyl.com\/palencia\/wp-json\/wp\/v2\/posts\/20014\/revisions"}],"predecessor-version":[{"id":20020,"href":"https:\/\/www.asajacyl.com\/palencia\/wp-json\/wp\/v2\/posts\/20014\/revisions\/20020"}],"wp:featuredmedia":[{"embeddable":true,"href":"https:\/\/www.asajacyl.com\/palencia\/wp-json\/wp\/v2\/media\/20016"}],"wp:attachment":[{"href":"https:\/\/www.asajacyl.com\/palencia\/wp-json\/wp\/v2\/media?parent=20014"}],"wp:term":[{"taxonomy":"category","embeddable":true,"href":"https:\/\/www.asajacyl.com\/palencia\/wp-json\/wp\/v2\/categories?post=20014"},{"taxonomy":"post_tag","embeddable":true,"href":"https:\/\/www.asajacyl.com\/palencia\/wp-json\/wp\/v2\/tags?post=20014"}],"curies":[{"name":"wp","href":"https:\/\/api.w.org\/{rel}","templated":true}]}}