{"id":20045,"date":"2025-05-30T15:00:10","date_gmt":"2025-05-30T13:00:10","guid":{"rendered":"https:\/\/www.asajacyl.com\/palencia\/?p=20045"},"modified":"2025-05-30T15:02:10","modified_gmt":"2025-05-30T13:02:10","slug":"asaja-coag-y-upa-llaman-a-movilizarse-el-miercoles-4-en-madrid-por-la-grave-situacion-del-cereal","status":"publish","type":"post","link":"https:\/\/www.asajacyl.com\/palencia\/asaja-palencia-informa\/asaja-coag-y-upa-llaman-a-movilizarse-el-miercoles-4-en-madrid-por-la-grave-situacion-del-cereal","title":{"rendered":"ASAJA, COAG y UPA llaman a movilizarse en Madrid este mi\u00e9rcoles, 4 de junio, por la situaci\u00f3n del cereal"},"content":{"rendered":"\n<h2 class=\"wp-block-heading\">ASAJA, COAG y UPA han convocado una concentraci\u00f3n frente al Ministerio de Agricultura, Pesca y Alimentaci\u00f3n en Madrid para el pr\u00f3ximo mi\u00e9rcoles, 4 de junio, para denunciar la grave situaci\u00f3n de la producci\u00f3n cerealista de Espa\u00f1a. Las organizaciones profesionales reclaman, en unidad de acci\u00f3n, un plan de ayudas directas vinculadas a las facturas de los fertilizantes, cuyo encarecimiento viene causado por decisiones pol\u00edticas de la Uni\u00f3n Europea. Asimismo, tambi\u00e9n las medidas de apertura sin arancel a la importaci\u00f3n de grano procedente de Ucrania han creado una intervenci\u00f3n del mercado que no hace sino agravar el problema.<\/h2>\n\n\n\n<p>El sector del cereal, reunido este viernes, 30 de mayo, ha hecho balance de la campa\u00f1a y ha advertido de la cr\u00edtica situaci\u00f3n que atraviesan los productores, asfixiados por el encarecimiento de los costes de producci\u00f3n, los bajos precios y la falta de rentabilidad que pone en riesgo la viabilidad del cultivo en amplias zonas del pa\u00eds. <\/p>\n\n\n\n<p>Como muestra de la preocupaci\u00f3n del sector, ASAJA, COAG y UPA se movilizar\u00e1n el pr\u00f3ximo mi\u00e9rcoles, 4 de junio, con una concentraci\u00f3n frente a las puertas del Ministerio de Agricultura, en la plaza de Atocha de Madrid, a las doce del mediod\u00eda. Desde ASAJA-Palencia animamos a la participaci\u00f3n en la concentraci\u00f3n. <strong>Los asociados interesados en acudir a la concentraci\u00f3n deben llamar a partir del lunes en el horario de oficina habitual a efectos de organizar las alternativas de transporte <\/strong>a la capital de Espa\u00f1a, dispositivo del que se informar\u00e1 en v\u00edsperas de la movilizaci\u00f3n.<\/p>\n\n\n\n<p>Seg\u00fan los datos recopilados por el sector a partir de la informaci\u00f3n aportada desde las distintas comunidades aut\u00f3nomas, la previsi\u00f3n de cosecha nacional de cereales de invierno se sit\u00faa <strong>en 19,5 millones de toneladas<\/strong>, lo que supone un incremento de aproximadamente un 20 % respecto a la campa\u00f1a pasada, que fue irregular en muchas zonas. <\/p>\n\n\n\n<p><strong>ESTIMACI\u00d3N DE COSECHA COMPARABLE A 2020.<\/strong> Este volumen de producci\u00f3n es equiparable al registrado en 2020, considerado uno de los mejores a\u00f1os recientes para el sector. <\/p>\n\n\n\n<p>Por cultivos, se estiman 9,8 millones de toneladas de cebada; 7,7 millones de toneladas de trigo blando y dos millones de toneladas del resto de cereales (trigo duro, avena, centeno y triticale). El ma\u00edz, al tratarse de un cultivo con un comportamiento productivo distinto, no se incluye en esta estimaci\u00f3n.<\/p>\n\n\n\n<p>Pese al buen dato de producci\u00f3n, <strong>la rentabilidad sigue siendo negativa o pr\u00e1cticamente nula<\/strong>\u00a0para muchos agricultores. El ejemplo de Castilla y Le\u00f3n, principal comunidad productora, lo ilustra claramente: con una superficie sembrada de 1,78 millones de hect\u00e1reas, la producci\u00f3n prevista ronda los 7,88 millones de toneladas, lo que supone un aumento del 20 % sobre la anterior campa\u00f1a. <\/p>\n\n\n\n<p>Sin embargo, el valor total de la cosecha apenas cubrir\u00eda los gastos de producci\u00f3n. Con <strong>costes medios de unos ochocientos euros por hect\u00e1rea<\/strong>, el margen para el agricultor se situar\u00eda en apenas dieciocho a veinte euros por hect\u00e1rea. En palabras de los representantes de ASAJA, COAG y UPA, \u00abtrabajar todo un a\u00f1o para este resultado es insostenible\u00bb.<\/p>\n\n\n\n<p><strong>Presi\u00f3n internacional, mercados intervenidos y costes disparados<\/strong><\/p>\n\n\n\n<p>Entre los factores que agravan la situaci\u00f3n, se destaca el efecto de la llegada masiva de cereales procedentes de Ucrania, que entran en el mercado europeo sin ning\u00fan tipo de control arancelario ni de contingente, desestabilizando los precios nacionales y europeos. <\/p>\n\n\n\n<p>A esto se suma la paradoja de que mientras los productores europeos compiten en desigualdad, Bruselas mantiene los aranceles sobre los fertilizantes importados de Rusia y Bielorrusia, encareciendo artificialmente un insumo b\u00e1sico para el cultivo.<\/p>\n\n\n\n<p>Este sobrecoste de los fertilizantes, directamente vinculado a decisiones pol\u00edticas y no al libre juego de los mercados, ha supuesto un golpe a\u00f1adido para los cerealistas. Se estima que solo en Castilla y Le\u00f3n, el gasto en fertilizantes y nitratos ha superado los quinientos millones de euros esta campa\u00f1a. <\/p>\n\n\n\n<p>Por este motivo, la organizaci\u00f3n plantea como una de sus principales reivindicaciones la puesta en marcha de <strong>un programa de ayudas directas, ligado a facturas de compra de fertilizantes<\/strong>, de manera que los fondos se destinen exclusivamente a los profesionales que realmente han asumido estos costes.<\/p>\n\n\n\n<p><strong>El sector exige soluciones urgentes<\/strong><\/p>\n\n\n\n<p>Adem\u00e1s de esta ayuda espec\u00edfica, ASAJA, COAG y UPA reclaman al Gobierno de Espa\u00f1a que defienda de forma firme los intereses de los cerealistas de nuestra naci\u00f3n en la Uni\u00f3n Europea, revisando los acuerdos comerciales que permiten la entrada descontrolada de cereal extracomunitario y adoptando medidas de defensa comercial similares a las aplicadas en otros sectores.<\/p>\n\n\n\n<p>La gravedad de la situaci\u00f3n ha llevado a ASAJA, COAG y UPA a convocar una concentraci\u00f3n frente al Ministerio de Agricultura, como primer paso de una movilizaci\u00f3n que no descarta extenderse si no se adoptan medidas de apoyo concretas y efectivas.<\/p>\n\n\n\n<p>La rentabilidad del cereal no se puede seguir fiando a cosechas excepcionales mientras los costes siguen desbocados y los precios hundidos. El riesgo es que muchos agricultores opten directamente por dejar de sembrar.<strong>\/<\/strong><\/p>\n","protected":false},"excerpt":{"rendered":"<p>ASAJA, COAG y UPA han convocado una concentraci\u00f3n frente al Ministerio de Agricultura, Pesca y Alimentaci\u00f3n en Madrid para el pr\u00f3ximo mi\u00e9rcoles, 4 de junio, para denunciar la grave situaci\u00f3n de la producci\u00f3n cerealista de Espa\u00f1a. Las organizaciones profesionales reclaman, en unidad de acci\u00f3n, un plan de ayudas directas vinculadas a las facturas de los [&hellip;]<\/p>\n","protected":false},"author":9,"featured_media":15411,"comment_status":"open","ping_status":"open","sticky":false,"template":"","format":"standard","meta":{"footnotes":""},"categories":[9,31,38,29,28,13],"tags":[58,59,46,351,110,706],"yoast_head":"<!-- This site is optimized with the Yoast SEO plugin v24.5 - https:\/\/yoast.com\/wordpress\/plugins\/seo\/ -->\n<title>ASAJA, COAG y UPA llaman a movilizarse en Madrid este mi\u00e9rcoles, 4 de junio, por la situaci\u00f3n del cereal - ASAJA Palencia<\/title>\n<meta name=\"description\" content=\"ASAJA, COAG y UPA han convocado una concentraci\u00f3n frente al Ministerio de Agricultura, Pesca y Alimentaci\u00f3n en Madrid para el pr\u00f3ximo mi\u00e9rcoles, 4 de\" \/>\n<meta name=\"robots\" content=\"index, follow, max-snippet:-1, max-image-preview:large, max-video-preview:-1\" \/>\n<link rel=\"canonical\" href=\"https:\/\/www.asajacyl.com\/palencia\/asaja-palencia-informa\/asaja-coag-y-upa-llaman-a-movilizarse-el-miercoles-4-en-madrid-por-la-grave-situacion-del-cereal\" \/>\n<meta property=\"og:locale\" content=\"es_ES\" \/>\n<meta property=\"og:type\" content=\"article\" \/>\n<meta property=\"og:title\" content=\"ASAJA, COAG y UPA llaman a movilizarse en Madrid este mi\u00e9rcoles, 4 de junio, por la situaci\u00f3n del cereal - ASAJA Palencia\" \/>\n<meta property=\"og:description\" content=\"ASAJA, COAG y UPA han convocado una concentraci\u00f3n frente al Ministerio de Agricultura, Pesca y Alimentaci\u00f3n en Madrid para el pr\u00f3ximo mi\u00e9rcoles, 4 de\" \/>\n<meta property=\"og:url\" content=\"https:\/\/www.asajacyl.com\/palencia\/asaja-palencia-informa\/asaja-coag-y-upa-llaman-a-movilizarse-el-miercoles-4-en-madrid-por-la-grave-situacion-del-cereal\" \/>\n<meta property=\"og:site_name\" content=\"ASAJA Palencia\" \/>\n<meta property=\"article:published_time\" content=\"2025-05-30T13:00:10+00:00\" \/>\n<meta property=\"article:modified_time\" content=\"2025-05-30T13:02:10+00:00\" \/>\n<meta property=\"og:image\" content=\"https:\/\/www.asajacyl.com\/palencia\/wp-content\/uploads\/sites\/3\/2024\/02\/Movilizacion-web-Ministerio.jpg\" \/>\n\t<meta property=\"og:image:width\" content=\"802\" \/>\n\t<meta property=\"og:image:height\" content=\"702\" \/>\n\t<meta property=\"og:image:type\" content=\"image\/jpeg\" \/>\n<meta name=\"author\" content=\"Administrador\" \/>\n<meta name=\"twitter:card\" content=\"summary_large_image\" \/>\n<meta name=\"twitter:label1\" content=\"Escrito por\" \/>\n\t<meta name=\"twitter:data1\" content=\"Administrador\" \/>\n\t<meta name=\"twitter:label2\" content=\"Tiempo de lectura\" \/>\n\t<meta name=\"twitter:data2\" content=\"4 minutos\" \/>\n<script type=\"application\/ld+json\" class=\"yoast-schema-graph\">{\"@context\":\"https:\/\/schema.org\",\"@graph\":[{\"@type\":\"WebPage\",\"@id\":\"https:\/\/www.asajacyl.com\/palencia\/asaja-palencia-informa\/asaja-coag-y-upa-llaman-a-movilizarse-el-miercoles-4-en-madrid-por-la-grave-situacion-del-cereal\",\"url\":\"https:\/\/www.asajacyl.com\/palencia\/asaja-palencia-informa\/asaja-coag-y-upa-llaman-a-movilizarse-el-miercoles-4-en-madrid-por-la-grave-situacion-del-cereal\",\"name\":\"ASAJA, COAG y UPA llaman a movilizarse en Madrid este mi\u00e9rcoles, 4 de junio, por la situaci\u00f3n del cereal - ASAJA Palencia\",\"isPartOf\":{\"@id\":\"https:\/\/www.asajacyl.com\/palencia\/#website\"},\"primaryImageOfPage\":{\"@id\":\"https:\/\/www.asajacyl.com\/palencia\/asaja-palencia-informa\/asaja-coag-y-upa-llaman-a-movilizarse-el-miercoles-4-en-madrid-por-la-grave-situacion-del-cereal#primaryimage\"},\"image\":{\"@id\":\"https:\/\/www.asajacyl.com\/palencia\/asaja-palencia-informa\/asaja-coag-y-upa-llaman-a-movilizarse-el-miercoles-4-en-madrid-por-la-grave-situacion-del-cereal#primaryimage\"},\"thumbnailUrl\":\"https:\/\/www.asajacyl.com\/palencia\/wp-content\/uploads\/sites\/3\/2024\/02\/Movilizacion-web-Ministerio.jpg\",\"datePublished\":\"2025-05-30T13:00:10+00:00\",\"dateModified\":\"2025-05-30T13:02:10+00:00\",\"author\":{\"@id\":\"https:\/\/www.asajacyl.com\/palencia\/#\/schema\/person\/3ab17aeb03527485c317557fae64aab1\"},\"description\":\"ASAJA, COAG y UPA han convocado una concentraci\u00f3n frente al Ministerio de Agricultura, Pesca y Alimentaci\u00f3n en Madrid para el pr\u00f3ximo mi\u00e9rcoles, 4 de\",\"breadcrumb\":{\"@id\":\"https:\/\/www.asajacyl.com\/palencia\/asaja-palencia-informa\/asaja-coag-y-upa-llaman-a-movilizarse-el-miercoles-4-en-madrid-por-la-grave-situacion-del-cereal#breadcrumb\"},\"inLanguage\":\"es\",\"potentialAction\":[{\"@type\":\"ReadAction\",\"target\":[\"https:\/\/www.asajacyl.com\/palencia\/asaja-palencia-informa\/asaja-coag-y-upa-llaman-a-movilizarse-el-miercoles-4-en-madrid-por-la-grave-situacion-del-cereal\"]}]},{\"@type\":\"ImageObject\",\"inLanguage\":\"es\",\"@id\":\"https:\/\/www.asajacyl.com\/palencia\/asaja-palencia-informa\/asaja-coag-y-upa-llaman-a-movilizarse-el-miercoles-4-en-madrid-por-la-grave-situacion-del-cereal#primaryimage\",\"url\":\"https:\/\/www.asajacyl.com\/palencia\/wp-content\/uploads\/sites\/3\/2024\/02\/Movilizacion-web-Ministerio.jpg\",\"contentUrl\":\"https:\/\/www.asajacyl.com\/palencia\/wp-content\/uploads\/sites\/3\/2024\/02\/Movilizacion-web-Ministerio.jpg\",\"width\":802,\"height\":702},{\"@type\":\"BreadcrumbList\",\"@id\":\"https:\/\/www.asajacyl.com\/palencia\/asaja-palencia-informa\/asaja-coag-y-upa-llaman-a-movilizarse-el-miercoles-4-en-madrid-por-la-grave-situacion-del-cereal#breadcrumb\",\"itemListElement\":[{\"@type\":\"ListItem\",\"position\":1,\"name\":\"Portada\",\"item\":\"https:\/\/www.asajacyl.com\/palencia\/\"},{\"@type\":\"ListItem\",\"position\":2,\"name\":\"ASAJA, COAG y UPA llaman a movilizarse en Madrid este mi\u00e9rcoles, 4 de junio, por la situaci\u00f3n del cereal\"}]},{\"@type\":\"WebSite\",\"@id\":\"https:\/\/www.asajacyl.com\/palencia\/#website\",\"url\":\"https:\/\/www.asajacyl.com\/palencia\/\",\"name\":\"ASAJA Palencia\",\"description\":\"Otro sitio m\u00e1s de Provincias ASAJA Castilla y Le\u00f3n\",\"potentialAction\":[{\"@type\":\"SearchAction\",\"target\":{\"@type\":\"EntryPoint\",\"urlTemplate\":\"https:\/\/www.asajacyl.com\/palencia\/?s={search_term_string}\"},\"query-input\":{\"@type\":\"PropertyValueSpecification\",\"valueRequired\":true,\"valueName\":\"search_term_string\"}}],\"inLanguage\":\"es\"},{\"@type\":\"Person\",\"@id\":\"https:\/\/www.asajacyl.com\/palencia\/#\/schema\/person\/3ab17aeb03527485c317557fae64aab1\",\"name\":\"Administrador\",\"image\":{\"@type\":\"ImageObject\",\"inLanguage\":\"es\",\"@id\":\"https:\/\/www.asajacyl.com\/palencia\/#\/schema\/person\/image\/\",\"url\":\"https:\/\/secure.gravatar.com\/avatar\/517384810d242ca9e38c180f3c9fb973?s=96&d=mm&r=g\",\"contentUrl\":\"https:\/\/secure.gravatar.com\/avatar\/517384810d242ca9e38c180f3c9fb973?s=96&d=mm&r=g\",\"caption\":\"Administrador\"},\"url\":\"https:\/\/www.asajacyl.com\/palencia\/author\/carlosrm\"}]}<\/script>\n<!-- \/ Yoast SEO plugin. -->","yoast_head_json":{"title":"ASAJA, COAG y UPA llaman a movilizarse en Madrid este mi\u00e9rcoles, 4 de junio, por la situaci\u00f3n del cereal - ASAJA Palencia","description":"ASAJA, COAG y UPA han convocado una concentraci\u00f3n frente al Ministerio de Agricultura, Pesca y Alimentaci\u00f3n en Madrid para el pr\u00f3ximo mi\u00e9rcoles, 4 de","robots":{"index":"index","follow":"follow","max-snippet":"max-snippet:-1","max-image-preview":"max-image-preview:large","max-video-preview":"max-video-preview:-1"},"canonical":"https:\/\/www.asajacyl.com\/palencia\/asaja-palencia-informa\/asaja-coag-y-upa-llaman-a-movilizarse-el-miercoles-4-en-madrid-por-la-grave-situacion-del-cereal","og_locale":"es_ES","og_type":"article","og_title":"ASAJA, COAG y UPA llaman a movilizarse en Madrid este mi\u00e9rcoles, 4 de junio, por la situaci\u00f3n del cereal - ASAJA Palencia","og_description":"ASAJA, COAG y UPA han convocado una concentraci\u00f3n frente al Ministerio de Agricultura, Pesca y Alimentaci\u00f3n en Madrid para el pr\u00f3ximo mi\u00e9rcoles, 4 de","og_url":"https:\/\/www.asajacyl.com\/palencia\/asaja-palencia-informa\/asaja-coag-y-upa-llaman-a-movilizarse-el-miercoles-4-en-madrid-por-la-grave-situacion-del-cereal","og_site_name":"ASAJA Palencia","article_published_time":"2025-05-30T13:00:10+00:00","article_modified_time":"2025-05-30T13:02:10+00:00","og_image":[{"width":802,"height":702,"url":"https:\/\/www.asajacyl.com\/palencia\/wp-content\/uploads\/sites\/3\/2024\/02\/Movilizacion-web-Ministerio.jpg","type":"image\/jpeg"}],"author":"Administrador","twitter_card":"summary_large_image","twitter_misc":{"Escrito por":"Administrador","Tiempo de lectura":"4 minutos"},"schema":{"@context":"https:\/\/schema.org","@graph":[{"@type":"WebPage","@id":"https:\/\/www.asajacyl.com\/palencia\/asaja-palencia-informa\/asaja-coag-y-upa-llaman-a-movilizarse-el-miercoles-4-en-madrid-por-la-grave-situacion-del-cereal","url":"https:\/\/www.asajacyl.com\/palencia\/asaja-palencia-informa\/asaja-coag-y-upa-llaman-a-movilizarse-el-miercoles-4-en-madrid-por-la-grave-situacion-del-cereal","name":"ASAJA, COAG y UPA llaman a movilizarse en Madrid este mi\u00e9rcoles, 4 de junio, por la situaci\u00f3n del cereal - ASAJA Palencia","isPartOf":{"@id":"https:\/\/www.asajacyl.com\/palencia\/#website"},"primaryImageOfPage":{"@id":"https:\/\/www.asajacyl.com\/palencia\/asaja-palencia-informa\/asaja-coag-y-upa-llaman-a-movilizarse-el-miercoles-4-en-madrid-por-la-grave-situacion-del-cereal#primaryimage"},"image":{"@id":"https:\/\/www.asajacyl.com\/palencia\/asaja-palencia-informa\/asaja-coag-y-upa-llaman-a-movilizarse-el-miercoles-4-en-madrid-por-la-grave-situacion-del-cereal#primaryimage"},"thumbnailUrl":"https:\/\/www.asajacyl.com\/palencia\/wp-content\/uploads\/sites\/3\/2024\/02\/Movilizacion-web-Ministerio.jpg","datePublished":"2025-05-30T13:00:10+00:00","dateModified":"2025-05-30T13:02:10+00:00","author":{"@id":"https:\/\/www.asajacyl.com\/palencia\/#\/schema\/person\/3ab17aeb03527485c317557fae64aab1"},"description":"ASAJA, COAG y UPA han convocado una concentraci\u00f3n frente al Ministerio de Agricultura, Pesca y Alimentaci\u00f3n en Madrid para el pr\u00f3ximo mi\u00e9rcoles, 4 de","breadcrumb":{"@id":"https:\/\/www.asajacyl.com\/palencia\/asaja-palencia-informa\/asaja-coag-y-upa-llaman-a-movilizarse-el-miercoles-4-en-madrid-por-la-grave-situacion-del-cereal#breadcrumb"},"inLanguage":"es","potentialAction":[{"@type":"ReadAction","target":["https:\/\/www.asajacyl.com\/palencia\/asaja-palencia-informa\/asaja-coag-y-upa-llaman-a-movilizarse-el-miercoles-4-en-madrid-por-la-grave-situacion-del-cereal"]}]},{"@type":"ImageObject","inLanguage":"es","@id":"https:\/\/www.asajacyl.com\/palencia\/asaja-palencia-informa\/asaja-coag-y-upa-llaman-a-movilizarse-el-miercoles-4-en-madrid-por-la-grave-situacion-del-cereal#primaryimage","url":"https:\/\/www.asajacyl.com\/palencia\/wp-content\/uploads\/sites\/3\/2024\/02\/Movilizacion-web-Ministerio.jpg","contentUrl":"https:\/\/www.asajacyl.com\/palencia\/wp-content\/uploads\/sites\/3\/2024\/02\/Movilizacion-web-Ministerio.jpg","width":802,"height":702},{"@type":"BreadcrumbList","@id":"https:\/\/www.asajacyl.com\/palencia\/asaja-palencia-informa\/asaja-coag-y-upa-llaman-a-movilizarse-el-miercoles-4-en-madrid-por-la-grave-situacion-del-cereal#breadcrumb","itemListElement":[{"@type":"ListItem","position":1,"name":"Portada","item":"https:\/\/www.asajacyl.com\/palencia\/"},{"@type":"ListItem","position":2,"name":"ASAJA, COAG y UPA llaman a movilizarse en Madrid este mi\u00e9rcoles, 4 de junio, por la situaci\u00f3n del cereal"}]},{"@type":"WebSite","@id":"https:\/\/www.asajacyl.com\/palencia\/#website","url":"https:\/\/www.asajacyl.com\/palencia\/","name":"ASAJA Palencia","description":"Otro sitio m\u00e1s de Provincias ASAJA Castilla y Le\u00f3n","potentialAction":[{"@type":"SearchAction","target":{"@type":"EntryPoint","urlTemplate":"https:\/\/www.asajacyl.com\/palencia\/?s={search_term_string}"},"query-input":{"@type":"PropertyValueSpecification","valueRequired":true,"valueName":"search_term_string"}}],"inLanguage":"es"},{"@type":"Person","@id":"https:\/\/www.asajacyl.com\/palencia\/#\/schema\/person\/3ab17aeb03527485c317557fae64aab1","name":"Administrador","image":{"@type":"ImageObject","inLanguage":"es","@id":"https:\/\/www.asajacyl.com\/palencia\/#\/schema\/person\/image\/","url":"https:\/\/secure.gravatar.com\/avatar\/517384810d242ca9e38c180f3c9fb973?s=96&d=mm&r=g","contentUrl":"https:\/\/secure.gravatar.com\/avatar\/517384810d242ca9e38c180f3c9fb973?s=96&d=mm&r=g","caption":"Administrador"},"url":"https:\/\/www.asajacyl.com\/palencia\/author\/carlosrm"}]}},"_links":{"self":[{"href":"https:\/\/www.asajacyl.com\/palencia\/wp-json\/wp\/v2\/posts\/20045"}],"collection":[{"href":"https:\/\/www.asajacyl.com\/palencia\/wp-json\/wp\/v2\/posts"}],"about":[{"href":"https:\/\/www.asajacyl.com\/palencia\/wp-json\/wp\/v2\/types\/post"}],"author":[{"embeddable":true,"href":"https:\/\/www.asajacyl.com\/palencia\/wp-json\/wp\/v2\/users\/9"}],"replies":[{"embeddable":true,"href":"https:\/\/www.asajacyl.com\/palencia\/wp-json\/wp\/v2\/comments?post=20045"}],"version-history":[{"count":3,"href":"https:\/\/www.asajacyl.com\/palencia\/wp-json\/wp\/v2\/posts\/20045\/revisions"}],"predecessor-version":[{"id":20050,"href":"https:\/\/www.asajacyl.com\/palencia\/wp-json\/wp\/v2\/posts\/20045\/revisions\/20050"}],"wp:featuredmedia":[{"embeddable":true,"href":"https:\/\/www.asajacyl.com\/palencia\/wp-json\/wp\/v2\/media\/15411"}],"wp:attachment":[{"href":"https:\/\/www.asajacyl.com\/palencia\/wp-json\/wp\/v2\/media?parent=20045"}],"wp:term":[{"taxonomy":"category","embeddable":true,"href":"https:\/\/www.asajacyl.com\/palencia\/wp-json\/wp\/v2\/categories?post=20045"},{"taxonomy":"post_tag","embeddable":true,"href":"https:\/\/www.asajacyl.com\/palencia\/wp-json\/wp\/v2\/tags?post=20045"}],"curies":[{"name":"wp","href":"https:\/\/api.w.org\/{rel}","templated":true}]}}