{"id":20101,"date":"2025-06-06T07:00:00","date_gmt":"2025-06-06T05:00:00","guid":{"rendered":"https:\/\/www.asajacyl.com\/palencia\/?p=20101"},"modified":"2025-06-05T14:31:56","modified_gmt":"2025-06-05T12:31:56","slug":"asaja-ofrece-desde-el-17-de-junio-un-curso-en-modalidad-mixta-de-incorporacion-a-la-empresa-agraria","status":"publish","type":"post","link":"https:\/\/www.asajacyl.com\/palencia\/asaja-palencia-informa\/asaja-ofrece-desde-el-17-de-junio-un-curso-en-modalidad-mixta-de-incorporacion-a-la-empresa-agraria","title":{"rendered":"ASAJA-CyL ofrece este verano un curso en modalidad mixta de incorporaci\u00f3n a la empresa agraria"},"content":{"rendered":"\n<h2 class=\"wp-block-heading\">ASAJA Castilla y Le\u00f3n imparte del 17 de junio al 25 de agosto un curso de incorporaci\u00f3n a la empresa agraria en modalidad mixta (telem\u00e1tico y presencial), actividad cofinanciada en un 55 % por la Uni\u00f3n Europea a trav\u00e9s del Fondo Europeo Agrario de Desarrollo Rural (FEADER).<\/h2>\n\n\n\n<p>Las acciones formativas est\u00e1n amparadas por la Orden de 23 de diciembre de 2024 por la que se convocan ayudas para la realizaci\u00f3n de acciones de formaci\u00f3n, informaci\u00f3n y demostraci\u00f3n en el marco de la intervenci\u00f3n \u00abTransferencia de conocimientos y actividades de formaci\u00f3n e informaci\u00f3n\u00bb del Plan Estrat\u00e9gico Nacional de la PAC en Espa\u00f1a 2023-2027, cofinanciadas por el FEADER y est\u00e1n dirigidas a todos los trabajadores del sector agrario y agroalimentario, y aquellos interesados en incorporarse a estos sectores.<\/p>\n\n\n\n<p>El curso es <strong>gratuito<\/strong>, tendr\u00e1 lugar en modalidad mixta (parte es presencial y parte es telem\u00e1tico) y las plazas son limitadas. Todos aquellos\u00a0<strong>interesados en inscribirse\u00a0<\/strong>lo pueden hacer en la\u00a0<a href=\"https:\/\/www.asajacyl.com\/organizacion\/contacto\/donde-estamos\" target=\"_blank\" rel=\"noreferrer noopener\">oficina de ASAJA de su provincia<\/a>. Para cualquier otra informaci\u00f3n pod\u00e9is dirigiros al tel\u00e9fono\u00a0<strong>983 472 350 (de 13:00 a 15:00 horas)\u00a0<\/strong>o al correo electr\u00f3nico:\u00a0<a href=\"mailto:formacion@asajacyl.com\">formacion@asajacyl.com<\/a><\/p>\n\n\n\n<p>Los objetivos de esta acci\u00f3n formativa son mejorar la capacitaci\u00f3n profesional de los sectores agrario, forestal\/medioambiental, agroalimentario y del desarrollo rural, con el objetivo transversal de modernizar el sector, fomentando y compartiendo el conocimiento, la innovaci\u00f3n y la digitalizaci\u00f3n en la agricultura y las zonas rurales, y alentando su adopci\u00f3n.<strong>\/<\/strong><\/p>\n\n\n\n<figure class=\"wp-block-image size-full is-resized\"><img loading=\"lazy\" decoding=\"async\" width=\"829\" height=\"510\" src=\"https:\/\/www.asajacyl.com\/palencia\/wp-content\/uploads\/sites\/3\/2025\/06\/CARTEL-2025-CYL_CONCEDIDO.jpg\" alt=\"\" class=\"wp-image-20104\" style=\"width:1063px;height:auto\" srcset=\"https:\/\/www.asajacyl.com\/palencia\/wp-content\/uploads\/sites\/3\/2025\/06\/CARTEL-2025-CYL_CONCEDIDO.jpg 829w, https:\/\/www.asajacyl.com\/palencia\/wp-content\/uploads\/sites\/3\/2025\/06\/CARTEL-2025-CYL_CONCEDIDO-300x185.jpg 300w, https:\/\/www.asajacyl.com\/palencia\/wp-content\/uploads\/sites\/3\/2025\/06\/CARTEL-2025-CYL_CONCEDIDO-768x472.jpg 768w, https:\/\/www.asajacyl.com\/palencia\/wp-content\/uploads\/sites\/3\/2025\/06\/CARTEL-2025-CYL_CONCEDIDO-683x420.jpg 683w, https:\/\/www.asajacyl.com\/palencia\/wp-content\/uploads\/sites\/3\/2025\/06\/CARTEL-2025-CYL_CONCEDIDO-696x428.jpg 696w, https:\/\/www.asajacyl.com\/palencia\/wp-content\/uploads\/sites\/3\/2025\/06\/CARTEL-2025-CYL_CONCEDIDO-356x220.jpg 356w\" sizes=\"(max-width: 829px) 100vw, 829px\" \/><\/figure>\n\n\n\n<p><\/p>\n\n\n\n<p><\/p>\n","protected":false},"excerpt":{"rendered":"<p>ASAJA Castilla y Le\u00f3n imparte del 17 de junio al 25 de agosto un curso de incorporaci\u00f3n a la empresa agraria en modalidad mixta (telem\u00e1tico y presencial), actividad cofinanciada en un 55 % por la Uni\u00f3n Europea a trav\u00e9s del Fondo Europeo Agrario de Desarrollo Rural (FEADER). Las acciones formativas est\u00e1n amparadas por la Orden [&hellip;]<\/p>\n","protected":false},"author":9,"featured_media":18414,"comment_status":"open","ping_status":"open","sticky":false,"template":"","format":"standard","meta":{"footnotes":""},"categories":[9,31,39,29,28,13],"tags":[58,753,351,443,49,107,77],"yoast_head":"<!-- This site is optimized with the Yoast SEO plugin v24.5 - https:\/\/yoast.com\/wordpress\/plugins\/seo\/ -->\n<title>ASAJA-CyL ofrece este verano un curso en modalidad mixta de incorporaci\u00f3n a la empresa agraria - ASAJA Palencia<\/title>\n<meta name=\"description\" content=\"ASAJA Castilla y Le\u00f3n imparte del 17 de junio al 25 de agosto un curso de incorporaci\u00f3n a la empresa agraria en modalidad mixta (telem\u00e1tico y presencial),\" \/>\n<meta name=\"robots\" content=\"index, follow, max-snippet:-1, max-image-preview:large, max-video-preview:-1\" \/>\n<link rel=\"canonical\" href=\"https:\/\/www.asajacyl.com\/palencia\/asaja-palencia-informa\/asaja-ofrece-desde-el-17-de-junio-un-curso-en-modalidad-mixta-de-incorporacion-a-la-empresa-agraria\" \/>\n<meta property=\"og:locale\" content=\"es_ES\" \/>\n<meta property=\"og:type\" content=\"article\" \/>\n<meta property=\"og:title\" content=\"ASAJA-CyL ofrece este verano un curso en modalidad mixta de incorporaci\u00f3n a la empresa agraria - ASAJA Palencia\" \/>\n<meta property=\"og:description\" content=\"ASAJA Castilla y Le\u00f3n imparte del 17 de junio al 25 de agosto un curso de incorporaci\u00f3n a la empresa agraria en modalidad mixta (telem\u00e1tico y presencial),\" \/>\n<meta property=\"og:url\" content=\"https:\/\/www.asajacyl.com\/palencia\/asaja-palencia-informa\/asaja-ofrece-desde-el-17-de-junio-un-curso-en-modalidad-mixta-de-incorporacion-a-la-empresa-agraria\" \/>\n<meta property=\"og:site_name\" content=\"ASAJA Palencia\" \/>\n<meta property=\"article:published_time\" content=\"2025-06-06T05:00:00+00:00\" \/>\n<meta property=\"og:image\" content=\"https:\/\/www.asajacyl.com\/palencia\/wp-content\/uploads\/sites\/3\/2024\/12\/jovenes-demostracion-maquinaria-web.jpg\" \/>\n\t<meta property=\"og:image:width\" content=\"1890\" \/>\n\t<meta property=\"og:image:height\" content=\"1654\" \/>\n\t<meta property=\"og:image:type\" content=\"image\/jpeg\" \/>\n<meta name=\"author\" content=\"Administrador\" \/>\n<meta name=\"twitter:card\" content=\"summary_large_image\" \/>\n<meta name=\"twitter:label1\" content=\"Escrito por\" \/>\n\t<meta name=\"twitter:data1\" content=\"Administrador\" \/>\n\t<meta name=\"twitter:label2\" content=\"Tiempo de lectura\" \/>\n\t<meta name=\"twitter:data2\" content=\"2 minutos\" \/>\n<script type=\"application\/ld+json\" class=\"yoast-schema-graph\">{\"@context\":\"https:\/\/schema.org\",\"@graph\":[{\"@type\":\"WebPage\",\"@id\":\"https:\/\/www.asajacyl.com\/palencia\/asaja-palencia-informa\/asaja-ofrece-desde-el-17-de-junio-un-curso-en-modalidad-mixta-de-incorporacion-a-la-empresa-agraria\",\"url\":\"https:\/\/www.asajacyl.com\/palencia\/asaja-palencia-informa\/asaja-ofrece-desde-el-17-de-junio-un-curso-en-modalidad-mixta-de-incorporacion-a-la-empresa-agraria\",\"name\":\"ASAJA-CyL ofrece este verano un curso en modalidad mixta de incorporaci\u00f3n a la empresa agraria - ASAJA Palencia\",\"isPartOf\":{\"@id\":\"https:\/\/www.asajacyl.com\/palencia\/#website\"},\"primaryImageOfPage\":{\"@id\":\"https:\/\/www.asajacyl.com\/palencia\/asaja-palencia-informa\/asaja-ofrece-desde-el-17-de-junio-un-curso-en-modalidad-mixta-de-incorporacion-a-la-empresa-agraria#primaryimage\"},\"image\":{\"@id\":\"https:\/\/www.asajacyl.com\/palencia\/asaja-palencia-informa\/asaja-ofrece-desde-el-17-de-junio-un-curso-en-modalidad-mixta-de-incorporacion-a-la-empresa-agraria#primaryimage\"},\"thumbnailUrl\":\"https:\/\/www.asajacyl.com\/palencia\/wp-content\/uploads\/sites\/3\/2024\/12\/jovenes-demostracion-maquinaria-web.jpg\",\"datePublished\":\"2025-06-06T05:00:00+00:00\",\"author\":{\"@id\":\"https:\/\/www.asajacyl.com\/palencia\/#\/schema\/person\/3ab17aeb03527485c317557fae64aab1\"},\"description\":\"ASAJA Castilla y Le\u00f3n imparte del 17 de junio al 25 de agosto un curso de incorporaci\u00f3n a la empresa agraria en modalidad mixta (telem\u00e1tico y presencial),\",\"breadcrumb\":{\"@id\":\"https:\/\/www.asajacyl.com\/palencia\/asaja-palencia-informa\/asaja-ofrece-desde-el-17-de-junio-un-curso-en-modalidad-mixta-de-incorporacion-a-la-empresa-agraria#breadcrumb\"},\"inLanguage\":\"es\",\"potentialAction\":[{\"@type\":\"ReadAction\",\"target\":[\"https:\/\/www.asajacyl.com\/palencia\/asaja-palencia-informa\/asaja-ofrece-desde-el-17-de-junio-un-curso-en-modalidad-mixta-de-incorporacion-a-la-empresa-agraria\"]}]},{\"@type\":\"ImageObject\",\"inLanguage\":\"es\",\"@id\":\"https:\/\/www.asajacyl.com\/palencia\/asaja-palencia-informa\/asaja-ofrece-desde-el-17-de-junio-un-curso-en-modalidad-mixta-de-incorporacion-a-la-empresa-agraria#primaryimage\",\"url\":\"https:\/\/www.asajacyl.com\/palencia\/wp-content\/uploads\/sites\/3\/2024\/12\/jovenes-demostracion-maquinaria-web.jpg\",\"contentUrl\":\"https:\/\/www.asajacyl.com\/palencia\/wp-content\/uploads\/sites\/3\/2024\/12\/jovenes-demostracion-maquinaria-web.jpg\",\"width\":1890,\"height\":1654},{\"@type\":\"BreadcrumbList\",\"@id\":\"https:\/\/www.asajacyl.com\/palencia\/asaja-palencia-informa\/asaja-ofrece-desde-el-17-de-junio-un-curso-en-modalidad-mixta-de-incorporacion-a-la-empresa-agraria#breadcrumb\",\"itemListElement\":[{\"@type\":\"ListItem\",\"position\":1,\"name\":\"Portada\",\"item\":\"https:\/\/www.asajacyl.com\/palencia\/\"},{\"@type\":\"ListItem\",\"position\":2,\"name\":\"ASAJA-CyL ofrece este verano un curso en modalidad mixta de incorporaci\u00f3n a la empresa agraria\"}]},{\"@type\":\"WebSite\",\"@id\":\"https:\/\/www.asajacyl.com\/palencia\/#website\",\"url\":\"https:\/\/www.asajacyl.com\/palencia\/\",\"name\":\"ASAJA Palencia\",\"description\":\"Otro sitio m\u00e1s de Provincias ASAJA Castilla y Le\u00f3n\",\"potentialAction\":[{\"@type\":\"SearchAction\",\"target\":{\"@type\":\"EntryPoint\",\"urlTemplate\":\"https:\/\/www.asajacyl.com\/palencia\/?s={search_term_string}\"},\"query-input\":{\"@type\":\"PropertyValueSpecification\",\"valueRequired\":true,\"valueName\":\"search_term_string\"}}],\"inLanguage\":\"es\"},{\"@type\":\"Person\",\"@id\":\"https:\/\/www.asajacyl.com\/palencia\/#\/schema\/person\/3ab17aeb03527485c317557fae64aab1\",\"name\":\"Administrador\",\"image\":{\"@type\":\"ImageObject\",\"inLanguage\":\"es\",\"@id\":\"https:\/\/www.asajacyl.com\/palencia\/#\/schema\/person\/image\/\",\"url\":\"https:\/\/secure.gravatar.com\/avatar\/517384810d242ca9e38c180f3c9fb973?s=96&d=mm&r=g\",\"contentUrl\":\"https:\/\/secure.gravatar.com\/avatar\/517384810d242ca9e38c180f3c9fb973?s=96&d=mm&r=g\",\"caption\":\"Administrador\"},\"url\":\"https:\/\/www.asajacyl.com\/palencia\/author\/carlosrm\"}]}<\/script>\n<!-- \/ Yoast SEO plugin. -->","yoast_head_json":{"title":"ASAJA-CyL ofrece este verano un curso en modalidad mixta de incorporaci\u00f3n a la empresa agraria - ASAJA Palencia","description":"ASAJA Castilla y Le\u00f3n imparte del 17 de junio al 25 de agosto un curso de incorporaci\u00f3n a la empresa agraria en modalidad mixta (telem\u00e1tico y presencial),","robots":{"index":"index","follow":"follow","max-snippet":"max-snippet:-1","max-image-preview":"max-image-preview:large","max-video-preview":"max-video-preview:-1"},"canonical":"https:\/\/www.asajacyl.com\/palencia\/asaja-palencia-informa\/asaja-ofrece-desde-el-17-de-junio-un-curso-en-modalidad-mixta-de-incorporacion-a-la-empresa-agraria","og_locale":"es_ES","og_type":"article","og_title":"ASAJA-CyL ofrece este verano un curso en modalidad mixta de incorporaci\u00f3n a la empresa agraria - ASAJA Palencia","og_description":"ASAJA Castilla y Le\u00f3n imparte del 17 de junio al 25 de agosto un curso de incorporaci\u00f3n a la empresa agraria en modalidad mixta (telem\u00e1tico y presencial),","og_url":"https:\/\/www.asajacyl.com\/palencia\/asaja-palencia-informa\/asaja-ofrece-desde-el-17-de-junio-un-curso-en-modalidad-mixta-de-incorporacion-a-la-empresa-agraria","og_site_name":"ASAJA Palencia","article_published_time":"2025-06-06T05:00:00+00:00","og_image":[{"width":1890,"height":1654,"url":"https:\/\/www.asajacyl.com\/palencia\/wp-content\/uploads\/sites\/3\/2024\/12\/jovenes-demostracion-maquinaria-web.jpg","type":"image\/jpeg"}],"author":"Administrador","twitter_card":"summary_large_image","twitter_misc":{"Escrito por":"Administrador","Tiempo de lectura":"2 minutos"},"schema":{"@context":"https:\/\/schema.org","@graph":[{"@type":"WebPage","@id":"https:\/\/www.asajacyl.com\/palencia\/asaja-palencia-informa\/asaja-ofrece-desde-el-17-de-junio-un-curso-en-modalidad-mixta-de-incorporacion-a-la-empresa-agraria","url":"https:\/\/www.asajacyl.com\/palencia\/asaja-palencia-informa\/asaja-ofrece-desde-el-17-de-junio-un-curso-en-modalidad-mixta-de-incorporacion-a-la-empresa-agraria","name":"ASAJA-CyL ofrece este verano un curso en modalidad mixta de incorporaci\u00f3n a la empresa agraria - ASAJA Palencia","isPartOf":{"@id":"https:\/\/www.asajacyl.com\/palencia\/#website"},"primaryImageOfPage":{"@id":"https:\/\/www.asajacyl.com\/palencia\/asaja-palencia-informa\/asaja-ofrece-desde-el-17-de-junio-un-curso-en-modalidad-mixta-de-incorporacion-a-la-empresa-agraria#primaryimage"},"image":{"@id":"https:\/\/www.asajacyl.com\/palencia\/asaja-palencia-informa\/asaja-ofrece-desde-el-17-de-junio-un-curso-en-modalidad-mixta-de-incorporacion-a-la-empresa-agraria#primaryimage"},"thumbnailUrl":"https:\/\/www.asajacyl.com\/palencia\/wp-content\/uploads\/sites\/3\/2024\/12\/jovenes-demostracion-maquinaria-web.jpg","datePublished":"2025-06-06T05:00:00+00:00","author":{"@id":"https:\/\/www.asajacyl.com\/palencia\/#\/schema\/person\/3ab17aeb03527485c317557fae64aab1"},"description":"ASAJA Castilla y Le\u00f3n imparte del 17 de junio al 25 de agosto un curso de incorporaci\u00f3n a la empresa agraria en modalidad mixta (telem\u00e1tico y presencial),","breadcrumb":{"@id":"https:\/\/www.asajacyl.com\/palencia\/asaja-palencia-informa\/asaja-ofrece-desde-el-17-de-junio-un-curso-en-modalidad-mixta-de-incorporacion-a-la-empresa-agraria#breadcrumb"},"inLanguage":"es","potentialAction":[{"@type":"ReadAction","target":["https:\/\/www.asajacyl.com\/palencia\/asaja-palencia-informa\/asaja-ofrece-desde-el-17-de-junio-un-curso-en-modalidad-mixta-de-incorporacion-a-la-empresa-agraria"]}]},{"@type":"ImageObject","inLanguage":"es","@id":"https:\/\/www.asajacyl.com\/palencia\/asaja-palencia-informa\/asaja-ofrece-desde-el-17-de-junio-un-curso-en-modalidad-mixta-de-incorporacion-a-la-empresa-agraria#primaryimage","url":"https:\/\/www.asajacyl.com\/palencia\/wp-content\/uploads\/sites\/3\/2024\/12\/jovenes-demostracion-maquinaria-web.jpg","contentUrl":"https:\/\/www.asajacyl.com\/palencia\/wp-content\/uploads\/sites\/3\/2024\/12\/jovenes-demostracion-maquinaria-web.jpg","width":1890,"height":1654},{"@type":"BreadcrumbList","@id":"https:\/\/www.asajacyl.com\/palencia\/asaja-palencia-informa\/asaja-ofrece-desde-el-17-de-junio-un-curso-en-modalidad-mixta-de-incorporacion-a-la-empresa-agraria#breadcrumb","itemListElement":[{"@type":"ListItem","position":1,"name":"Portada","item":"https:\/\/www.asajacyl.com\/palencia\/"},{"@type":"ListItem","position":2,"name":"ASAJA-CyL ofrece este verano un curso en modalidad mixta de incorporaci\u00f3n a la empresa agraria"}]},{"@type":"WebSite","@id":"https:\/\/www.asajacyl.com\/palencia\/#website","url":"https:\/\/www.asajacyl.com\/palencia\/","name":"ASAJA Palencia","description":"Otro sitio m\u00e1s de Provincias ASAJA Castilla y Le\u00f3n","potentialAction":[{"@type":"SearchAction","target":{"@type":"EntryPoint","urlTemplate":"https:\/\/www.asajacyl.com\/palencia\/?s={search_term_string}"},"query-input":{"@type":"PropertyValueSpecification","valueRequired":true,"valueName":"search_term_string"}}],"inLanguage":"es"},{"@type":"Person","@id":"https:\/\/www.asajacyl.com\/palencia\/#\/schema\/person\/3ab17aeb03527485c317557fae64aab1","name":"Administrador","image":{"@type":"ImageObject","inLanguage":"es","@id":"https:\/\/www.asajacyl.com\/palencia\/#\/schema\/person\/image\/","url":"https:\/\/secure.gravatar.com\/avatar\/517384810d242ca9e38c180f3c9fb973?s=96&d=mm&r=g","contentUrl":"https:\/\/secure.gravatar.com\/avatar\/517384810d242ca9e38c180f3c9fb973?s=96&d=mm&r=g","caption":"Administrador"},"url":"https:\/\/www.asajacyl.com\/palencia\/author\/carlosrm"}]}},"_links":{"self":[{"href":"https:\/\/www.asajacyl.com\/palencia\/wp-json\/wp\/v2\/posts\/20101"}],"collection":[{"href":"https:\/\/www.asajacyl.com\/palencia\/wp-json\/wp\/v2\/posts"}],"about":[{"href":"https:\/\/www.asajacyl.com\/palencia\/wp-json\/wp\/v2\/types\/post"}],"author":[{"embeddable":true,"href":"https:\/\/www.asajacyl.com\/palencia\/wp-json\/wp\/v2\/users\/9"}],"replies":[{"embeddable":true,"href":"https:\/\/www.asajacyl.com\/palencia\/wp-json\/wp\/v2\/comments?post=20101"}],"version-history":[{"count":4,"href":"https:\/\/www.asajacyl.com\/palencia\/wp-json\/wp\/v2\/posts\/20101\/revisions"}],"predecessor-version":[{"id":20106,"href":"https:\/\/www.asajacyl.com\/palencia\/wp-json\/wp\/v2\/posts\/20101\/revisions\/20106"}],"wp:featuredmedia":[{"embeddable":true,"href":"https:\/\/www.asajacyl.com\/palencia\/wp-json\/wp\/v2\/media\/18414"}],"wp:attachment":[{"href":"https:\/\/www.asajacyl.com\/palencia\/wp-json\/wp\/v2\/media?parent=20101"}],"wp:term":[{"taxonomy":"category","embeddable":true,"href":"https:\/\/www.asajacyl.com\/palencia\/wp-json\/wp\/v2\/categories?post=20101"},{"taxonomy":"post_tag","embeddable":true,"href":"https:\/\/www.asajacyl.com\/palencia\/wp-json\/wp\/v2\/tags?post=20101"}],"curies":[{"name":"wp","href":"https:\/\/api.w.org\/{rel}","templated":true}]}}