{"id":20132,"date":"2025-06-10T09:19:50","date_gmt":"2025-06-10T07:19:50","guid":{"rendered":"https:\/\/www.asajacyl.com\/palencia\/?p=20132"},"modified":"2025-06-10T09:19:52","modified_gmt":"2025-06-10T07:19:52","slug":"nueva-subida-de-las-terneras-en-la-lonja-de-salamanca-donde-encadenan-mes-y-medio-al-alza","status":"publish","type":"post","link":"https:\/\/www.asajacyl.com\/palencia\/sin-categoria\/nueva-subida-de-las-terneras-en-la-lonja-de-salamanca-donde-encadenan-mes-y-medio-al-alza","title":{"rendered":"Nueva subida de las terneras en la Lonja de Salamanca, donde encadenan mes y medio al alza"},"content":{"rendered":"\n<h2 class=\"wp-block-heading\">Las terneras han encadenado su sexta semana consecutiva de subida de cotizaci\u00f3n en la Lonja de Salamanca, que se explica por una oferta insuficiente para atender la buena demanda actual. Por el contrario, la sesi\u00f3n del lunes, 9 de junio, volvi\u00f3 a repetir los precios del a\u00f1ojo.<\/h2>\n\n\n\n<p>Pese a que los compradores pidieron repetir todas las categor\u00edas en la mesa del vacuno de carne, finalmente la lonja salmantina modific\u00f3 al alza las tablillas en lo que respecta a las terneras \u2014dos c\u00e9ntimos por kilogramo\u2014 y en los toros, los novillos y las vacas, que subieron cuatro c\u00e9ntimos por kilo.<\/p>\n\n\n\n<p>El creciente consumo de hamburguesas, tanto en el canal de la hosteler\u00eda como en los hogares, explica la buena salida que est\u00e1 encontrando la producci\u00f3n de bovino de carne, seg\u00fan explicaron los ganaderos este lunes.<\/p>\n\n\n\n<p>La mesa del bovino de vida, en cambio, marc\u00f3 una repetici\u00f3n de precios, no sin debate entre productores y compradores, en un contexto de oferta bastante ajustada y con mejor salida para las hembras. <\/p>\n\n\n\n<p>Tambi\u00e9n repitieron los lechazos en la mesa del ovino, pero los corderos (m\u00e1s de quince kilos) se apuntaron su tercera bajada consecutiva (dos c\u00e9ntimos menos por kilogramo).<\/p>\n\n\n\n<p>En cuanto a los productos agr\u00edcolas, a la espera de la sesi\u00f3n de este mi\u00e9rcoles en Le\u00f3n, se mantuvo el precio del trigo, pero bajaron un euiro por tonelada la cebada y la alfalfa; mientras el descenso lleg\u00f3 a dos y tres euros respectivamente en la avena y el ma\u00edz. En los forrajes, el extra subi\u00f3 un euro por tonelada y la veza se retoc\u00f3 diez euros al alza.<strong>\/<\/strong><\/p>\n\n\n\n<figure class=\"wp-block-image size-large\"><img loading=\"lazy\" decoding=\"async\" width=\"1024\" height=\"768\" src=\"https:\/\/www.asajacyl.com\/palencia\/wp-content\/uploads\/sites\/3\/2025\/06\/Precios-ganaderia-9junio2025-1024x768.png\" alt=\"\" class=\"wp-image-20133\" srcset=\"https:\/\/www.asajacyl.com\/palencia\/wp-content\/uploads\/sites\/3\/2025\/06\/Precios-ganaderia-9junio2025-1024x768.png 1024w, https:\/\/www.asajacyl.com\/palencia\/wp-content\/uploads\/sites\/3\/2025\/06\/Precios-ganaderia-9junio2025-300x225.png 300w, https:\/\/www.asajacyl.com\/palencia\/wp-content\/uploads\/sites\/3\/2025\/06\/Precios-ganaderia-9junio2025-768x576.png 768w, https:\/\/www.asajacyl.com\/palencia\/wp-content\/uploads\/sites\/3\/2025\/06\/Precios-ganaderia-9junio2025-1536x1152.png 1536w, https:\/\/www.asajacyl.com\/palencia\/wp-content\/uploads\/sites\/3\/2025\/06\/Precios-ganaderia-9junio2025-2048x1536.png 2048w, https:\/\/www.asajacyl.com\/palencia\/wp-content\/uploads\/sites\/3\/2025\/06\/Precios-ganaderia-9junio2025-560x420.png 560w, https:\/\/www.asajacyl.com\/palencia\/wp-content\/uploads\/sites\/3\/2025\/06\/Precios-ganaderia-9junio2025-80x60.png 80w, https:\/\/www.asajacyl.com\/palencia\/wp-content\/uploads\/sites\/3\/2025\/06\/Precios-ganaderia-9junio2025-696x522.png 696w, https:\/\/www.asajacyl.com\/palencia\/wp-content\/uploads\/sites\/3\/2025\/06\/Precios-ganaderia-9junio2025-1068x801.png 1068w, https:\/\/www.asajacyl.com\/palencia\/wp-content\/uploads\/sites\/3\/2025\/06\/Precios-ganaderia-9junio2025-1920x1440.png 1920w\" sizes=\"(max-width: 1024px) 100vw, 1024px\" \/><\/figure>\n","protected":false},"excerpt":{"rendered":"<p>Las terneras han encadenado su sexta semana consecutiva de subida de cotizaci\u00f3n en la Lonja de Salamanca, que se explica por una oferta insuficiente para atender la buena demanda actual. Por el contrario, la sesi\u00f3n del lunes, 9 de junio, volvi\u00f3 a repetir los precios del a\u00f1ojo. Pese a que los compradores pidieron repetir todas [&hellip;]<\/p>\n","protected":false},"author":9,"featured_media":20135,"comment_status":"open","ping_status":"open","sticky":false,"template":"","format":"standard","meta":{"footnotes":""},"categories":[9,29,36,28,13,1],"tags":[58,148,290,234,478,1454,203,46,651,1052,1455,477,219,1437,311,631,525,220,294],"yoast_head":"<!-- This site is optimized with the Yoast SEO plugin v24.5 - https:\/\/yoast.com\/wordpress\/plugins\/seo\/ -->\n<title>Nueva subida de las terneras en la Lonja de Salamanca, donde encadenan mes y medio al alza - ASAJA Palencia<\/title>\n<meta name=\"description\" content=\"Las terneras han encadenado su sexta semana consecutiva de subida de cotizaci\u00f3n en la Lonja de Salamanca, que se explica por una oferta insuficiente para\" \/>\n<meta name=\"robots\" content=\"index, follow, max-snippet:-1, max-image-preview:large, max-video-preview:-1\" \/>\n<link rel=\"canonical\" href=\"https:\/\/www.asajacyl.com\/palencia\/sin-categoria\/nueva-subida-de-las-terneras-en-la-lonja-de-salamanca-donde-encadenan-mes-y-medio-al-alza\" \/>\n<meta property=\"og:locale\" content=\"es_ES\" \/>\n<meta property=\"og:type\" content=\"article\" \/>\n<meta property=\"og:title\" content=\"Nueva subida de las terneras en la Lonja de Salamanca, donde encadenan mes y medio al alza - ASAJA Palencia\" \/>\n<meta property=\"og:description\" content=\"Las terneras han encadenado su sexta semana consecutiva de subida de cotizaci\u00f3n en la Lonja de Salamanca, que se explica por una oferta insuficiente para\" \/>\n<meta property=\"og:url\" content=\"https:\/\/www.asajacyl.com\/palencia\/sin-categoria\/nueva-subida-de-las-terneras-en-la-lonja-de-salamanca-donde-encadenan-mes-y-medio-al-alza\" \/>\n<meta property=\"og:site_name\" content=\"ASAJA Palencia\" \/>\n<meta property=\"article:published_time\" content=\"2025-06-10T07:19:50+00:00\" \/>\n<meta property=\"article:modified_time\" content=\"2025-06-10T07:19:52+00:00\" \/>\n<meta property=\"og:image\" content=\"https:\/\/www.asajacyl.com\/palencia\/wp-content\/uploads\/sites\/3\/2025\/06\/Bovino-carne-C-ARAG-ASAJA-WEB.jpg\" \/>\n\t<meta property=\"og:image:width\" content=\"1890\" \/>\n\t<meta property=\"og:image:height\" content=\"1654\" \/>\n\t<meta property=\"og:image:type\" content=\"image\/jpeg\" \/>\n<meta name=\"author\" content=\"Administrador\" \/>\n<meta name=\"twitter:card\" content=\"summary_large_image\" \/>\n<meta name=\"twitter:label1\" content=\"Escrito por\" \/>\n\t<meta name=\"twitter:data1\" content=\"Administrador\" \/>\n\t<meta name=\"twitter:label2\" content=\"Tiempo de lectura\" \/>\n\t<meta name=\"twitter:data2\" content=\"2 minutos\" \/>\n<script type=\"application\/ld+json\" class=\"yoast-schema-graph\">{\"@context\":\"https:\/\/schema.org\",\"@graph\":[{\"@type\":\"WebPage\",\"@id\":\"https:\/\/www.asajacyl.com\/palencia\/sin-categoria\/nueva-subida-de-las-terneras-en-la-lonja-de-salamanca-donde-encadenan-mes-y-medio-al-alza\",\"url\":\"https:\/\/www.asajacyl.com\/palencia\/sin-categoria\/nueva-subida-de-las-terneras-en-la-lonja-de-salamanca-donde-encadenan-mes-y-medio-al-alza\",\"name\":\"Nueva subida de las terneras en la Lonja de Salamanca, donde encadenan mes y medio al alza - ASAJA Palencia\",\"isPartOf\":{\"@id\":\"https:\/\/www.asajacyl.com\/palencia\/#website\"},\"primaryImageOfPage\":{\"@id\":\"https:\/\/www.asajacyl.com\/palencia\/sin-categoria\/nueva-subida-de-las-terneras-en-la-lonja-de-salamanca-donde-encadenan-mes-y-medio-al-alza#primaryimage\"},\"image\":{\"@id\":\"https:\/\/www.asajacyl.com\/palencia\/sin-categoria\/nueva-subida-de-las-terneras-en-la-lonja-de-salamanca-donde-encadenan-mes-y-medio-al-alza#primaryimage\"},\"thumbnailUrl\":\"https:\/\/www.asajacyl.com\/palencia\/wp-content\/uploads\/sites\/3\/2025\/06\/Bovino-carne-C-ARAG-ASAJA-WEB.jpg\",\"datePublished\":\"2025-06-10T07:19:50+00:00\",\"dateModified\":\"2025-06-10T07:19:52+00:00\",\"author\":{\"@id\":\"https:\/\/www.asajacyl.com\/palencia\/#\/schema\/person\/3ab17aeb03527485c317557fae64aab1\"},\"description\":\"Las terneras han encadenado su sexta semana consecutiva de subida de cotizaci\u00f3n en la Lonja de Salamanca, que se explica por una oferta insuficiente para\",\"breadcrumb\":{\"@id\":\"https:\/\/www.asajacyl.com\/palencia\/sin-categoria\/nueva-subida-de-las-terneras-en-la-lonja-de-salamanca-donde-encadenan-mes-y-medio-al-alza#breadcrumb\"},\"inLanguage\":\"es\",\"potentialAction\":[{\"@type\":\"ReadAction\",\"target\":[\"https:\/\/www.asajacyl.com\/palencia\/sin-categoria\/nueva-subida-de-las-terneras-en-la-lonja-de-salamanca-donde-encadenan-mes-y-medio-al-alza\"]}]},{\"@type\":\"ImageObject\",\"inLanguage\":\"es\",\"@id\":\"https:\/\/www.asajacyl.com\/palencia\/sin-categoria\/nueva-subida-de-las-terneras-en-la-lonja-de-salamanca-donde-encadenan-mes-y-medio-al-alza#primaryimage\",\"url\":\"https:\/\/www.asajacyl.com\/palencia\/wp-content\/uploads\/sites\/3\/2025\/06\/Bovino-carne-C-ARAG-ASAJA-WEB.jpg\",\"contentUrl\":\"https:\/\/www.asajacyl.com\/palencia\/wp-content\/uploads\/sites\/3\/2025\/06\/Bovino-carne-C-ARAG-ASAJA-WEB.jpg\",\"width\":1890,\"height\":1654},{\"@type\":\"BreadcrumbList\",\"@id\":\"https:\/\/www.asajacyl.com\/palencia\/sin-categoria\/nueva-subida-de-las-terneras-en-la-lonja-de-salamanca-donde-encadenan-mes-y-medio-al-alza#breadcrumb\",\"itemListElement\":[{\"@type\":\"ListItem\",\"position\":1,\"name\":\"Portada\",\"item\":\"https:\/\/www.asajacyl.com\/palencia\/\"},{\"@type\":\"ListItem\",\"position\":2,\"name\":\"Nueva subida de las terneras en la Lonja de Salamanca, donde encadenan mes y medio al alza\"}]},{\"@type\":\"WebSite\",\"@id\":\"https:\/\/www.asajacyl.com\/palencia\/#website\",\"url\":\"https:\/\/www.asajacyl.com\/palencia\/\",\"name\":\"ASAJA Palencia\",\"description\":\"Otro sitio m\u00e1s de Provincias ASAJA Castilla y Le\u00f3n\",\"potentialAction\":[{\"@type\":\"SearchAction\",\"target\":{\"@type\":\"EntryPoint\",\"urlTemplate\":\"https:\/\/www.asajacyl.com\/palencia\/?s={search_term_string}\"},\"query-input\":{\"@type\":\"PropertyValueSpecification\",\"valueRequired\":true,\"valueName\":\"search_term_string\"}}],\"inLanguage\":\"es\"},{\"@type\":\"Person\",\"@id\":\"https:\/\/www.asajacyl.com\/palencia\/#\/schema\/person\/3ab17aeb03527485c317557fae64aab1\",\"name\":\"Administrador\",\"image\":{\"@type\":\"ImageObject\",\"inLanguage\":\"es\",\"@id\":\"https:\/\/www.asajacyl.com\/palencia\/#\/schema\/person\/image\/\",\"url\":\"https:\/\/secure.gravatar.com\/avatar\/517384810d242ca9e38c180f3c9fb973?s=96&d=mm&r=g\",\"contentUrl\":\"https:\/\/secure.gravatar.com\/avatar\/517384810d242ca9e38c180f3c9fb973?s=96&d=mm&r=g\",\"caption\":\"Administrador\"},\"url\":\"https:\/\/www.asajacyl.com\/palencia\/author\/carlosrm\"}]}<\/script>\n<!-- \/ Yoast SEO plugin. -->","yoast_head_json":{"title":"Nueva subida de las terneras en la Lonja de Salamanca, donde encadenan mes y medio al alza - ASAJA Palencia","description":"Las terneras han encadenado su sexta semana consecutiva de subida de cotizaci\u00f3n en la Lonja de Salamanca, que se explica por una oferta insuficiente para","robots":{"index":"index","follow":"follow","max-snippet":"max-snippet:-1","max-image-preview":"max-image-preview:large","max-video-preview":"max-video-preview:-1"},"canonical":"https:\/\/www.asajacyl.com\/palencia\/sin-categoria\/nueva-subida-de-las-terneras-en-la-lonja-de-salamanca-donde-encadenan-mes-y-medio-al-alza","og_locale":"es_ES","og_type":"article","og_title":"Nueva subida de las terneras en la Lonja de Salamanca, donde encadenan mes y medio al alza - ASAJA Palencia","og_description":"Las terneras han encadenado su sexta semana consecutiva de subida de cotizaci\u00f3n en la Lonja de Salamanca, que se explica por una oferta insuficiente para","og_url":"https:\/\/www.asajacyl.com\/palencia\/sin-categoria\/nueva-subida-de-las-terneras-en-la-lonja-de-salamanca-donde-encadenan-mes-y-medio-al-alza","og_site_name":"ASAJA Palencia","article_published_time":"2025-06-10T07:19:50+00:00","article_modified_time":"2025-06-10T07:19:52+00:00","og_image":[{"width":1890,"height":1654,"url":"https:\/\/www.asajacyl.com\/palencia\/wp-content\/uploads\/sites\/3\/2025\/06\/Bovino-carne-C-ARAG-ASAJA-WEB.jpg","type":"image\/jpeg"}],"author":"Administrador","twitter_card":"summary_large_image","twitter_misc":{"Escrito por":"Administrador","Tiempo de lectura":"2 minutos"},"schema":{"@context":"https:\/\/schema.org","@graph":[{"@type":"WebPage","@id":"https:\/\/www.asajacyl.com\/palencia\/sin-categoria\/nueva-subida-de-las-terneras-en-la-lonja-de-salamanca-donde-encadenan-mes-y-medio-al-alza","url":"https:\/\/www.asajacyl.com\/palencia\/sin-categoria\/nueva-subida-de-las-terneras-en-la-lonja-de-salamanca-donde-encadenan-mes-y-medio-al-alza","name":"Nueva subida de las terneras en la Lonja de Salamanca, donde encadenan mes y medio al alza - ASAJA Palencia","isPartOf":{"@id":"https:\/\/www.asajacyl.com\/palencia\/#website"},"primaryImageOfPage":{"@id":"https:\/\/www.asajacyl.com\/palencia\/sin-categoria\/nueva-subida-de-las-terneras-en-la-lonja-de-salamanca-donde-encadenan-mes-y-medio-al-alza#primaryimage"},"image":{"@id":"https:\/\/www.asajacyl.com\/palencia\/sin-categoria\/nueva-subida-de-las-terneras-en-la-lonja-de-salamanca-donde-encadenan-mes-y-medio-al-alza#primaryimage"},"thumbnailUrl":"https:\/\/www.asajacyl.com\/palencia\/wp-content\/uploads\/sites\/3\/2025\/06\/Bovino-carne-C-ARAG-ASAJA-WEB.jpg","datePublished":"2025-06-10T07:19:50+00:00","dateModified":"2025-06-10T07:19:52+00:00","author":{"@id":"https:\/\/www.asajacyl.com\/palencia\/#\/schema\/person\/3ab17aeb03527485c317557fae64aab1"},"description":"Las terneras han encadenado su sexta semana consecutiva de subida de cotizaci\u00f3n en la Lonja de Salamanca, que se explica por una oferta insuficiente para","breadcrumb":{"@id":"https:\/\/www.asajacyl.com\/palencia\/sin-categoria\/nueva-subida-de-las-terneras-en-la-lonja-de-salamanca-donde-encadenan-mes-y-medio-al-alza#breadcrumb"},"inLanguage":"es","potentialAction":[{"@type":"ReadAction","target":["https:\/\/www.asajacyl.com\/palencia\/sin-categoria\/nueva-subida-de-las-terneras-en-la-lonja-de-salamanca-donde-encadenan-mes-y-medio-al-alza"]}]},{"@type":"ImageObject","inLanguage":"es","@id":"https:\/\/www.asajacyl.com\/palencia\/sin-categoria\/nueva-subida-de-las-terneras-en-la-lonja-de-salamanca-donde-encadenan-mes-y-medio-al-alza#primaryimage","url":"https:\/\/www.asajacyl.com\/palencia\/wp-content\/uploads\/sites\/3\/2025\/06\/Bovino-carne-C-ARAG-ASAJA-WEB.jpg","contentUrl":"https:\/\/www.asajacyl.com\/palencia\/wp-content\/uploads\/sites\/3\/2025\/06\/Bovino-carne-C-ARAG-ASAJA-WEB.jpg","width":1890,"height":1654},{"@type":"BreadcrumbList","@id":"https:\/\/www.asajacyl.com\/palencia\/sin-categoria\/nueva-subida-de-las-terneras-en-la-lonja-de-salamanca-donde-encadenan-mes-y-medio-al-alza#breadcrumb","itemListElement":[{"@type":"ListItem","position":1,"name":"Portada","item":"https:\/\/www.asajacyl.com\/palencia\/"},{"@type":"ListItem","position":2,"name":"Nueva subida de las terneras en la Lonja de Salamanca, donde encadenan mes y medio al alza"}]},{"@type":"WebSite","@id":"https:\/\/www.asajacyl.com\/palencia\/#website","url":"https:\/\/www.asajacyl.com\/palencia\/","name":"ASAJA Palencia","description":"Otro sitio m\u00e1s de Provincias ASAJA Castilla y Le\u00f3n","potentialAction":[{"@type":"SearchAction","target":{"@type":"EntryPoint","urlTemplate":"https:\/\/www.asajacyl.com\/palencia\/?s={search_term_string}"},"query-input":{"@type":"PropertyValueSpecification","valueRequired":true,"valueName":"search_term_string"}}],"inLanguage":"es"},{"@type":"Person","@id":"https:\/\/www.asajacyl.com\/palencia\/#\/schema\/person\/3ab17aeb03527485c317557fae64aab1","name":"Administrador","image":{"@type":"ImageObject","inLanguage":"es","@id":"https:\/\/www.asajacyl.com\/palencia\/#\/schema\/person\/image\/","url":"https:\/\/secure.gravatar.com\/avatar\/517384810d242ca9e38c180f3c9fb973?s=96&d=mm&r=g","contentUrl":"https:\/\/secure.gravatar.com\/avatar\/517384810d242ca9e38c180f3c9fb973?s=96&d=mm&r=g","caption":"Administrador"},"url":"https:\/\/www.asajacyl.com\/palencia\/author\/carlosrm"}]}},"_links":{"self":[{"href":"https:\/\/www.asajacyl.com\/palencia\/wp-json\/wp\/v2\/posts\/20132"}],"collection":[{"href":"https:\/\/www.asajacyl.com\/palencia\/wp-json\/wp\/v2\/posts"}],"about":[{"href":"https:\/\/www.asajacyl.com\/palencia\/wp-json\/wp\/v2\/types\/post"}],"author":[{"embeddable":true,"href":"https:\/\/www.asajacyl.com\/palencia\/wp-json\/wp\/v2\/users\/9"}],"replies":[{"embeddable":true,"href":"https:\/\/www.asajacyl.com\/palencia\/wp-json\/wp\/v2\/comments?post=20132"}],"version-history":[{"count":1,"href":"https:\/\/www.asajacyl.com\/palencia\/wp-json\/wp\/v2\/posts\/20132\/revisions"}],"predecessor-version":[{"id":20134,"href":"https:\/\/www.asajacyl.com\/palencia\/wp-json\/wp\/v2\/posts\/20132\/revisions\/20134"}],"wp:featuredmedia":[{"embeddable":true,"href":"https:\/\/www.asajacyl.com\/palencia\/wp-json\/wp\/v2\/media\/20135"}],"wp:attachment":[{"href":"https:\/\/www.asajacyl.com\/palencia\/wp-json\/wp\/v2\/media?parent=20132"}],"wp:term":[{"taxonomy":"category","embeddable":true,"href":"https:\/\/www.asajacyl.com\/palencia\/wp-json\/wp\/v2\/categories?post=20132"},{"taxonomy":"post_tag","embeddable":true,"href":"https:\/\/www.asajacyl.com\/palencia\/wp-json\/wp\/v2\/tags?post=20132"}],"curies":[{"name":"wp","href":"https:\/\/api.w.org\/{rel}","templated":true}]}}