{"id":20261,"date":"2025-06-26T10:38:15","date_gmt":"2025-06-26T08:38:15","guid":{"rendered":"https:\/\/www.asajacyl.com\/palencia\/?p=20261"},"modified":"2025-06-26T10:38:18","modified_gmt":"2025-06-26T08:38:18","slug":"asaja-exige-que-se-cumpla-el-mandato-de-la-ue-y-del-congreso-para-el-control-del-lobo","status":"publish","type":"post","link":"https:\/\/www.asajacyl.com\/palencia\/asaja-palencia-informa\/asaja-exige-que-se-cumpla-el-mandato-de-la-ue-y-del-congreso-para-el-control-del-lobo","title":{"rendered":"ASAJA exige que se cumpla el mandato de la UE y del Congreso para el control del lobo"},"content":{"rendered":"\n<h2 class=\"wp-block-heading\">ASAJA ciritica que el Ministerio para la Transici\u00f3n Ecol\u00f3gica y el Reto Demogr\u00e1fico se lave las manos en el asunto del lobo y deje a los ganaderos solos ante el peligro. La especie debe salir ya del listado de especial protecci\u00f3n y activarse en toda Espa\u00f1a la posibilidad de su control cineg\u00e9tico. Mientras Europa da un paso al frente, este Ministerio se aparta y deja el problema \u2014y sus costes\u2014 en manos del Ministerio de Agricultura.<\/h2>\n\n\n\n<p>ASAJA ha asistido este mi\u00e9rcoles, 25 de junio, a la reuni\u00f3n convocada por el secretario de Estado de Medio Ambiente, Hugo Mor\u00e1n, sobre la llamada mesa de di\u00e1logo para la coexistencia del lobo. La cita llega justo cuando la Uni\u00f3n Europea ha oficializado la\u00a0<strong>rebaja del nivel de protecci\u00f3n del lobo ib\u00e9rico<\/strong>. A partir del 14 de julio, la especie dejar\u00e1 de estar en r\u00e9gimen de protecci\u00f3n estricta, y su caza ser\u00e1 legal (tambi\u00e9n\u00a0al sur del Duero, por primera vez en m\u00e1s de treinta a\u00f1os).<\/p>\n\n\n\n<p>La modificaci\u00f3n de la Directiva de H\u00e1bitats de la UE, impulsada en parte tras las quejas presentadas por varios gobiernos auton\u00f3micos \u2014entre ellos, Castilla y Le\u00f3n\u2014, organizaciones como ASAJA y otras entidades europeas, activa en Espa\u00f1a la cl\u00e1usula incluida en la Ley contra el Desperdicio Alimentario, que obliga a\u00a0<strong>sacar al lobo del Listado de Especies con Protecci\u00f3n Especial en toda Espa\u00f1a<\/strong>, lo que reconoce, por fin, el derecho a gestionar una especie que causa miles de bajas al a\u00f1o en la ganader\u00eda extensiva.<\/p>\n\n\n\n<p>Sin embargo,\u00a0<strong>el Ministerio para la Transici\u00f3n Ecol\u00f3gica ha aprovechado este cambio para desligarse por completo del problema<\/strong>,\u00a0escud\u00e1ndose en que la competencia cineg\u00e9tica siempre ha correspondido al Ministerio de Agricultura. <\/p>\n\n\n\n<p>En la reuni\u00f3n de esta semana se ha limitado a se\u00f1alar que es\u00a0<strong>Agricultura quien tiene la competencia de la gesti\u00f3n de los da\u00f1os<\/strong>, incluidas las\u00a0<strong>indemnizaciones por ataques de lobos y conejos<\/strong>. El resultado es que\u00a0<strong>el asunto queda en el aire.\u00a0<\/strong>\u00a0Nadie concreta c\u00f3mo ni cu\u00e1ndo se compensar\u00e1n los da\u00f1os. Y mientras las competencias se reparten entre despachos,\u00a0<strong>el que vuelve a pagar el precio es el ganadero<\/strong>, que cada d\u00eda pierde animales sin saber qui\u00e9n va a responder.<\/p>\n\n\n\n<p><strong>AYUDAS REALISTAS.  <\/strong>ASAJA reclama ahora al Ministerio de Agricultura que act\u00fae con urgencia y que dise\u00f1e\u00a0<strong>un nuevo marco de ayudas que proteja a las explotaciones<\/strong>, que garantice indemnizaciones r\u00e1pidas y que permita gestionar de forma eficaz los da\u00f1os de toda las especies cineg\u00e9ticas.<\/p>\n\n\n\n<p>La coexistencia no puede convertirse en una excusa para mirar hacia otro lado. Hay que proteger al lobo, s\u00ed, pero sobre todo al que lo alimenta sin querer: al ganadero. ASAJA recuerda que\u00a0<strong>el cambio legal conseguido es fruto de un trabajo de fondo<\/strong>: a\u00f1os de protestas, de informes, de presi\u00f3n pol\u00edtica en Espa\u00f1a y en Bruselas. Sin ese esfuerzo colectivo, hoy el campo seguir\u00eda sin capacidad de defensa ante el lobo. Pero esa victoria no puede caer ahora en el vac\u00edo. Si la gesti\u00f3n no va acompa\u00f1ada de\u00a0<strong>recursos, compensaciones y voluntad pol\u00edtica<\/strong>, volveremos al punto de partida: la indefensi\u00f3n.<strong>\/<\/strong><\/p>\n","protected":false},"excerpt":{"rendered":"<p>ASAJA ciritica que el Ministerio para la Transici\u00f3n Ecol\u00f3gica y el Reto Demogr\u00e1fico se lave las manos en el asunto del lobo y deje a los ganaderos solos ante el peligro. La especie debe salir ya del listado de especial protecci\u00f3n y activarse en toda Espa\u00f1a la posibilidad de su control cineg\u00e9tico. Mientras Europa da [&hellip;]<\/p>\n","protected":false},"author":9,"featured_media":17454,"comment_status":"open","ping_status":"open","sticky":false,"template":"","format":"standard","meta":{"footnotes":""},"categories":[9,38,28,13],"tags":[1472,1473,351,270,231,77,474,1329,102,110,1471,339],"yoast_head":"<!-- This site is optimized with the Yoast SEO plugin v24.5 - https:\/\/yoast.com\/wordpress\/plugins\/seo\/ -->\n<title>ASAJA exige que se cumpla el mandato de la UE y del Congreso para el control del lobo - ASAJA Palencia<\/title>\n<meta name=\"description\" content=\"ASAJA ciritica que el Ministerio para la Transici\u00f3n Ecol\u00f3gica y el Reto Demogr\u00e1fico se lave las manos en el asunto del lobo y deje a los ganaderos solos\" \/>\n<meta name=\"robots\" content=\"index, follow, max-snippet:-1, max-image-preview:large, max-video-preview:-1\" \/>\n<link rel=\"canonical\" href=\"https:\/\/www.asajacyl.com\/palencia\/asaja-palencia-informa\/asaja-exige-que-se-cumpla-el-mandato-de-la-ue-y-del-congreso-para-el-control-del-lobo\" \/>\n<meta property=\"og:locale\" content=\"es_ES\" \/>\n<meta property=\"og:type\" content=\"article\" \/>\n<meta property=\"og:title\" content=\"ASAJA exige que se cumpla el mandato de la UE y del Congreso para el control del lobo - ASAJA Palencia\" \/>\n<meta property=\"og:description\" content=\"ASAJA ciritica que el Ministerio para la Transici\u00f3n Ecol\u00f3gica y el Reto Demogr\u00e1fico se lave las manos en el asunto del lobo y deje a los ganaderos solos\" \/>\n<meta property=\"og:url\" content=\"https:\/\/www.asajacyl.com\/palencia\/asaja-palencia-informa\/asaja-exige-que-se-cumpla-el-mandato-de-la-ue-y-del-congreso-para-el-control-del-lobo\" \/>\n<meta property=\"og:site_name\" content=\"ASAJA Palencia\" \/>\n<meta property=\"article:published_time\" content=\"2025-06-26T08:38:15+00:00\" \/>\n<meta property=\"article:modified_time\" content=\"2025-06-26T08:38:18+00:00\" \/>\n<meta property=\"og:image\" content=\"https:\/\/www.asajacyl.com\/palencia\/wp-content\/uploads\/sites\/3\/2024\/09\/Vaca-con-ternero-ataque-lobo-web.jpg\" \/>\n\t<meta property=\"og:image:width\" content=\"1890\" \/>\n\t<meta property=\"og:image:height\" content=\"1654\" \/>\n\t<meta property=\"og:image:type\" content=\"image\/jpeg\" \/>\n<meta name=\"author\" content=\"Administrador\" \/>\n<meta name=\"twitter:card\" content=\"summary_large_image\" \/>\n<meta name=\"twitter:label1\" content=\"Escrito por\" \/>\n\t<meta name=\"twitter:data1\" content=\"Administrador\" \/>\n\t<meta name=\"twitter:label2\" content=\"Tiempo de lectura\" \/>\n\t<meta name=\"twitter:data2\" content=\"3 minutos\" \/>\n<script type=\"application\/ld+json\" class=\"yoast-schema-graph\">{\"@context\":\"https:\/\/schema.org\",\"@graph\":[{\"@type\":\"WebPage\",\"@id\":\"https:\/\/www.asajacyl.com\/palencia\/asaja-palencia-informa\/asaja-exige-que-se-cumpla-el-mandato-de-la-ue-y-del-congreso-para-el-control-del-lobo\",\"url\":\"https:\/\/www.asajacyl.com\/palencia\/asaja-palencia-informa\/asaja-exige-que-se-cumpla-el-mandato-de-la-ue-y-del-congreso-para-el-control-del-lobo\",\"name\":\"ASAJA exige que se cumpla el mandato de la UE y del Congreso para el control del lobo - ASAJA Palencia\",\"isPartOf\":{\"@id\":\"https:\/\/www.asajacyl.com\/palencia\/#website\"},\"primaryImageOfPage\":{\"@id\":\"https:\/\/www.asajacyl.com\/palencia\/asaja-palencia-informa\/asaja-exige-que-se-cumpla-el-mandato-de-la-ue-y-del-congreso-para-el-control-del-lobo#primaryimage\"},\"image\":{\"@id\":\"https:\/\/www.asajacyl.com\/palencia\/asaja-palencia-informa\/asaja-exige-que-se-cumpla-el-mandato-de-la-ue-y-del-congreso-para-el-control-del-lobo#primaryimage\"},\"thumbnailUrl\":\"https:\/\/www.asajacyl.com\/palencia\/wp-content\/uploads\/sites\/3\/2024\/09\/Vaca-con-ternero-ataque-lobo-web.jpg\",\"datePublished\":\"2025-06-26T08:38:15+00:00\",\"dateModified\":\"2025-06-26T08:38:18+00:00\",\"author\":{\"@id\":\"https:\/\/www.asajacyl.com\/palencia\/#\/schema\/person\/3ab17aeb03527485c317557fae64aab1\"},\"description\":\"ASAJA ciritica que el Ministerio para la Transici\u00f3n Ecol\u00f3gica y el Reto Demogr\u00e1fico se lave las manos en el asunto del lobo y deje a los ganaderos solos\",\"breadcrumb\":{\"@id\":\"https:\/\/www.asajacyl.com\/palencia\/asaja-palencia-informa\/asaja-exige-que-se-cumpla-el-mandato-de-la-ue-y-del-congreso-para-el-control-del-lobo#breadcrumb\"},\"inLanguage\":\"es\",\"potentialAction\":[{\"@type\":\"ReadAction\",\"target\":[\"https:\/\/www.asajacyl.com\/palencia\/asaja-palencia-informa\/asaja-exige-que-se-cumpla-el-mandato-de-la-ue-y-del-congreso-para-el-control-del-lobo\"]}]},{\"@type\":\"ImageObject\",\"inLanguage\":\"es\",\"@id\":\"https:\/\/www.asajacyl.com\/palencia\/asaja-palencia-informa\/asaja-exige-que-se-cumpla-el-mandato-de-la-ue-y-del-congreso-para-el-control-del-lobo#primaryimage\",\"url\":\"https:\/\/www.asajacyl.com\/palencia\/wp-content\/uploads\/sites\/3\/2024\/09\/Vaca-con-ternero-ataque-lobo-web.jpg\",\"contentUrl\":\"https:\/\/www.asajacyl.com\/palencia\/wp-content\/uploads\/sites\/3\/2024\/09\/Vaca-con-ternero-ataque-lobo-web.jpg\",\"width\":1890,\"height\":1654},{\"@type\":\"BreadcrumbList\",\"@id\":\"https:\/\/www.asajacyl.com\/palencia\/asaja-palencia-informa\/asaja-exige-que-se-cumpla-el-mandato-de-la-ue-y-del-congreso-para-el-control-del-lobo#breadcrumb\",\"itemListElement\":[{\"@type\":\"ListItem\",\"position\":1,\"name\":\"Portada\",\"item\":\"https:\/\/www.asajacyl.com\/palencia\/\"},{\"@type\":\"ListItem\",\"position\":2,\"name\":\"ASAJA exige que se cumpla el mandato de la UE y del Congreso para el control del lobo\"}]},{\"@type\":\"WebSite\",\"@id\":\"https:\/\/www.asajacyl.com\/palencia\/#website\",\"url\":\"https:\/\/www.asajacyl.com\/palencia\/\",\"name\":\"ASAJA Palencia\",\"description\":\"Otro sitio m\u00e1s de Provincias ASAJA Castilla y Le\u00f3n\",\"potentialAction\":[{\"@type\":\"SearchAction\",\"target\":{\"@type\":\"EntryPoint\",\"urlTemplate\":\"https:\/\/www.asajacyl.com\/palencia\/?s={search_term_string}\"},\"query-input\":{\"@type\":\"PropertyValueSpecification\",\"valueRequired\":true,\"valueName\":\"search_term_string\"}}],\"inLanguage\":\"es\"},{\"@type\":\"Person\",\"@id\":\"https:\/\/www.asajacyl.com\/palencia\/#\/schema\/person\/3ab17aeb03527485c317557fae64aab1\",\"name\":\"Administrador\",\"image\":{\"@type\":\"ImageObject\",\"inLanguage\":\"es\",\"@id\":\"https:\/\/www.asajacyl.com\/palencia\/#\/schema\/person\/image\/\",\"url\":\"https:\/\/secure.gravatar.com\/avatar\/517384810d242ca9e38c180f3c9fb973?s=96&d=mm&r=g\",\"contentUrl\":\"https:\/\/secure.gravatar.com\/avatar\/517384810d242ca9e38c180f3c9fb973?s=96&d=mm&r=g\",\"caption\":\"Administrador\"},\"url\":\"https:\/\/www.asajacyl.com\/palencia\/author\/carlosrm\"}]}<\/script>\n<!-- \/ Yoast SEO plugin. -->","yoast_head_json":{"title":"ASAJA exige que se cumpla el mandato de la UE y del Congreso para el control del lobo - ASAJA Palencia","description":"ASAJA ciritica que el Ministerio para la Transici\u00f3n Ecol\u00f3gica y el Reto Demogr\u00e1fico se lave las manos en el asunto del lobo y deje a los ganaderos solos","robots":{"index":"index","follow":"follow","max-snippet":"max-snippet:-1","max-image-preview":"max-image-preview:large","max-video-preview":"max-video-preview:-1"},"canonical":"https:\/\/www.asajacyl.com\/palencia\/asaja-palencia-informa\/asaja-exige-que-se-cumpla-el-mandato-de-la-ue-y-del-congreso-para-el-control-del-lobo","og_locale":"es_ES","og_type":"article","og_title":"ASAJA exige que se cumpla el mandato de la UE y del Congreso para el control del lobo - ASAJA Palencia","og_description":"ASAJA ciritica que el Ministerio para la Transici\u00f3n Ecol\u00f3gica y el Reto Demogr\u00e1fico se lave las manos en el asunto del lobo y deje a los ganaderos solos","og_url":"https:\/\/www.asajacyl.com\/palencia\/asaja-palencia-informa\/asaja-exige-que-se-cumpla-el-mandato-de-la-ue-y-del-congreso-para-el-control-del-lobo","og_site_name":"ASAJA Palencia","article_published_time":"2025-06-26T08:38:15+00:00","article_modified_time":"2025-06-26T08:38:18+00:00","og_image":[{"width":1890,"height":1654,"url":"https:\/\/www.asajacyl.com\/palencia\/wp-content\/uploads\/sites\/3\/2024\/09\/Vaca-con-ternero-ataque-lobo-web.jpg","type":"image\/jpeg"}],"author":"Administrador","twitter_card":"summary_large_image","twitter_misc":{"Escrito por":"Administrador","Tiempo de lectura":"3 minutos"},"schema":{"@context":"https:\/\/schema.org","@graph":[{"@type":"WebPage","@id":"https:\/\/www.asajacyl.com\/palencia\/asaja-palencia-informa\/asaja-exige-que-se-cumpla-el-mandato-de-la-ue-y-del-congreso-para-el-control-del-lobo","url":"https:\/\/www.asajacyl.com\/palencia\/asaja-palencia-informa\/asaja-exige-que-se-cumpla-el-mandato-de-la-ue-y-del-congreso-para-el-control-del-lobo","name":"ASAJA exige que se cumpla el mandato de la UE y del Congreso para el control del lobo - ASAJA Palencia","isPartOf":{"@id":"https:\/\/www.asajacyl.com\/palencia\/#website"},"primaryImageOfPage":{"@id":"https:\/\/www.asajacyl.com\/palencia\/asaja-palencia-informa\/asaja-exige-que-se-cumpla-el-mandato-de-la-ue-y-del-congreso-para-el-control-del-lobo#primaryimage"},"image":{"@id":"https:\/\/www.asajacyl.com\/palencia\/asaja-palencia-informa\/asaja-exige-que-se-cumpla-el-mandato-de-la-ue-y-del-congreso-para-el-control-del-lobo#primaryimage"},"thumbnailUrl":"https:\/\/www.asajacyl.com\/palencia\/wp-content\/uploads\/sites\/3\/2024\/09\/Vaca-con-ternero-ataque-lobo-web.jpg","datePublished":"2025-06-26T08:38:15+00:00","dateModified":"2025-06-26T08:38:18+00:00","author":{"@id":"https:\/\/www.asajacyl.com\/palencia\/#\/schema\/person\/3ab17aeb03527485c317557fae64aab1"},"description":"ASAJA ciritica que el Ministerio para la Transici\u00f3n Ecol\u00f3gica y el Reto Demogr\u00e1fico se lave las manos en el asunto del lobo y deje a los ganaderos solos","breadcrumb":{"@id":"https:\/\/www.asajacyl.com\/palencia\/asaja-palencia-informa\/asaja-exige-que-se-cumpla-el-mandato-de-la-ue-y-del-congreso-para-el-control-del-lobo#breadcrumb"},"inLanguage":"es","potentialAction":[{"@type":"ReadAction","target":["https:\/\/www.asajacyl.com\/palencia\/asaja-palencia-informa\/asaja-exige-que-se-cumpla-el-mandato-de-la-ue-y-del-congreso-para-el-control-del-lobo"]}]},{"@type":"ImageObject","inLanguage":"es","@id":"https:\/\/www.asajacyl.com\/palencia\/asaja-palencia-informa\/asaja-exige-que-se-cumpla-el-mandato-de-la-ue-y-del-congreso-para-el-control-del-lobo#primaryimage","url":"https:\/\/www.asajacyl.com\/palencia\/wp-content\/uploads\/sites\/3\/2024\/09\/Vaca-con-ternero-ataque-lobo-web.jpg","contentUrl":"https:\/\/www.asajacyl.com\/palencia\/wp-content\/uploads\/sites\/3\/2024\/09\/Vaca-con-ternero-ataque-lobo-web.jpg","width":1890,"height":1654},{"@type":"BreadcrumbList","@id":"https:\/\/www.asajacyl.com\/palencia\/asaja-palencia-informa\/asaja-exige-que-se-cumpla-el-mandato-de-la-ue-y-del-congreso-para-el-control-del-lobo#breadcrumb","itemListElement":[{"@type":"ListItem","position":1,"name":"Portada","item":"https:\/\/www.asajacyl.com\/palencia\/"},{"@type":"ListItem","position":2,"name":"ASAJA exige que se cumpla el mandato de la UE y del Congreso para el control del lobo"}]},{"@type":"WebSite","@id":"https:\/\/www.asajacyl.com\/palencia\/#website","url":"https:\/\/www.asajacyl.com\/palencia\/","name":"ASAJA Palencia","description":"Otro sitio m\u00e1s de Provincias ASAJA Castilla y Le\u00f3n","potentialAction":[{"@type":"SearchAction","target":{"@type":"EntryPoint","urlTemplate":"https:\/\/www.asajacyl.com\/palencia\/?s={search_term_string}"},"query-input":{"@type":"PropertyValueSpecification","valueRequired":true,"valueName":"search_term_string"}}],"inLanguage":"es"},{"@type":"Person","@id":"https:\/\/www.asajacyl.com\/palencia\/#\/schema\/person\/3ab17aeb03527485c317557fae64aab1","name":"Administrador","image":{"@type":"ImageObject","inLanguage":"es","@id":"https:\/\/www.asajacyl.com\/palencia\/#\/schema\/person\/image\/","url":"https:\/\/secure.gravatar.com\/avatar\/517384810d242ca9e38c180f3c9fb973?s=96&d=mm&r=g","contentUrl":"https:\/\/secure.gravatar.com\/avatar\/517384810d242ca9e38c180f3c9fb973?s=96&d=mm&r=g","caption":"Administrador"},"url":"https:\/\/www.asajacyl.com\/palencia\/author\/carlosrm"}]}},"_links":{"self":[{"href":"https:\/\/www.asajacyl.com\/palencia\/wp-json\/wp\/v2\/posts\/20261"}],"collection":[{"href":"https:\/\/www.asajacyl.com\/palencia\/wp-json\/wp\/v2\/posts"}],"about":[{"href":"https:\/\/www.asajacyl.com\/palencia\/wp-json\/wp\/v2\/types\/post"}],"author":[{"embeddable":true,"href":"https:\/\/www.asajacyl.com\/palencia\/wp-json\/wp\/v2\/users\/9"}],"replies":[{"embeddable":true,"href":"https:\/\/www.asajacyl.com\/palencia\/wp-json\/wp\/v2\/comments?post=20261"}],"version-history":[{"count":1,"href":"https:\/\/www.asajacyl.com\/palencia\/wp-json\/wp\/v2\/posts\/20261\/revisions"}],"predecessor-version":[{"id":20263,"href":"https:\/\/www.asajacyl.com\/palencia\/wp-json\/wp\/v2\/posts\/20261\/revisions\/20263"}],"wp:featuredmedia":[{"embeddable":true,"href":"https:\/\/www.asajacyl.com\/palencia\/wp-json\/wp\/v2\/media\/17454"}],"wp:attachment":[{"href":"https:\/\/www.asajacyl.com\/palencia\/wp-json\/wp\/v2\/media?parent=20261"}],"wp:term":[{"taxonomy":"category","embeddable":true,"href":"https:\/\/www.asajacyl.com\/palencia\/wp-json\/wp\/v2\/categories?post=20261"},{"taxonomy":"post_tag","embeddable":true,"href":"https:\/\/www.asajacyl.com\/palencia\/wp-json\/wp\/v2\/tags?post=20261"}],"curies":[{"name":"wp","href":"https:\/\/api.w.org\/{rel}","templated":true}]}}