{"id":20300,"date":"2025-07-01T07:30:00","date_gmt":"2025-07-01T05:30:00","guid":{"rendered":"https:\/\/www.asajacyl.com\/palencia\/?p=20300"},"modified":"2025-06-30T12:21:19","modified_gmt":"2025-06-30T10:21:19","slug":"nueva-subida-de-los-lechazos-ante-la-escasez-de-oferta-para-una-fuerte-demanda-estival","status":"publish","type":"post","link":"https:\/\/www.asajacyl.com\/palencia\/asaja-palencia-informa\/nueva-subida-de-los-lechazos-ante-la-escasez-de-oferta-para-una-fuerte-demanda-estival","title":{"rendered":"Nueva subida de los lechazos ante la escasez de oferta para una fuerte demanda estival"},"content":{"rendered":"\n<h2 class=\"wp-block-heading\">La demanda de lechazo se acent\u00faa en los meses de verano, debido a las fiestas por toda la geograf\u00eda nacional y a los encuentros familiares, pero la oferta de esta carne ovino de calidad sigue muy ajustada. Nada extra\u00f1a, pues, la subida de algo m\u00e1s de medio euro por kilo que constat\u00f3 la Mesa del Lechazo de Castilla y Le\u00f3n el pasado viernes con respecto a la sesi\u00f3n celebrada dos semanas antes, tendencia que hab\u00edan apuntado ya las lonjas provinciales.<\/h2>\n\n\n\n<p>Los lechazos siguen su paulatina escalada de cotizaci\u00f3n, que muy probablemente alcance su pico en la primera semana de diciembre, cara a la campa\u00f1a navide\u00f1a, \u00e9poca de mayor demanda de todo el a\u00f1o. El tir\u00f3n del lechazo durante los meses de verano es notable, aunque en t\u00e9rminos cuantitavivos no puede compararse con el de las fiestas de Navidad, que adem\u00e1s se concentra en unas pocas semanas. <\/p>\n\n\n\n<p>Esto ha tenido su reflejo en la Mesa del Lechazo de Castilla y Le\u00f3n, cuya lonja quincenal en Tordesillas (Valladolid) constituye una importante referencia. El pasado viernes 27 de junio subieron 55 c\u00e9ntimos por kilogramo las tres categor\u00edas: lechazo IGP de Castilla y Le\u00f3n, lechazo Tierra de Sabor y lechazo sin marchamo de hasta doce kilos de peso.<\/p>\n\n\n\n<p>Este \u00faltimo se sit\u00faa ya en unos redondos seis euros por kilo, precio que no alcanzaba la pasada campa\u00f1a hasta la segunda quincena de agosto, y que se mantuvo as\u00ed durante todo el oto\u00f1o de 2024. A fecha de hoy, las tres categor\u00edas operan a unos noventa euros por kilo m\u00e1s que el pasado a\u00f1o por estas mismas fechas, con subidas interanuales en la horquilla del 16-18 %.<\/p>\n\n\n\n<p><strong>PIEZAS COTIZADAS. <\/strong>La menor oferta de lechazo explica esta revalorizaci\u00f3n. Seg\u00fan los datos m\u00e1s recientes del Ministerio de Agricultura, Pesca y Alimentaci\u00f3n, el n\u00famero de cabezas de ovino sacrificadas en Espa\u00f1a baj\u00f3 el 4 % en el primer cuatrimestre (enero-abril) con respecto al mismo periodo de 2024, descenso que alcanz\u00f3 nda menos que el 11,7 % en Castilla y Le\u00f3n. <\/p>\n\n\n\n<p>En t\u00e9rminos de peso, sin embargo, a nivel nacional se sacrific\u00f3 el 2,4 % m\u00e1s de ovino en el citado cuatrimestre que en el periodo enero-abril de 2024. Pero en Castilla y Le\u00f3n s\u00ed se produjo tambi\u00e9n descenso \u2014y muy acentuado, -15,2 %\u2014 en t\u00e9rminos de peso de ovino sacrificado. Esta disparidad refleja claramente el tipo de ganado ovino cuya demanda va en aumento en Espa\u00f1a, mientras la disponibilidad del lechazo tradicionalmente consumido en nuestra comunidad \u2014de hasta doce kilos aproximadamente\u2014 se resiente por el paulatino abandono de las explotaciones de car\u00e1cter m\u00e1s familiar. <\/p>\n\n\n\n<p><strong>BOVINO DE CARNE. <\/strong>Por lo que se refiere al ovino para matadero, la Lonja de Salamanca de este lunes, 30 de junio, vivi\u00f3 una jornada relativamente tranquila, con unaminidad de ganaderos y compradores a la hora de mantener los mismos precios de la semana anterior en terneras y a\u00f1ojos. <\/p>\n\n\n\n<p>Mientras estas categor\u00edas se muestran estables, las de erales, toros, novillos y vacas reafirmaron su tendencia alcista, con una nueva subida de tres c\u00e9ntimos por kilo en las canales.<\/p>\n\n\n\n<figure class=\"wp-block-image size-large is-resized\"><img loading=\"lazy\" decoding=\"async\" width=\"1024\" height=\"768\" src=\"https:\/\/www.asajacyl.com\/palencia\/wp-content\/uploads\/sites\/3\/2025\/06\/Tabla-precios-ganaderia-30mayo2025-1024x768.png\" alt=\"\" class=\"wp-image-20301\" style=\"width:1069px;height:auto\" srcset=\"https:\/\/www.asajacyl.com\/palencia\/wp-content\/uploads\/sites\/3\/2025\/06\/Tabla-precios-ganaderia-30mayo2025-1024x768.png 1024w, https:\/\/www.asajacyl.com\/palencia\/wp-content\/uploads\/sites\/3\/2025\/06\/Tabla-precios-ganaderia-30mayo2025-300x225.png 300w, https:\/\/www.asajacyl.com\/palencia\/wp-content\/uploads\/sites\/3\/2025\/06\/Tabla-precios-ganaderia-30mayo2025-768x576.png 768w, https:\/\/www.asajacyl.com\/palencia\/wp-content\/uploads\/sites\/3\/2025\/06\/Tabla-precios-ganaderia-30mayo2025-1536x1152.png 1536w, https:\/\/www.asajacyl.com\/palencia\/wp-content\/uploads\/sites\/3\/2025\/06\/Tabla-precios-ganaderia-30mayo2025-2048x1536.png 2048w, https:\/\/www.asajacyl.com\/palencia\/wp-content\/uploads\/sites\/3\/2025\/06\/Tabla-precios-ganaderia-30mayo2025-560x420.png 560w, https:\/\/www.asajacyl.com\/palencia\/wp-content\/uploads\/sites\/3\/2025\/06\/Tabla-precios-ganaderia-30mayo2025-80x60.png 80w, https:\/\/www.asajacyl.com\/palencia\/wp-content\/uploads\/sites\/3\/2025\/06\/Tabla-precios-ganaderia-30mayo2025-696x522.png 696w, https:\/\/www.asajacyl.com\/palencia\/wp-content\/uploads\/sites\/3\/2025\/06\/Tabla-precios-ganaderia-30mayo2025-1068x801.png 1068w, https:\/\/www.asajacyl.com\/palencia\/wp-content\/uploads\/sites\/3\/2025\/06\/Tabla-precios-ganaderia-30mayo2025-1920x1440.png 1920w\" sizes=\"(max-width: 1024px) 100vw, 1024px\" \/><\/figure>\n","protected":false},"excerpt":{"rendered":"<p>La demanda de lechazo se acent\u00faa en los meses de verano, debido a las fiestas por toda la geograf\u00eda nacional y a los encuentros familiares, pero la oferta de esta carne ovino de calidad sigue muy ajustada. Nada extra\u00f1a, pues, la subida de algo m\u00e1s de medio euro por kilo que constat\u00f3 la Mesa del [&hellip;]<\/p>\n","protected":false},"author":9,"featured_media":20302,"comment_status":"open","ping_status":"open","sticky":false,"template":"","format":"standard","meta":{"footnotes":""},"categories":[9,29,36,28,13],"tags":[478,351,77,477,637,638,1437,143,311,631,525,987,144],"yoast_head":"<!-- This site is optimized with the Yoast SEO plugin v24.5 - https:\/\/yoast.com\/wordpress\/plugins\/seo\/ -->\n<title>Nueva subida de los lechazos ante la escasez de oferta para una fuerte demanda estival - ASAJA Palencia<\/title>\n<meta name=\"description\" content=\"La demanda de lechazo se acent\u00faa en los meses de verano, debido a las fiestas por toda la geograf\u00eda nacional y a los encuentros familiares, pero la oferta\" \/>\n<meta name=\"robots\" content=\"index, follow, max-snippet:-1, max-image-preview:large, max-video-preview:-1\" \/>\n<link rel=\"canonical\" href=\"https:\/\/www.asajacyl.com\/palencia\/asaja-palencia-informa\/nueva-subida-de-los-lechazos-ante-la-escasez-de-oferta-para-una-fuerte-demanda-estival\" \/>\n<meta property=\"og:locale\" content=\"es_ES\" \/>\n<meta property=\"og:type\" content=\"article\" \/>\n<meta property=\"og:title\" content=\"Nueva subida de los lechazos ante la escasez de oferta para una fuerte demanda estival - ASAJA Palencia\" \/>\n<meta property=\"og:description\" content=\"La demanda de lechazo se acent\u00faa en los meses de verano, debido a las fiestas por toda la geograf\u00eda nacional y a los encuentros familiares, pero la oferta\" \/>\n<meta property=\"og:url\" content=\"https:\/\/www.asajacyl.com\/palencia\/asaja-palencia-informa\/nueva-subida-de-los-lechazos-ante-la-escasez-de-oferta-para-una-fuerte-demanda-estival\" \/>\n<meta property=\"og:site_name\" content=\"ASAJA Palencia\" \/>\n<meta property=\"article:published_time\" content=\"2025-07-01T05:30:00+00:00\" \/>\n<meta property=\"og:image\" content=\"https:\/\/www.asajacyl.com\/palencia\/wp-content\/uploads\/sites\/3\/2025\/06\/Lechazo-c-ASAJA-CyL-web-1024x896.jpg\" \/>\n\t<meta property=\"og:image:width\" content=\"1024\" \/>\n\t<meta property=\"og:image:height\" content=\"896\" \/>\n\t<meta property=\"og:image:type\" content=\"image\/jpeg\" \/>\n<meta name=\"author\" content=\"Administrador\" \/>\n<meta name=\"twitter:card\" content=\"summary_large_image\" \/>\n<meta name=\"twitter:label1\" content=\"Escrito por\" \/>\n\t<meta name=\"twitter:data1\" content=\"Administrador\" \/>\n\t<meta name=\"twitter:label2\" content=\"Tiempo de lectura\" \/>\n\t<meta name=\"twitter:data2\" content=\"3 minutos\" \/>\n<script type=\"application\/ld+json\" class=\"yoast-schema-graph\">{\"@context\":\"https:\/\/schema.org\",\"@graph\":[{\"@type\":\"WebPage\",\"@id\":\"https:\/\/www.asajacyl.com\/palencia\/asaja-palencia-informa\/nueva-subida-de-los-lechazos-ante-la-escasez-de-oferta-para-una-fuerte-demanda-estival\",\"url\":\"https:\/\/www.asajacyl.com\/palencia\/asaja-palencia-informa\/nueva-subida-de-los-lechazos-ante-la-escasez-de-oferta-para-una-fuerte-demanda-estival\",\"name\":\"Nueva subida de los lechazos ante la escasez de oferta para una fuerte demanda estival - ASAJA Palencia\",\"isPartOf\":{\"@id\":\"https:\/\/www.asajacyl.com\/palencia\/#website\"},\"primaryImageOfPage\":{\"@id\":\"https:\/\/www.asajacyl.com\/palencia\/asaja-palencia-informa\/nueva-subida-de-los-lechazos-ante-la-escasez-de-oferta-para-una-fuerte-demanda-estival#primaryimage\"},\"image\":{\"@id\":\"https:\/\/www.asajacyl.com\/palencia\/asaja-palencia-informa\/nueva-subida-de-los-lechazos-ante-la-escasez-de-oferta-para-una-fuerte-demanda-estival#primaryimage\"},\"thumbnailUrl\":\"https:\/\/www.asajacyl.com\/palencia\/wp-content\/uploads\/sites\/3\/2025\/06\/Lechazo-c-ASAJA-CyL-web.jpg\",\"datePublished\":\"2025-07-01T05:30:00+00:00\",\"author\":{\"@id\":\"https:\/\/www.asajacyl.com\/palencia\/#\/schema\/person\/3ab17aeb03527485c317557fae64aab1\"},\"description\":\"La demanda de lechazo se acent\u00faa en los meses de verano, debido a las fiestas por toda la geograf\u00eda nacional y a los encuentros familiares, pero la oferta\",\"breadcrumb\":{\"@id\":\"https:\/\/www.asajacyl.com\/palencia\/asaja-palencia-informa\/nueva-subida-de-los-lechazos-ante-la-escasez-de-oferta-para-una-fuerte-demanda-estival#breadcrumb\"},\"inLanguage\":\"es\",\"potentialAction\":[{\"@type\":\"ReadAction\",\"target\":[\"https:\/\/www.asajacyl.com\/palencia\/asaja-palencia-informa\/nueva-subida-de-los-lechazos-ante-la-escasez-de-oferta-para-una-fuerte-demanda-estival\"]}]},{\"@type\":\"ImageObject\",\"inLanguage\":\"es\",\"@id\":\"https:\/\/www.asajacyl.com\/palencia\/asaja-palencia-informa\/nueva-subida-de-los-lechazos-ante-la-escasez-de-oferta-para-una-fuerte-demanda-estival#primaryimage\",\"url\":\"https:\/\/www.asajacyl.com\/palencia\/wp-content\/uploads\/sites\/3\/2025\/06\/Lechazo-c-ASAJA-CyL-web.jpg\",\"contentUrl\":\"https:\/\/www.asajacyl.com\/palencia\/wp-content\/uploads\/sites\/3\/2025\/06\/Lechazo-c-ASAJA-CyL-web.jpg\",\"width\":1890,\"height\":1654},{\"@type\":\"BreadcrumbList\",\"@id\":\"https:\/\/www.asajacyl.com\/palencia\/asaja-palencia-informa\/nueva-subida-de-los-lechazos-ante-la-escasez-de-oferta-para-una-fuerte-demanda-estival#breadcrumb\",\"itemListElement\":[{\"@type\":\"ListItem\",\"position\":1,\"name\":\"Portada\",\"item\":\"https:\/\/www.asajacyl.com\/palencia\/\"},{\"@type\":\"ListItem\",\"position\":2,\"name\":\"Nueva subida de los lechazos ante la escasez de oferta para una fuerte demanda estival\"}]},{\"@type\":\"WebSite\",\"@id\":\"https:\/\/www.asajacyl.com\/palencia\/#website\",\"url\":\"https:\/\/www.asajacyl.com\/palencia\/\",\"name\":\"ASAJA Palencia\",\"description\":\"Otro sitio m\u00e1s de Provincias ASAJA Castilla y Le\u00f3n\",\"potentialAction\":[{\"@type\":\"SearchAction\",\"target\":{\"@type\":\"EntryPoint\",\"urlTemplate\":\"https:\/\/www.asajacyl.com\/palencia\/?s={search_term_string}\"},\"query-input\":{\"@type\":\"PropertyValueSpecification\",\"valueRequired\":true,\"valueName\":\"search_term_string\"}}],\"inLanguage\":\"es\"},{\"@type\":\"Person\",\"@id\":\"https:\/\/www.asajacyl.com\/palencia\/#\/schema\/person\/3ab17aeb03527485c317557fae64aab1\",\"name\":\"Administrador\",\"image\":{\"@type\":\"ImageObject\",\"inLanguage\":\"es\",\"@id\":\"https:\/\/www.asajacyl.com\/palencia\/#\/schema\/person\/image\/\",\"url\":\"https:\/\/secure.gravatar.com\/avatar\/517384810d242ca9e38c180f3c9fb973?s=96&d=mm&r=g\",\"contentUrl\":\"https:\/\/secure.gravatar.com\/avatar\/517384810d242ca9e38c180f3c9fb973?s=96&d=mm&r=g\",\"caption\":\"Administrador\"},\"url\":\"https:\/\/www.asajacyl.com\/palencia\/author\/carlosrm\"}]}<\/script>\n<!-- \/ Yoast SEO plugin. -->","yoast_head_json":{"title":"Nueva subida de los lechazos ante la escasez de oferta para una fuerte demanda estival - ASAJA Palencia","description":"La demanda de lechazo se acent\u00faa en los meses de verano, debido a las fiestas por toda la geograf\u00eda nacional y a los encuentros familiares, pero la oferta","robots":{"index":"index","follow":"follow","max-snippet":"max-snippet:-1","max-image-preview":"max-image-preview:large","max-video-preview":"max-video-preview:-1"},"canonical":"https:\/\/www.asajacyl.com\/palencia\/asaja-palencia-informa\/nueva-subida-de-los-lechazos-ante-la-escasez-de-oferta-para-una-fuerte-demanda-estival","og_locale":"es_ES","og_type":"article","og_title":"Nueva subida de los lechazos ante la escasez de oferta para una fuerte demanda estival - ASAJA Palencia","og_description":"La demanda de lechazo se acent\u00faa en los meses de verano, debido a las fiestas por toda la geograf\u00eda nacional y a los encuentros familiares, pero la oferta","og_url":"https:\/\/www.asajacyl.com\/palencia\/asaja-palencia-informa\/nueva-subida-de-los-lechazos-ante-la-escasez-de-oferta-para-una-fuerte-demanda-estival","og_site_name":"ASAJA Palencia","article_published_time":"2025-07-01T05:30:00+00:00","og_image":[{"width":1024,"height":896,"url":"https:\/\/www.asajacyl.com\/palencia\/wp-content\/uploads\/sites\/3\/2025\/06\/Lechazo-c-ASAJA-CyL-web-1024x896.jpg","type":"image\/jpeg"}],"author":"Administrador","twitter_card":"summary_large_image","twitter_misc":{"Escrito por":"Administrador","Tiempo de lectura":"3 minutos"},"schema":{"@context":"https:\/\/schema.org","@graph":[{"@type":"WebPage","@id":"https:\/\/www.asajacyl.com\/palencia\/asaja-palencia-informa\/nueva-subida-de-los-lechazos-ante-la-escasez-de-oferta-para-una-fuerte-demanda-estival","url":"https:\/\/www.asajacyl.com\/palencia\/asaja-palencia-informa\/nueva-subida-de-los-lechazos-ante-la-escasez-de-oferta-para-una-fuerte-demanda-estival","name":"Nueva subida de los lechazos ante la escasez de oferta para una fuerte demanda estival - ASAJA Palencia","isPartOf":{"@id":"https:\/\/www.asajacyl.com\/palencia\/#website"},"primaryImageOfPage":{"@id":"https:\/\/www.asajacyl.com\/palencia\/asaja-palencia-informa\/nueva-subida-de-los-lechazos-ante-la-escasez-de-oferta-para-una-fuerte-demanda-estival#primaryimage"},"image":{"@id":"https:\/\/www.asajacyl.com\/palencia\/asaja-palencia-informa\/nueva-subida-de-los-lechazos-ante-la-escasez-de-oferta-para-una-fuerte-demanda-estival#primaryimage"},"thumbnailUrl":"https:\/\/www.asajacyl.com\/palencia\/wp-content\/uploads\/sites\/3\/2025\/06\/Lechazo-c-ASAJA-CyL-web.jpg","datePublished":"2025-07-01T05:30:00+00:00","author":{"@id":"https:\/\/www.asajacyl.com\/palencia\/#\/schema\/person\/3ab17aeb03527485c317557fae64aab1"},"description":"La demanda de lechazo se acent\u00faa en los meses de verano, debido a las fiestas por toda la geograf\u00eda nacional y a los encuentros familiares, pero la oferta","breadcrumb":{"@id":"https:\/\/www.asajacyl.com\/palencia\/asaja-palencia-informa\/nueva-subida-de-los-lechazos-ante-la-escasez-de-oferta-para-una-fuerte-demanda-estival#breadcrumb"},"inLanguage":"es","potentialAction":[{"@type":"ReadAction","target":["https:\/\/www.asajacyl.com\/palencia\/asaja-palencia-informa\/nueva-subida-de-los-lechazos-ante-la-escasez-de-oferta-para-una-fuerte-demanda-estival"]}]},{"@type":"ImageObject","inLanguage":"es","@id":"https:\/\/www.asajacyl.com\/palencia\/asaja-palencia-informa\/nueva-subida-de-los-lechazos-ante-la-escasez-de-oferta-para-una-fuerte-demanda-estival#primaryimage","url":"https:\/\/www.asajacyl.com\/palencia\/wp-content\/uploads\/sites\/3\/2025\/06\/Lechazo-c-ASAJA-CyL-web.jpg","contentUrl":"https:\/\/www.asajacyl.com\/palencia\/wp-content\/uploads\/sites\/3\/2025\/06\/Lechazo-c-ASAJA-CyL-web.jpg","width":1890,"height":1654},{"@type":"BreadcrumbList","@id":"https:\/\/www.asajacyl.com\/palencia\/asaja-palencia-informa\/nueva-subida-de-los-lechazos-ante-la-escasez-de-oferta-para-una-fuerte-demanda-estival#breadcrumb","itemListElement":[{"@type":"ListItem","position":1,"name":"Portada","item":"https:\/\/www.asajacyl.com\/palencia\/"},{"@type":"ListItem","position":2,"name":"Nueva subida de los lechazos ante la escasez de oferta para una fuerte demanda estival"}]},{"@type":"WebSite","@id":"https:\/\/www.asajacyl.com\/palencia\/#website","url":"https:\/\/www.asajacyl.com\/palencia\/","name":"ASAJA Palencia","description":"Otro sitio m\u00e1s de Provincias ASAJA Castilla y Le\u00f3n","potentialAction":[{"@type":"SearchAction","target":{"@type":"EntryPoint","urlTemplate":"https:\/\/www.asajacyl.com\/palencia\/?s={search_term_string}"},"query-input":{"@type":"PropertyValueSpecification","valueRequired":true,"valueName":"search_term_string"}}],"inLanguage":"es"},{"@type":"Person","@id":"https:\/\/www.asajacyl.com\/palencia\/#\/schema\/person\/3ab17aeb03527485c317557fae64aab1","name":"Administrador","image":{"@type":"ImageObject","inLanguage":"es","@id":"https:\/\/www.asajacyl.com\/palencia\/#\/schema\/person\/image\/","url":"https:\/\/secure.gravatar.com\/avatar\/517384810d242ca9e38c180f3c9fb973?s=96&d=mm&r=g","contentUrl":"https:\/\/secure.gravatar.com\/avatar\/517384810d242ca9e38c180f3c9fb973?s=96&d=mm&r=g","caption":"Administrador"},"url":"https:\/\/www.asajacyl.com\/palencia\/author\/carlosrm"}]}},"_links":{"self":[{"href":"https:\/\/www.asajacyl.com\/palencia\/wp-json\/wp\/v2\/posts\/20300"}],"collection":[{"href":"https:\/\/www.asajacyl.com\/palencia\/wp-json\/wp\/v2\/posts"}],"about":[{"href":"https:\/\/www.asajacyl.com\/palencia\/wp-json\/wp\/v2\/types\/post"}],"author":[{"embeddable":true,"href":"https:\/\/www.asajacyl.com\/palencia\/wp-json\/wp\/v2\/users\/9"}],"replies":[{"embeddable":true,"href":"https:\/\/www.asajacyl.com\/palencia\/wp-json\/wp\/v2\/comments?post=20300"}],"version-history":[{"count":2,"href":"https:\/\/www.asajacyl.com\/palencia\/wp-json\/wp\/v2\/posts\/20300\/revisions"}],"predecessor-version":[{"id":20305,"href":"https:\/\/www.asajacyl.com\/palencia\/wp-json\/wp\/v2\/posts\/20300\/revisions\/20305"}],"wp:featuredmedia":[{"embeddable":true,"href":"https:\/\/www.asajacyl.com\/palencia\/wp-json\/wp\/v2\/media\/20302"}],"wp:attachment":[{"href":"https:\/\/www.asajacyl.com\/palencia\/wp-json\/wp\/v2\/media?parent=20300"}],"wp:term":[{"taxonomy":"category","embeddable":true,"href":"https:\/\/www.asajacyl.com\/palencia\/wp-json\/wp\/v2\/categories?post=20300"},{"taxonomy":"post_tag","embeddable":true,"href":"https:\/\/www.asajacyl.com\/palencia\/wp-json\/wp\/v2\/tags?post=20300"}],"curies":[{"name":"wp","href":"https:\/\/api.w.org\/{rel}","templated":true}]}}