{"id":20355,"date":"2025-07-06T09:00:00","date_gmt":"2025-07-06T07:00:00","guid":{"rendered":"https:\/\/www.asajacyl.com\/palencia\/?p=20355"},"modified":"2025-07-24T14:14:55","modified_gmt":"2025-07-24T12:14:55","slug":"la-junta-convoca-las-ayudas-para-modernizar-explotaciones-y-rejuvenecer-el-sector-agroganadero","status":"publish","type":"post","link":"https:\/\/www.asajacyl.com\/palencia\/asaja-palencia-informa\/la-junta-convoca-las-ayudas-para-modernizar-explotaciones-y-rejuvenecer-el-sector-agroganadero","title":{"rendered":"La Junta convoca las ayudas para modernizar explotaciones y rejuvenecer el sector agroganadero"},"content":{"rendered":"\n<h2 class=\"wp-block-heading\">El presidente de la Junta de Castilla y Le\u00f3n, Alfonso Fern\u00e1ndez Ma\u00f1ueco, present\u00f3 el 2 de julio en Quintana del Puente, durante su visita a una explotaci\u00f3n agraria, la nueva convocatoria de ayudas para la incorporaci\u00f3n de j\u00f3venes al campo y la modernizaci\u00f3n de explotaciones agroganaderas de la comunidad. ASAJA-Palencia ya est\u00e1 trabajando en la elaboraci\u00f3n de los expedientes para esta convocatoria a personas interesadas en presentar su solicitud, y en adaptar los presentados anteriormente a estas nuevas bases, que no puede registrarse m\u00e1s tarde del <span style=\"text-decoration: underline\">31 de octubre<\/span>.<\/h2>\n\n\n<div class=\"wp-block-image\">\n<figure class=\"alignright size-large is-resized\"><img loading=\"lazy\" decoding=\"async\" width=\"1024\" height=\"468\" src=\"https:\/\/www.asajacyl.com\/palencia\/wp-content\/uploads\/sites\/3\/2025\/07\/Cosecha-lluvia-c-Carlos-Ruiz-Monge-1024x468.jpg\" alt=\"\" class=\"wp-image-20524\" style=\"width:665px;height:auto\" srcset=\"https:\/\/www.asajacyl.com\/palencia\/wp-content\/uploads\/sites\/3\/2025\/07\/Cosecha-lluvia-c-Carlos-Ruiz-Monge-1024x468.jpg 1024w, https:\/\/www.asajacyl.com\/palencia\/wp-content\/uploads\/sites\/3\/2025\/07\/Cosecha-lluvia-c-Carlos-Ruiz-Monge-300x137.jpg 300w, https:\/\/www.asajacyl.com\/palencia\/wp-content\/uploads\/sites\/3\/2025\/07\/Cosecha-lluvia-c-Carlos-Ruiz-Monge-768x351.jpg 768w, https:\/\/www.asajacyl.com\/palencia\/wp-content\/uploads\/sites\/3\/2025\/07\/Cosecha-lluvia-c-Carlos-Ruiz-Monge-1536x702.jpg 1536w, https:\/\/www.asajacyl.com\/palencia\/wp-content\/uploads\/sites\/3\/2025\/07\/Cosecha-lluvia-c-Carlos-Ruiz-Monge-919x420.jpg 919w, https:\/\/www.asajacyl.com\/palencia\/wp-content\/uploads\/sites\/3\/2025\/07\/Cosecha-lluvia-c-Carlos-Ruiz-Monge-696x318.jpg 696w, https:\/\/www.asajacyl.com\/palencia\/wp-content\/uploads\/sites\/3\/2025\/07\/Cosecha-lluvia-c-Carlos-Ruiz-Monge-1068x488.jpg 1068w, https:\/\/www.asajacyl.com\/palencia\/wp-content\/uploads\/sites\/3\/2025\/07\/Cosecha-lluvia-c-Carlos-Ruiz-Monge-1920x877.jpg 1920w, https:\/\/www.asajacyl.com\/palencia\/wp-content\/uploads\/sites\/3\/2025\/07\/Cosecha-lluvia-c-Carlos-Ruiz-Monge.jpg 1952w\" sizes=\"(max-width: 1024px) 100vw, 1024px\" \/><\/figure><\/div>\n\n\n<p>Han pasado casi dos a\u00f1os desde la anterior convocatoria, que permaneci\u00f3 abierta en el cuarto trimestre de 2023. La ayudas est\u00e1n cofinanciadas por el Fondo Europeo Agr\u00edcola de Desarrollo Rural (Feader) en el Marco del Plan Estrat\u00e9gico de la Pol\u00edtica Agr\u00edcola Com\u00fan de Espa\u00f1a 2023-2027.<\/p>\n\n\n\n<p>La convocatoria est\u00e1 dotada con 100 millones de euros. La Junta presume de que es una de las cuant\u00edas m\u00e1s elevadas impulsadas hasta ahora en este programa, pero ASAJA recuerda que la anterior convocatoria se produjo a finales de 2023; y que el pasado ejercicio de 2024 no se convoc\u00f3. No obstante, nuestra organizaci\u00f3n reconoce la labor de los grupos de trabajo liderados por la administraci\u00f3n regional.<\/p>\n\n\n\n<p><strong>AYUDA ADICIONAL POR RELEVO. <\/strong>Una de las novedades de la convocatoria de 2025 es que los j\u00f3venes que se instalen en una explotaci\u00f3n cuyo titular se jubile recibir\u00e1n una ayuda adicional de 15 000 euros, incentivo espec\u00edfico para favorecer el relevo generacional.<\/p>\n\n\n\n<p>Las l\u00edneas de ayuda (ahora denominadas intervenciones) son tres, como en la anterior convocatoria:<\/p>\n\n\n\n<ul>\n<li>Ayudas a inversiones productivas en explotaciones agrarias para mitigar el <strong>cambio clim\u00e1tico<\/strong>, o adaptarse a \u00e9l; <strong>uso m\u00e1s eficiente de los recursos <\/strong>naturales y el <strong>bienestar animal <\/strong>(sufragan el 40 % del importe de la inversi\u00f3n auxiliable \u2014que no podr\u00e1 superar los 200 000 \u20ac por explotaci\u00f3n\u2014, porcentaje que puede aumentar hasta en un 30 % por factores diversos y el cumplimiento de ciertos requisitos).<\/li>\n\n\n\n<li>Ayudas a inversiones en <strong>modernizaci\u00f3n o mejora de<\/strong> <strong>explotaciones agrarias <\/strong>(sufragan tambi\u00e9n el 40 % de la inversi\u00f3n auxiliable, con un m\u00e1ximo de 100 000 \u20ac por UTA \u2014unidad de trabajo agr\u00edcola\/a\u00f1o\u2014, con un m\u00e1ximo de 200 000 \u20ac por explotaci\u00f3n; y tambi\u00e9n con aumentos de hasta el 30 % por ciertos factores y requisitos).<\/li>\n\n\n\n<li><strong>Establecimiento de j\u00f3venes <\/strong>en el sector agroganadero (se establece un importe base de ayuda de 30 000 \u20ac, que podr\u00e1 aumentar seg\u00fan diversos criterios, pero nunca superar los 100 000 \u20ac, ni el importe de los gastos e inversiones de establecimiento incluidos en el plan empresarial).\u00a0Esta intervenci\u00f3n puede combinarse con las anteriores.<\/li>\n<\/ul>\n\n\n\n<p>La Consejer\u00eda estima que, con esta \u00faltima l\u00ednea, unos setecientos cincuenta j\u00f3venes se incorporar\u00e1n a la actividad agraria en la comunidad, pero no se establece un cupo m\u00e1ximo: tendr\u00e1n acceso a la ayuda todos los solicitantes que cumplan los requisitos. En la \u00faltima convocatoria, el promedio de la ayuda por expediente alcanz\u00f3 los 64 000 euros.<\/p>\n\n\n\n<p>La Junta estima que unas 1200 explotaciones agroganaderas en toda la comunidad podr\u00e1n beneficiarse en esta convocatoria, lo que no s\u00f3lo mejorar\u00e1 su sostenibilidad medioambiental y su competitividad econ\u00f3mica, sino tambi\u00e9n su capacidad para consolidar y generar empleo, lo que a su vez dinamiza el mundo rural castellanoleon\u00e9s.<\/p>\n\n\n\n<p>Seg\u00fan la administraci\u00f3n auton\u00f3mica, esta convocatoria avanza en la simplificaci\u00f3n gracias a la labor de grupos de trabajo con las organizaciones profesionales agrarias \u2014entre ellas, ASAJA-Castilla y Le\u00f3n\u2014, t\u00e9cnicos de la Junta y colegios profesionales.<\/p>\n\n\n\n<p><strong>REVISI\u00d3N DE PRECIOS. <\/strong>En ese sentido, la Junta anuncia que se reduce la documentaci\u00f3n exigida, se ha mejorado la aplicaci\u00f3n inform\u00e1tica para presentar solicitudes y se han actualizado algo los costes de referencia, que se han acercado a los precios reales de las inversiones y gastos del sector agroganadero, pero siguen siendo muy bajos con respecto a las operaciones de mercado. ASAJA ha insistido reiteradamente en que los costes de referencia con los que se ven\u00eda trabajando en estas ayudas siguen muy desfasados.<\/p>\n\n\n\n<p>La convocatoria tambi\u00e9n incorpora como novedad el dar <span style=\"text-decoration: underline\">prioridad a las explotaciones de ovino y caprino de leche<\/span>, como primera medida del nuevo plan espec\u00edfico de apoyo que la Junta pondr\u00e1 en marcha para impulsar este sector estrat\u00e9gico.<strong>\/<\/strong><\/p>\n","protected":false},"excerpt":{"rendered":"<p>El presidente de la Junta de Castilla y Le\u00f3n, Alfonso Fern\u00e1ndez Ma\u00f1ueco, present\u00f3 el 2 de julio en Quintana del Puente, durante su visita a una explotaci\u00f3n agraria, la nueva convocatoria de ayudas para la incorporaci\u00f3n de j\u00f3venes al campo y la modernizaci\u00f3n de explotaciones agroganaderas de la comunidad. ASAJA-Palencia ya est\u00e1 trabajando en la [&hellip;]<\/p>\n","protected":false},"author":9,"featured_media":18655,"comment_status":"open","ping_status":"open","sticky":false,"template":"","format":"standard","meta":{"footnotes":""},"categories":[9,31,38,29,28,35,13],"tags":[58,59,142,351,77,1015,754,587,1131,296,1159,66,297,232],"yoast_head":"<!-- This site is optimized with the Yoast SEO plugin v24.5 - https:\/\/yoast.com\/wordpress\/plugins\/seo\/ -->\n<title>La Junta convoca las ayudas para modernizar explotaciones y rejuvenecer el sector agroganadero - ASAJA Palencia<\/title>\n<meta name=\"description\" content=\"El presidente de la Junta de Castilla y Le\u00f3n, Alfonso Fern\u00e1ndez Ma\u00f1ueco, present\u00f3 el 2 de julio en Quintana del Puente, durante su visita a una\" \/>\n<meta name=\"robots\" content=\"index, follow, max-snippet:-1, max-image-preview:large, max-video-preview:-1\" \/>\n<link rel=\"canonical\" href=\"https:\/\/www.asajacyl.com\/palencia\/asaja-palencia-informa\/la-junta-convoca-las-ayudas-para-modernizar-explotaciones-y-rejuvenecer-el-sector-agroganadero\" \/>\n<meta property=\"og:locale\" content=\"es_ES\" \/>\n<meta property=\"og:type\" content=\"article\" \/>\n<meta property=\"og:title\" content=\"La Junta convoca las ayudas para modernizar explotaciones y rejuvenecer el sector agroganadero - ASAJA Palencia\" \/>\n<meta property=\"og:description\" content=\"El presidente de la Junta de Castilla y Le\u00f3n, Alfonso Fern\u00e1ndez Ma\u00f1ueco, present\u00f3 el 2 de julio en Quintana del Puente, durante su visita a una\" \/>\n<meta property=\"og:url\" content=\"https:\/\/www.asajacyl.com\/palencia\/asaja-palencia-informa\/la-junta-convoca-las-ayudas-para-modernizar-explotaciones-y-rejuvenecer-el-sector-agroganadero\" \/>\n<meta property=\"og:site_name\" content=\"ASAJA Palencia\" \/>\n<meta property=\"article:published_time\" content=\"2025-07-06T07:00:00+00:00\" \/>\n<meta property=\"article:modified_time\" content=\"2025-07-24T12:14:55+00:00\" \/>\n<meta property=\"og:image\" content=\"https:\/\/www.asajacyl.com\/palencia\/wp-content\/uploads\/sites\/3\/2025\/01\/Joven-agricultor-con-tableta-web.jpg\" \/>\n\t<meta property=\"og:image:width\" content=\"1890\" \/>\n\t<meta property=\"og:image:height\" content=\"1654\" \/>\n\t<meta property=\"og:image:type\" content=\"image\/jpeg\" \/>\n<meta name=\"author\" content=\"Administrador\" \/>\n<meta name=\"twitter:card\" content=\"summary_large_image\" \/>\n<meta name=\"twitter:label1\" content=\"Escrito por\" \/>\n\t<meta name=\"twitter:data1\" content=\"Administrador\" \/>\n\t<meta name=\"twitter:label2\" content=\"Tiempo de lectura\" \/>\n\t<meta name=\"twitter:data2\" content=\"4 minutos\" \/>\n<script type=\"application\/ld+json\" class=\"yoast-schema-graph\">{\"@context\":\"https:\/\/schema.org\",\"@graph\":[{\"@type\":\"WebPage\",\"@id\":\"https:\/\/www.asajacyl.com\/palencia\/asaja-palencia-informa\/la-junta-convoca-las-ayudas-para-modernizar-explotaciones-y-rejuvenecer-el-sector-agroganadero\",\"url\":\"https:\/\/www.asajacyl.com\/palencia\/asaja-palencia-informa\/la-junta-convoca-las-ayudas-para-modernizar-explotaciones-y-rejuvenecer-el-sector-agroganadero\",\"name\":\"La Junta convoca las ayudas para modernizar explotaciones y rejuvenecer el sector agroganadero - ASAJA Palencia\",\"isPartOf\":{\"@id\":\"https:\/\/www.asajacyl.com\/palencia\/#website\"},\"primaryImageOfPage\":{\"@id\":\"https:\/\/www.asajacyl.com\/palencia\/asaja-palencia-informa\/la-junta-convoca-las-ayudas-para-modernizar-explotaciones-y-rejuvenecer-el-sector-agroganadero#primaryimage\"},\"image\":{\"@id\":\"https:\/\/www.asajacyl.com\/palencia\/asaja-palencia-informa\/la-junta-convoca-las-ayudas-para-modernizar-explotaciones-y-rejuvenecer-el-sector-agroganadero#primaryimage\"},\"thumbnailUrl\":\"https:\/\/www.asajacyl.com\/palencia\/wp-content\/uploads\/sites\/3\/2025\/01\/Joven-agricultor-con-tableta-web.jpg\",\"datePublished\":\"2025-07-06T07:00:00+00:00\",\"dateModified\":\"2025-07-24T12:14:55+00:00\",\"author\":{\"@id\":\"https:\/\/www.asajacyl.com\/palencia\/#\/schema\/person\/3ab17aeb03527485c317557fae64aab1\"},\"description\":\"El presidente de la Junta de Castilla y Le\u00f3n, Alfonso Fern\u00e1ndez Ma\u00f1ueco, present\u00f3 el 2 de julio en Quintana del Puente, durante su visita a una\",\"breadcrumb\":{\"@id\":\"https:\/\/www.asajacyl.com\/palencia\/asaja-palencia-informa\/la-junta-convoca-las-ayudas-para-modernizar-explotaciones-y-rejuvenecer-el-sector-agroganadero#breadcrumb\"},\"inLanguage\":\"es\",\"potentialAction\":[{\"@type\":\"ReadAction\",\"target\":[\"https:\/\/www.asajacyl.com\/palencia\/asaja-palencia-informa\/la-junta-convoca-las-ayudas-para-modernizar-explotaciones-y-rejuvenecer-el-sector-agroganadero\"]}]},{\"@type\":\"ImageObject\",\"inLanguage\":\"es\",\"@id\":\"https:\/\/www.asajacyl.com\/palencia\/asaja-palencia-informa\/la-junta-convoca-las-ayudas-para-modernizar-explotaciones-y-rejuvenecer-el-sector-agroganadero#primaryimage\",\"url\":\"https:\/\/www.asajacyl.com\/palencia\/wp-content\/uploads\/sites\/3\/2025\/01\/Joven-agricultor-con-tableta-web.jpg\",\"contentUrl\":\"https:\/\/www.asajacyl.com\/palencia\/wp-content\/uploads\/sites\/3\/2025\/01\/Joven-agricultor-con-tableta-web.jpg\",\"width\":1890,\"height\":1654},{\"@type\":\"BreadcrumbList\",\"@id\":\"https:\/\/www.asajacyl.com\/palencia\/asaja-palencia-informa\/la-junta-convoca-las-ayudas-para-modernizar-explotaciones-y-rejuvenecer-el-sector-agroganadero#breadcrumb\",\"itemListElement\":[{\"@type\":\"ListItem\",\"position\":1,\"name\":\"Portada\",\"item\":\"https:\/\/www.asajacyl.com\/palencia\/\"},{\"@type\":\"ListItem\",\"position\":2,\"name\":\"La Junta convoca las ayudas para modernizar explotaciones y rejuvenecer el sector agroganadero\"}]},{\"@type\":\"WebSite\",\"@id\":\"https:\/\/www.asajacyl.com\/palencia\/#website\",\"url\":\"https:\/\/www.asajacyl.com\/palencia\/\",\"name\":\"ASAJA Palencia\",\"description\":\"Otro sitio m\u00e1s de Provincias ASAJA Castilla y Le\u00f3n\",\"potentialAction\":[{\"@type\":\"SearchAction\",\"target\":{\"@type\":\"EntryPoint\",\"urlTemplate\":\"https:\/\/www.asajacyl.com\/palencia\/?s={search_term_string}\"},\"query-input\":{\"@type\":\"PropertyValueSpecification\",\"valueRequired\":true,\"valueName\":\"search_term_string\"}}],\"inLanguage\":\"es\"},{\"@type\":\"Person\",\"@id\":\"https:\/\/www.asajacyl.com\/palencia\/#\/schema\/person\/3ab17aeb03527485c317557fae64aab1\",\"name\":\"Administrador\",\"image\":{\"@type\":\"ImageObject\",\"inLanguage\":\"es\",\"@id\":\"https:\/\/www.asajacyl.com\/palencia\/#\/schema\/person\/image\/\",\"url\":\"https:\/\/secure.gravatar.com\/avatar\/517384810d242ca9e38c180f3c9fb973?s=96&d=mm&r=g\",\"contentUrl\":\"https:\/\/secure.gravatar.com\/avatar\/517384810d242ca9e38c180f3c9fb973?s=96&d=mm&r=g\",\"caption\":\"Administrador\"},\"url\":\"https:\/\/www.asajacyl.com\/palencia\/author\/carlosrm\"}]}<\/script>\n<!-- \/ Yoast SEO plugin. -->","yoast_head_json":{"title":"La Junta convoca las ayudas para modernizar explotaciones y rejuvenecer el sector agroganadero - ASAJA Palencia","description":"El presidente de la Junta de Castilla y Le\u00f3n, Alfonso Fern\u00e1ndez Ma\u00f1ueco, present\u00f3 el 2 de julio en Quintana del Puente, durante su visita a una","robots":{"index":"index","follow":"follow","max-snippet":"max-snippet:-1","max-image-preview":"max-image-preview:large","max-video-preview":"max-video-preview:-1"},"canonical":"https:\/\/www.asajacyl.com\/palencia\/asaja-palencia-informa\/la-junta-convoca-las-ayudas-para-modernizar-explotaciones-y-rejuvenecer-el-sector-agroganadero","og_locale":"es_ES","og_type":"article","og_title":"La Junta convoca las ayudas para modernizar explotaciones y rejuvenecer el sector agroganadero - ASAJA Palencia","og_description":"El presidente de la Junta de Castilla y Le\u00f3n, Alfonso Fern\u00e1ndez Ma\u00f1ueco, present\u00f3 el 2 de julio en Quintana del Puente, durante su visita a una","og_url":"https:\/\/www.asajacyl.com\/palencia\/asaja-palencia-informa\/la-junta-convoca-las-ayudas-para-modernizar-explotaciones-y-rejuvenecer-el-sector-agroganadero","og_site_name":"ASAJA Palencia","article_published_time":"2025-07-06T07:00:00+00:00","article_modified_time":"2025-07-24T12:14:55+00:00","og_image":[{"width":1890,"height":1654,"url":"https:\/\/www.asajacyl.com\/palencia\/wp-content\/uploads\/sites\/3\/2025\/01\/Joven-agricultor-con-tableta-web.jpg","type":"image\/jpeg"}],"author":"Administrador","twitter_card":"summary_large_image","twitter_misc":{"Escrito por":"Administrador","Tiempo de lectura":"4 minutos"},"schema":{"@context":"https:\/\/schema.org","@graph":[{"@type":"WebPage","@id":"https:\/\/www.asajacyl.com\/palencia\/asaja-palencia-informa\/la-junta-convoca-las-ayudas-para-modernizar-explotaciones-y-rejuvenecer-el-sector-agroganadero","url":"https:\/\/www.asajacyl.com\/palencia\/asaja-palencia-informa\/la-junta-convoca-las-ayudas-para-modernizar-explotaciones-y-rejuvenecer-el-sector-agroganadero","name":"La Junta convoca las ayudas para modernizar explotaciones y rejuvenecer el sector agroganadero - ASAJA Palencia","isPartOf":{"@id":"https:\/\/www.asajacyl.com\/palencia\/#website"},"primaryImageOfPage":{"@id":"https:\/\/www.asajacyl.com\/palencia\/asaja-palencia-informa\/la-junta-convoca-las-ayudas-para-modernizar-explotaciones-y-rejuvenecer-el-sector-agroganadero#primaryimage"},"image":{"@id":"https:\/\/www.asajacyl.com\/palencia\/asaja-palencia-informa\/la-junta-convoca-las-ayudas-para-modernizar-explotaciones-y-rejuvenecer-el-sector-agroganadero#primaryimage"},"thumbnailUrl":"https:\/\/www.asajacyl.com\/palencia\/wp-content\/uploads\/sites\/3\/2025\/01\/Joven-agricultor-con-tableta-web.jpg","datePublished":"2025-07-06T07:00:00+00:00","dateModified":"2025-07-24T12:14:55+00:00","author":{"@id":"https:\/\/www.asajacyl.com\/palencia\/#\/schema\/person\/3ab17aeb03527485c317557fae64aab1"},"description":"El presidente de la Junta de Castilla y Le\u00f3n, Alfonso Fern\u00e1ndez Ma\u00f1ueco, present\u00f3 el 2 de julio en Quintana del Puente, durante su visita a una","breadcrumb":{"@id":"https:\/\/www.asajacyl.com\/palencia\/asaja-palencia-informa\/la-junta-convoca-las-ayudas-para-modernizar-explotaciones-y-rejuvenecer-el-sector-agroganadero#breadcrumb"},"inLanguage":"es","potentialAction":[{"@type":"ReadAction","target":["https:\/\/www.asajacyl.com\/palencia\/asaja-palencia-informa\/la-junta-convoca-las-ayudas-para-modernizar-explotaciones-y-rejuvenecer-el-sector-agroganadero"]}]},{"@type":"ImageObject","inLanguage":"es","@id":"https:\/\/www.asajacyl.com\/palencia\/asaja-palencia-informa\/la-junta-convoca-las-ayudas-para-modernizar-explotaciones-y-rejuvenecer-el-sector-agroganadero#primaryimage","url":"https:\/\/www.asajacyl.com\/palencia\/wp-content\/uploads\/sites\/3\/2025\/01\/Joven-agricultor-con-tableta-web.jpg","contentUrl":"https:\/\/www.asajacyl.com\/palencia\/wp-content\/uploads\/sites\/3\/2025\/01\/Joven-agricultor-con-tableta-web.jpg","width":1890,"height":1654},{"@type":"BreadcrumbList","@id":"https:\/\/www.asajacyl.com\/palencia\/asaja-palencia-informa\/la-junta-convoca-las-ayudas-para-modernizar-explotaciones-y-rejuvenecer-el-sector-agroganadero#breadcrumb","itemListElement":[{"@type":"ListItem","position":1,"name":"Portada","item":"https:\/\/www.asajacyl.com\/palencia\/"},{"@type":"ListItem","position":2,"name":"La Junta convoca las ayudas para modernizar explotaciones y rejuvenecer el sector agroganadero"}]},{"@type":"WebSite","@id":"https:\/\/www.asajacyl.com\/palencia\/#website","url":"https:\/\/www.asajacyl.com\/palencia\/","name":"ASAJA Palencia","description":"Otro sitio m\u00e1s de Provincias ASAJA Castilla y Le\u00f3n","potentialAction":[{"@type":"SearchAction","target":{"@type":"EntryPoint","urlTemplate":"https:\/\/www.asajacyl.com\/palencia\/?s={search_term_string}"},"query-input":{"@type":"PropertyValueSpecification","valueRequired":true,"valueName":"search_term_string"}}],"inLanguage":"es"},{"@type":"Person","@id":"https:\/\/www.asajacyl.com\/palencia\/#\/schema\/person\/3ab17aeb03527485c317557fae64aab1","name":"Administrador","image":{"@type":"ImageObject","inLanguage":"es","@id":"https:\/\/www.asajacyl.com\/palencia\/#\/schema\/person\/image\/","url":"https:\/\/secure.gravatar.com\/avatar\/517384810d242ca9e38c180f3c9fb973?s=96&d=mm&r=g","contentUrl":"https:\/\/secure.gravatar.com\/avatar\/517384810d242ca9e38c180f3c9fb973?s=96&d=mm&r=g","caption":"Administrador"},"url":"https:\/\/www.asajacyl.com\/palencia\/author\/carlosrm"}]}},"_links":{"self":[{"href":"https:\/\/www.asajacyl.com\/palencia\/wp-json\/wp\/v2\/posts\/20355"}],"collection":[{"href":"https:\/\/www.asajacyl.com\/palencia\/wp-json\/wp\/v2\/posts"}],"about":[{"href":"https:\/\/www.asajacyl.com\/palencia\/wp-json\/wp\/v2\/types\/post"}],"author":[{"embeddable":true,"href":"https:\/\/www.asajacyl.com\/palencia\/wp-json\/wp\/v2\/users\/9"}],"replies":[{"embeddable":true,"href":"https:\/\/www.asajacyl.com\/palencia\/wp-json\/wp\/v2\/comments?post=20355"}],"version-history":[{"count":4,"href":"https:\/\/www.asajacyl.com\/palencia\/wp-json\/wp\/v2\/posts\/20355\/revisions"}],"predecessor-version":[{"id":20525,"href":"https:\/\/www.asajacyl.com\/palencia\/wp-json\/wp\/v2\/posts\/20355\/revisions\/20525"}],"wp:featuredmedia":[{"embeddable":true,"href":"https:\/\/www.asajacyl.com\/palencia\/wp-json\/wp\/v2\/media\/18655"}],"wp:attachment":[{"href":"https:\/\/www.asajacyl.com\/palencia\/wp-json\/wp\/v2\/media?parent=20355"}],"wp:term":[{"taxonomy":"category","embeddable":true,"href":"https:\/\/www.asajacyl.com\/palencia\/wp-json\/wp\/v2\/categories?post=20355"},{"taxonomy":"post_tag","embeddable":true,"href":"https:\/\/www.asajacyl.com\/palencia\/wp-json\/wp\/v2\/tags?post=20355"}],"curies":[{"name":"wp","href":"https:\/\/api.w.org\/{rel}","templated":true}]}}