{"id":20362,"date":"2025-07-08T07:30:00","date_gmt":"2025-07-08T05:30:00","guid":{"rendered":"https:\/\/www.asajacyl.com\/palencia\/?p=20362"},"modified":"2025-07-22T12:23:33","modified_gmt":"2025-07-22T10:23:33","slug":"1-de-septiembre-fecha-tope-de-la-ayuda-para-reponer-reses-sacrificadas-por-programas-sanitarios","status":"publish","type":"post","link":"https:\/\/www.asajacyl.com\/palencia\/asaja-palencia-informa\/1-de-septiembre-fecha-tope-de-la-ayuda-para-reponer-reses-sacrificadas-por-programas-sanitarios","title":{"rendered":"1 de septiembre, fecha tope de la ayuda para reponer reses sacrificadas por programas sanitarios"},"content":{"rendered":"\n<h2 class=\"wp-block-heading\">El Bolet\u00edn Oficial de Castilla y Le\u00f3n ha publicado este viernes, 4 de julio, la convocatoria de las ayudas de la Junta por la reposici\u00f3n de reses sacrificadas de forma obligatoria por la aplicaci\u00f3n de programas sanitarios oficiales de enfermedades de los rumiantes. Los interesados podr\u00e1n solicitar hasta el lunes 1 de septiembre estas ayudas, que en ning\u00fan caso superar\u00e1n el 50 % de la inversi\u00f3n efectuada y justificada con factura.<\/h2>\n\n\n\n<p>Podr\u00e1n ser beneficiarios de estas ayudas los titulares de explotaciones de&nbsp;<strong>ganado bovino, ovino y caprino<\/strong>&nbsp;ubicadas en Castilla y Le\u00f3n para la compra de animales de&nbsp;reposici\u00f3n de estas especies. <\/p>\n\n\n\n<p>Estas ayudas de la Consejer\u00eda de Agricultura, Ganader\u00eda y Desarrollo Rural se dirigen tanto a personas f\u00edsicas como jur\u00eddicas o comunidades de bienes. El gasto subvencionable deber\u00e1 haberse efectuado entre el 1 de agosto de 2024 y el 31 de julio de 2025. <\/p>\n\n\n\n<p><strong>HASTA 300 000 EUROS.\u00a0<\/strong>El presupuesto total de esta convocatoria de la Consejer\u00eda de Agricultura, Ganader\u00eda y Desarrollo Rural de la Junta de Castilla y Le\u00f3n es de 200 000 euros, dotaci\u00f3n inicial que puede ampliarse en 100 000 euros m\u00e1s si fuese necesario, sin necesidad de publicar nueva convocatoria.<\/p>\n\n\n\n<p>Los importes m\u00e1ximos de las ayudas&nbsp;por animal adquirido, id\u00e9nticos a los de la pasada convocatoria, son los siguientes:<\/p>\n\n\n\n<ul>\n<li>Hasta 450 \u20ac\/cabeza de bovino de leche con una edad comprendida entre veinticuatro meses (incluido el d\u00eda de su cumplimiento) y cinco a\u00f1os (excluido el d\u00eda de su cumplimiento).<\/li>\n\n\n\n<li>Hasta 390 \u20ac\/cabeza de bovino de carne con una edad comprendida entre veinticuatro meses y ocho a\u00f1os.<\/li>\n\n\n\n<li>Hasta 270 \u20ac\/cabeza de bovino de leche con una edad comprendida entre doce y veinticuatro meses.<\/li>\n\n\n\n<li>Hasta 225 \u20ac\/cabeza de bovino de carne con una edad comprendida entre doce y veinticuatro meses.<\/li>\n\n\n\n<li>Hasta 100 \u20ac\/cabeza de caprino de leche.<\/li>\n\n\n\n<li>Hasta 70 \u20ac\/cabeza de ovino de leche.<\/li>\n\n\n\n<li>Hasta 25 \u20ac\/cabeza de ovino o caprino de carne.<\/li>\n\n\n\n<li>Hasta 150 \u20ac por macho de ovino adquirido homocigoto (ARR-ARR).<\/li>\n\n\n\n<li>Hasta 270 \u20ac por animal reproductor adquirido de equino de entre doce y veinticuatro meses<\/li>\n\n\n\n<li>Hasta 390 \u20ac por animal reproductor adquirido de la especie equina de entre veinticuatro meses y cinco a\u00f1os.<\/li>\n<\/ul>\n\n\n\n<p>Si los animales adquiridos se hallan&nbsp;<strong>inscritos en el libro geneal\u00f3gico de la raza&nbsp;<\/strong>correspondiente,&nbsp;<strong>se incrementa&nbsp;<\/strong>la cuant\u00eda&nbsp;<strong>un 25 %.<\/strong>&nbsp;<strong>\/<\/strong><\/p>\n","protected":false},"excerpt":{"rendered":"<p>El Bolet\u00edn Oficial de Castilla y Le\u00f3n ha publicado este viernes, 4 de julio, la convocatoria de las ayudas de la Junta por la reposici\u00f3n de reses sacrificadas de forma obligatoria por la aplicaci\u00f3n de programas sanitarios oficiales de enfermedades de los rumiantes. Los interesados podr\u00e1n solicitar hasta el lunes 1 de septiembre estas ayudas, [&hellip;]<\/p>\n","protected":false},"author":9,"featured_media":16670,"comment_status":"open","ping_status":"open","sticky":false,"template":"","format":"standard","meta":{"footnotes":""},"categories":[9,31,29,28,35,13],"tags":[59,234,183,77,66,143,365,144],"yoast_head":"<!-- This site is optimized with the Yoast SEO plugin v24.5 - https:\/\/yoast.com\/wordpress\/plugins\/seo\/ -->\n<title>1 de septiembre, fecha tope de la ayuda para reponer reses sacrificadas por programas sanitarios - ASAJA Palencia<\/title>\n<meta name=\"description\" content=\"El Bolet\u00edn Oficial de Castilla y Le\u00f3n ha publicado este viernes, 4 de julio, la convocatoria de las ayudas de la Junta por la reposici\u00f3n de reses\" \/>\n<meta name=\"robots\" content=\"index, follow, max-snippet:-1, max-image-preview:large, max-video-preview:-1\" \/>\n<link rel=\"canonical\" href=\"https:\/\/www.asajacyl.com\/palencia\/asaja-palencia-informa\/1-de-septiembre-fecha-tope-de-la-ayuda-para-reponer-reses-sacrificadas-por-programas-sanitarios\" \/>\n<meta property=\"og:locale\" content=\"es_ES\" \/>\n<meta property=\"og:type\" content=\"article\" \/>\n<meta property=\"og:title\" content=\"1 de septiembre, fecha tope de la ayuda para reponer reses sacrificadas por programas sanitarios - ASAJA Palencia\" \/>\n<meta property=\"og:description\" content=\"El Bolet\u00edn Oficial de Castilla y Le\u00f3n ha publicado este viernes, 4 de julio, la convocatoria de las ayudas de la Junta por la reposici\u00f3n de reses\" \/>\n<meta property=\"og:url\" content=\"https:\/\/www.asajacyl.com\/palencia\/asaja-palencia-informa\/1-de-septiembre-fecha-tope-de-la-ayuda-para-reponer-reses-sacrificadas-por-programas-sanitarios\" \/>\n<meta property=\"og:site_name\" content=\"ASAJA Palencia\" \/>\n<meta property=\"article:published_time\" content=\"2025-07-08T05:30:00+00:00\" \/>\n<meta property=\"article:modified_time\" content=\"2025-07-22T10:23:33+00:00\" \/>\n<meta property=\"og:image\" content=\"https:\/\/www.asajacyl.com\/palencia\/wp-content\/uploads\/sites\/3\/2024\/06\/Bovino-cansado.jpg\" \/>\n\t<meta property=\"og:image:width\" content=\"1890\" \/>\n\t<meta property=\"og:image:height\" content=\"1654\" \/>\n\t<meta property=\"og:image:type\" content=\"image\/jpeg\" \/>\n<meta name=\"author\" content=\"Administrador\" \/>\n<meta name=\"twitter:card\" content=\"summary_large_image\" \/>\n<meta name=\"twitter:label1\" content=\"Escrito por\" \/>\n\t<meta name=\"twitter:data1\" content=\"Administrador\" \/>\n\t<meta name=\"twitter:label2\" content=\"Tiempo de lectura\" \/>\n\t<meta name=\"twitter:data2\" content=\"2 minutos\" \/>\n<script type=\"application\/ld+json\" class=\"yoast-schema-graph\">{\"@context\":\"https:\/\/schema.org\",\"@graph\":[{\"@type\":\"WebPage\",\"@id\":\"https:\/\/www.asajacyl.com\/palencia\/asaja-palencia-informa\/1-de-septiembre-fecha-tope-de-la-ayuda-para-reponer-reses-sacrificadas-por-programas-sanitarios\",\"url\":\"https:\/\/www.asajacyl.com\/palencia\/asaja-palencia-informa\/1-de-septiembre-fecha-tope-de-la-ayuda-para-reponer-reses-sacrificadas-por-programas-sanitarios\",\"name\":\"1 de septiembre, fecha tope de la ayuda para reponer reses sacrificadas por programas sanitarios - ASAJA Palencia\",\"isPartOf\":{\"@id\":\"https:\/\/www.asajacyl.com\/palencia\/#website\"},\"primaryImageOfPage\":{\"@id\":\"https:\/\/www.asajacyl.com\/palencia\/asaja-palencia-informa\/1-de-septiembre-fecha-tope-de-la-ayuda-para-reponer-reses-sacrificadas-por-programas-sanitarios#primaryimage\"},\"image\":{\"@id\":\"https:\/\/www.asajacyl.com\/palencia\/asaja-palencia-informa\/1-de-septiembre-fecha-tope-de-la-ayuda-para-reponer-reses-sacrificadas-por-programas-sanitarios#primaryimage\"},\"thumbnailUrl\":\"https:\/\/www.asajacyl.com\/palencia\/wp-content\/uploads\/sites\/3\/2024\/06\/Bovino-cansado.jpg\",\"datePublished\":\"2025-07-08T05:30:00+00:00\",\"dateModified\":\"2025-07-22T10:23:33+00:00\",\"author\":{\"@id\":\"https:\/\/www.asajacyl.com\/palencia\/#\/schema\/person\/3ab17aeb03527485c317557fae64aab1\"},\"description\":\"El Bolet\u00edn Oficial de Castilla y Le\u00f3n ha publicado este viernes, 4 de julio, la convocatoria de las ayudas de la Junta por la reposici\u00f3n de reses\",\"breadcrumb\":{\"@id\":\"https:\/\/www.asajacyl.com\/palencia\/asaja-palencia-informa\/1-de-septiembre-fecha-tope-de-la-ayuda-para-reponer-reses-sacrificadas-por-programas-sanitarios#breadcrumb\"},\"inLanguage\":\"es\",\"potentialAction\":[{\"@type\":\"ReadAction\",\"target\":[\"https:\/\/www.asajacyl.com\/palencia\/asaja-palencia-informa\/1-de-septiembre-fecha-tope-de-la-ayuda-para-reponer-reses-sacrificadas-por-programas-sanitarios\"]}]},{\"@type\":\"ImageObject\",\"inLanguage\":\"es\",\"@id\":\"https:\/\/www.asajacyl.com\/palencia\/asaja-palencia-informa\/1-de-septiembre-fecha-tope-de-la-ayuda-para-reponer-reses-sacrificadas-por-programas-sanitarios#primaryimage\",\"url\":\"https:\/\/www.asajacyl.com\/palencia\/wp-content\/uploads\/sites\/3\/2024\/06\/Bovino-cansado.jpg\",\"contentUrl\":\"https:\/\/www.asajacyl.com\/palencia\/wp-content\/uploads\/sites\/3\/2024\/06\/Bovino-cansado.jpg\",\"width\":1890,\"height\":1654},{\"@type\":\"BreadcrumbList\",\"@id\":\"https:\/\/www.asajacyl.com\/palencia\/asaja-palencia-informa\/1-de-septiembre-fecha-tope-de-la-ayuda-para-reponer-reses-sacrificadas-por-programas-sanitarios#breadcrumb\",\"itemListElement\":[{\"@type\":\"ListItem\",\"position\":1,\"name\":\"Portada\",\"item\":\"https:\/\/www.asajacyl.com\/palencia\/\"},{\"@type\":\"ListItem\",\"position\":2,\"name\":\"1 de septiembre, fecha tope de la ayuda para reponer reses sacrificadas por programas sanitarios\"}]},{\"@type\":\"WebSite\",\"@id\":\"https:\/\/www.asajacyl.com\/palencia\/#website\",\"url\":\"https:\/\/www.asajacyl.com\/palencia\/\",\"name\":\"ASAJA Palencia\",\"description\":\"Otro sitio m\u00e1s de Provincias ASAJA Castilla y Le\u00f3n\",\"potentialAction\":[{\"@type\":\"SearchAction\",\"target\":{\"@type\":\"EntryPoint\",\"urlTemplate\":\"https:\/\/www.asajacyl.com\/palencia\/?s={search_term_string}\"},\"query-input\":{\"@type\":\"PropertyValueSpecification\",\"valueRequired\":true,\"valueName\":\"search_term_string\"}}],\"inLanguage\":\"es\"},{\"@type\":\"Person\",\"@id\":\"https:\/\/www.asajacyl.com\/palencia\/#\/schema\/person\/3ab17aeb03527485c317557fae64aab1\",\"name\":\"Administrador\",\"image\":{\"@type\":\"ImageObject\",\"inLanguage\":\"es\",\"@id\":\"https:\/\/www.asajacyl.com\/palencia\/#\/schema\/person\/image\/\",\"url\":\"https:\/\/secure.gravatar.com\/avatar\/517384810d242ca9e38c180f3c9fb973?s=96&d=mm&r=g\",\"contentUrl\":\"https:\/\/secure.gravatar.com\/avatar\/517384810d242ca9e38c180f3c9fb973?s=96&d=mm&r=g\",\"caption\":\"Administrador\"},\"url\":\"https:\/\/www.asajacyl.com\/palencia\/author\/carlosrm\"}]}<\/script>\n<!-- \/ Yoast SEO plugin. -->","yoast_head_json":{"title":"1 de septiembre, fecha tope de la ayuda para reponer reses sacrificadas por programas sanitarios - ASAJA Palencia","description":"El Bolet\u00edn Oficial de Castilla y Le\u00f3n ha publicado este viernes, 4 de julio, la convocatoria de las ayudas de la Junta por la reposici\u00f3n de reses","robots":{"index":"index","follow":"follow","max-snippet":"max-snippet:-1","max-image-preview":"max-image-preview:large","max-video-preview":"max-video-preview:-1"},"canonical":"https:\/\/www.asajacyl.com\/palencia\/asaja-palencia-informa\/1-de-septiembre-fecha-tope-de-la-ayuda-para-reponer-reses-sacrificadas-por-programas-sanitarios","og_locale":"es_ES","og_type":"article","og_title":"1 de septiembre, fecha tope de la ayuda para reponer reses sacrificadas por programas sanitarios - ASAJA Palencia","og_description":"El Bolet\u00edn Oficial de Castilla y Le\u00f3n ha publicado este viernes, 4 de julio, la convocatoria de las ayudas de la Junta por la reposici\u00f3n de reses","og_url":"https:\/\/www.asajacyl.com\/palencia\/asaja-palencia-informa\/1-de-septiembre-fecha-tope-de-la-ayuda-para-reponer-reses-sacrificadas-por-programas-sanitarios","og_site_name":"ASAJA Palencia","article_published_time":"2025-07-08T05:30:00+00:00","article_modified_time":"2025-07-22T10:23:33+00:00","og_image":[{"width":1890,"height":1654,"url":"https:\/\/www.asajacyl.com\/palencia\/wp-content\/uploads\/sites\/3\/2024\/06\/Bovino-cansado.jpg","type":"image\/jpeg"}],"author":"Administrador","twitter_card":"summary_large_image","twitter_misc":{"Escrito por":"Administrador","Tiempo de lectura":"2 minutos"},"schema":{"@context":"https:\/\/schema.org","@graph":[{"@type":"WebPage","@id":"https:\/\/www.asajacyl.com\/palencia\/asaja-palencia-informa\/1-de-septiembre-fecha-tope-de-la-ayuda-para-reponer-reses-sacrificadas-por-programas-sanitarios","url":"https:\/\/www.asajacyl.com\/palencia\/asaja-palencia-informa\/1-de-septiembre-fecha-tope-de-la-ayuda-para-reponer-reses-sacrificadas-por-programas-sanitarios","name":"1 de septiembre, fecha tope de la ayuda para reponer reses sacrificadas por programas sanitarios - ASAJA Palencia","isPartOf":{"@id":"https:\/\/www.asajacyl.com\/palencia\/#website"},"primaryImageOfPage":{"@id":"https:\/\/www.asajacyl.com\/palencia\/asaja-palencia-informa\/1-de-septiembre-fecha-tope-de-la-ayuda-para-reponer-reses-sacrificadas-por-programas-sanitarios#primaryimage"},"image":{"@id":"https:\/\/www.asajacyl.com\/palencia\/asaja-palencia-informa\/1-de-septiembre-fecha-tope-de-la-ayuda-para-reponer-reses-sacrificadas-por-programas-sanitarios#primaryimage"},"thumbnailUrl":"https:\/\/www.asajacyl.com\/palencia\/wp-content\/uploads\/sites\/3\/2024\/06\/Bovino-cansado.jpg","datePublished":"2025-07-08T05:30:00+00:00","dateModified":"2025-07-22T10:23:33+00:00","author":{"@id":"https:\/\/www.asajacyl.com\/palencia\/#\/schema\/person\/3ab17aeb03527485c317557fae64aab1"},"description":"El Bolet\u00edn Oficial de Castilla y Le\u00f3n ha publicado este viernes, 4 de julio, la convocatoria de las ayudas de la Junta por la reposici\u00f3n de reses","breadcrumb":{"@id":"https:\/\/www.asajacyl.com\/palencia\/asaja-palencia-informa\/1-de-septiembre-fecha-tope-de-la-ayuda-para-reponer-reses-sacrificadas-por-programas-sanitarios#breadcrumb"},"inLanguage":"es","potentialAction":[{"@type":"ReadAction","target":["https:\/\/www.asajacyl.com\/palencia\/asaja-palencia-informa\/1-de-septiembre-fecha-tope-de-la-ayuda-para-reponer-reses-sacrificadas-por-programas-sanitarios"]}]},{"@type":"ImageObject","inLanguage":"es","@id":"https:\/\/www.asajacyl.com\/palencia\/asaja-palencia-informa\/1-de-septiembre-fecha-tope-de-la-ayuda-para-reponer-reses-sacrificadas-por-programas-sanitarios#primaryimage","url":"https:\/\/www.asajacyl.com\/palencia\/wp-content\/uploads\/sites\/3\/2024\/06\/Bovino-cansado.jpg","contentUrl":"https:\/\/www.asajacyl.com\/palencia\/wp-content\/uploads\/sites\/3\/2024\/06\/Bovino-cansado.jpg","width":1890,"height":1654},{"@type":"BreadcrumbList","@id":"https:\/\/www.asajacyl.com\/palencia\/asaja-palencia-informa\/1-de-septiembre-fecha-tope-de-la-ayuda-para-reponer-reses-sacrificadas-por-programas-sanitarios#breadcrumb","itemListElement":[{"@type":"ListItem","position":1,"name":"Portada","item":"https:\/\/www.asajacyl.com\/palencia\/"},{"@type":"ListItem","position":2,"name":"1 de septiembre, fecha tope de la ayuda para reponer reses sacrificadas por programas sanitarios"}]},{"@type":"WebSite","@id":"https:\/\/www.asajacyl.com\/palencia\/#website","url":"https:\/\/www.asajacyl.com\/palencia\/","name":"ASAJA Palencia","description":"Otro sitio m\u00e1s de Provincias ASAJA Castilla y Le\u00f3n","potentialAction":[{"@type":"SearchAction","target":{"@type":"EntryPoint","urlTemplate":"https:\/\/www.asajacyl.com\/palencia\/?s={search_term_string}"},"query-input":{"@type":"PropertyValueSpecification","valueRequired":true,"valueName":"search_term_string"}}],"inLanguage":"es"},{"@type":"Person","@id":"https:\/\/www.asajacyl.com\/palencia\/#\/schema\/person\/3ab17aeb03527485c317557fae64aab1","name":"Administrador","image":{"@type":"ImageObject","inLanguage":"es","@id":"https:\/\/www.asajacyl.com\/palencia\/#\/schema\/person\/image\/","url":"https:\/\/secure.gravatar.com\/avatar\/517384810d242ca9e38c180f3c9fb973?s=96&d=mm&r=g","contentUrl":"https:\/\/secure.gravatar.com\/avatar\/517384810d242ca9e38c180f3c9fb973?s=96&d=mm&r=g","caption":"Administrador"},"url":"https:\/\/www.asajacyl.com\/palencia\/author\/carlosrm"}]}},"_links":{"self":[{"href":"https:\/\/www.asajacyl.com\/palencia\/wp-json\/wp\/v2\/posts\/20362"}],"collection":[{"href":"https:\/\/www.asajacyl.com\/palencia\/wp-json\/wp\/v2\/posts"}],"about":[{"href":"https:\/\/www.asajacyl.com\/palencia\/wp-json\/wp\/v2\/types\/post"}],"author":[{"embeddable":true,"href":"https:\/\/www.asajacyl.com\/palencia\/wp-json\/wp\/v2\/users\/9"}],"replies":[{"embeddable":true,"href":"https:\/\/www.asajacyl.com\/palencia\/wp-json\/wp\/v2\/comments?post=20362"}],"version-history":[{"count":4,"href":"https:\/\/www.asajacyl.com\/palencia\/wp-json\/wp\/v2\/posts\/20362\/revisions"}],"predecessor-version":[{"id":20495,"href":"https:\/\/www.asajacyl.com\/palencia\/wp-json\/wp\/v2\/posts\/20362\/revisions\/20495"}],"wp:featuredmedia":[{"embeddable":true,"href":"https:\/\/www.asajacyl.com\/palencia\/wp-json\/wp\/v2\/media\/16670"}],"wp:attachment":[{"href":"https:\/\/www.asajacyl.com\/palencia\/wp-json\/wp\/v2\/media?parent=20362"}],"wp:term":[{"taxonomy":"category","embeddable":true,"href":"https:\/\/www.asajacyl.com\/palencia\/wp-json\/wp\/v2\/categories?post=20362"},{"taxonomy":"post_tag","embeddable":true,"href":"https:\/\/www.asajacyl.com\/palencia\/wp-json\/wp\/v2\/tags?post=20362"}],"curies":[{"name":"wp","href":"https:\/\/api.w.org\/{rel}","templated":true}]}}