{"id":20423,"date":"2025-07-15T13:25:41","date_gmt":"2025-07-15T11:25:41","guid":{"rendered":"https:\/\/www.asajacyl.com\/palencia\/?p=20423"},"modified":"2025-07-15T13:25:44","modified_gmt":"2025-07-15T11:25:44","slug":"la-alerta-de-riesgo-de-incendios-del-16-y-17-de-julio-no-anade-restriccion-extraordinaria-en-labores-del-campo","status":"publish","type":"post","link":"https:\/\/www.asajacyl.com\/palencia\/asaja-palencia-informa\/la-alerta-de-riesgo-de-incendios-del-16-y-17-de-julio-no-anade-restriccion-extraordinaria-en-labores-del-campo","title":{"rendered":"La alerta de riesgo de incendios del 16 y 17 de julio NO a\u00f1ade restricci\u00f3n extraordinaria en labores del campo"},"content":{"rendered":"\n<h2 class=\"wp-block-heading\">La Junta de Castilla y Le\u00f3n ha declarado alerta de riesgo de incendios forestales en toda la comunidad por causas meteorol\u00f3gicas para este mi\u00e9rcoles 16 y este jueves 17 de julio. Esta declaraci\u00f3n no a\u00f1ade restricci\u00f3n extraordinaria alguna en las labores del campo, m\u00e1s all\u00e1 de la ordinaria prohibici\u00f3n de cosechar y manejar m\u00e1quinas peligrosas en zonas de monte y franjas inmediatas de 400 metros siempre y cuando se den en esas \u00e1reas las dos condiciones que a\u00f1aden peligro: un viento superior a 30 kil\u00f3metros por hora y una temperatura superior a 30 \u00baC. ASAJA-Palencia te aclara aqu\u00ed todos los supuestos para toda la \u00e9poca de alto riesgo de incendios, que va del 12 de junio al 12 de octubre.<\/h2>\n\n\n<div class=\"wp-block-image\">\n<figure class=\"alignright size-large is-resized\"><img loading=\"lazy\" decoding=\"async\" width=\"410\" height=\"1024\" src=\"https:\/\/www.asajacyl.com\/palencia\/wp-content\/uploads\/sites\/3\/2025\/07\/Info-labores-campo-epoca-incendios-410x1024.jpg\" alt=\"\" class=\"wp-image-20424\" style=\"width:660px;height:auto\" srcset=\"https:\/\/www.asajacyl.com\/palencia\/wp-content\/uploads\/sites\/3\/2025\/07\/Info-labores-campo-epoca-incendios-410x1024.jpg 410w, https:\/\/www.asajacyl.com\/palencia\/wp-content\/uploads\/sites\/3\/2025\/07\/Info-labores-campo-epoca-incendios-120x300.jpg 120w, https:\/\/www.asajacyl.com\/palencia\/wp-content\/uploads\/sites\/3\/2025\/07\/Info-labores-campo-epoca-incendios-768x1920.jpg 768w, https:\/\/www.asajacyl.com\/palencia\/wp-content\/uploads\/sites\/3\/2025\/07\/Info-labores-campo-epoca-incendios-168x420.jpg 168w, https:\/\/www.asajacyl.com\/palencia\/wp-content\/uploads\/sites\/3\/2025\/07\/Info-labores-campo-epoca-incendios-696x1740.jpg 696w, https:\/\/www.asajacyl.com\/palencia\/wp-content\/uploads\/sites\/3\/2025\/07\/Info-labores-campo-epoca-incendios.jpg 800w\" sizes=\"(max-width: 410px) 100vw, 410px\" \/><\/figure><\/div>\n\n\n<p><a href=\"https:\/\/comunicacion.jcyl.es\/web\/jcyl\/Comunicacion\/es\/17PlantillaFormEnviarContenido\/1281372051501\/_\/1285541493405\/Comunicacion\" target=\"_blank\" rel=\"noreferrer noopener\"><\/a><\/p>\n\n\n\n<ul id=\"microinteracciones\"><\/ul>\n\n\n\n<p>Un frente anticicl\u00f3nico desde el continente africano se situar\u00e1 en la vertical de la pen\u00ednsula entre el martes 15 y el jueves 17, que afectar\u00e1 de manera intensa a Castilla y Le\u00f3n en las jornadas de mi\u00e9rcoles y jueves. Se esperan temperaturas superiores a 33 \u00baC y se pueden alcanzar de forma generalizada los 36 \u00baC, o incluso m\u00e1s, con picos puntuales de 39 \u00baC. <\/p>\n\n\n\n<p>Asimismo, la humedad relativa se mantendr\u00e1 entre el 10 % y el 15 % en casi toda la comunidad, excepto en el sur, donde puede bajar al 5 %. En el nordeste de la regi\u00f3n se esperan vientos de entre 25 y 30 kil\u00f3metros\/hora, con rachas que podr\u00edan alcanzar los 40 km\/h.<\/p>\n\n\n\n<p>Los d\u00edas 16 y 17 se incluyen dentro de los avisos meteorol\u00f3gicos por temperaturas m\u00e1ximas emitidos por la Agencia Estatal de Meteorolog\u00eda, que establece un nivel de riesgo de incendio para este mi\u00e9rcoles muy alto o extremo para la pr\u00e1ctica totalidad del territorio de Castilla y Le\u00f3n.<\/p>\n\n\n\n<p>La Consejer\u00eda de Medio Ambiente, Vivienda y Ordenaci\u00f3n del Territorio ha establecido medidas preventivas para evitar incendios forestales, adem\u00e1s de adoptar medidas organizativas extraordinarias en el operativo para afrontar este incremento de peligro de incendios.<\/p>\n\n\n\n<p>En ese sentido, desde ASAJA-Palencia recomendamos prudencia a todos los socios, al tiempo que aclaramos que esta declaraci\u00f3n no cambia el r\u00e9gimen normal de limitaciones en las labores agr\u00edcolas, muy intensas en estas semanas de cosecha.<\/p>\n\n\n\n<p>Como se ve en el cuadro adjunto, con esta alerta (Situaci\u00f3n A) la prohibici\u00f3n de cosechar s\u00f3lo se exige en zonas de monte y en la franja alrededor de 400 metros cuando se den simult\u00e1neamente las dos circunstancias atmosf\u00e9ricas de riesgo: temperatura superior a 30 \u00baC y viento de m\u00e1s de 30 kil\u00f3metros\/hora. <span style=\"text-decoration: underline\">En esa circustancia y para esas \u00e1reas<\/span>, se proh\u00edbe cosechar y la utilizaci\u00f3n de toda clase maquinaria y equipos que al funcionar generen fuego, deflagraci\u00f3n, chispas o descargas el\u00e9ctricas.<\/p>\n\n\n\n<p>No obstante, la Junta aconseja especial atenci\u00f3n a las labores en las horas centrales del d\u00eda y posponer las no urgentes, <span style=\"text-decoration: underline\">evitando los trabajos en las franjas horarias de mayor riesgo<\/span> y mantener la m\u00e1xima precauci\u00f3n. Asimismo, recuerda que es obligatorio tener a mano los <span style=\"text-decoration: underline\">medios de extinci\u00f3n y el personal suficiente para controlar<\/span> posibles incendios como consecuencia de las labores.<\/p>\n\n\n\n<p>La previsi\u00f3n es que el viernes 18 comience la retirada de la masa de aire continental sahariano, y cierta mejor\u00eda de las variables meteorol\u00f3gicas de temperatura y humedad relativa, aunque la situaci\u00f3n de peligro seguir\u00e1 siendo elevada.<\/p>\n\n\n\n<p>En el actual episodio, seg\u00fan informa la Junta, se producir\u00e1 un incremento significativo de la probabilidad de ignici\u00f3n y de la capacidad de propagaci\u00f3n del incendio. Ante esta situaci\u00f3n, la Consejer\u00eda de Medio Ambiente considera necesario regular las actividades que tienen mayor probabilidad de originar incendios en el medio natural y hacer un <span style=\"text-decoration: underline\">llamamiento especial a la ciudadan\u00eda para que extreme su precauci\u00f3n<\/span>.<\/p>\n\n\n\n<p>La <strong>resoluci\u00f3n proh\u00edbe<\/strong>:<\/p>\n\n\n\n<ul>\n<li><strong>Encender fuego <\/strong>en el monte en todo tipo de espacios abiertos, as\u00ed como en zonas recreativas y de acampada, incluso en las zonas habilitadas para ello.<\/li>\n\n\n\n<li>El uso de <strong>barbacoas <\/strong>situadas en espacios abiertos.<\/li>\n\n\n\n<li>El uso de <strong>maquinaria que<\/strong>, <strong><span style=\"text-decoration: underline\">en su funcionamiento habitual<\/span> <\/strong>(es decir, no de manera accidental), <strong>despida chispas o descargas el\u00e9ctricas<\/strong>, como sopletes, soldadores y radiales, tanto en el monte como en una franja de 400 metros del terreno que lo circunde.<\/li>\n\n\n\n<li>Suspende las autorizaciones de uso del fuego y de <strong>fuegos artificiales, cohetes <\/strong>o artefactos de cualquier clase que contengan fuego.<\/li>\n<\/ul>\n\n\n\n<p>Asimismo. se solicita a la poblaci\u00f3n en general que extreme su prudencia y adopte medidas de precauci\u00f3n en sus actividades al aire libre. Cualquier m\u00ednima imprudencia puede dar lugar a una situaci\u00f3n de riesgo de gran incendio forestal. Y se recuerda que avise inmediatamente al 112 ante el avistamiento de posibles incendios forestales.<strong>\/<\/strong><\/p>\n","protected":false},"excerpt":{"rendered":"<p>La Junta de Castilla y Le\u00f3n ha declarado alerta de riesgo de incendios forestales en toda la comunidad por causas meteorol\u00f3gicas para este mi\u00e9rcoles 16 y este jueves 17 de julio. Esta declaraci\u00f3n no a\u00f1ade restricci\u00f3n extraordinaria alguna en las labores del campo, m\u00e1s all\u00e1 de la ordinaria prohibici\u00f3n de cosechar y manejar m\u00e1quinas peligrosas [&hellip;]<\/p>\n","protected":false},"author":9,"featured_media":16874,"comment_status":"open","ping_status":"open","sticky":false,"template":"","format":"standard","meta":{"footnotes":""},"categories":[9,31,38,28,13],"tags":[58,173,248,351,77,66,92,1503,93],"yoast_head":"<!-- This site is optimized with the Yoast SEO plugin v24.5 - https:\/\/yoast.com\/wordpress\/plugins\/seo\/ -->\n<title>La alerta de riesgo de incendios del 16 y 17 de julio NO a\u00f1ade restricci\u00f3n extraordinaria en labores del campo - ASAJA Palencia<\/title>\n<meta name=\"description\" content=\"La Junta de Castilla y Le\u00f3n ha declarado alerta de riesgo de incendios forestales en toda la comunidad por causas meteorol\u00f3gicas para este mi\u00e9rcoles 16 y\" \/>\n<meta name=\"robots\" content=\"index, follow, max-snippet:-1, max-image-preview:large, max-video-preview:-1\" \/>\n<link rel=\"canonical\" href=\"https:\/\/www.asajacyl.com\/palencia\/asaja-palencia-informa\/la-alerta-de-riesgo-de-incendios-del-16-y-17-de-julio-no-anade-restriccion-extraordinaria-en-labores-del-campo\" \/>\n<meta property=\"og:locale\" content=\"es_ES\" \/>\n<meta property=\"og:type\" content=\"article\" \/>\n<meta property=\"og:title\" content=\"La alerta de riesgo de incendios del 16 y 17 de julio NO a\u00f1ade restricci\u00f3n extraordinaria en labores del campo - ASAJA Palencia\" \/>\n<meta property=\"og:description\" content=\"La Junta de Castilla y Le\u00f3n ha declarado alerta de riesgo de incendios forestales en toda la comunidad por causas meteorol\u00f3gicas para este mi\u00e9rcoles 16 y\" \/>\n<meta property=\"og:url\" content=\"https:\/\/www.asajacyl.com\/palencia\/asaja-palencia-informa\/la-alerta-de-riesgo-de-incendios-del-16-y-17-de-julio-no-anade-restriccion-extraordinaria-en-labores-del-campo\" \/>\n<meta property=\"og:site_name\" content=\"ASAJA Palencia\" \/>\n<meta property=\"article:published_time\" content=\"2025-07-15T11:25:41+00:00\" \/>\n<meta property=\"article:modified_time\" content=\"2025-07-15T11:25:44+00:00\" \/>\n<meta property=\"og:image\" content=\"https:\/\/www.asajacyl.com\/palencia\/wp-content\/uploads\/sites\/3\/2024\/07\/Cosecha-ocaso-c-Miguel-Pl-1024x896.jpg\" \/>\n\t<meta property=\"og:image:width\" content=\"1024\" \/>\n\t<meta property=\"og:image:height\" content=\"896\" \/>\n\t<meta property=\"og:image:type\" content=\"image\/jpeg\" \/>\n<meta name=\"author\" content=\"Administrador\" \/>\n<meta name=\"twitter:card\" content=\"summary_large_image\" \/>\n<meta name=\"twitter:label1\" content=\"Escrito por\" \/>\n\t<meta name=\"twitter:data1\" content=\"Administrador\" \/>\n\t<meta name=\"twitter:label2\" content=\"Tiempo de lectura\" \/>\n\t<meta name=\"twitter:data2\" content=\"4 minutos\" \/>\n<script type=\"application\/ld+json\" class=\"yoast-schema-graph\">{\"@context\":\"https:\/\/schema.org\",\"@graph\":[{\"@type\":\"WebPage\",\"@id\":\"https:\/\/www.asajacyl.com\/palencia\/asaja-palencia-informa\/la-alerta-de-riesgo-de-incendios-del-16-y-17-de-julio-no-anade-restriccion-extraordinaria-en-labores-del-campo\",\"url\":\"https:\/\/www.asajacyl.com\/palencia\/asaja-palencia-informa\/la-alerta-de-riesgo-de-incendios-del-16-y-17-de-julio-no-anade-restriccion-extraordinaria-en-labores-del-campo\",\"name\":\"La alerta de riesgo de incendios del 16 y 17 de julio NO a\u00f1ade restricci\u00f3n extraordinaria en labores del campo - ASAJA Palencia\",\"isPartOf\":{\"@id\":\"https:\/\/www.asajacyl.com\/palencia\/#website\"},\"primaryImageOfPage\":{\"@id\":\"https:\/\/www.asajacyl.com\/palencia\/asaja-palencia-informa\/la-alerta-de-riesgo-de-incendios-del-16-y-17-de-julio-no-anade-restriccion-extraordinaria-en-labores-del-campo#primaryimage\"},\"image\":{\"@id\":\"https:\/\/www.asajacyl.com\/palencia\/asaja-palencia-informa\/la-alerta-de-riesgo-de-incendios-del-16-y-17-de-julio-no-anade-restriccion-extraordinaria-en-labores-del-campo#primaryimage\"},\"thumbnailUrl\":\"https:\/\/www.asajacyl.com\/palencia\/wp-content\/uploads\/sites\/3\/2024\/07\/Cosecha-ocaso-c-Miguel-Pl.jpg\",\"datePublished\":\"2025-07-15T11:25:41+00:00\",\"dateModified\":\"2025-07-15T11:25:44+00:00\",\"author\":{\"@id\":\"https:\/\/www.asajacyl.com\/palencia\/#\/schema\/person\/3ab17aeb03527485c317557fae64aab1\"},\"description\":\"La Junta de Castilla y Le\u00f3n ha declarado alerta de riesgo de incendios forestales en toda la comunidad por causas meteorol\u00f3gicas para este mi\u00e9rcoles 16 y\",\"breadcrumb\":{\"@id\":\"https:\/\/www.asajacyl.com\/palencia\/asaja-palencia-informa\/la-alerta-de-riesgo-de-incendios-del-16-y-17-de-julio-no-anade-restriccion-extraordinaria-en-labores-del-campo#breadcrumb\"},\"inLanguage\":\"es\",\"potentialAction\":[{\"@type\":\"ReadAction\",\"target\":[\"https:\/\/www.asajacyl.com\/palencia\/asaja-palencia-informa\/la-alerta-de-riesgo-de-incendios-del-16-y-17-de-julio-no-anade-restriccion-extraordinaria-en-labores-del-campo\"]}]},{\"@type\":\"ImageObject\",\"inLanguage\":\"es\",\"@id\":\"https:\/\/www.asajacyl.com\/palencia\/asaja-palencia-informa\/la-alerta-de-riesgo-de-incendios-del-16-y-17-de-julio-no-anade-restriccion-extraordinaria-en-labores-del-campo#primaryimage\",\"url\":\"https:\/\/www.asajacyl.com\/palencia\/wp-content\/uploads\/sites\/3\/2024\/07\/Cosecha-ocaso-c-Miguel-Pl.jpg\",\"contentUrl\":\"https:\/\/www.asajacyl.com\/palencia\/wp-content\/uploads\/sites\/3\/2024\/07\/Cosecha-ocaso-c-Miguel-Pl.jpg\",\"width\":1890,\"height\":1654},{\"@type\":\"BreadcrumbList\",\"@id\":\"https:\/\/www.asajacyl.com\/palencia\/asaja-palencia-informa\/la-alerta-de-riesgo-de-incendios-del-16-y-17-de-julio-no-anade-restriccion-extraordinaria-en-labores-del-campo#breadcrumb\",\"itemListElement\":[{\"@type\":\"ListItem\",\"position\":1,\"name\":\"Portada\",\"item\":\"https:\/\/www.asajacyl.com\/palencia\/\"},{\"@type\":\"ListItem\",\"position\":2,\"name\":\"La alerta de riesgo de incendios del 16 y 17 de julio NO a\u00f1ade restricci\u00f3n extraordinaria en labores del campo\"}]},{\"@type\":\"WebSite\",\"@id\":\"https:\/\/www.asajacyl.com\/palencia\/#website\",\"url\":\"https:\/\/www.asajacyl.com\/palencia\/\",\"name\":\"ASAJA Palencia\",\"description\":\"Otro sitio m\u00e1s de Provincias ASAJA Castilla y Le\u00f3n\",\"potentialAction\":[{\"@type\":\"SearchAction\",\"target\":{\"@type\":\"EntryPoint\",\"urlTemplate\":\"https:\/\/www.asajacyl.com\/palencia\/?s={search_term_string}\"},\"query-input\":{\"@type\":\"PropertyValueSpecification\",\"valueRequired\":true,\"valueName\":\"search_term_string\"}}],\"inLanguage\":\"es\"},{\"@type\":\"Person\",\"@id\":\"https:\/\/www.asajacyl.com\/palencia\/#\/schema\/person\/3ab17aeb03527485c317557fae64aab1\",\"name\":\"Administrador\",\"image\":{\"@type\":\"ImageObject\",\"inLanguage\":\"es\",\"@id\":\"https:\/\/www.asajacyl.com\/palencia\/#\/schema\/person\/image\/\",\"url\":\"https:\/\/secure.gravatar.com\/avatar\/517384810d242ca9e38c180f3c9fb973?s=96&d=mm&r=g\",\"contentUrl\":\"https:\/\/secure.gravatar.com\/avatar\/517384810d242ca9e38c180f3c9fb973?s=96&d=mm&r=g\",\"caption\":\"Administrador\"},\"url\":\"https:\/\/www.asajacyl.com\/palencia\/author\/carlosrm\"}]}<\/script>\n<!-- \/ Yoast SEO plugin. -->","yoast_head_json":{"title":"La alerta de riesgo de incendios del 16 y 17 de julio NO a\u00f1ade restricci\u00f3n extraordinaria en labores del campo - ASAJA Palencia","description":"La Junta de Castilla y Le\u00f3n ha declarado alerta de riesgo de incendios forestales en toda la comunidad por causas meteorol\u00f3gicas para este mi\u00e9rcoles 16 y","robots":{"index":"index","follow":"follow","max-snippet":"max-snippet:-1","max-image-preview":"max-image-preview:large","max-video-preview":"max-video-preview:-1"},"canonical":"https:\/\/www.asajacyl.com\/palencia\/asaja-palencia-informa\/la-alerta-de-riesgo-de-incendios-del-16-y-17-de-julio-no-anade-restriccion-extraordinaria-en-labores-del-campo","og_locale":"es_ES","og_type":"article","og_title":"La alerta de riesgo de incendios del 16 y 17 de julio NO a\u00f1ade restricci\u00f3n extraordinaria en labores del campo - ASAJA Palencia","og_description":"La Junta de Castilla y Le\u00f3n ha declarado alerta de riesgo de incendios forestales en toda la comunidad por causas meteorol\u00f3gicas para este mi\u00e9rcoles 16 y","og_url":"https:\/\/www.asajacyl.com\/palencia\/asaja-palencia-informa\/la-alerta-de-riesgo-de-incendios-del-16-y-17-de-julio-no-anade-restriccion-extraordinaria-en-labores-del-campo","og_site_name":"ASAJA Palencia","article_published_time":"2025-07-15T11:25:41+00:00","article_modified_time":"2025-07-15T11:25:44+00:00","og_image":[{"width":1024,"height":896,"url":"https:\/\/www.asajacyl.com\/palencia\/wp-content\/uploads\/sites\/3\/2024\/07\/Cosecha-ocaso-c-Miguel-Pl-1024x896.jpg","type":"image\/jpeg"}],"author":"Administrador","twitter_card":"summary_large_image","twitter_misc":{"Escrito por":"Administrador","Tiempo de lectura":"4 minutos"},"schema":{"@context":"https:\/\/schema.org","@graph":[{"@type":"WebPage","@id":"https:\/\/www.asajacyl.com\/palencia\/asaja-palencia-informa\/la-alerta-de-riesgo-de-incendios-del-16-y-17-de-julio-no-anade-restriccion-extraordinaria-en-labores-del-campo","url":"https:\/\/www.asajacyl.com\/palencia\/asaja-palencia-informa\/la-alerta-de-riesgo-de-incendios-del-16-y-17-de-julio-no-anade-restriccion-extraordinaria-en-labores-del-campo","name":"La alerta de riesgo de incendios del 16 y 17 de julio NO a\u00f1ade restricci\u00f3n extraordinaria en labores del campo - ASAJA Palencia","isPartOf":{"@id":"https:\/\/www.asajacyl.com\/palencia\/#website"},"primaryImageOfPage":{"@id":"https:\/\/www.asajacyl.com\/palencia\/asaja-palencia-informa\/la-alerta-de-riesgo-de-incendios-del-16-y-17-de-julio-no-anade-restriccion-extraordinaria-en-labores-del-campo#primaryimage"},"image":{"@id":"https:\/\/www.asajacyl.com\/palencia\/asaja-palencia-informa\/la-alerta-de-riesgo-de-incendios-del-16-y-17-de-julio-no-anade-restriccion-extraordinaria-en-labores-del-campo#primaryimage"},"thumbnailUrl":"https:\/\/www.asajacyl.com\/palencia\/wp-content\/uploads\/sites\/3\/2024\/07\/Cosecha-ocaso-c-Miguel-Pl.jpg","datePublished":"2025-07-15T11:25:41+00:00","dateModified":"2025-07-15T11:25:44+00:00","author":{"@id":"https:\/\/www.asajacyl.com\/palencia\/#\/schema\/person\/3ab17aeb03527485c317557fae64aab1"},"description":"La Junta de Castilla y Le\u00f3n ha declarado alerta de riesgo de incendios forestales en toda la comunidad por causas meteorol\u00f3gicas para este mi\u00e9rcoles 16 y","breadcrumb":{"@id":"https:\/\/www.asajacyl.com\/palencia\/asaja-palencia-informa\/la-alerta-de-riesgo-de-incendios-del-16-y-17-de-julio-no-anade-restriccion-extraordinaria-en-labores-del-campo#breadcrumb"},"inLanguage":"es","potentialAction":[{"@type":"ReadAction","target":["https:\/\/www.asajacyl.com\/palencia\/asaja-palencia-informa\/la-alerta-de-riesgo-de-incendios-del-16-y-17-de-julio-no-anade-restriccion-extraordinaria-en-labores-del-campo"]}]},{"@type":"ImageObject","inLanguage":"es","@id":"https:\/\/www.asajacyl.com\/palencia\/asaja-palencia-informa\/la-alerta-de-riesgo-de-incendios-del-16-y-17-de-julio-no-anade-restriccion-extraordinaria-en-labores-del-campo#primaryimage","url":"https:\/\/www.asajacyl.com\/palencia\/wp-content\/uploads\/sites\/3\/2024\/07\/Cosecha-ocaso-c-Miguel-Pl.jpg","contentUrl":"https:\/\/www.asajacyl.com\/palencia\/wp-content\/uploads\/sites\/3\/2024\/07\/Cosecha-ocaso-c-Miguel-Pl.jpg","width":1890,"height":1654},{"@type":"BreadcrumbList","@id":"https:\/\/www.asajacyl.com\/palencia\/asaja-palencia-informa\/la-alerta-de-riesgo-de-incendios-del-16-y-17-de-julio-no-anade-restriccion-extraordinaria-en-labores-del-campo#breadcrumb","itemListElement":[{"@type":"ListItem","position":1,"name":"Portada","item":"https:\/\/www.asajacyl.com\/palencia\/"},{"@type":"ListItem","position":2,"name":"La alerta de riesgo de incendios del 16 y 17 de julio NO a\u00f1ade restricci\u00f3n extraordinaria en labores del campo"}]},{"@type":"WebSite","@id":"https:\/\/www.asajacyl.com\/palencia\/#website","url":"https:\/\/www.asajacyl.com\/palencia\/","name":"ASAJA Palencia","description":"Otro sitio m\u00e1s de Provincias ASAJA Castilla y Le\u00f3n","potentialAction":[{"@type":"SearchAction","target":{"@type":"EntryPoint","urlTemplate":"https:\/\/www.asajacyl.com\/palencia\/?s={search_term_string}"},"query-input":{"@type":"PropertyValueSpecification","valueRequired":true,"valueName":"search_term_string"}}],"inLanguage":"es"},{"@type":"Person","@id":"https:\/\/www.asajacyl.com\/palencia\/#\/schema\/person\/3ab17aeb03527485c317557fae64aab1","name":"Administrador","image":{"@type":"ImageObject","inLanguage":"es","@id":"https:\/\/www.asajacyl.com\/palencia\/#\/schema\/person\/image\/","url":"https:\/\/secure.gravatar.com\/avatar\/517384810d242ca9e38c180f3c9fb973?s=96&d=mm&r=g","contentUrl":"https:\/\/secure.gravatar.com\/avatar\/517384810d242ca9e38c180f3c9fb973?s=96&d=mm&r=g","caption":"Administrador"},"url":"https:\/\/www.asajacyl.com\/palencia\/author\/carlosrm"}]}},"_links":{"self":[{"href":"https:\/\/www.asajacyl.com\/palencia\/wp-json\/wp\/v2\/posts\/20423"}],"collection":[{"href":"https:\/\/www.asajacyl.com\/palencia\/wp-json\/wp\/v2\/posts"}],"about":[{"href":"https:\/\/www.asajacyl.com\/palencia\/wp-json\/wp\/v2\/types\/post"}],"author":[{"embeddable":true,"href":"https:\/\/www.asajacyl.com\/palencia\/wp-json\/wp\/v2\/users\/9"}],"replies":[{"embeddable":true,"href":"https:\/\/www.asajacyl.com\/palencia\/wp-json\/wp\/v2\/comments?post=20423"}],"version-history":[{"count":3,"href":"https:\/\/www.asajacyl.com\/palencia\/wp-json\/wp\/v2\/posts\/20423\/revisions"}],"predecessor-version":[{"id":20427,"href":"https:\/\/www.asajacyl.com\/palencia\/wp-json\/wp\/v2\/posts\/20423\/revisions\/20427"}],"wp:featuredmedia":[{"embeddable":true,"href":"https:\/\/www.asajacyl.com\/palencia\/wp-json\/wp\/v2\/media\/16874"}],"wp:attachment":[{"href":"https:\/\/www.asajacyl.com\/palencia\/wp-json\/wp\/v2\/media?parent=20423"}],"wp:term":[{"taxonomy":"category","embeddable":true,"href":"https:\/\/www.asajacyl.com\/palencia\/wp-json\/wp\/v2\/categories?post=20423"},{"taxonomy":"post_tag","embeddable":true,"href":"https:\/\/www.asajacyl.com\/palencia\/wp-json\/wp\/v2\/tags?post=20423"}],"curies":[{"name":"wp","href":"https:\/\/api.w.org\/{rel}","templated":true}]}}