{"id":20510,"date":"2025-07-23T07:30:00","date_gmt":"2025-07-23T05:30:00","guid":{"rendered":"https:\/\/www.asajacyl.com\/palencia\/?p=20510"},"modified":"2025-07-23T10:51:14","modified_gmt":"2025-07-23T08:51:14","slug":"la-comision-europea-cierra-el-procedimiento-de-la-tortola-contra-espana-y-ya-permite-su-caza","status":"publish","type":"post","link":"https:\/\/www.asajacyl.com\/palencia\/asaja-palencia-informa\/la-comision-europea-cierra-el-procedimiento-de-la-tortola-contra-espana-y-ya-permite-su-caza","title":{"rendered":"La Comisi\u00f3n Europea cierra en Espa\u00f1a el procedimiento de la t\u00f3rtola y ya permite su caza"},"content":{"rendered":"\n<h2 class=\"wp-block-heading\">La Comisi\u00f3n Europea (CE) ha cerrado el procedimiento de infracci\u00f3n abierto a Espa\u00f1a por la insuficiente conservaci\u00f3n de la t\u00f3rtola europea, al considerar que cumple con los requisitos necesarios para garantizar la recuperaci\u00f3n y la sostenibilidad de la especie, lo que permite reanudar su caza.<\/h2>\n\n\n\n<p>El Ministerio de Agricultura, Pesca y Alimentaci\u00f3n (MAPA) recibi\u00f3 el 17 de julio la comunicaci\u00f3n oficial de la CE que confirma que Espa\u00f1a ha solventado las deficiencias detectadas y que da por concluido el procedimiento iniciado en 2019. <\/p>\n\n\n\n<p>El trabajo realizado ha logrado recuperar la poblaci\u00f3n de la t\u00f3rtola europea a niveles de 2011. Se ha pasado de un estado de \u00abdeclive moderado\u00bb al de \u00abincremento moderado\u00bb, lo que permite garantizar su recuperaci\u00f3n a medio plazo, incluso, con la reapertura de una caza sostenible.<\/p>\n\n\n\n<p><strong>MORATORIA DE CUATRO A\u00d1OS. <\/strong>Entre las actuaciones destacadas se encuentran la mejora de h\u00e1bitats mediante ecoesquemas y pr\u00e1cticas agroambientales del plan estrat\u00e9gico de la Pol\u00edtica Agraria Com\u00fan (PAC); convenios y estudios t\u00e9cnicos que han permitido profundizar en el conocimiento de par\u00e1metros de supervivencia, din\u00e1mica poblacional y medidas espec\u00edficas de gesti\u00f3n del h\u00e1bitat; y la moratoria de la caza entre 2020 y 2024, que ha facilitado la recuperaci\u00f3n de las poblaciones.<\/p>\n\n\n\n<p>La mejora del conocimiento de la especie se ha utilizado como ejemplo en el grupo de trabajo de aves en situaci\u00f3n de riesgo de la Comisi\u00f3n Europea. En concreto, han indicado que, como resultado de este proceso, en la media veda de 2025 se ha reanudado la caza de la especie bajo un sistema de control para la caza adaptativa de la t\u00f3rtola, con el visto bueno de la CE y el aval cient\u00edfico del consorcio asesor.<\/p>\n\n\n\n<p>El cambio llega al cumplirse las tres condiciones establecidas: aumento poblacional durante al menos dos a\u00f1os; incremento de la supervivencia que permita una tasa de crecimiento poblacional y existencia de sistemas cre\u00edbles de regulaci\u00f3n, control y aplicaci\u00f3n.<strong>\/<\/strong><\/p>\n\n\n\n<p><\/p>\n","protected":false},"excerpt":{"rendered":"<p>La Comisi\u00f3n Europea (CE) ha cerrado el procedimiento de infracci\u00f3n abierto a Espa\u00f1a por la insuficiente conservaci\u00f3n de la t\u00f3rtola europea, al considerar que cumple con los requisitos necesarios para garantizar la recuperaci\u00f3n y la sostenibilidad de la especie, lo que permite reanudar su caza. El Ministerio de Agricultura, Pesca y Alimentaci\u00f3n (MAPA) recibi\u00f3 el [&hellip;]<\/p>\n","protected":false},"author":9,"featured_media":20512,"comment_status":"open","ping_status":"open","sticky":false,"template":"","format":"standard","meta":{"footnotes":""},"categories":[9,31,29,28,13],"tags":[58,816,133,678,250,104,110,45,1520,589,1519],"yoast_head":"<!-- This site is optimized with the Yoast SEO plugin v24.5 - https:\/\/yoast.com\/wordpress\/plugins\/seo\/ -->\n<title>La Comisi\u00f3n Europea cierra en Espa\u00f1a el procedimiento de la t\u00f3rtola y ya permite su caza - ASAJA Palencia<\/title>\n<meta name=\"description\" content=\"La Comisi\u00f3n Europea (CE) ha cerrado el procedimiento de infracci\u00f3n abierto a Espa\u00f1a por la insuficiente conservaci\u00f3n de la t\u00f3rtola europea, al considerar\" \/>\n<meta name=\"robots\" content=\"index, follow, max-snippet:-1, max-image-preview:large, max-video-preview:-1\" \/>\n<link rel=\"canonical\" href=\"https:\/\/www.asajacyl.com\/palencia\/asaja-palencia-informa\/la-comision-europea-cierra-el-procedimiento-de-la-tortola-contra-espana-y-ya-permite-su-caza\" \/>\n<meta property=\"og:locale\" content=\"es_ES\" \/>\n<meta property=\"og:type\" content=\"article\" \/>\n<meta property=\"og:title\" content=\"La Comisi\u00f3n Europea cierra en Espa\u00f1a el procedimiento de la t\u00f3rtola y ya permite su caza - ASAJA Palencia\" \/>\n<meta property=\"og:description\" content=\"La Comisi\u00f3n Europea (CE) ha cerrado el procedimiento de infracci\u00f3n abierto a Espa\u00f1a por la insuficiente conservaci\u00f3n de la t\u00f3rtola europea, al considerar\" \/>\n<meta property=\"og:url\" content=\"https:\/\/www.asajacyl.com\/palencia\/asaja-palencia-informa\/la-comision-europea-cierra-el-procedimiento-de-la-tortola-contra-espana-y-ya-permite-su-caza\" \/>\n<meta property=\"og:site_name\" content=\"ASAJA Palencia\" \/>\n<meta property=\"article:published_time\" content=\"2025-07-23T05:30:00+00:00\" \/>\n<meta property=\"article:modified_time\" content=\"2025-07-23T08:51:14+00:00\" \/>\n<meta property=\"og:image\" content=\"https:\/\/www.asajacyl.com\/palencia\/wp-content\/uploads\/sites\/3\/2025\/07\/tortola-c-MAPA-web.jpg\" \/>\n\t<meta property=\"og:image:width\" content=\"1890\" \/>\n\t<meta property=\"og:image:height\" content=\"1654\" \/>\n\t<meta property=\"og:image:type\" content=\"image\/jpeg\" \/>\n<meta name=\"author\" content=\"Administrador\" \/>\n<meta name=\"twitter:card\" content=\"summary_large_image\" \/>\n<meta name=\"twitter:label1\" content=\"Escrito por\" \/>\n\t<meta name=\"twitter:data1\" content=\"Administrador\" \/>\n\t<meta name=\"twitter:label2\" content=\"Tiempo de lectura\" \/>\n\t<meta name=\"twitter:data2\" content=\"2 minutos\" \/>\n<script type=\"application\/ld+json\" class=\"yoast-schema-graph\">{\"@context\":\"https:\/\/schema.org\",\"@graph\":[{\"@type\":\"WebPage\",\"@id\":\"https:\/\/www.asajacyl.com\/palencia\/asaja-palencia-informa\/la-comision-europea-cierra-el-procedimiento-de-la-tortola-contra-espana-y-ya-permite-su-caza\",\"url\":\"https:\/\/www.asajacyl.com\/palencia\/asaja-palencia-informa\/la-comision-europea-cierra-el-procedimiento-de-la-tortola-contra-espana-y-ya-permite-su-caza\",\"name\":\"La Comisi\u00f3n Europea cierra en Espa\u00f1a el procedimiento de la t\u00f3rtola y ya permite su caza - ASAJA Palencia\",\"isPartOf\":{\"@id\":\"https:\/\/www.asajacyl.com\/palencia\/#website\"},\"primaryImageOfPage\":{\"@id\":\"https:\/\/www.asajacyl.com\/palencia\/asaja-palencia-informa\/la-comision-europea-cierra-el-procedimiento-de-la-tortola-contra-espana-y-ya-permite-su-caza#primaryimage\"},\"image\":{\"@id\":\"https:\/\/www.asajacyl.com\/palencia\/asaja-palencia-informa\/la-comision-europea-cierra-el-procedimiento-de-la-tortola-contra-espana-y-ya-permite-su-caza#primaryimage\"},\"thumbnailUrl\":\"https:\/\/www.asajacyl.com\/palencia\/wp-content\/uploads\/sites\/3\/2025\/07\/tortola-c-MAPA-web.jpg\",\"datePublished\":\"2025-07-23T05:30:00+00:00\",\"dateModified\":\"2025-07-23T08:51:14+00:00\",\"author\":{\"@id\":\"https:\/\/www.asajacyl.com\/palencia\/#\/schema\/person\/3ab17aeb03527485c317557fae64aab1\"},\"description\":\"La Comisi\u00f3n Europea (CE) ha cerrado el procedimiento de infracci\u00f3n abierto a Espa\u00f1a por la insuficiente conservaci\u00f3n de la t\u00f3rtola europea, al considerar\",\"breadcrumb\":{\"@id\":\"https:\/\/www.asajacyl.com\/palencia\/asaja-palencia-informa\/la-comision-europea-cierra-el-procedimiento-de-la-tortola-contra-espana-y-ya-permite-su-caza#breadcrumb\"},\"inLanguage\":\"es\",\"potentialAction\":[{\"@type\":\"ReadAction\",\"target\":[\"https:\/\/www.asajacyl.com\/palencia\/asaja-palencia-informa\/la-comision-europea-cierra-el-procedimiento-de-la-tortola-contra-espana-y-ya-permite-su-caza\"]}]},{\"@type\":\"ImageObject\",\"inLanguage\":\"es\",\"@id\":\"https:\/\/www.asajacyl.com\/palencia\/asaja-palencia-informa\/la-comision-europea-cierra-el-procedimiento-de-la-tortola-contra-espana-y-ya-permite-su-caza#primaryimage\",\"url\":\"https:\/\/www.asajacyl.com\/palencia\/wp-content\/uploads\/sites\/3\/2025\/07\/tortola-c-MAPA-web.jpg\",\"contentUrl\":\"https:\/\/www.asajacyl.com\/palencia\/wp-content\/uploads\/sites\/3\/2025\/07\/tortola-c-MAPA-web.jpg\",\"width\":1890,\"height\":1654},{\"@type\":\"BreadcrumbList\",\"@id\":\"https:\/\/www.asajacyl.com\/palencia\/asaja-palencia-informa\/la-comision-europea-cierra-el-procedimiento-de-la-tortola-contra-espana-y-ya-permite-su-caza#breadcrumb\",\"itemListElement\":[{\"@type\":\"ListItem\",\"position\":1,\"name\":\"Portada\",\"item\":\"https:\/\/www.asajacyl.com\/palencia\/\"},{\"@type\":\"ListItem\",\"position\":2,\"name\":\"La Comisi\u00f3n Europea cierra en Espa\u00f1a el procedimiento de la t\u00f3rtola y ya permite su caza\"}]},{\"@type\":\"WebSite\",\"@id\":\"https:\/\/www.asajacyl.com\/palencia\/#website\",\"url\":\"https:\/\/www.asajacyl.com\/palencia\/\",\"name\":\"ASAJA Palencia\",\"description\":\"Otro sitio m\u00e1s de Provincias ASAJA Castilla y Le\u00f3n\",\"potentialAction\":[{\"@type\":\"SearchAction\",\"target\":{\"@type\":\"EntryPoint\",\"urlTemplate\":\"https:\/\/www.asajacyl.com\/palencia\/?s={search_term_string}\"},\"query-input\":{\"@type\":\"PropertyValueSpecification\",\"valueRequired\":true,\"valueName\":\"search_term_string\"}}],\"inLanguage\":\"es\"},{\"@type\":\"Person\",\"@id\":\"https:\/\/www.asajacyl.com\/palencia\/#\/schema\/person\/3ab17aeb03527485c317557fae64aab1\",\"name\":\"Administrador\",\"image\":{\"@type\":\"ImageObject\",\"inLanguage\":\"es\",\"@id\":\"https:\/\/www.asajacyl.com\/palencia\/#\/schema\/person\/image\/\",\"url\":\"https:\/\/secure.gravatar.com\/avatar\/517384810d242ca9e38c180f3c9fb973?s=96&d=mm&r=g\",\"contentUrl\":\"https:\/\/secure.gravatar.com\/avatar\/517384810d242ca9e38c180f3c9fb973?s=96&d=mm&r=g\",\"caption\":\"Administrador\"},\"url\":\"https:\/\/www.asajacyl.com\/palencia\/author\/carlosrm\"}]}<\/script>\n<!-- \/ Yoast SEO plugin. -->","yoast_head_json":{"title":"La Comisi\u00f3n Europea cierra en Espa\u00f1a el procedimiento de la t\u00f3rtola y ya permite su caza - ASAJA Palencia","description":"La Comisi\u00f3n Europea (CE) ha cerrado el procedimiento de infracci\u00f3n abierto a Espa\u00f1a por la insuficiente conservaci\u00f3n de la t\u00f3rtola europea, al considerar","robots":{"index":"index","follow":"follow","max-snippet":"max-snippet:-1","max-image-preview":"max-image-preview:large","max-video-preview":"max-video-preview:-1"},"canonical":"https:\/\/www.asajacyl.com\/palencia\/asaja-palencia-informa\/la-comision-europea-cierra-el-procedimiento-de-la-tortola-contra-espana-y-ya-permite-su-caza","og_locale":"es_ES","og_type":"article","og_title":"La Comisi\u00f3n Europea cierra en Espa\u00f1a el procedimiento de la t\u00f3rtola y ya permite su caza - ASAJA Palencia","og_description":"La Comisi\u00f3n Europea (CE) ha cerrado el procedimiento de infracci\u00f3n abierto a Espa\u00f1a por la insuficiente conservaci\u00f3n de la t\u00f3rtola europea, al considerar","og_url":"https:\/\/www.asajacyl.com\/palencia\/asaja-palencia-informa\/la-comision-europea-cierra-el-procedimiento-de-la-tortola-contra-espana-y-ya-permite-su-caza","og_site_name":"ASAJA Palencia","article_published_time":"2025-07-23T05:30:00+00:00","article_modified_time":"2025-07-23T08:51:14+00:00","og_image":[{"width":1890,"height":1654,"url":"https:\/\/www.asajacyl.com\/palencia\/wp-content\/uploads\/sites\/3\/2025\/07\/tortola-c-MAPA-web.jpg","type":"image\/jpeg"}],"author":"Administrador","twitter_card":"summary_large_image","twitter_misc":{"Escrito por":"Administrador","Tiempo de lectura":"2 minutos"},"schema":{"@context":"https:\/\/schema.org","@graph":[{"@type":"WebPage","@id":"https:\/\/www.asajacyl.com\/palencia\/asaja-palencia-informa\/la-comision-europea-cierra-el-procedimiento-de-la-tortola-contra-espana-y-ya-permite-su-caza","url":"https:\/\/www.asajacyl.com\/palencia\/asaja-palencia-informa\/la-comision-europea-cierra-el-procedimiento-de-la-tortola-contra-espana-y-ya-permite-su-caza","name":"La Comisi\u00f3n Europea cierra en Espa\u00f1a el procedimiento de la t\u00f3rtola y ya permite su caza - ASAJA Palencia","isPartOf":{"@id":"https:\/\/www.asajacyl.com\/palencia\/#website"},"primaryImageOfPage":{"@id":"https:\/\/www.asajacyl.com\/palencia\/asaja-palencia-informa\/la-comision-europea-cierra-el-procedimiento-de-la-tortola-contra-espana-y-ya-permite-su-caza#primaryimage"},"image":{"@id":"https:\/\/www.asajacyl.com\/palencia\/asaja-palencia-informa\/la-comision-europea-cierra-el-procedimiento-de-la-tortola-contra-espana-y-ya-permite-su-caza#primaryimage"},"thumbnailUrl":"https:\/\/www.asajacyl.com\/palencia\/wp-content\/uploads\/sites\/3\/2025\/07\/tortola-c-MAPA-web.jpg","datePublished":"2025-07-23T05:30:00+00:00","dateModified":"2025-07-23T08:51:14+00:00","author":{"@id":"https:\/\/www.asajacyl.com\/palencia\/#\/schema\/person\/3ab17aeb03527485c317557fae64aab1"},"description":"La Comisi\u00f3n Europea (CE) ha cerrado el procedimiento de infracci\u00f3n abierto a Espa\u00f1a por la insuficiente conservaci\u00f3n de la t\u00f3rtola europea, al considerar","breadcrumb":{"@id":"https:\/\/www.asajacyl.com\/palencia\/asaja-palencia-informa\/la-comision-europea-cierra-el-procedimiento-de-la-tortola-contra-espana-y-ya-permite-su-caza#breadcrumb"},"inLanguage":"es","potentialAction":[{"@type":"ReadAction","target":["https:\/\/www.asajacyl.com\/palencia\/asaja-palencia-informa\/la-comision-europea-cierra-el-procedimiento-de-la-tortola-contra-espana-y-ya-permite-su-caza"]}]},{"@type":"ImageObject","inLanguage":"es","@id":"https:\/\/www.asajacyl.com\/palencia\/asaja-palencia-informa\/la-comision-europea-cierra-el-procedimiento-de-la-tortola-contra-espana-y-ya-permite-su-caza#primaryimage","url":"https:\/\/www.asajacyl.com\/palencia\/wp-content\/uploads\/sites\/3\/2025\/07\/tortola-c-MAPA-web.jpg","contentUrl":"https:\/\/www.asajacyl.com\/palencia\/wp-content\/uploads\/sites\/3\/2025\/07\/tortola-c-MAPA-web.jpg","width":1890,"height":1654},{"@type":"BreadcrumbList","@id":"https:\/\/www.asajacyl.com\/palencia\/asaja-palencia-informa\/la-comision-europea-cierra-el-procedimiento-de-la-tortola-contra-espana-y-ya-permite-su-caza#breadcrumb","itemListElement":[{"@type":"ListItem","position":1,"name":"Portada","item":"https:\/\/www.asajacyl.com\/palencia\/"},{"@type":"ListItem","position":2,"name":"La Comisi\u00f3n Europea cierra en Espa\u00f1a el procedimiento de la t\u00f3rtola y ya permite su caza"}]},{"@type":"WebSite","@id":"https:\/\/www.asajacyl.com\/palencia\/#website","url":"https:\/\/www.asajacyl.com\/palencia\/","name":"ASAJA Palencia","description":"Otro sitio m\u00e1s de Provincias ASAJA Castilla y Le\u00f3n","potentialAction":[{"@type":"SearchAction","target":{"@type":"EntryPoint","urlTemplate":"https:\/\/www.asajacyl.com\/palencia\/?s={search_term_string}"},"query-input":{"@type":"PropertyValueSpecification","valueRequired":true,"valueName":"search_term_string"}}],"inLanguage":"es"},{"@type":"Person","@id":"https:\/\/www.asajacyl.com\/palencia\/#\/schema\/person\/3ab17aeb03527485c317557fae64aab1","name":"Administrador","image":{"@type":"ImageObject","inLanguage":"es","@id":"https:\/\/www.asajacyl.com\/palencia\/#\/schema\/person\/image\/","url":"https:\/\/secure.gravatar.com\/avatar\/517384810d242ca9e38c180f3c9fb973?s=96&d=mm&r=g","contentUrl":"https:\/\/secure.gravatar.com\/avatar\/517384810d242ca9e38c180f3c9fb973?s=96&d=mm&r=g","caption":"Administrador"},"url":"https:\/\/www.asajacyl.com\/palencia\/author\/carlosrm"}]}},"_links":{"self":[{"href":"https:\/\/www.asajacyl.com\/palencia\/wp-json\/wp\/v2\/posts\/20510"}],"collection":[{"href":"https:\/\/www.asajacyl.com\/palencia\/wp-json\/wp\/v2\/posts"}],"about":[{"href":"https:\/\/www.asajacyl.com\/palencia\/wp-json\/wp\/v2\/types\/post"}],"author":[{"embeddable":true,"href":"https:\/\/www.asajacyl.com\/palencia\/wp-json\/wp\/v2\/users\/9"}],"replies":[{"embeddable":true,"href":"https:\/\/www.asajacyl.com\/palencia\/wp-json\/wp\/v2\/comments?post=20510"}],"version-history":[{"count":2,"href":"https:\/\/www.asajacyl.com\/palencia\/wp-json\/wp\/v2\/posts\/20510\/revisions"}],"predecessor-version":[{"id":20514,"href":"https:\/\/www.asajacyl.com\/palencia\/wp-json\/wp\/v2\/posts\/20510\/revisions\/20514"}],"wp:featuredmedia":[{"embeddable":true,"href":"https:\/\/www.asajacyl.com\/palencia\/wp-json\/wp\/v2\/media\/20512"}],"wp:attachment":[{"href":"https:\/\/www.asajacyl.com\/palencia\/wp-json\/wp\/v2\/media?parent=20510"}],"wp:term":[{"taxonomy":"category","embeddable":true,"href":"https:\/\/www.asajacyl.com\/palencia\/wp-json\/wp\/v2\/categories?post=20510"},{"taxonomy":"post_tag","embeddable":true,"href":"https:\/\/www.asajacyl.com\/palencia\/wp-json\/wp\/v2\/tags?post=20510"}],"curies":[{"name":"wp","href":"https:\/\/api.w.org\/{rel}","templated":true}]}}