{"id":20515,"date":"2025-07-24T13:19:15","date_gmt":"2025-07-24T11:19:15","guid":{"rendered":"https:\/\/www.asajacyl.com\/palencia\/?p=20515"},"modified":"2025-07-24T14:07:07","modified_gmt":"2025-07-24T12:07:07","slug":"la-tonelada-de-paja-cotiza-a-30-e-precio-que-apenas-cubre-los-costes-de-empacar-y-cargar","status":"publish","type":"post","link":"https:\/\/www.asajacyl.com\/palencia\/asaja-palencia-informa\/la-tonelada-de-paja-cotiza-a-30-e-precio-que-apenas-cubre-los-costes-de-empacar-y-cargar","title":{"rendered":"La tonelada de paja cotiza a 30 \u20ac, precio que apenas cubre los costes de empacar y cargar"},"content":{"rendered":"\n<h2 class=\"wp-block-heading\">La Lonja de Le\u00f3n vis\u00f3 este mi\u00e9rcoles, 23 de julio, operaciones de la paja ya de la nueva campa\u00f1a, con un primer precio a tan s\u00f3lo treinte euros por tonelada, lo que apenas cubre los costes de empacar y cargar. Desde la lonja leonesa apuntan que, dada la elevada producci\u00f3n de este a\u00f1o, buena parte de los agricultores (sobre todo, los que a\u00fan no han completado la cosecha) optar\u00e1n por picar la paja y dejarla que abone la tierra, en vez de asumir su comercializaci\u00f3n. El centeno tambi\u00e9n ha vuelto a cotizar (167 euros\/tonelada).<\/h2>\n\n\n\n<p>Habr\u00eda que remontarse a 2016 para encontrar en la Lonja de Le\u00f3n un primer precio de la paja m\u00e1s bajo: 27 euros\/tonelada. Pero no nos olvidemos de la inflaci\u00f3n: de entonces ac\u00e1, el IPC general ha subido cerca del 28 %, por lo que aquellos 27 euros rondar\u00edan los 35 euros a precios de hoy. Es decir, en t\u00e9rminos reales, la paja nunca arranc\u00f3 la campa\u00f1a con menos valor en toda esta \u00faltima d\u00e9cada.<\/p>\n\n\n\n<p>La paja de los cereales se ha utilizado tradicionalmente para cama del ganado y para cubrir parte de las necesidades de alimentaci\u00f3n animal, as\u00ed como para sustrato de ciertos cultivos (champi\u00f1\u00f3n) y m\u00e1s recientemente, para fabricar compostaje y biomasa para generar energ\u00eda. <\/p>\n\n\n<div class=\"wp-block-image\">\n<figure class=\"alignright size-large is-resized\"><img loading=\"lazy\" decoding=\"async\" width=\"864\" height=\"1024\" src=\"https:\/\/www.asajacyl.com\/palencia\/wp-content\/uploads\/sites\/3\/2025\/07\/Precios-iniciales-paja-2016-2025-864x1024.jpg\" alt=\"\" class=\"wp-image-20518\" style=\"width:576px;height:auto\" srcset=\"https:\/\/www.asajacyl.com\/palencia\/wp-content\/uploads\/sites\/3\/2025\/07\/Precios-iniciales-paja-2016-2025-864x1024.jpg 864w, https:\/\/www.asajacyl.com\/palencia\/wp-content\/uploads\/sites\/3\/2025\/07\/Precios-iniciales-paja-2016-2025-253x300.jpg 253w, https:\/\/www.asajacyl.com\/palencia\/wp-content\/uploads\/sites\/3\/2025\/07\/Precios-iniciales-paja-2016-2025-768x910.jpg 768w, https:\/\/www.asajacyl.com\/palencia\/wp-content\/uploads\/sites\/3\/2025\/07\/Precios-iniciales-paja-2016-2025-1297x1536.jpg 1297w, https:\/\/www.asajacyl.com\/palencia\/wp-content\/uploads\/sites\/3\/2025\/07\/Precios-iniciales-paja-2016-2025-1729x2048.jpg 1729w, https:\/\/www.asajacyl.com\/palencia\/wp-content\/uploads\/sites\/3\/2025\/07\/Precios-iniciales-paja-2016-2025-355x420.jpg 355w, https:\/\/www.asajacyl.com\/palencia\/wp-content\/uploads\/sites\/3\/2025\/07\/Precios-iniciales-paja-2016-2025-696x824.jpg 696w, https:\/\/www.asajacyl.com\/palencia\/wp-content\/uploads\/sites\/3\/2025\/07\/Precios-iniciales-paja-2016-2025-1068x1265.jpg 1068w, https:\/\/www.asajacyl.com\/palencia\/wp-content\/uploads\/sites\/3\/2025\/07\/Precios-iniciales-paja-2016-2025-1920x2274.jpg 1920w, https:\/\/www.asajacyl.com\/palencia\/wp-content\/uploads\/sites\/3\/2025\/07\/Precios-iniciales-paja-2016-2025.jpg 2026w\" sizes=\"(max-width: 864px) 100vw, 864px\" \/><\/figure><\/div>\n\n\n<p>La progresiva implantaci\u00f3n de empacadoras de diverso tama\u00f1o entre los profesionales ha motivado que la paja haya ido dejando atr\u00e1s la idea de subproducto para dar importancia y valor a una mercanc\u00eda, especialmente en las zonas de mucha producci\u00f3n cerealista, como es el caso de la provincia de Palencia.<\/p>\n\n\n\n<p><strong>FUERTES OSCILACIONES. <\/strong>Sin embargo, se trata de una producci\u00f3n cuyo precio se ve muy condicionado por la sobreoferta, as\u00ed como por la carest\u00eda, ya que apenas hay comercio internacional. Recordemos que la tonelada de paja lleg\u00f3 a operar en la lonja leonesa nada menos que a 160 euros en abril de 2024, \u00faltimo mes quue se dio precio del producto al final de aquella campa\u00f1a cosechada en 2023 de gran escasez del producto por la grave sequ\u00eda de la primavera de 2023. <\/p>\n\n\n\n<p>El gr\u00e1fico adjunto, con los primeros precios de la tonelada de paja en la Lonja de Le\u00f3n en cada verano (aproximadamente mediado el mes de julio), representados de manera proporcional con el tama\u00f1o de cada c\u00edrculo, revela esas grandes oscilaciones a la hora de valorar la producci\u00f3n. <\/p>\n\n\n\n<p>Cierta fluctuaci\u00f3n se produce incluso conforme avanza el a\u00f1o: no pocos veranos incluso baja algo la cotizaci\u00f3n con respecto al precio inicial, si hay sobreoferta \u2014veremos qu\u00e9 pasa el pr\u00f3ximo agosto\u2014; y suele escalar a partir de la transici\u00f3n del oto\u00f1o al invierno, conforme va escaseando la mercanc\u00eda mientras la demanda del sector ganadero se mantiene.<\/p>\n\n\n\n<p>Con esos datos, el promedio del primer precio de la tonelada de paja en la Lonja de Le\u00f3n durante la \u00faltima d\u00e9cada se situar\u00eda en torno a los cincuenta euros (la cantidad que val\u00eda al inicio de la campa\u00f1a de 2022); pero no perdamos de vista que uno de los a\u00f1os (2023) empez\u00f3 a un nivel ya alt\u00edsimo, debido a la fuerte sequ\u00eda de los meses de abril y mayo, que anticiparon la cosecha desastrosa del cereal. <\/p>\n\n\n\n<p><strong>Este 2025 la paja ha arrancado en torno al 40 % menos valorada que el promedio de las primeras operaciones de este producto en la \u00faltima d\u00e9cada<\/strong> (49,8 \u20ac\/t).<\/p>\n\n\n\n<p><strong>FORRAJES, CEREALES Y COLZA. <\/strong>En la mesa de forrajes se mantuvieron los mismos precios de la quincena anterior; y lo mismo sucedi\u00f3 en la tablilla del cereal con respecto a los apuntados por la Lonja de Le\u00f3n una semana antes, salvo con el <strong>ma\u00edz<\/strong>, que subi\u00f3 tres euros por tonelada: se sit\u00faa en 215 euros, pero a\u00fan diez por debajo del precio con el que arranc\u00f3 la campa\u00f1a mediado marzo. <\/p>\n\n\n\n<p>Asimismo, se incorpor\u00f3 el <strong>centeno <\/strong>a la cotizaci\u00f3n, con un primer precio de solo 167 euros\/tonelada, nivel que no se ve\u00eda en la plaza leonesa desde oto\u00f1o de 2020, como ha sucedido con todos los cereales en esta cr\u00edtica campa\u00f1a. <\/p>\n\n\n\n<p>Por su parte, la <strong>colza <\/strong>recuper\u00f3 el precio inicial de campa\u00f1a (405 \u20ac\/t), tras subir dos euros la tonelada,  situarse esta oleagiosa en los 405 euros, por lo que se mantiene en cotizaciones similares a las del pasado verano.<strong>\/<\/strong><\/p>\n\n\n\n<figure class=\"wp-block-image size-large is-resized\"><img loading=\"lazy\" decoding=\"async\" width=\"1024\" height=\"768\" src=\"https:\/\/www.asajacyl.com\/palencia\/wp-content\/uploads\/sites\/3\/2025\/07\/Precios-agricultura-23julio2025-1024x768.png\" alt=\"\" class=\"wp-image-20516\" style=\"width:1065px;height:auto\" srcset=\"https:\/\/www.asajacyl.com\/palencia\/wp-content\/uploads\/sites\/3\/2025\/07\/Precios-agricultura-23julio2025-1024x768.png 1024w, https:\/\/www.asajacyl.com\/palencia\/wp-content\/uploads\/sites\/3\/2025\/07\/Precios-agricultura-23julio2025-300x225.png 300w, https:\/\/www.asajacyl.com\/palencia\/wp-content\/uploads\/sites\/3\/2025\/07\/Precios-agricultura-23julio2025-768x576.png 768w, https:\/\/www.asajacyl.com\/palencia\/wp-content\/uploads\/sites\/3\/2025\/07\/Precios-agricultura-23julio2025-1536x1152.png 1536w, https:\/\/www.asajacyl.com\/palencia\/wp-content\/uploads\/sites\/3\/2025\/07\/Precios-agricultura-23julio2025-2048x1536.png 2048w, https:\/\/www.asajacyl.com\/palencia\/wp-content\/uploads\/sites\/3\/2025\/07\/Precios-agricultura-23julio2025-560x420.png 560w, https:\/\/www.asajacyl.com\/palencia\/wp-content\/uploads\/sites\/3\/2025\/07\/Precios-agricultura-23julio2025-80x60.png 80w, https:\/\/www.asajacyl.com\/palencia\/wp-content\/uploads\/sites\/3\/2025\/07\/Precios-agricultura-23julio2025-696x522.png 696w, https:\/\/www.asajacyl.com\/palencia\/wp-content\/uploads\/sites\/3\/2025\/07\/Precios-agricultura-23julio2025-1068x801.png 1068w, https:\/\/www.asajacyl.com\/palencia\/wp-content\/uploads\/sites\/3\/2025\/07\/Precios-agricultura-23julio2025-1920x1440.png 1920w\" sizes=\"(max-width: 1024px) 100vw, 1024px\" \/><\/figure>\n","protected":false},"excerpt":{"rendered":"<p>La Lonja de Le\u00f3n vis\u00f3 este mi\u00e9rcoles, 23 de julio, operaciones de la paja ya de la nueva campa\u00f1a, con un primer precio a tan s\u00f3lo treinte euros por tonelada, lo que apenas cubre los costes de empacar y cargar. Desde la lonja leonesa apuntan que, dada la elevada producci\u00f3n de este a\u00f1o, buena parte [&hellip;]<\/p>\n","protected":false},"author":9,"featured_media":20519,"comment_status":"open","ping_status":"open","sticky":false,"template":"","format":"standard","meta":{"footnotes":""},"categories":[9,29,36,28,13],"tags":[58,898,492,46,213,1480,1521,99,77,293,219,92,198,93],"yoast_head":"<!-- This site is optimized with the Yoast SEO plugin v24.5 - https:\/\/yoast.com\/wordpress\/plugins\/seo\/ -->\n<title>La tonelada de paja cotiza a 30 \u20ac, precio que apenas cubre los costes de empacar y cargar - ASAJA Palencia<\/title>\n<meta name=\"description\" content=\"La Lonja de Le\u00f3n vis\u00f3 este mi\u00e9rcoles, 23 de julio, operaciones de la paja ya de la nueva campa\u00f1a, con un primer precio a tan s\u00f3lo treinte euros por\" \/>\n<meta name=\"robots\" content=\"index, follow, max-snippet:-1, max-image-preview:large, max-video-preview:-1\" \/>\n<link rel=\"canonical\" href=\"https:\/\/www.asajacyl.com\/palencia\/asaja-palencia-informa\/la-tonelada-de-paja-cotiza-a-30-e-precio-que-apenas-cubre-los-costes-de-empacar-y-cargar\" \/>\n<meta property=\"og:locale\" content=\"es_ES\" \/>\n<meta property=\"og:type\" content=\"article\" \/>\n<meta property=\"og:title\" content=\"La tonelada de paja cotiza a 30 \u20ac, precio que apenas cubre los costes de empacar y cargar - ASAJA Palencia\" \/>\n<meta property=\"og:description\" content=\"La Lonja de Le\u00f3n vis\u00f3 este mi\u00e9rcoles, 23 de julio, operaciones de la paja ya de la nueva campa\u00f1a, con un primer precio a tan s\u00f3lo treinte euros por\" \/>\n<meta property=\"og:url\" content=\"https:\/\/www.asajacyl.com\/palencia\/asaja-palencia-informa\/la-tonelada-de-paja-cotiza-a-30-e-precio-que-apenas-cubre-los-costes-de-empacar-y-cargar\" \/>\n<meta property=\"og:site_name\" content=\"ASAJA Palencia\" \/>\n<meta property=\"article:published_time\" content=\"2025-07-24T11:19:15+00:00\" \/>\n<meta property=\"article:modified_time\" content=\"2025-07-24T12:07:07+00:00\" \/>\n<meta property=\"og:image\" content=\"https:\/\/www.asajacyl.com\/palencia\/wp-content\/uploads\/sites\/3\/2025\/07\/Cosecha-paja-arco-iris-c-Carlos-Ruiz-Monge.jpg\" \/>\n\t<meta property=\"og:image:width\" content=\"1890\" \/>\n\t<meta property=\"og:image:height\" content=\"1654\" \/>\n\t<meta property=\"og:image:type\" content=\"image\/jpeg\" \/>\n<meta name=\"author\" content=\"Administrador\" \/>\n<meta name=\"twitter:card\" content=\"summary_large_image\" \/>\n<meta name=\"twitter:label1\" content=\"Escrito por\" \/>\n\t<meta name=\"twitter:data1\" content=\"Administrador\" \/>\n\t<meta name=\"twitter:label2\" content=\"Tiempo de lectura\" \/>\n\t<meta name=\"twitter:data2\" content=\"4 minutos\" \/>\n<script type=\"application\/ld+json\" class=\"yoast-schema-graph\">{\"@context\":\"https:\/\/schema.org\",\"@graph\":[{\"@type\":\"WebPage\",\"@id\":\"https:\/\/www.asajacyl.com\/palencia\/asaja-palencia-informa\/la-tonelada-de-paja-cotiza-a-30-e-precio-que-apenas-cubre-los-costes-de-empacar-y-cargar\",\"url\":\"https:\/\/www.asajacyl.com\/palencia\/asaja-palencia-informa\/la-tonelada-de-paja-cotiza-a-30-e-precio-que-apenas-cubre-los-costes-de-empacar-y-cargar\",\"name\":\"La tonelada de paja cotiza a 30 \u20ac, precio que apenas cubre los costes de empacar y cargar - ASAJA Palencia\",\"isPartOf\":{\"@id\":\"https:\/\/www.asajacyl.com\/palencia\/#website\"},\"primaryImageOfPage\":{\"@id\":\"https:\/\/www.asajacyl.com\/palencia\/asaja-palencia-informa\/la-tonelada-de-paja-cotiza-a-30-e-precio-que-apenas-cubre-los-costes-de-empacar-y-cargar#primaryimage\"},\"image\":{\"@id\":\"https:\/\/www.asajacyl.com\/palencia\/asaja-palencia-informa\/la-tonelada-de-paja-cotiza-a-30-e-precio-que-apenas-cubre-los-costes-de-empacar-y-cargar#primaryimage\"},\"thumbnailUrl\":\"https:\/\/www.asajacyl.com\/palencia\/wp-content\/uploads\/sites\/3\/2025\/07\/Cosecha-paja-arco-iris-c-Carlos-Ruiz-Monge.jpg\",\"datePublished\":\"2025-07-24T11:19:15+00:00\",\"dateModified\":\"2025-07-24T12:07:07+00:00\",\"author\":{\"@id\":\"https:\/\/www.asajacyl.com\/palencia\/#\/schema\/person\/3ab17aeb03527485c317557fae64aab1\"},\"description\":\"La Lonja de Le\u00f3n vis\u00f3 este mi\u00e9rcoles, 23 de julio, operaciones de la paja ya de la nueva campa\u00f1a, con un primer precio a tan s\u00f3lo treinte euros por\",\"breadcrumb\":{\"@id\":\"https:\/\/www.asajacyl.com\/palencia\/asaja-palencia-informa\/la-tonelada-de-paja-cotiza-a-30-e-precio-que-apenas-cubre-los-costes-de-empacar-y-cargar#breadcrumb\"},\"inLanguage\":\"es\",\"potentialAction\":[{\"@type\":\"ReadAction\",\"target\":[\"https:\/\/www.asajacyl.com\/palencia\/asaja-palencia-informa\/la-tonelada-de-paja-cotiza-a-30-e-precio-que-apenas-cubre-los-costes-de-empacar-y-cargar\"]}]},{\"@type\":\"ImageObject\",\"inLanguage\":\"es\",\"@id\":\"https:\/\/www.asajacyl.com\/palencia\/asaja-palencia-informa\/la-tonelada-de-paja-cotiza-a-30-e-precio-que-apenas-cubre-los-costes-de-empacar-y-cargar#primaryimage\",\"url\":\"https:\/\/www.asajacyl.com\/palencia\/wp-content\/uploads\/sites\/3\/2025\/07\/Cosecha-paja-arco-iris-c-Carlos-Ruiz-Monge.jpg\",\"contentUrl\":\"https:\/\/www.asajacyl.com\/palencia\/wp-content\/uploads\/sites\/3\/2025\/07\/Cosecha-paja-arco-iris-c-Carlos-Ruiz-Monge.jpg\",\"width\":1890,\"height\":1654},{\"@type\":\"BreadcrumbList\",\"@id\":\"https:\/\/www.asajacyl.com\/palencia\/asaja-palencia-informa\/la-tonelada-de-paja-cotiza-a-30-e-precio-que-apenas-cubre-los-costes-de-empacar-y-cargar#breadcrumb\",\"itemListElement\":[{\"@type\":\"ListItem\",\"position\":1,\"name\":\"Portada\",\"item\":\"https:\/\/www.asajacyl.com\/palencia\/\"},{\"@type\":\"ListItem\",\"position\":2,\"name\":\"La tonelada de paja cotiza a 30 \u20ac, precio que apenas cubre los costes de empacar y cargar\"}]},{\"@type\":\"WebSite\",\"@id\":\"https:\/\/www.asajacyl.com\/palencia\/#website\",\"url\":\"https:\/\/www.asajacyl.com\/palencia\/\",\"name\":\"ASAJA Palencia\",\"description\":\"Otro sitio m\u00e1s de Provincias ASAJA Castilla y Le\u00f3n\",\"potentialAction\":[{\"@type\":\"SearchAction\",\"target\":{\"@type\":\"EntryPoint\",\"urlTemplate\":\"https:\/\/www.asajacyl.com\/palencia\/?s={search_term_string}\"},\"query-input\":{\"@type\":\"PropertyValueSpecification\",\"valueRequired\":true,\"valueName\":\"search_term_string\"}}],\"inLanguage\":\"es\"},{\"@type\":\"Person\",\"@id\":\"https:\/\/www.asajacyl.com\/palencia\/#\/schema\/person\/3ab17aeb03527485c317557fae64aab1\",\"name\":\"Administrador\",\"image\":{\"@type\":\"ImageObject\",\"inLanguage\":\"es\",\"@id\":\"https:\/\/www.asajacyl.com\/palencia\/#\/schema\/person\/image\/\",\"url\":\"https:\/\/secure.gravatar.com\/avatar\/517384810d242ca9e38c180f3c9fb973?s=96&d=mm&r=g\",\"contentUrl\":\"https:\/\/secure.gravatar.com\/avatar\/517384810d242ca9e38c180f3c9fb973?s=96&d=mm&r=g\",\"caption\":\"Administrador\"},\"url\":\"https:\/\/www.asajacyl.com\/palencia\/author\/carlosrm\"}]}<\/script>\n<!-- \/ Yoast SEO plugin. -->","yoast_head_json":{"title":"La tonelada de paja cotiza a 30 \u20ac, precio que apenas cubre los costes de empacar y cargar - ASAJA Palencia","description":"La Lonja de Le\u00f3n vis\u00f3 este mi\u00e9rcoles, 23 de julio, operaciones de la paja ya de la nueva campa\u00f1a, con un primer precio a tan s\u00f3lo treinte euros por","robots":{"index":"index","follow":"follow","max-snippet":"max-snippet:-1","max-image-preview":"max-image-preview:large","max-video-preview":"max-video-preview:-1"},"canonical":"https:\/\/www.asajacyl.com\/palencia\/asaja-palencia-informa\/la-tonelada-de-paja-cotiza-a-30-e-precio-que-apenas-cubre-los-costes-de-empacar-y-cargar","og_locale":"es_ES","og_type":"article","og_title":"La tonelada de paja cotiza a 30 \u20ac, precio que apenas cubre los costes de empacar y cargar - ASAJA Palencia","og_description":"La Lonja de Le\u00f3n vis\u00f3 este mi\u00e9rcoles, 23 de julio, operaciones de la paja ya de la nueva campa\u00f1a, con un primer precio a tan s\u00f3lo treinte euros por","og_url":"https:\/\/www.asajacyl.com\/palencia\/asaja-palencia-informa\/la-tonelada-de-paja-cotiza-a-30-e-precio-que-apenas-cubre-los-costes-de-empacar-y-cargar","og_site_name":"ASAJA Palencia","article_published_time":"2025-07-24T11:19:15+00:00","article_modified_time":"2025-07-24T12:07:07+00:00","og_image":[{"width":1890,"height":1654,"url":"https:\/\/www.asajacyl.com\/palencia\/wp-content\/uploads\/sites\/3\/2025\/07\/Cosecha-paja-arco-iris-c-Carlos-Ruiz-Monge.jpg","type":"image\/jpeg"}],"author":"Administrador","twitter_card":"summary_large_image","twitter_misc":{"Escrito por":"Administrador","Tiempo de lectura":"4 minutos"},"schema":{"@context":"https:\/\/schema.org","@graph":[{"@type":"WebPage","@id":"https:\/\/www.asajacyl.com\/palencia\/asaja-palencia-informa\/la-tonelada-de-paja-cotiza-a-30-e-precio-que-apenas-cubre-los-costes-de-empacar-y-cargar","url":"https:\/\/www.asajacyl.com\/palencia\/asaja-palencia-informa\/la-tonelada-de-paja-cotiza-a-30-e-precio-que-apenas-cubre-los-costes-de-empacar-y-cargar","name":"La tonelada de paja cotiza a 30 \u20ac, precio que apenas cubre los costes de empacar y cargar - ASAJA Palencia","isPartOf":{"@id":"https:\/\/www.asajacyl.com\/palencia\/#website"},"primaryImageOfPage":{"@id":"https:\/\/www.asajacyl.com\/palencia\/asaja-palencia-informa\/la-tonelada-de-paja-cotiza-a-30-e-precio-que-apenas-cubre-los-costes-de-empacar-y-cargar#primaryimage"},"image":{"@id":"https:\/\/www.asajacyl.com\/palencia\/asaja-palencia-informa\/la-tonelada-de-paja-cotiza-a-30-e-precio-que-apenas-cubre-los-costes-de-empacar-y-cargar#primaryimage"},"thumbnailUrl":"https:\/\/www.asajacyl.com\/palencia\/wp-content\/uploads\/sites\/3\/2025\/07\/Cosecha-paja-arco-iris-c-Carlos-Ruiz-Monge.jpg","datePublished":"2025-07-24T11:19:15+00:00","dateModified":"2025-07-24T12:07:07+00:00","author":{"@id":"https:\/\/www.asajacyl.com\/palencia\/#\/schema\/person\/3ab17aeb03527485c317557fae64aab1"},"description":"La Lonja de Le\u00f3n vis\u00f3 este mi\u00e9rcoles, 23 de julio, operaciones de la paja ya de la nueva campa\u00f1a, con un primer precio a tan s\u00f3lo treinte euros por","breadcrumb":{"@id":"https:\/\/www.asajacyl.com\/palencia\/asaja-palencia-informa\/la-tonelada-de-paja-cotiza-a-30-e-precio-que-apenas-cubre-los-costes-de-empacar-y-cargar#breadcrumb"},"inLanguage":"es","potentialAction":[{"@type":"ReadAction","target":["https:\/\/www.asajacyl.com\/palencia\/asaja-palencia-informa\/la-tonelada-de-paja-cotiza-a-30-e-precio-que-apenas-cubre-los-costes-de-empacar-y-cargar"]}]},{"@type":"ImageObject","inLanguage":"es","@id":"https:\/\/www.asajacyl.com\/palencia\/asaja-palencia-informa\/la-tonelada-de-paja-cotiza-a-30-e-precio-que-apenas-cubre-los-costes-de-empacar-y-cargar#primaryimage","url":"https:\/\/www.asajacyl.com\/palencia\/wp-content\/uploads\/sites\/3\/2025\/07\/Cosecha-paja-arco-iris-c-Carlos-Ruiz-Monge.jpg","contentUrl":"https:\/\/www.asajacyl.com\/palencia\/wp-content\/uploads\/sites\/3\/2025\/07\/Cosecha-paja-arco-iris-c-Carlos-Ruiz-Monge.jpg","width":1890,"height":1654},{"@type":"BreadcrumbList","@id":"https:\/\/www.asajacyl.com\/palencia\/asaja-palencia-informa\/la-tonelada-de-paja-cotiza-a-30-e-precio-que-apenas-cubre-los-costes-de-empacar-y-cargar#breadcrumb","itemListElement":[{"@type":"ListItem","position":1,"name":"Portada","item":"https:\/\/www.asajacyl.com\/palencia\/"},{"@type":"ListItem","position":2,"name":"La tonelada de paja cotiza a 30 \u20ac, precio que apenas cubre los costes de empacar y cargar"}]},{"@type":"WebSite","@id":"https:\/\/www.asajacyl.com\/palencia\/#website","url":"https:\/\/www.asajacyl.com\/palencia\/","name":"ASAJA Palencia","description":"Otro sitio m\u00e1s de Provincias ASAJA Castilla y Le\u00f3n","potentialAction":[{"@type":"SearchAction","target":{"@type":"EntryPoint","urlTemplate":"https:\/\/www.asajacyl.com\/palencia\/?s={search_term_string}"},"query-input":{"@type":"PropertyValueSpecification","valueRequired":true,"valueName":"search_term_string"}}],"inLanguage":"es"},{"@type":"Person","@id":"https:\/\/www.asajacyl.com\/palencia\/#\/schema\/person\/3ab17aeb03527485c317557fae64aab1","name":"Administrador","image":{"@type":"ImageObject","inLanguage":"es","@id":"https:\/\/www.asajacyl.com\/palencia\/#\/schema\/person\/image\/","url":"https:\/\/secure.gravatar.com\/avatar\/517384810d242ca9e38c180f3c9fb973?s=96&d=mm&r=g","contentUrl":"https:\/\/secure.gravatar.com\/avatar\/517384810d242ca9e38c180f3c9fb973?s=96&d=mm&r=g","caption":"Administrador"},"url":"https:\/\/www.asajacyl.com\/palencia\/author\/carlosrm"}]}},"_links":{"self":[{"href":"https:\/\/www.asajacyl.com\/palencia\/wp-json\/wp\/v2\/posts\/20515"}],"collection":[{"href":"https:\/\/www.asajacyl.com\/palencia\/wp-json\/wp\/v2\/posts"}],"about":[{"href":"https:\/\/www.asajacyl.com\/palencia\/wp-json\/wp\/v2\/types\/post"}],"author":[{"embeddable":true,"href":"https:\/\/www.asajacyl.com\/palencia\/wp-json\/wp\/v2\/users\/9"}],"replies":[{"embeddable":true,"href":"https:\/\/www.asajacyl.com\/palencia\/wp-json\/wp\/v2\/comments?post=20515"}],"version-history":[{"count":1,"href":"https:\/\/www.asajacyl.com\/palencia\/wp-json\/wp\/v2\/posts\/20515\/revisions"}],"predecessor-version":[{"id":20520,"href":"https:\/\/www.asajacyl.com\/palencia\/wp-json\/wp\/v2\/posts\/20515\/revisions\/20520"}],"wp:featuredmedia":[{"embeddable":true,"href":"https:\/\/www.asajacyl.com\/palencia\/wp-json\/wp\/v2\/media\/20519"}],"wp:attachment":[{"href":"https:\/\/www.asajacyl.com\/palencia\/wp-json\/wp\/v2\/media?parent=20515"}],"wp:term":[{"taxonomy":"category","embeddable":true,"href":"https:\/\/www.asajacyl.com\/palencia\/wp-json\/wp\/v2\/categories?post=20515"},{"taxonomy":"post_tag","embeddable":true,"href":"https:\/\/www.asajacyl.com\/palencia\/wp-json\/wp\/v2\/tags?post=20515"}],"curies":[{"name":"wp","href":"https:\/\/api.w.org\/{rel}","templated":true}]}}