{"id":20566,"date":"2025-07-30T09:00:00","date_gmt":"2025-07-30T07:00:00","guid":{"rendered":"https:\/\/www.asajacyl.com\/palencia\/?p=20566"},"modified":"2025-07-29T14:18:08","modified_gmt":"2025-07-29T12:18:08","slug":"un-coctel-fulminante-para-el-campo-espanol","status":"publish","type":"post","link":"https:\/\/www.asajacyl.com\/palencia\/asaja-palencia-informa\/un-coctel-fulminante-para-el-campo-espanol","title":{"rendered":"Un c\u00f3ctel fulminante para el campo espa\u00f1ol"},"content":{"rendered":"\n<h2 class=\"wp-block-heading\">JOS\u00c9 MAR\u00cdA CASTILLA | Director de la oficina de ASAJA en Bruselas<\/h2>\n\n\n\n<p>La uni\u00f3n de las \u00faltimas decisiones de Bruselas ha generado un escenario cr\u00edtico y de m\u00e1xima incertidumbre para el sector agrario espa\u00f1ol.&nbsp;<strong>Aranceles punitivos<\/strong>,&nbsp;<strong>recortes presupuestarios<\/strong>&nbsp;y&nbsp;<strong>compromisos comerciales de alto riesgo<\/strong>&nbsp;est\u00e1n transformando el panorama: no se trata de cat\u00e1strofe, sino de una acumulaci\u00f3n de decisiones que ponen en riesgo real nuestra&nbsp;<strong>seguridad y soberan\u00eda alimentarias<\/strong>.<\/p>\n\n\n\n<p class=\"has-text-align-left\"><strong>Nuevo arancel del 15\u202f% a las exportaciones de UE a EE.UU.<\/strong><\/p>\n\n\n<div class=\"wp-block-image\">\n<figure class=\"alignright is-resized\"><img decoding=\"async\" src=\"https:\/\/www.asaja.com\/wp-content\/uploads\/2025\/07\/PLANTILLA-WEB-20-2.png\" alt=\"\" style=\"width:669px;height:auto\" \/><\/figure><\/div>\n\n\n<p>La UE ha aceptado imponer un\u00a0arancel fijo del 15\u202f%\u00a0a todas las exportaciones comunitarias, salvo exenciones a\u00fan por definir. Se publicar\u00e1 una lista de productos agr\u00edcolas no sensibles (frutos secos, quesos, l\u00e1cteos, piensos, fertilizantes), pero los cultivos m\u00e1s estrat\u00e9gicos \u2014aceites, vinos, frutas\u2014 podr\u00edan quedar fuera del alivio arancelario.<\/p>\n\n\n\n<p>Una imposici\u00f3n que llega justo cuando Espa\u00f1a&nbsp;pierde competitividad frente a productores con acuerdos preferenciales con EE.UU.&nbsp;(Chile, M\u00e9xico o Turqu\u00eda), al mismo tiempo que la UE&nbsp;abre el mercado a sus importaciones agr\u00edcolas sin reciprocidad.<\/p>\n\n\n\n<p><strong>Recorte brutal al presupuesto agrario: la PAC en peligro<\/strong><\/p>\n\n\n\n<p>La propuesta del nuevo\u00a0Marco Financiero Plurianual 2028\u20132034\u00a0<strong>reduce en un\u00a022\u202f% los fondos para la PAC<\/strong>, pasando de\u00a0387 000 a 302 000 millones de euros. El objetivo:\u00a0integrar la PAC en un fondo multisectorial junto con defensa, migraci\u00f3n y empleo.<\/p>\n\n\n\n<p><strong>Pedro Barato, presidente de ASAJA, ha advertido: \u00ab<em>Von der Leyen quiere enterrar la PAC\u2026 pone en peligro la soberan\u00eda alimentaria de Europa\u00bb.<\/em><\/strong><\/p>\n\n\n\n<p>Estas medidas podr\u00edan\u00a0agravar la desigualdad regional, penalizando especialmente a zonas como\u00a0Andaluc\u00eda\u00a0o la\u00a0Comunidad Valenciana, donde el agro depende en gran medida de dichas ayudas.<\/p>\n\n\n\n<p><strong>El acuerdo Mercosur, otra amenaza comercial<\/strong><\/p>\n\n\n\n<p>Adem\u00e1s, la gesti\u00f3n de la UE con\u00a0Mercosur\u00a0ha dejado\u00a0deteriorada la confianza del sector. ASAJA ya ha alertado que <strong>el bloque agrario espa\u00f1ol era utilizado como moneda de cambio<\/strong>: <em>\u00abEl campo espa\u00f1ol es de los grandes perjudicados<\/em>\u00bb\u00a0por ese pacto.<\/p>\n\n\n\n<p>Este trasatl\u00e1ntico comercial\u00a0multiplica la exposici\u00f3n, mientras\u00a0reduce la protecci\u00f3n frente a importaciones reguladas con est\u00e1ndares m\u00e1s laxos.<\/p>\n\n\n\n<p><strong>Converge el peligro: \u00bfun c\u00f3ctel destructivo?<\/strong><\/p>\n\n\n\n<p>Al sumar estas tres piezas \u2014aranceles al 15\u202f%,\u00a0propuesta de recorte de los fondos agrarios en el MFP de un 22\u202f%,\u00a0apertura sin equilibrios comerciales (Mercosur)\u2014 obtenemos un c\u00f3ctel peligroso:<\/p>\n\n\n\n<ul>\n<li>La presi\u00f3n sobre nuestros&nbsp;<strong>productos m\u00e1s competitivos<\/strong>&nbsp;se incrementa.<\/li>\n\n\n\n<li>Las\u00a0<strong>ayudas<\/strong>\u00a0que permit\u00edan sostenerlas est\u00e1n <strong>en retroceso<\/strong>.<\/li>\n\n\n\n<li>La\u00a0capacidad de <strong>defensa sectorial\u00a0se debilita<\/strong>.<\/li>\n<\/ul>\n\n\n\n<p>No se trata de ser alarmistas, sino\u00a0prudentes y realistas: a\u00fan faltan normas definitivas, listados cerrados y una ratificaci\u00f3n parlamentaria. Pero este encaje de decisiones puede\u00a0minar la autosuficiencia alimentaria\u00a0y la viabilidad de miles de\u00a0explotaciones profesionales.<\/p>\n\n\n\n<p><strong>Como apunta nuestro presidente nacional, Pedro\u00a0Barato: \u00ab<em>La PAC no es solo una ayuda al agricultor, es una garant\u00eda para el consumidor: alimentos seguros, sostenibles y asequibles<\/em>\u00bb.<\/strong><\/p>\n\n\n\n<p><strong>Propuesta de pasos urgentes<\/strong><\/p>\n\n\n\n<ol>\n<li>Exigir <strong>transparencia <\/strong>sobre\u00a0qu\u00e9 productos integrar\u00e1n la<strong> lista de exenciones al arancel<\/strong>.<\/li>\n\n\n\n<li>Reclamar a Espa\u00f1a y Europa un\u00a0presupuesto <strong>PAC con dotaci\u00f3n suficiente e independiente<\/strong>.<\/li>\n\n\n\n<li>Apostar por una\u00a0<strong>pol\u00edtica comercial que proteja la producci\u00f3n local<\/strong>\u00a0y permita <strong>competir en igualdad.<\/strong><\/li>\n\n\n\n<li><strong>Movilizaci\u00f3n social pac\u00edfica pero contundente<\/strong>: la defensa del campo es defensa de nuestra\u00a0seguridad alimentaria.<\/li>\n<\/ol>\n\n\n\n<p>Lo que se perfila exige\u00a0coherencia pol\u00edtica,\u00a0di\u00e1logo urgente\u00a0y\u00a0posicionamiento firme\u00a0en <strong>defensa de lo esencial: agricultura y ganader\u00edas vivas y profesionales, <\/strong>como\u00a0columna vertebral de nuestra <strong>soberan\u00eda alimentaria<\/strong>.\/<\/p>\n","protected":false},"excerpt":{"rendered":"<p>JOS\u00c9 MAR\u00cdA CASTILLA | Director de la oficina de ASAJA en Bruselas La uni\u00f3n de las \u00faltimas decisiones de Bruselas ha generado un escenario cr\u00edtico y de m\u00e1xima incertidumbre para el sector agrario espa\u00f1ol.&nbsp;Aranceles punitivos,&nbsp;recortes presupuestarios&nbsp;y&nbsp;compromisos comerciales de alto riesgo&nbsp;est\u00e1n transformando el panorama: no se trata de cat\u00e1strofe, sino de una acumulaci\u00f3n de decisiones que [&hellip;]<\/p>\n","protected":false},"author":9,"featured_media":20567,"comment_status":"open","ping_status":"open","sticky":false,"template":"","format":"standard","meta":{"footnotes":""},"categories":[9,29,30,28],"tags":[1531,1211,677,59,125,351,1058,77,654,939,45,1188,1532,317,335],"yoast_head":"<!-- This site is optimized with the Yoast SEO plugin v24.5 - https:\/\/yoast.com\/wordpress\/plugins\/seo\/ -->\n<title>Un c\u00f3ctel fulminante para el campo espa\u00f1ol - ASAJA Palencia<\/title>\n<meta name=\"description\" content=\"JOS\u00c9 MAR\u00cdA CASTILLA | Director de la oficina de ASAJA en Bruselas La uni\u00f3n de las \u00faltimas decisiones de Bruselas ha generado un escenario cr\u00edtico y de\" \/>\n<meta name=\"robots\" content=\"index, follow, max-snippet:-1, max-image-preview:large, max-video-preview:-1\" \/>\n<link rel=\"canonical\" href=\"https:\/\/www.asajacyl.com\/palencia\/asaja-palencia-informa\/un-coctel-fulminante-para-el-campo-espanol\" \/>\n<meta property=\"og:locale\" content=\"es_ES\" \/>\n<meta property=\"og:type\" content=\"article\" \/>\n<meta property=\"og:title\" content=\"Un c\u00f3ctel fulminante para el campo espa\u00f1ol - ASAJA Palencia\" \/>\n<meta property=\"og:description\" content=\"JOS\u00c9 MAR\u00cdA CASTILLA | Director de la oficina de ASAJA en Bruselas La uni\u00f3n de las \u00faltimas decisiones de Bruselas ha generado un escenario cr\u00edtico y de\" \/>\n<meta property=\"og:url\" content=\"https:\/\/www.asajacyl.com\/palencia\/asaja-palencia-informa\/un-coctel-fulminante-para-el-campo-espanol\" \/>\n<meta property=\"og:site_name\" content=\"ASAJA Palencia\" \/>\n<meta property=\"article:published_time\" content=\"2025-07-30T07:00:00+00:00\" \/>\n<meta property=\"og:image\" content=\"https:\/\/www.asajacyl.com\/palencia\/wp-content\/uploads\/sites\/3\/2025\/07\/Jose-Maria-Castilla-web.jpg\" \/>\n\t<meta property=\"og:image:width\" content=\"1890\" \/>\n\t<meta property=\"og:image:height\" content=\"1654\" \/>\n\t<meta property=\"og:image:type\" content=\"image\/jpeg\" \/>\n<meta name=\"author\" content=\"Administrador\" \/>\n<meta name=\"twitter:card\" content=\"summary_large_image\" \/>\n<meta name=\"twitter:label1\" content=\"Escrito por\" \/>\n\t<meta name=\"twitter:data1\" content=\"Administrador\" \/>\n\t<meta name=\"twitter:label2\" content=\"Tiempo de lectura\" \/>\n\t<meta name=\"twitter:data2\" content=\"3 minutos\" \/>\n<script type=\"application\/ld+json\" class=\"yoast-schema-graph\">{\"@context\":\"https:\/\/schema.org\",\"@graph\":[{\"@type\":\"WebPage\",\"@id\":\"https:\/\/www.asajacyl.com\/palencia\/asaja-palencia-informa\/un-coctel-fulminante-para-el-campo-espanol\",\"url\":\"https:\/\/www.asajacyl.com\/palencia\/asaja-palencia-informa\/un-coctel-fulminante-para-el-campo-espanol\",\"name\":\"Un c\u00f3ctel fulminante para el campo espa\u00f1ol - ASAJA Palencia\",\"isPartOf\":{\"@id\":\"https:\/\/www.asajacyl.com\/palencia\/#website\"},\"primaryImageOfPage\":{\"@id\":\"https:\/\/www.asajacyl.com\/palencia\/asaja-palencia-informa\/un-coctel-fulminante-para-el-campo-espanol#primaryimage\"},\"image\":{\"@id\":\"https:\/\/www.asajacyl.com\/palencia\/asaja-palencia-informa\/un-coctel-fulminante-para-el-campo-espanol#primaryimage\"},\"thumbnailUrl\":\"https:\/\/www.asajacyl.com\/palencia\/wp-content\/uploads\/sites\/3\/2025\/07\/Jose-Maria-Castilla-web.jpg\",\"datePublished\":\"2025-07-30T07:00:00+00:00\",\"author\":{\"@id\":\"https:\/\/www.asajacyl.com\/palencia\/#\/schema\/person\/3ab17aeb03527485c317557fae64aab1\"},\"description\":\"JOS\u00c9 MAR\u00cdA CASTILLA | Director de la oficina de ASAJA en Bruselas La uni\u00f3n de las \u00faltimas decisiones de Bruselas ha generado un escenario cr\u00edtico y de\",\"breadcrumb\":{\"@id\":\"https:\/\/www.asajacyl.com\/palencia\/asaja-palencia-informa\/un-coctel-fulminante-para-el-campo-espanol#breadcrumb\"},\"inLanguage\":\"es\",\"potentialAction\":[{\"@type\":\"ReadAction\",\"target\":[\"https:\/\/www.asajacyl.com\/palencia\/asaja-palencia-informa\/un-coctel-fulminante-para-el-campo-espanol\"]}]},{\"@type\":\"ImageObject\",\"inLanguage\":\"es\",\"@id\":\"https:\/\/www.asajacyl.com\/palencia\/asaja-palencia-informa\/un-coctel-fulminante-para-el-campo-espanol#primaryimage\",\"url\":\"https:\/\/www.asajacyl.com\/palencia\/wp-content\/uploads\/sites\/3\/2025\/07\/Jose-Maria-Castilla-web.jpg\",\"contentUrl\":\"https:\/\/www.asajacyl.com\/palencia\/wp-content\/uploads\/sites\/3\/2025\/07\/Jose-Maria-Castilla-web.jpg\",\"width\":1890,\"height\":1654},{\"@type\":\"BreadcrumbList\",\"@id\":\"https:\/\/www.asajacyl.com\/palencia\/asaja-palencia-informa\/un-coctel-fulminante-para-el-campo-espanol#breadcrumb\",\"itemListElement\":[{\"@type\":\"ListItem\",\"position\":1,\"name\":\"Portada\",\"item\":\"https:\/\/www.asajacyl.com\/palencia\/\"},{\"@type\":\"ListItem\",\"position\":2,\"name\":\"Un c\u00f3ctel fulminante para el campo espa\u00f1ol\"}]},{\"@type\":\"WebSite\",\"@id\":\"https:\/\/www.asajacyl.com\/palencia\/#website\",\"url\":\"https:\/\/www.asajacyl.com\/palencia\/\",\"name\":\"ASAJA Palencia\",\"description\":\"Otro sitio m\u00e1s de Provincias ASAJA Castilla y Le\u00f3n\",\"potentialAction\":[{\"@type\":\"SearchAction\",\"target\":{\"@type\":\"EntryPoint\",\"urlTemplate\":\"https:\/\/www.asajacyl.com\/palencia\/?s={search_term_string}\"},\"query-input\":{\"@type\":\"PropertyValueSpecification\",\"valueRequired\":true,\"valueName\":\"search_term_string\"}}],\"inLanguage\":\"es\"},{\"@type\":\"Person\",\"@id\":\"https:\/\/www.asajacyl.com\/palencia\/#\/schema\/person\/3ab17aeb03527485c317557fae64aab1\",\"name\":\"Administrador\",\"image\":{\"@type\":\"ImageObject\",\"inLanguage\":\"es\",\"@id\":\"https:\/\/www.asajacyl.com\/palencia\/#\/schema\/person\/image\/\",\"url\":\"https:\/\/secure.gravatar.com\/avatar\/517384810d242ca9e38c180f3c9fb973?s=96&d=mm&r=g\",\"contentUrl\":\"https:\/\/secure.gravatar.com\/avatar\/517384810d242ca9e38c180f3c9fb973?s=96&d=mm&r=g\",\"caption\":\"Administrador\"},\"url\":\"https:\/\/www.asajacyl.com\/palencia\/author\/carlosrm\"}]}<\/script>\n<!-- \/ Yoast SEO plugin. -->","yoast_head_json":{"title":"Un c\u00f3ctel fulminante para el campo espa\u00f1ol - ASAJA Palencia","description":"JOS\u00c9 MAR\u00cdA CASTILLA | Director de la oficina de ASAJA en Bruselas La uni\u00f3n de las \u00faltimas decisiones de Bruselas ha generado un escenario cr\u00edtico y de","robots":{"index":"index","follow":"follow","max-snippet":"max-snippet:-1","max-image-preview":"max-image-preview:large","max-video-preview":"max-video-preview:-1"},"canonical":"https:\/\/www.asajacyl.com\/palencia\/asaja-palencia-informa\/un-coctel-fulminante-para-el-campo-espanol","og_locale":"es_ES","og_type":"article","og_title":"Un c\u00f3ctel fulminante para el campo espa\u00f1ol - ASAJA Palencia","og_description":"JOS\u00c9 MAR\u00cdA CASTILLA | Director de la oficina de ASAJA en Bruselas La uni\u00f3n de las \u00faltimas decisiones de Bruselas ha generado un escenario cr\u00edtico y de","og_url":"https:\/\/www.asajacyl.com\/palencia\/asaja-palencia-informa\/un-coctel-fulminante-para-el-campo-espanol","og_site_name":"ASAJA Palencia","article_published_time":"2025-07-30T07:00:00+00:00","og_image":[{"width":1890,"height":1654,"url":"https:\/\/www.asajacyl.com\/palencia\/wp-content\/uploads\/sites\/3\/2025\/07\/Jose-Maria-Castilla-web.jpg","type":"image\/jpeg"}],"author":"Administrador","twitter_card":"summary_large_image","twitter_misc":{"Escrito por":"Administrador","Tiempo de lectura":"3 minutos"},"schema":{"@context":"https:\/\/schema.org","@graph":[{"@type":"WebPage","@id":"https:\/\/www.asajacyl.com\/palencia\/asaja-palencia-informa\/un-coctel-fulminante-para-el-campo-espanol","url":"https:\/\/www.asajacyl.com\/palencia\/asaja-palencia-informa\/un-coctel-fulminante-para-el-campo-espanol","name":"Un c\u00f3ctel fulminante para el campo espa\u00f1ol - ASAJA Palencia","isPartOf":{"@id":"https:\/\/www.asajacyl.com\/palencia\/#website"},"primaryImageOfPage":{"@id":"https:\/\/www.asajacyl.com\/palencia\/asaja-palencia-informa\/un-coctel-fulminante-para-el-campo-espanol#primaryimage"},"image":{"@id":"https:\/\/www.asajacyl.com\/palencia\/asaja-palencia-informa\/un-coctel-fulminante-para-el-campo-espanol#primaryimage"},"thumbnailUrl":"https:\/\/www.asajacyl.com\/palencia\/wp-content\/uploads\/sites\/3\/2025\/07\/Jose-Maria-Castilla-web.jpg","datePublished":"2025-07-30T07:00:00+00:00","author":{"@id":"https:\/\/www.asajacyl.com\/palencia\/#\/schema\/person\/3ab17aeb03527485c317557fae64aab1"},"description":"JOS\u00c9 MAR\u00cdA CASTILLA | Director de la oficina de ASAJA en Bruselas La uni\u00f3n de las \u00faltimas decisiones de Bruselas ha generado un escenario cr\u00edtico y de","breadcrumb":{"@id":"https:\/\/www.asajacyl.com\/palencia\/asaja-palencia-informa\/un-coctel-fulminante-para-el-campo-espanol#breadcrumb"},"inLanguage":"es","potentialAction":[{"@type":"ReadAction","target":["https:\/\/www.asajacyl.com\/palencia\/asaja-palencia-informa\/un-coctel-fulminante-para-el-campo-espanol"]}]},{"@type":"ImageObject","inLanguage":"es","@id":"https:\/\/www.asajacyl.com\/palencia\/asaja-palencia-informa\/un-coctel-fulminante-para-el-campo-espanol#primaryimage","url":"https:\/\/www.asajacyl.com\/palencia\/wp-content\/uploads\/sites\/3\/2025\/07\/Jose-Maria-Castilla-web.jpg","contentUrl":"https:\/\/www.asajacyl.com\/palencia\/wp-content\/uploads\/sites\/3\/2025\/07\/Jose-Maria-Castilla-web.jpg","width":1890,"height":1654},{"@type":"BreadcrumbList","@id":"https:\/\/www.asajacyl.com\/palencia\/asaja-palencia-informa\/un-coctel-fulminante-para-el-campo-espanol#breadcrumb","itemListElement":[{"@type":"ListItem","position":1,"name":"Portada","item":"https:\/\/www.asajacyl.com\/palencia\/"},{"@type":"ListItem","position":2,"name":"Un c\u00f3ctel fulminante para el campo espa\u00f1ol"}]},{"@type":"WebSite","@id":"https:\/\/www.asajacyl.com\/palencia\/#website","url":"https:\/\/www.asajacyl.com\/palencia\/","name":"ASAJA Palencia","description":"Otro sitio m\u00e1s de Provincias ASAJA Castilla y Le\u00f3n","potentialAction":[{"@type":"SearchAction","target":{"@type":"EntryPoint","urlTemplate":"https:\/\/www.asajacyl.com\/palencia\/?s={search_term_string}"},"query-input":{"@type":"PropertyValueSpecification","valueRequired":true,"valueName":"search_term_string"}}],"inLanguage":"es"},{"@type":"Person","@id":"https:\/\/www.asajacyl.com\/palencia\/#\/schema\/person\/3ab17aeb03527485c317557fae64aab1","name":"Administrador","image":{"@type":"ImageObject","inLanguage":"es","@id":"https:\/\/www.asajacyl.com\/palencia\/#\/schema\/person\/image\/","url":"https:\/\/secure.gravatar.com\/avatar\/517384810d242ca9e38c180f3c9fb973?s=96&d=mm&r=g","contentUrl":"https:\/\/secure.gravatar.com\/avatar\/517384810d242ca9e38c180f3c9fb973?s=96&d=mm&r=g","caption":"Administrador"},"url":"https:\/\/www.asajacyl.com\/palencia\/author\/carlosrm"}]}},"_links":{"self":[{"href":"https:\/\/www.asajacyl.com\/palencia\/wp-json\/wp\/v2\/posts\/20566"}],"collection":[{"href":"https:\/\/www.asajacyl.com\/palencia\/wp-json\/wp\/v2\/posts"}],"about":[{"href":"https:\/\/www.asajacyl.com\/palencia\/wp-json\/wp\/v2\/types\/post"}],"author":[{"embeddable":true,"href":"https:\/\/www.asajacyl.com\/palencia\/wp-json\/wp\/v2\/users\/9"}],"replies":[{"embeddable":true,"href":"https:\/\/www.asajacyl.com\/palencia\/wp-json\/wp\/v2\/comments?post=20566"}],"version-history":[{"count":4,"href":"https:\/\/www.asajacyl.com\/palencia\/wp-json\/wp\/v2\/posts\/20566\/revisions"}],"predecessor-version":[{"id":20573,"href":"https:\/\/www.asajacyl.com\/palencia\/wp-json\/wp\/v2\/posts\/20566\/revisions\/20573"}],"wp:featuredmedia":[{"embeddable":true,"href":"https:\/\/www.asajacyl.com\/palencia\/wp-json\/wp\/v2\/media\/20567"}],"wp:attachment":[{"href":"https:\/\/www.asajacyl.com\/palencia\/wp-json\/wp\/v2\/media?parent=20566"}],"wp:term":[{"taxonomy":"category","embeddable":true,"href":"https:\/\/www.asajacyl.com\/palencia\/wp-json\/wp\/v2\/categories?post=20566"},{"taxonomy":"post_tag","embeddable":true,"href":"https:\/\/www.asajacyl.com\/palencia\/wp-json\/wp\/v2\/tags?post=20566"}],"curies":[{"name":"wp","href":"https:\/\/api.w.org\/{rel}","templated":true}]}}