{"id":20574,"date":"2025-07-30T09:54:22","date_gmt":"2025-07-30T07:54:22","guid":{"rendered":"https:\/\/www.asajacyl.com\/palencia\/?p=20574"},"modified":"2025-07-30T09:56:52","modified_gmt":"2025-07-30T07:56:52","slug":"la-junta-pide-extremar-la-precaucion-al-aumentar-los-incendios-causados-por-cosechadoras","status":"publish","type":"post","link":"https:\/\/www.asajacyl.com\/palencia\/asaja-palencia-informa\/la-junta-pide-extremar-la-precaucion-al-aumentar-los-incendios-causados-por-cosechadoras","title":{"rendered":"La Junta pide extremar la precauci\u00f3n al aumentar los incendios causados por cosechadoras"},"content":{"rendered":"\n<h2 class=\"wp-block-heading\">La Direccci\u00f3n General de Patrimonio Natural y Pol\u00edtica Forestal de la Junta de Castilla y Le\u00f3n ha remitido una carta donde expresa la preocupaci\u00f3n de la administraci\u00f3n auton\u00f3mica por el incremento de incendios forestales en el medio natural con origen agr\u00edcola que se ha registrado, y pide que se extreme la precauci\u00f3n en las labores del campo. ASAJA -Castilla y Le\u00f3n se suma a esa petici\u00f3n, pero recuerda que es el propio agricultor el primer perjudicado en esos siniestros que nadie desea causar. Al final de esta informaci\u00f3n, adjuntamos el <span style=\"text-decoration: underline\">folleto con las recomendaciones para evitar incendios forestales por cosechadoras<\/span>, especialmente en \u00e1mbito de monte y terrenos a menos de cuatrocientos metros de monte; que la Consejer\u00eda de Medio Ambiente propone extender, no de modo obligatorio, pero s\u00ed preventivo, al resto del territorio cuando las condiciones de temperatura y viento sean extremas.<\/h2>\n\n\n\n<p>Seg\u00fan la Junta, <strong>del 12 de junio al 22 de julio<\/strong> (primer tramo de la \u00e9poca de alto riesgo de incendio en Castilla y Le\u00f3n, que se prolonga hasta el 12 de octubre), se han producido\u00a0en nuestra comunidad <strong>131 incendios en el medio natural cuya causa directa ha sido el uso de maquinaria y motores, la mayor parte de ellos con inicio en terrenos agr\u00edcolas<\/strong>, aunque algunos afectaron tambi\u00e9n a terrenos forestales.<\/p>\n\n\n\n<p>Estos incendios han quemado algo m\u00e1s de 750 hect\u00e1reas agr\u00edcolas y unas 52,5 hect\u00e1reas forestales, seg\u00fan los datos oficiales. Estas cifras suponen&nbsp;<strong>un incremento cercano al 38 % con respecto a la media de los \u00faltimos cinco a\u00f1os (95 incendios)<\/strong>.<\/p>\n\n\n\n<p><strong>IDENTIFICACI\u00d3N Y PROCESO DE RESPONSABILIDAD. <\/strong>La carta de la Direcci\u00f3n General de Patrimonio Natural y Pol\u00edtica Forestal alade que, de momento, se ha identificado a diecisiete causantes de incendios por cosechadora, pero prosigue la investigaci\u00f3n en los dem\u00e1s casos. El escrito recuerda que \u00abesas personas deber\u00e1n enfrentarse ahora a un proceso de responsabilidad, por negligencia o accidente, que puede tener consecuencias econ\u00f3micas o penales en funci\u00f3n de las circunstancias de cada caso\u00bb.<\/p>\n\n\n\n<p>La Consejer\u00eda de Medio Ambiente a\u00f1ade que, aunque el incendio sea fruto de un accidente, por cumplir toda la normativa en vigor, \u00abel responsable del incendio deber\u00e1 asumir la responsabilidad civil, que incluye los gastos de extinci\u00f3n del incendio\u00bb; y que \u00aben caso de negligencia por no cumplir con lo requerido por la normativa, adem\u00e1s deber\u00e1 enfrentarse a la correspondiente infracci\u00f3n, bien sea en v\u00eda administrativa o penal\u00bb.<\/p>\n\n\n\n<p><strong>FACTORES AGRAVANTES. <\/strong>La administraci\u00f3n regional reconoce ser consciente de que \u00abes un momento cr\u00edtico en la actividad agraria y de una gran repercusi\u00f3n econ\u00f3mica\u00bb y trata de ser \u00ablo m\u00e1s flexibles posibles a la hora de que los agricultores realicen su actividad\u00bb. Pero a\u00f1ade en su escrito que \u00aben esta campa\u00f1a hay varios factores que agravan el riesgo de ignici\u00f3n por actividades agr\u00edcolas\u00bb.<\/p>\n\n\n\n<p>La Consejer\u00eda de Medio Ambiente cita, entre otros, estos factores agravantes:<\/p>\n\n\n\n<ul>\n<li>La extraordinaria abundancia y continuidad de combustible fino muerto, como puede ser el rastrojo, substrato en el que se produce la ignici\u00f3n con mucha m\u00e1s facilidad.<\/li>\n\n\n\n<li>La elevada densidad de cereal, que sobrecalienta las m\u00e1quinas y produce gran cantidad de polvo y restos muy inflamables en su interior.<\/li>\n\n\n\n<li>La presencia inusual de viento moderado o fuerte, que provoca un avance muy r\u00e1pido del fuego con la primera ignici\u00f3n.<\/li>\n\n\n\n<li>La recurrencia de episodios peri\u00f3dicos de temperaturas anormalmente altas, que aumentan la probabilidad de ignici\u00f3n.<\/li>\n<\/ul>\n\n\n\n<p>La Consejer\u00eda advierte que, si bien la normativa a aplicar en materia de uso de maquinaria agr\u00edcola, se circunscribe su aplicaci\u00f3n a los&nbsp;<strong>montes y a la franja de cuatrocientos metros de ancho <\/strong>que los circunda, deben <strong>extrapolarse preventivamente al resto de superficies cuando las condiciones de temperatura y viento sean extremas<\/strong> (es decir, cuando se superan los conocidos umbrales de 30 \u00ba C y 30 kil\u00f3metros por hora).<\/p>\n\n\n\n<p><strong>EVITAR UNA PRIMERA IGNICI\u00d3N. <\/strong>Por todas estas circunastancias agravantes de esta campa\u00f1a, la Junta alerta a los agricultores sobre la necesidad de minimizar las situaciones de riesgo que puedan originar con mayor facilidad la primera ignici\u00f3n, y destaca el riesgo que supone cosechar o realizar algunas actividades agr\u00edcolas con determinadas circunstancias meteorol\u00f3gicas.<\/p>\n\n\n\n<p>Desde la Consejer\u00eda se recuerda la obligaci\u00f3n de parar su actividad cuando se superan ambos niveles citados, en zonas de monte y franjas de hasta cuatrocientos metros de distancia durante este cuatrimestre de \u00e9poca alta de riesgo de incendios. La administraci\u00f3n, no obstante, se reserva el derecho de prohibir el uso de cosechadoras, empacadoras y otra maquinaria agr\u00edcola \u00abante condiciones extraordinarias de peligro de incendios\u00bb, seg\u00fan recoge el folleto adjunto.<\/p>\n\n\n\n<p><strong>MANTENER LA MAQUINARIA. <\/strong>Tambi\u00e9n a\u00f1ade la necesidad de mantener en perfecto estado su maquinaria agr\u00edcola para que no se produzcan chispas o deflagraciones en su trabajo diario, as\u00ed como las medidas preventivas que los agricultores deben adoptar para que, en caso de que se produzca una ignici\u00f3n por su actividad, puedan evitar la propagaci\u00f3n de un incendio.<\/p>\n\n\n\n<p>Provocar un incendio tiene consecuencias econ\u00f3micas, sociales, ambientales, humanas y judiciales, en primer lugar; y sobre todo, para el propio agricultor. Por responsabilidad,&nbsp;<strong>ASAJA-Castilla y Le\u00f3n, como no puede ser de otra forma, pide la m\u00e1xima precauci\u00f3n a los agricultores, y recuerda que somos precisamente nosotros, los propios agricultores, las primeras v\u00edctimas de estos siniestros<\/strong>. <\/p>\n\n\n\n<p>Sin embargo, nuestra organizaci\u00f3n subraya que no es f\u00e1cil afrontar las tareas de cosecha, puesto que hay que realizarlas en un corto periodo de tiempo, a menudo condicionado por el calendario muy ajustado de fechas disponibles de la maquinaria necesaria, con la que no siempre cuenta directamente el propio agricultor; y con circunstancias atmosf\u00e9ricas que muchas veces se complican puntual y localizadamente, m\u00e1s all\u00e1 de las previsiones meteorol\u00f3gicas generales.<\/p>\n\n\n\n<div data-wp-interactive=\"core\/file\" class=\"wp-block-file\"><object data-wp-bind--hidden=\"!state.hasPdfPreview\"  class=\"wp-block-file__embed\" data=\"https:\/\/www.asajacyl.com\/palencia\/wp-content\/uploads\/sites\/3\/2025\/07\/cosechadoras-incendios.pdf\" type=\"application\/pdf\" style=\"width:100%;height:600px\" aria-label=\"Incrustado de cosechadoras-incendios.\"><\/object><a id=\"wp-block-file--media-f5ef3431-0c0a-43ae-84de-dccf42920ac8\" href=\"https:\/\/www.asajacyl.com\/palencia\/wp-content\/uploads\/sites\/3\/2025\/07\/cosechadoras-incendios.pdf\">cosechadoras-incendios<\/a><a href=\"https:\/\/www.asajacyl.com\/palencia\/wp-content\/uploads\/sites\/3\/2025\/07\/cosechadoras-incendios.pdf\" class=\"wp-block-file__button wp-element-button\" download aria-describedby=\"wp-block-file--media-f5ef3431-0c0a-43ae-84de-dccf42920ac8\">Descarga<\/a><\/div>\n","protected":false},"excerpt":{"rendered":"<p>La Direccci\u00f3n General de Patrimonio Natural y Pol\u00edtica Forestal de la Junta de Castilla y Le\u00f3n ha remitido una carta donde expresa la preocupaci\u00f3n de la administraci\u00f3n auton\u00f3mica por el incremento de incendios forestales en el medio natural con origen agr\u00edcola que se ha registrado, y pide que se extreme la precauci\u00f3n en las labores [&hellip;]<\/p>\n","protected":false},"author":9,"featured_media":20577,"comment_status":"open","ping_status":"open","sticky":false,"template":"","format":"standard","meta":{"footnotes":""},"categories":[9,31,38,29,28,13],"tags":[58,46,173,351,1533,94,922,66,104,92,198,1534],"yoast_head":"<!-- This site is optimized with the Yoast SEO plugin v24.5 - https:\/\/yoast.com\/wordpress\/plugins\/seo\/ -->\n<title>La Junta pide extremar la precauci\u00f3n al aumentar los incendios causados por cosechadoras - ASAJA Palencia<\/title>\n<meta name=\"description\" content=\"La Direccci\u00f3n General de Patrimonio Natural y Pol\u00edtica Forestal de la Junta de Castilla y Le\u00f3n ha remitido una carta donde expresa la preocupaci\u00f3n de la\" \/>\n<meta name=\"robots\" content=\"index, follow, max-snippet:-1, max-image-preview:large, max-video-preview:-1\" \/>\n<link rel=\"canonical\" href=\"https:\/\/www.asajacyl.com\/palencia\/asaja-palencia-informa\/la-junta-pide-extremar-la-precaucion-al-aumentar-los-incendios-causados-por-cosechadoras\" \/>\n<meta property=\"og:locale\" content=\"es_ES\" \/>\n<meta property=\"og:type\" content=\"article\" \/>\n<meta property=\"og:title\" content=\"La Junta pide extremar la precauci\u00f3n al aumentar los incendios causados por cosechadoras - ASAJA Palencia\" \/>\n<meta property=\"og:description\" content=\"La Direccci\u00f3n General de Patrimonio Natural y Pol\u00edtica Forestal de la Junta de Castilla y Le\u00f3n ha remitido una carta donde expresa la preocupaci\u00f3n de la\" \/>\n<meta property=\"og:url\" content=\"https:\/\/www.asajacyl.com\/palencia\/asaja-palencia-informa\/la-junta-pide-extremar-la-precaucion-al-aumentar-los-incendios-causados-por-cosechadoras\" \/>\n<meta property=\"og:site_name\" content=\"ASAJA Palencia\" \/>\n<meta property=\"article:published_time\" content=\"2025-07-30T07:54:22+00:00\" \/>\n<meta property=\"article:modified_time\" content=\"2025-07-30T07:56:52+00:00\" \/>\n<meta property=\"og:image\" content=\"https:\/\/www.asajacyl.com\/palencia\/wp-content\/uploads\/sites\/3\/2025\/07\/Cosechadora-incenciada-ASAJA-CyL-web-1024x896.jpg\" \/>\n\t<meta property=\"og:image:width\" content=\"1024\" \/>\n\t<meta property=\"og:image:height\" content=\"896\" \/>\n\t<meta property=\"og:image:type\" content=\"image\/jpeg\" \/>\n<meta name=\"author\" content=\"Administrador\" \/>\n<meta name=\"twitter:card\" content=\"summary_large_image\" \/>\n<meta name=\"twitter:label1\" content=\"Escrito por\" \/>\n\t<meta name=\"twitter:data1\" content=\"Administrador\" \/>\n\t<meta name=\"twitter:label2\" content=\"Tiempo de lectura\" \/>\n\t<meta name=\"twitter:data2\" content=\"5 minutos\" \/>\n<script type=\"application\/ld+json\" class=\"yoast-schema-graph\">{\"@context\":\"https:\/\/schema.org\",\"@graph\":[{\"@type\":\"WebPage\",\"@id\":\"https:\/\/www.asajacyl.com\/palencia\/asaja-palencia-informa\/la-junta-pide-extremar-la-precaucion-al-aumentar-los-incendios-causados-por-cosechadoras\",\"url\":\"https:\/\/www.asajacyl.com\/palencia\/asaja-palencia-informa\/la-junta-pide-extremar-la-precaucion-al-aumentar-los-incendios-causados-por-cosechadoras\",\"name\":\"La Junta pide extremar la precauci\u00f3n al aumentar los incendios causados por cosechadoras - ASAJA Palencia\",\"isPartOf\":{\"@id\":\"https:\/\/www.asajacyl.com\/palencia\/#website\"},\"primaryImageOfPage\":{\"@id\":\"https:\/\/www.asajacyl.com\/palencia\/asaja-palencia-informa\/la-junta-pide-extremar-la-precaucion-al-aumentar-los-incendios-causados-por-cosechadoras#primaryimage\"},\"image\":{\"@id\":\"https:\/\/www.asajacyl.com\/palencia\/asaja-palencia-informa\/la-junta-pide-extremar-la-precaucion-al-aumentar-los-incendios-causados-por-cosechadoras#primaryimage\"},\"thumbnailUrl\":\"https:\/\/www.asajacyl.com\/palencia\/wp-content\/uploads\/sites\/3\/2025\/07\/Cosechadora-incenciada-ASAJA-CyL-web.jpg\",\"datePublished\":\"2025-07-30T07:54:22+00:00\",\"dateModified\":\"2025-07-30T07:56:52+00:00\",\"author\":{\"@id\":\"https:\/\/www.asajacyl.com\/palencia\/#\/schema\/person\/3ab17aeb03527485c317557fae64aab1\"},\"description\":\"La Direccci\u00f3n General de Patrimonio Natural y Pol\u00edtica Forestal de la Junta de Castilla y Le\u00f3n ha remitido una carta donde expresa la preocupaci\u00f3n de la\",\"breadcrumb\":{\"@id\":\"https:\/\/www.asajacyl.com\/palencia\/asaja-palencia-informa\/la-junta-pide-extremar-la-precaucion-al-aumentar-los-incendios-causados-por-cosechadoras#breadcrumb\"},\"inLanguage\":\"es\",\"potentialAction\":[{\"@type\":\"ReadAction\",\"target\":[\"https:\/\/www.asajacyl.com\/palencia\/asaja-palencia-informa\/la-junta-pide-extremar-la-precaucion-al-aumentar-los-incendios-causados-por-cosechadoras\"]}]},{\"@type\":\"ImageObject\",\"inLanguage\":\"es\",\"@id\":\"https:\/\/www.asajacyl.com\/palencia\/asaja-palencia-informa\/la-junta-pide-extremar-la-precaucion-al-aumentar-los-incendios-causados-por-cosechadoras#primaryimage\",\"url\":\"https:\/\/www.asajacyl.com\/palencia\/wp-content\/uploads\/sites\/3\/2025\/07\/Cosechadora-incenciada-ASAJA-CyL-web.jpg\",\"contentUrl\":\"https:\/\/www.asajacyl.com\/palencia\/wp-content\/uploads\/sites\/3\/2025\/07\/Cosechadora-incenciada-ASAJA-CyL-web.jpg\",\"width\":1890,\"height\":1654},{\"@type\":\"BreadcrumbList\",\"@id\":\"https:\/\/www.asajacyl.com\/palencia\/asaja-palencia-informa\/la-junta-pide-extremar-la-precaucion-al-aumentar-los-incendios-causados-por-cosechadoras#breadcrumb\",\"itemListElement\":[{\"@type\":\"ListItem\",\"position\":1,\"name\":\"Portada\",\"item\":\"https:\/\/www.asajacyl.com\/palencia\/\"},{\"@type\":\"ListItem\",\"position\":2,\"name\":\"La Junta pide extremar la precauci\u00f3n al aumentar los incendios causados por cosechadoras\"}]},{\"@type\":\"WebSite\",\"@id\":\"https:\/\/www.asajacyl.com\/palencia\/#website\",\"url\":\"https:\/\/www.asajacyl.com\/palencia\/\",\"name\":\"ASAJA Palencia\",\"description\":\"Otro sitio m\u00e1s de Provincias ASAJA Castilla y Le\u00f3n\",\"potentialAction\":[{\"@type\":\"SearchAction\",\"target\":{\"@type\":\"EntryPoint\",\"urlTemplate\":\"https:\/\/www.asajacyl.com\/palencia\/?s={search_term_string}\"},\"query-input\":{\"@type\":\"PropertyValueSpecification\",\"valueRequired\":true,\"valueName\":\"search_term_string\"}}],\"inLanguage\":\"es\"},{\"@type\":\"Person\",\"@id\":\"https:\/\/www.asajacyl.com\/palencia\/#\/schema\/person\/3ab17aeb03527485c317557fae64aab1\",\"name\":\"Administrador\",\"image\":{\"@type\":\"ImageObject\",\"inLanguage\":\"es\",\"@id\":\"https:\/\/www.asajacyl.com\/palencia\/#\/schema\/person\/image\/\",\"url\":\"https:\/\/secure.gravatar.com\/avatar\/517384810d242ca9e38c180f3c9fb973?s=96&d=mm&r=g\",\"contentUrl\":\"https:\/\/secure.gravatar.com\/avatar\/517384810d242ca9e38c180f3c9fb973?s=96&d=mm&r=g\",\"caption\":\"Administrador\"},\"url\":\"https:\/\/www.asajacyl.com\/palencia\/author\/carlosrm\"}]}<\/script>\n<!-- \/ Yoast SEO plugin. -->","yoast_head_json":{"title":"La Junta pide extremar la precauci\u00f3n al aumentar los incendios causados por cosechadoras - ASAJA Palencia","description":"La Direccci\u00f3n General de Patrimonio Natural y Pol\u00edtica Forestal de la Junta de Castilla y Le\u00f3n ha remitido una carta donde expresa la preocupaci\u00f3n de la","robots":{"index":"index","follow":"follow","max-snippet":"max-snippet:-1","max-image-preview":"max-image-preview:large","max-video-preview":"max-video-preview:-1"},"canonical":"https:\/\/www.asajacyl.com\/palencia\/asaja-palencia-informa\/la-junta-pide-extremar-la-precaucion-al-aumentar-los-incendios-causados-por-cosechadoras","og_locale":"es_ES","og_type":"article","og_title":"La Junta pide extremar la precauci\u00f3n al aumentar los incendios causados por cosechadoras - ASAJA Palencia","og_description":"La Direccci\u00f3n General de Patrimonio Natural y Pol\u00edtica Forestal de la Junta de Castilla y Le\u00f3n ha remitido una carta donde expresa la preocupaci\u00f3n de la","og_url":"https:\/\/www.asajacyl.com\/palencia\/asaja-palencia-informa\/la-junta-pide-extremar-la-precaucion-al-aumentar-los-incendios-causados-por-cosechadoras","og_site_name":"ASAJA Palencia","article_published_time":"2025-07-30T07:54:22+00:00","article_modified_time":"2025-07-30T07:56:52+00:00","og_image":[{"width":1024,"height":896,"url":"https:\/\/www.asajacyl.com\/palencia\/wp-content\/uploads\/sites\/3\/2025\/07\/Cosechadora-incenciada-ASAJA-CyL-web-1024x896.jpg","type":"image\/jpeg"}],"author":"Administrador","twitter_card":"summary_large_image","twitter_misc":{"Escrito por":"Administrador","Tiempo de lectura":"5 minutos"},"schema":{"@context":"https:\/\/schema.org","@graph":[{"@type":"WebPage","@id":"https:\/\/www.asajacyl.com\/palencia\/asaja-palencia-informa\/la-junta-pide-extremar-la-precaucion-al-aumentar-los-incendios-causados-por-cosechadoras","url":"https:\/\/www.asajacyl.com\/palencia\/asaja-palencia-informa\/la-junta-pide-extremar-la-precaucion-al-aumentar-los-incendios-causados-por-cosechadoras","name":"La Junta pide extremar la precauci\u00f3n al aumentar los incendios causados por cosechadoras - ASAJA Palencia","isPartOf":{"@id":"https:\/\/www.asajacyl.com\/palencia\/#website"},"primaryImageOfPage":{"@id":"https:\/\/www.asajacyl.com\/palencia\/asaja-palencia-informa\/la-junta-pide-extremar-la-precaucion-al-aumentar-los-incendios-causados-por-cosechadoras#primaryimage"},"image":{"@id":"https:\/\/www.asajacyl.com\/palencia\/asaja-palencia-informa\/la-junta-pide-extremar-la-precaucion-al-aumentar-los-incendios-causados-por-cosechadoras#primaryimage"},"thumbnailUrl":"https:\/\/www.asajacyl.com\/palencia\/wp-content\/uploads\/sites\/3\/2025\/07\/Cosechadora-incenciada-ASAJA-CyL-web.jpg","datePublished":"2025-07-30T07:54:22+00:00","dateModified":"2025-07-30T07:56:52+00:00","author":{"@id":"https:\/\/www.asajacyl.com\/palencia\/#\/schema\/person\/3ab17aeb03527485c317557fae64aab1"},"description":"La Direccci\u00f3n General de Patrimonio Natural y Pol\u00edtica Forestal de la Junta de Castilla y Le\u00f3n ha remitido una carta donde expresa la preocupaci\u00f3n de la","breadcrumb":{"@id":"https:\/\/www.asajacyl.com\/palencia\/asaja-palencia-informa\/la-junta-pide-extremar-la-precaucion-al-aumentar-los-incendios-causados-por-cosechadoras#breadcrumb"},"inLanguage":"es","potentialAction":[{"@type":"ReadAction","target":["https:\/\/www.asajacyl.com\/palencia\/asaja-palencia-informa\/la-junta-pide-extremar-la-precaucion-al-aumentar-los-incendios-causados-por-cosechadoras"]}]},{"@type":"ImageObject","inLanguage":"es","@id":"https:\/\/www.asajacyl.com\/palencia\/asaja-palencia-informa\/la-junta-pide-extremar-la-precaucion-al-aumentar-los-incendios-causados-por-cosechadoras#primaryimage","url":"https:\/\/www.asajacyl.com\/palencia\/wp-content\/uploads\/sites\/3\/2025\/07\/Cosechadora-incenciada-ASAJA-CyL-web.jpg","contentUrl":"https:\/\/www.asajacyl.com\/palencia\/wp-content\/uploads\/sites\/3\/2025\/07\/Cosechadora-incenciada-ASAJA-CyL-web.jpg","width":1890,"height":1654},{"@type":"BreadcrumbList","@id":"https:\/\/www.asajacyl.com\/palencia\/asaja-palencia-informa\/la-junta-pide-extremar-la-precaucion-al-aumentar-los-incendios-causados-por-cosechadoras#breadcrumb","itemListElement":[{"@type":"ListItem","position":1,"name":"Portada","item":"https:\/\/www.asajacyl.com\/palencia\/"},{"@type":"ListItem","position":2,"name":"La Junta pide extremar la precauci\u00f3n al aumentar los incendios causados por cosechadoras"}]},{"@type":"WebSite","@id":"https:\/\/www.asajacyl.com\/palencia\/#website","url":"https:\/\/www.asajacyl.com\/palencia\/","name":"ASAJA Palencia","description":"Otro sitio m\u00e1s de Provincias ASAJA Castilla y Le\u00f3n","potentialAction":[{"@type":"SearchAction","target":{"@type":"EntryPoint","urlTemplate":"https:\/\/www.asajacyl.com\/palencia\/?s={search_term_string}"},"query-input":{"@type":"PropertyValueSpecification","valueRequired":true,"valueName":"search_term_string"}}],"inLanguage":"es"},{"@type":"Person","@id":"https:\/\/www.asajacyl.com\/palencia\/#\/schema\/person\/3ab17aeb03527485c317557fae64aab1","name":"Administrador","image":{"@type":"ImageObject","inLanguage":"es","@id":"https:\/\/www.asajacyl.com\/palencia\/#\/schema\/person\/image\/","url":"https:\/\/secure.gravatar.com\/avatar\/517384810d242ca9e38c180f3c9fb973?s=96&d=mm&r=g","contentUrl":"https:\/\/secure.gravatar.com\/avatar\/517384810d242ca9e38c180f3c9fb973?s=96&d=mm&r=g","caption":"Administrador"},"url":"https:\/\/www.asajacyl.com\/palencia\/author\/carlosrm"}]}},"_links":{"self":[{"href":"https:\/\/www.asajacyl.com\/palencia\/wp-json\/wp\/v2\/posts\/20574"}],"collection":[{"href":"https:\/\/www.asajacyl.com\/palencia\/wp-json\/wp\/v2\/posts"}],"about":[{"href":"https:\/\/www.asajacyl.com\/palencia\/wp-json\/wp\/v2\/types\/post"}],"author":[{"embeddable":true,"href":"https:\/\/www.asajacyl.com\/palencia\/wp-json\/wp\/v2\/users\/9"}],"replies":[{"embeddable":true,"href":"https:\/\/www.asajacyl.com\/palencia\/wp-json\/wp\/v2\/comments?post=20574"}],"version-history":[{"count":4,"href":"https:\/\/www.asajacyl.com\/palencia\/wp-json\/wp\/v2\/posts\/20574\/revisions"}],"predecessor-version":[{"id":20580,"href":"https:\/\/www.asajacyl.com\/palencia\/wp-json\/wp\/v2\/posts\/20574\/revisions\/20580"}],"wp:featuredmedia":[{"embeddable":true,"href":"https:\/\/www.asajacyl.com\/palencia\/wp-json\/wp\/v2\/media\/20577"}],"wp:attachment":[{"href":"https:\/\/www.asajacyl.com\/palencia\/wp-json\/wp\/v2\/media?parent=20574"}],"wp:term":[{"taxonomy":"category","embeddable":true,"href":"https:\/\/www.asajacyl.com\/palencia\/wp-json\/wp\/v2\/categories?post=20574"},{"taxonomy":"post_tag","embeddable":true,"href":"https:\/\/www.asajacyl.com\/palencia\/wp-json\/wp\/v2\/tags?post=20574"}],"curies":[{"name":"wp","href":"https:\/\/api.w.org\/{rel}","templated":true}]}}