{"id":20585,"date":"2025-07-31T14:23:56","date_gmt":"2025-07-31T12:23:56","guid":{"rendered":"https:\/\/www.asajacyl.com\/palencia\/?p=20585"},"modified":"2025-08-02T11:19:26","modified_gmt":"2025-08-02T09:19:26","slug":"estabilidad-en-unos-cereales-hundidos-y-a-esperar-la-letra-pequena-del-acuerdo-ue-ee-uu","status":"publish","type":"post","link":"https:\/\/www.asajacyl.com\/palencia\/asaja-palencia-informa\/estabilidad-en-unos-cereales-hundidos-y-a-esperar-la-letra-pequena-del-acuerdo-ue-ee-uu","title":{"rendered":"Estabilidad en unos cereales hundidos&#8230; y a esperar la letra peque\u00f1a del acuerdo UE-Estados Unidos"},"content":{"rendered":"\n<h2 class=\"wp-block-heading\">La Lonja de Le\u00f3n no ha acusado este mi\u00e9rcoles reacci\u00f3n significativa al reciente acuerdo arancelario entre la Uni\u00f3n Europea y Estados Unidos. Pero hay un clima de tensa expectativa ante la letra peque\u00f1a del pacto, con posibles repercusiones sobre los productos agroalimentarios espa\u00f1oles. Desde el mercado leon\u00e9s apuntan que otros factores internacionales (precio del petr\u00f3leo, paridad del euro con el d\u00f3lar, nivel de cosecha ceralista mundial, etc\u00e9tera) tambi\u00e9n flotan en el ambiente. Su evoluci\u00f3n marcar\u00e1 en gran medida los precios del grano espa\u00f1ol, que en todo caso siguen a precios baj\u00edsimos para los actuales costes productivos. La avena s\u00ed se movi\u00f3, pero a peor: se dej\u00f3 dos euros por tonelada, partiendo ya de niveles subterr\u00e1neos. ASAJA-Palencia te explica aqu\u00ed, con datos elocuentes, por qu\u00e9 la importaci\u00f3n masiva de avena en el \u00faltimo trienio tambi\u00e9n ha ido minando el precio de este cereal.<\/h2>\n\n\n\n<p>Nuestra organizaci\u00f3n viene denunciando reiteradamente este problema \u2014la repercusi\u00f3n negativa de las importaciones masivas de grano sin arancel, m\u00e1xime tras impulsar la UE programas de solidaridad con Ucrania rebajando aranceles y cupos de importaci\u00f3n\u2014, adem\u00e1s de reclamar medidas urgentes que pal\u00eden los da\u00f1os a los productores cerealista espa\u00f1oles. No todos los a\u00f1os habr\u00e1 rendimientos como en la actual campa\u00f1a, ni en todas las explotaciones cerealistas logran asegurar al menos la rentabilidad por invertir y trabajar.<\/p>\n\n\n\n<p>En cuanto al precio del petr\u00f3leo, el barril brent se encuentra actualmente en torno a los 73,5 d\u00f3lares, aproximadamente en la zona media de la amplia horquilla en la que se ha movido el \u00faltimo a\u00f1o: m\u00e1ximo de 82,6 d\u00f3lares y m\u00ednimo de 58,4 d\u00f3lares. Mucha menor oscilaci\u00f3n ha sufrido la paridad euro\/d\u00f3lar los \u00faltimos doce meses: hoy el euro se paga a 1,14 d\u00f3lares aproximadamente, tras haber fluctuado el \u00faltimo a\u00f1o entre los 1,183 y los 1,015 (es decir, casi rayando la paridad). La combinaci\u00f3n de ambos factores (teniendo en cuenta que el petr\u00f3leo suele operar en d\u00f3lares) condiciona mucho los precios del transporte internacional de mercanc\u00edas, incluidos por productos agroganaderos.<\/p>\n\n\n\n<p><strong>INCERTIDUMBRES. <\/strong>Este forzado acuerdo de la UE y EEUU pone fin a la escalada en la guerra arancelaria. Pero a\u00fan quedan por concretarse muchos aspectos que, sin duda, repercutir\u00e1n a medio y largo plazo en los precios de las producciones agroalimentarias espa\u00f1olas. Y no s\u00f3lo en sectores m\u00e1s sensibles como el vino o el aceite de oliva, sino en otros que dependen directa e indirectamente de explotaciones agroganaderas de nuestro entorno, tanto en el sentido exportador como importador (carne, l\u00e1cteos, fertilizantes, semillas&#8230;). La tensa expectativa es lo que cabe esperar. Y no es el \u00fanico frente, porque los acuerdos de la UE con otros grandes operadores (Mercosur, China&#8230;) tambi\u00e9n generar\u00e1n r\u00e9plicas en el sector primario interno. <\/p>\n\n\n\n<p>La cosecha de cereal de invierno a punto de terminar en Palencia. Seg\u00fan las estimaciones de la Junta de Castilla y Le\u00f3n, <strong>nuestra provincia podr\u00eda superar por primera vez los 1,4 millones de toneladas de producci\u00f3n<\/strong>, porque se une un aumento de superficie a los rendimientos por encima de la media: la Consejer\u00eda calcula 283 400 hect\u00e1reas de cereal de invierno esta campa\u00f1a, que podr\u00edan aproximarse a las 292 000 hect\u00e1reas si atendemos a las declaraciones de la PAC 2025. Pero la buena producci\u00f3n no viene acompa\u00f1ada de una aceptable salida comercial, que aporte rentabilidad al gasto, el trabajo y la inversi\u00f3n aplicados para cultivar. <\/p>\n\n\n\n<p><strong>LA AVENA, M\u00c1S HUNDIDA. <\/strong>Incluso en algunos casos, como en la avena, \u00abya empieza a preocupar hasta para poder comercializarse\u00bb, explican desde la Lonja de Le\u00f3n, donde la tonelada perdi\u00f3 esta sesi\u00f3n dos euros y <strong>cae a los 138 euros<\/strong>, aut\u00e9ntico precio de derribo. Hay que retrotraerse a oto\u00f1o de 2018 para encontrar en esa misma plaza operaciones a ese nivel. Y hace ahora una d\u00e9cada (verano de 2015) ya operaba en nuestra comunidad en los entornos de los 180 euros\/tonelada. <\/p>\n\n\n\n<p>Hace un a\u00f1o, la avena cotizaba en el mismo mercado leon\u00e9s a 186 euros\/tonelada (<strong>-26 % de ca\u00edda interanual<\/strong>), al mismo precio que la tonelada de cebada (hoy hay casi cuarenta euros por tonelada por encima de la avena). No hablemos ya que hace dos a\u00f1os casi cotizaba al doble \u2014270 euros\u2014, con una p\u00e9rdida del <strong>-49 % en dos a\u00f1os<\/strong>; o de los m\u00e1ximos de 334 euros\/tonelada de octubre de 2022 en plena escalada alcista por el temor al desabastecimiento por la guerra de Ucrania, que hab\u00eda comenzado ocho meses antes. <\/p>\n\n\n\n<p><strong>LAS L\u00d3GICAS. <\/strong>De aquella cima a hoy, la avena se ha dejado m\u00e1s de la mitad del valor (-59 %) y casi doscientos euros (-196 \u20ac) por tonelada. Como ASAJA ha manifestado, aquellos precios carec\u00edan de l\u00f3gica (m\u00e1s all\u00e1 de la <em>l\u00f3gica <\/em>de los conflictos b\u00e9licos y su efecto en el comercio internacional de mercanc\u00edas), pero estos de hoy tampoco la tienen.<\/p>\n\n\n\n<p>Claro que aqu\u00ed hay otra&#8230; <em>l\u00f3gica<\/em>: la derivada de los 45,3 millones de euros en importaciones netas de avena en Espa\u00f1a durante 2024 (54,4 M\u20ac de importaciones brutas menos 9,1 M\u20ac de exportaciones), que se unen a los 60,5 millones de euros de 2023 y a los 35 millones de 2022. <strong>Es decir, las importaciones netas de avena a Espa\u00f1a en el trienio 2022-2024 han superado los 140 millones de euros de avena<\/strong>.<\/p>\n\n\n\n<p><strong>MA\u00cdZ<\/strong>. Por su parte, el <strong>ma\u00edz<\/strong>, cuya importancia para el campo palentino es mucho menor, se comport\u00f3 este mi\u00e9rcoles tambi\u00e9n como la otra excepci\u00f3n a la estabilidad; en su caso, al alza, pero tampoco para tirar cohetes: un euro m\u00e1s por tonelada hasta situarse en los 216 euros, precio que aun as\u00ed contin\u00faa por debajo del precio inicial tras la vuelta del ma\u00edz seco (menos del 15 % de humedad) a la cotizaci\u00f3n a mediados del pasado marzo (225 \u20ac\/t). <\/p>\n\n\n\n<p>Tras ir bajando paulatinamente hasta los 209 euros tonelada hasta el pasado junio, desde entonces a hoy ha ido recuperando casi la mitad de ese terreno perdido en la presente campa\u00f1a de comercializaci\u00f3n. Hoy se encuentra al mismo precio que hace un a\u00f1o, pero bastante por debajo de finales de julio de 2023, cuando cotizaba en la misma Lonja de Le\u00f3n a 251 euros\/tonelada <strong>(-14 % en dos a\u00f1os).\/<\/strong><\/p>\n\n\n\n<figure class=\"wp-block-image size-large is-resized\"><img loading=\"lazy\" decoding=\"async\" width=\"1024\" height=\"768\" src=\"https:\/\/www.asajacyl.com\/palencia\/wp-content\/uploads\/sites\/3\/2025\/07\/Precios-agricultura-30julio2025-1024x768.png\" alt=\"\" class=\"wp-image-20586\" style=\"width:1067px;height:auto\" srcset=\"https:\/\/www.asajacyl.com\/palencia\/wp-content\/uploads\/sites\/3\/2025\/07\/Precios-agricultura-30julio2025-1024x768.png 1024w, https:\/\/www.asajacyl.com\/palencia\/wp-content\/uploads\/sites\/3\/2025\/07\/Precios-agricultura-30julio2025-300x225.png 300w, https:\/\/www.asajacyl.com\/palencia\/wp-content\/uploads\/sites\/3\/2025\/07\/Precios-agricultura-30julio2025-768x576.png 768w, https:\/\/www.asajacyl.com\/palencia\/wp-content\/uploads\/sites\/3\/2025\/07\/Precios-agricultura-30julio2025-1536x1152.png 1536w, https:\/\/www.asajacyl.com\/palencia\/wp-content\/uploads\/sites\/3\/2025\/07\/Precios-agricultura-30julio2025-2048x1536.png 2048w, https:\/\/www.asajacyl.com\/palencia\/wp-content\/uploads\/sites\/3\/2025\/07\/Precios-agricultura-30julio2025-560x420.png 560w, https:\/\/www.asajacyl.com\/palencia\/wp-content\/uploads\/sites\/3\/2025\/07\/Precios-agricultura-30julio2025-80x60.png 80w, https:\/\/www.asajacyl.com\/palencia\/wp-content\/uploads\/sites\/3\/2025\/07\/Precios-agricultura-30julio2025-696x522.png 696w, https:\/\/www.asajacyl.com\/palencia\/wp-content\/uploads\/sites\/3\/2025\/07\/Precios-agricultura-30julio2025-1068x801.png 1068w, https:\/\/www.asajacyl.com\/palencia\/wp-content\/uploads\/sites\/3\/2025\/07\/Precios-agricultura-30julio2025-1920x1440.png 1920w\" sizes=\"(max-width: 1024px) 100vw, 1024px\" \/><\/figure>\n","protected":false},"excerpt":{"rendered":"<p>La Lonja de Le\u00f3n no ha acusado este mi\u00e9rcoles reacci\u00f3n significativa al reciente acuerdo arancelario entre la Uni\u00f3n Europea y Estados Unidos. Pero hay un clima de tensa expectativa ante la letra peque\u00f1a del pacto, con posibles repercusiones sobre los productos agroalimentarios espa\u00f1oles. Desde el mercado leon\u00e9s apuntan que otros factores internacionales (precio del petr\u00f3leo, [&hellip;]<\/p>\n","protected":false},"author":9,"featured_media":20605,"comment_status":"open","ping_status":"open","sticky":false,"template":"","format":"standard","meta":{"footnotes":""},"categories":[9,29,36,28,13],"tags":[1536,1308,58,677,290,59,289,46,142,351,77,1384,654,66,1171,220],"yoast_head":"<!-- This site is optimized with the Yoast SEO plugin v24.5 - https:\/\/yoast.com\/wordpress\/plugins\/seo\/ -->\n<title>Estabilidad en unos cereales hundidos... y a esperar la letra peque\u00f1a del acuerdo UE-Estados Unidos - ASAJA Palencia<\/title>\n<meta name=\"description\" content=\"La Lonja de Le\u00f3n no ha acusado este mi\u00e9rcoles reacci\u00f3n significativa al reciente acuerdo arancelario entre la Uni\u00f3n Europea y Estados Unidos. Pero hay un\" \/>\n<meta name=\"robots\" content=\"index, follow, max-snippet:-1, max-image-preview:large, max-video-preview:-1\" \/>\n<link rel=\"canonical\" href=\"https:\/\/www.asajacyl.com\/palencia\/asaja-palencia-informa\/estabilidad-en-unos-cereales-hundidos-y-a-esperar-la-letra-pequena-del-acuerdo-ue-ee-uu\" \/>\n<meta property=\"og:locale\" content=\"es_ES\" \/>\n<meta property=\"og:type\" content=\"article\" \/>\n<meta property=\"og:title\" content=\"Estabilidad en unos cereales hundidos... y a esperar la letra peque\u00f1a del acuerdo UE-Estados Unidos - ASAJA Palencia\" \/>\n<meta property=\"og:description\" content=\"La Lonja de Le\u00f3n no ha acusado este mi\u00e9rcoles reacci\u00f3n significativa al reciente acuerdo arancelario entre la Uni\u00f3n Europea y Estados Unidos. Pero hay un\" \/>\n<meta property=\"og:url\" content=\"https:\/\/www.asajacyl.com\/palencia\/asaja-palencia-informa\/estabilidad-en-unos-cereales-hundidos-y-a-esperar-la-letra-pequena-del-acuerdo-ue-ee-uu\" \/>\n<meta property=\"og:site_name\" content=\"ASAJA Palencia\" \/>\n<meta property=\"article:published_time\" content=\"2025-07-31T12:23:56+00:00\" \/>\n<meta property=\"article:modified_time\" content=\"2025-08-02T09:19:26+00:00\" \/>\n<meta property=\"og:image\" content=\"https:\/\/www.asajacyl.com\/palencia\/wp-content\/uploads\/sites\/3\/2025\/07\/Avena-web2.jpg\" \/>\n\t<meta property=\"og:image:width\" content=\"1890\" \/>\n\t<meta property=\"og:image:height\" content=\"1654\" \/>\n\t<meta property=\"og:image:type\" content=\"image\/jpeg\" \/>\n<meta name=\"author\" content=\"Administrador\" \/>\n<meta name=\"twitter:card\" content=\"summary_large_image\" \/>\n<meta name=\"twitter:label1\" content=\"Escrito por\" \/>\n\t<meta name=\"twitter:data1\" content=\"Administrador\" \/>\n\t<meta name=\"twitter:label2\" content=\"Tiempo de lectura\" \/>\n\t<meta name=\"twitter:data2\" content=\"6 minutos\" \/>\n<script type=\"application\/ld+json\" class=\"yoast-schema-graph\">{\"@context\":\"https:\/\/schema.org\",\"@graph\":[{\"@type\":\"WebPage\",\"@id\":\"https:\/\/www.asajacyl.com\/palencia\/asaja-palencia-informa\/estabilidad-en-unos-cereales-hundidos-y-a-esperar-la-letra-pequena-del-acuerdo-ue-ee-uu\",\"url\":\"https:\/\/www.asajacyl.com\/palencia\/asaja-palencia-informa\/estabilidad-en-unos-cereales-hundidos-y-a-esperar-la-letra-pequena-del-acuerdo-ue-ee-uu\",\"name\":\"Estabilidad en unos cereales hundidos... y a esperar la letra peque\u00f1a del acuerdo UE-Estados Unidos - ASAJA Palencia\",\"isPartOf\":{\"@id\":\"https:\/\/www.asajacyl.com\/palencia\/#website\"},\"primaryImageOfPage\":{\"@id\":\"https:\/\/www.asajacyl.com\/palencia\/asaja-palencia-informa\/estabilidad-en-unos-cereales-hundidos-y-a-esperar-la-letra-pequena-del-acuerdo-ue-ee-uu#primaryimage\"},\"image\":{\"@id\":\"https:\/\/www.asajacyl.com\/palencia\/asaja-palencia-informa\/estabilidad-en-unos-cereales-hundidos-y-a-esperar-la-letra-pequena-del-acuerdo-ue-ee-uu#primaryimage\"},\"thumbnailUrl\":\"https:\/\/www.asajacyl.com\/palencia\/wp-content\/uploads\/sites\/3\/2025\/07\/Avena-web2.jpg\",\"datePublished\":\"2025-07-31T12:23:56+00:00\",\"dateModified\":\"2025-08-02T09:19:26+00:00\",\"author\":{\"@id\":\"https:\/\/www.asajacyl.com\/palencia\/#\/schema\/person\/3ab17aeb03527485c317557fae64aab1\"},\"description\":\"La Lonja de Le\u00f3n no ha acusado este mi\u00e9rcoles reacci\u00f3n significativa al reciente acuerdo arancelario entre la Uni\u00f3n Europea y Estados Unidos. Pero hay un\",\"breadcrumb\":{\"@id\":\"https:\/\/www.asajacyl.com\/palencia\/asaja-palencia-informa\/estabilidad-en-unos-cereales-hundidos-y-a-esperar-la-letra-pequena-del-acuerdo-ue-ee-uu#breadcrumb\"},\"inLanguage\":\"es\",\"potentialAction\":[{\"@type\":\"ReadAction\",\"target\":[\"https:\/\/www.asajacyl.com\/palencia\/asaja-palencia-informa\/estabilidad-en-unos-cereales-hundidos-y-a-esperar-la-letra-pequena-del-acuerdo-ue-ee-uu\"]}]},{\"@type\":\"ImageObject\",\"inLanguage\":\"es\",\"@id\":\"https:\/\/www.asajacyl.com\/palencia\/asaja-palencia-informa\/estabilidad-en-unos-cereales-hundidos-y-a-esperar-la-letra-pequena-del-acuerdo-ue-ee-uu#primaryimage\",\"url\":\"https:\/\/www.asajacyl.com\/palencia\/wp-content\/uploads\/sites\/3\/2025\/07\/Avena-web2.jpg\",\"contentUrl\":\"https:\/\/www.asajacyl.com\/palencia\/wp-content\/uploads\/sites\/3\/2025\/07\/Avena-web2.jpg\",\"width\":1890,\"height\":1654},{\"@type\":\"BreadcrumbList\",\"@id\":\"https:\/\/www.asajacyl.com\/palencia\/asaja-palencia-informa\/estabilidad-en-unos-cereales-hundidos-y-a-esperar-la-letra-pequena-del-acuerdo-ue-ee-uu#breadcrumb\",\"itemListElement\":[{\"@type\":\"ListItem\",\"position\":1,\"name\":\"Portada\",\"item\":\"https:\/\/www.asajacyl.com\/palencia\/\"},{\"@type\":\"ListItem\",\"position\":2,\"name\":\"Estabilidad en unos cereales hundidos&#8230; y a esperar la letra peque\u00f1a del acuerdo UE-Estados Unidos\"}]},{\"@type\":\"WebSite\",\"@id\":\"https:\/\/www.asajacyl.com\/palencia\/#website\",\"url\":\"https:\/\/www.asajacyl.com\/palencia\/\",\"name\":\"ASAJA Palencia\",\"description\":\"Otro sitio m\u00e1s de Provincias ASAJA Castilla y Le\u00f3n\",\"potentialAction\":[{\"@type\":\"SearchAction\",\"target\":{\"@type\":\"EntryPoint\",\"urlTemplate\":\"https:\/\/www.asajacyl.com\/palencia\/?s={search_term_string}\"},\"query-input\":{\"@type\":\"PropertyValueSpecification\",\"valueRequired\":true,\"valueName\":\"search_term_string\"}}],\"inLanguage\":\"es\"},{\"@type\":\"Person\",\"@id\":\"https:\/\/www.asajacyl.com\/palencia\/#\/schema\/person\/3ab17aeb03527485c317557fae64aab1\",\"name\":\"Administrador\",\"image\":{\"@type\":\"ImageObject\",\"inLanguage\":\"es\",\"@id\":\"https:\/\/www.asajacyl.com\/palencia\/#\/schema\/person\/image\/\",\"url\":\"https:\/\/secure.gravatar.com\/avatar\/517384810d242ca9e38c180f3c9fb973?s=96&d=mm&r=g\",\"contentUrl\":\"https:\/\/secure.gravatar.com\/avatar\/517384810d242ca9e38c180f3c9fb973?s=96&d=mm&r=g\",\"caption\":\"Administrador\"},\"url\":\"https:\/\/www.asajacyl.com\/palencia\/author\/carlosrm\"}]}<\/script>\n<!-- \/ Yoast SEO plugin. -->","yoast_head_json":{"title":"Estabilidad en unos cereales hundidos... y a esperar la letra peque\u00f1a del acuerdo UE-Estados Unidos - ASAJA Palencia","description":"La Lonja de Le\u00f3n no ha acusado este mi\u00e9rcoles reacci\u00f3n significativa al reciente acuerdo arancelario entre la Uni\u00f3n Europea y Estados Unidos. Pero hay un","robots":{"index":"index","follow":"follow","max-snippet":"max-snippet:-1","max-image-preview":"max-image-preview:large","max-video-preview":"max-video-preview:-1"},"canonical":"https:\/\/www.asajacyl.com\/palencia\/asaja-palencia-informa\/estabilidad-en-unos-cereales-hundidos-y-a-esperar-la-letra-pequena-del-acuerdo-ue-ee-uu","og_locale":"es_ES","og_type":"article","og_title":"Estabilidad en unos cereales hundidos... y a esperar la letra peque\u00f1a del acuerdo UE-Estados Unidos - ASAJA Palencia","og_description":"La Lonja de Le\u00f3n no ha acusado este mi\u00e9rcoles reacci\u00f3n significativa al reciente acuerdo arancelario entre la Uni\u00f3n Europea y Estados Unidos. Pero hay un","og_url":"https:\/\/www.asajacyl.com\/palencia\/asaja-palencia-informa\/estabilidad-en-unos-cereales-hundidos-y-a-esperar-la-letra-pequena-del-acuerdo-ue-ee-uu","og_site_name":"ASAJA Palencia","article_published_time":"2025-07-31T12:23:56+00:00","article_modified_time":"2025-08-02T09:19:26+00:00","og_image":[{"width":1890,"height":1654,"url":"https:\/\/www.asajacyl.com\/palencia\/wp-content\/uploads\/sites\/3\/2025\/07\/Avena-web2.jpg","type":"image\/jpeg"}],"author":"Administrador","twitter_card":"summary_large_image","twitter_misc":{"Escrito por":"Administrador","Tiempo de lectura":"6 minutos"},"schema":{"@context":"https:\/\/schema.org","@graph":[{"@type":"WebPage","@id":"https:\/\/www.asajacyl.com\/palencia\/asaja-palencia-informa\/estabilidad-en-unos-cereales-hundidos-y-a-esperar-la-letra-pequena-del-acuerdo-ue-ee-uu","url":"https:\/\/www.asajacyl.com\/palencia\/asaja-palencia-informa\/estabilidad-en-unos-cereales-hundidos-y-a-esperar-la-letra-pequena-del-acuerdo-ue-ee-uu","name":"Estabilidad en unos cereales hundidos... y a esperar la letra peque\u00f1a del acuerdo UE-Estados Unidos - ASAJA Palencia","isPartOf":{"@id":"https:\/\/www.asajacyl.com\/palencia\/#website"},"primaryImageOfPage":{"@id":"https:\/\/www.asajacyl.com\/palencia\/asaja-palencia-informa\/estabilidad-en-unos-cereales-hundidos-y-a-esperar-la-letra-pequena-del-acuerdo-ue-ee-uu#primaryimage"},"image":{"@id":"https:\/\/www.asajacyl.com\/palencia\/asaja-palencia-informa\/estabilidad-en-unos-cereales-hundidos-y-a-esperar-la-letra-pequena-del-acuerdo-ue-ee-uu#primaryimage"},"thumbnailUrl":"https:\/\/www.asajacyl.com\/palencia\/wp-content\/uploads\/sites\/3\/2025\/07\/Avena-web2.jpg","datePublished":"2025-07-31T12:23:56+00:00","dateModified":"2025-08-02T09:19:26+00:00","author":{"@id":"https:\/\/www.asajacyl.com\/palencia\/#\/schema\/person\/3ab17aeb03527485c317557fae64aab1"},"description":"La Lonja de Le\u00f3n no ha acusado este mi\u00e9rcoles reacci\u00f3n significativa al reciente acuerdo arancelario entre la Uni\u00f3n Europea y Estados Unidos. Pero hay un","breadcrumb":{"@id":"https:\/\/www.asajacyl.com\/palencia\/asaja-palencia-informa\/estabilidad-en-unos-cereales-hundidos-y-a-esperar-la-letra-pequena-del-acuerdo-ue-ee-uu#breadcrumb"},"inLanguage":"es","potentialAction":[{"@type":"ReadAction","target":["https:\/\/www.asajacyl.com\/palencia\/asaja-palencia-informa\/estabilidad-en-unos-cereales-hundidos-y-a-esperar-la-letra-pequena-del-acuerdo-ue-ee-uu"]}]},{"@type":"ImageObject","inLanguage":"es","@id":"https:\/\/www.asajacyl.com\/palencia\/asaja-palencia-informa\/estabilidad-en-unos-cereales-hundidos-y-a-esperar-la-letra-pequena-del-acuerdo-ue-ee-uu#primaryimage","url":"https:\/\/www.asajacyl.com\/palencia\/wp-content\/uploads\/sites\/3\/2025\/07\/Avena-web2.jpg","contentUrl":"https:\/\/www.asajacyl.com\/palencia\/wp-content\/uploads\/sites\/3\/2025\/07\/Avena-web2.jpg","width":1890,"height":1654},{"@type":"BreadcrumbList","@id":"https:\/\/www.asajacyl.com\/palencia\/asaja-palencia-informa\/estabilidad-en-unos-cereales-hundidos-y-a-esperar-la-letra-pequena-del-acuerdo-ue-ee-uu#breadcrumb","itemListElement":[{"@type":"ListItem","position":1,"name":"Portada","item":"https:\/\/www.asajacyl.com\/palencia\/"},{"@type":"ListItem","position":2,"name":"Estabilidad en unos cereales hundidos&#8230; y a esperar la letra peque\u00f1a del acuerdo UE-Estados Unidos"}]},{"@type":"WebSite","@id":"https:\/\/www.asajacyl.com\/palencia\/#website","url":"https:\/\/www.asajacyl.com\/palencia\/","name":"ASAJA Palencia","description":"Otro sitio m\u00e1s de Provincias ASAJA Castilla y Le\u00f3n","potentialAction":[{"@type":"SearchAction","target":{"@type":"EntryPoint","urlTemplate":"https:\/\/www.asajacyl.com\/palencia\/?s={search_term_string}"},"query-input":{"@type":"PropertyValueSpecification","valueRequired":true,"valueName":"search_term_string"}}],"inLanguage":"es"},{"@type":"Person","@id":"https:\/\/www.asajacyl.com\/palencia\/#\/schema\/person\/3ab17aeb03527485c317557fae64aab1","name":"Administrador","image":{"@type":"ImageObject","inLanguage":"es","@id":"https:\/\/www.asajacyl.com\/palencia\/#\/schema\/person\/image\/","url":"https:\/\/secure.gravatar.com\/avatar\/517384810d242ca9e38c180f3c9fb973?s=96&d=mm&r=g","contentUrl":"https:\/\/secure.gravatar.com\/avatar\/517384810d242ca9e38c180f3c9fb973?s=96&d=mm&r=g","caption":"Administrador"},"url":"https:\/\/www.asajacyl.com\/palencia\/author\/carlosrm"}]}},"_links":{"self":[{"href":"https:\/\/www.asajacyl.com\/palencia\/wp-json\/wp\/v2\/posts\/20585"}],"collection":[{"href":"https:\/\/www.asajacyl.com\/palencia\/wp-json\/wp\/v2\/posts"}],"about":[{"href":"https:\/\/www.asajacyl.com\/palencia\/wp-json\/wp\/v2\/types\/post"}],"author":[{"embeddable":true,"href":"https:\/\/www.asajacyl.com\/palencia\/wp-json\/wp\/v2\/users\/9"}],"replies":[{"embeddable":true,"href":"https:\/\/www.asajacyl.com\/palencia\/wp-json\/wp\/v2\/comments?post=20585"}],"version-history":[{"count":2,"href":"https:\/\/www.asajacyl.com\/palencia\/wp-json\/wp\/v2\/posts\/20585\/revisions"}],"predecessor-version":[{"id":20588,"href":"https:\/\/www.asajacyl.com\/palencia\/wp-json\/wp\/v2\/posts\/20585\/revisions\/20588"}],"wp:featuredmedia":[{"embeddable":true,"href":"https:\/\/www.asajacyl.com\/palencia\/wp-json\/wp\/v2\/media\/20605"}],"wp:attachment":[{"href":"https:\/\/www.asajacyl.com\/palencia\/wp-json\/wp\/v2\/media?parent=20585"}],"wp:term":[{"taxonomy":"category","embeddable":true,"href":"https:\/\/www.asajacyl.com\/palencia\/wp-json\/wp\/v2\/categories?post=20585"},{"taxonomy":"post_tag","embeddable":true,"href":"https:\/\/www.asajacyl.com\/palencia\/wp-json\/wp\/v2\/tags?post=20585"}],"curies":[{"name":"wp","href":"https:\/\/api.w.org\/{rel}","templated":true}]}}