{"id":20589,"date":"2025-08-01T12:26:35","date_gmt":"2025-08-01T10:26:35","guid":{"rendered":"https:\/\/www.asajacyl.com\/palencia\/?p=20589"},"modified":"2025-08-01T13:27:28","modified_gmt":"2025-08-01T11:27:28","slug":"normas-alimentarias-homologables-a-ambos-lados-del-atlantico","status":"publish","type":"post","link":"https:\/\/www.asajacyl.com\/palencia\/asaja-palencia-informa\/normas-alimentarias-homologables-a-ambos-lados-del-atlantico","title":{"rendered":"Normas alimentarias homologables a ambos lados del Atl\u00e1ntico"},"content":{"rendered":"\n<h2 class=\"wp-block-heading\">JOS\u00c9 ANTONIO TURRADO | Secretario general de ASAJA-Castilla y Le\u00f3n<\/h2>\n\n\n\n<p>Uno de los flecos del reciente acuerdo comercial entre la Uni\u00f3n Europea y Estados Unidos, del que sabemos muy poco, es actuar sobre las barreras regulatorias, ahora existentes en materia sanitaria, en esos intercambios comerciales de alimentos. Estados Unidos nunca ha entendido que Europa se ponga estupenda vet\u00e1ndole la entrada de sus productos con el pretexto de que no cumplen las normas sanitarias, se supone que m\u00e1s exigentes, del viejo continente. <\/p>\n\n\n<div class=\"wp-block-image\">\n<figure class=\"alignright size-full\"><img loading=\"lazy\" decoding=\"async\" width=\"555\" height=\"398\" src=\"https:\/\/www.asajacyl.com\/palencia\/wp-content\/uploads\/sites\/3\/2025\/08\/image.jpg\" alt=\"\" class=\"wp-image-20599\" srcset=\"https:\/\/www.asajacyl.com\/palencia\/wp-content\/uploads\/sites\/3\/2025\/08\/image.jpg 555w, https:\/\/www.asajacyl.com\/palencia\/wp-content\/uploads\/sites\/3\/2025\/08\/image-300x215.jpg 300w\" sizes=\"(max-width: 555px) 100vw, 555px\" \/><\/figure><\/div>\n\n\n<p>Y es que, siendo Estados Unidos uno de los pa\u00edses del mundo pioneros en la seguridad alimentaria, se da la paradoja que tienen autorizadas para la producci\u00f3n animal <strong>hormonas<\/strong>, naturales o no, que est\u00e1n prohibidas, presuntamente por nocivas, en la Uni\u00f3n Europea. Es el caso de la <strong>oxitocina <\/strong>en la producci\u00f3n de leche, una hormona natural que tiene como \u00fanico efecto facilitar la contracci\u00f3n de las c\u00e9lulas mamarias durante el orde\u00f1o y, a consecuencia de ello, incrementar la producci\u00f3n por lactaci\u00f3n.<\/p>\n\n\n\n<p>Consideraci\u00f3n similar tiene la producci\u00f3n de <strong>cultivos transg\u00e9nicos<\/strong>, una tecnolog\u00eda maldita en Europa, pero generalizada en Am\u00e9rica y en otros muchos pa\u00edses de los llamados emergentes, que son grandes exportadores de alimentos. <\/p>\n\n\n\n<p>Estas barreras regulatorias, con una base en normativa fitosanitaria o zoosanitaria han sido, antes de ahora, motivo de disputa en las relaciones comerciales, objeto de denuncia en el seno de la Organizaci\u00f3n Mundial del Comercio; y motivo, no el \u00fanico, que no ha permitido avanzar en acuerdos comerciales anteriores entre EE.UU. y la Uni\u00f3n Europea.&nbsp;<\/p>\n\n\n\n<p><strong>CONCESIONES POR PARTE DE LA UE.<\/strong> Europa va a hacer concesiones importantes en estas barreras comerciales en materia de sanidad o salud p\u00fablica, por mucho que los m\u00e1s puristas se rasguen las vestiduras. Y estas concesiones pondr\u00e1n una vez m\u00e1s de manifiesto que, <strong>lejos de imponerse cl\u00e1usulas espejo, se aplicar\u00e1 un rasero distinto para los productos importados al que se aplica a los productores locales<\/strong>; en este caso a nosotros, a los agricultores y ganaderos espa\u00f1oles.<\/p>\n\n\n\n<p>Y como <strong>la econom\u00eda es la que manda<\/strong>, y como lo que hay que hacer valer ahora es el apret\u00f3n de manos de Trump y de Ursula von del Leyen, los cient\u00edficos europeos y los organismos independientes que velan por nuestra salud, que han inspirado esas normas m\u00e1s restrictivas que tenemos, se callar\u00e1n la boca o, quiz\u00e1s, si as\u00ed se lo exigen, emitir\u00e1n informes que digan una cosa y la contraria.&nbsp;<\/p>\n\n\n\n<p>Llegado a este punto, al de un acuerdo comercial que ser\u00e1 duradero en el tiempo y en el que Estados Unidos ha impuesto sus condiciones, lo que quiero defender es <strong>la necesidad de que la Am\u00e9rica m\u00e1s desarrollada, por un lado \u2014EE UU y Canad\u00e1\u2014 y por otro la Uni\u00f3n Europea, compartan normas comunes en materia de producci\u00f3n agr\u00edcola y ganadera<\/strong>. <\/p>\n\n\n\n<p>Algo tendr\u00e1n que copiar los americanos de los europeos, y viceversa, y el objetivo debe ser entenderse.&nbsp;<strong>No puede haber una salud p\u00fablica distinta a un lado y a otro del Atl\u00e1ntico<\/strong>. Debe ser la misma. Y por ello ha de llegarse a un consenso sobre qu\u00e9 pr\u00e1cticas agroganaderas deben estar o no prohibidas y cu\u00e1les autorizadas, y debe ser un espejo en el que obligatoriamente tengan que mirarse, y copiar, otros pa\u00edses, desarrollados o emergentes, que quieran participar en el comercio internacional.<strong>\/<\/strong>&nbsp;<\/p>\n\n\n\n<blockquote class=\"wp-block-quote is-layout-flow wp-block-quote-is-layout-flow\">\n<p class=\"has-text-align-left\">\u00abha de llegarse a un consenso ENTRE LA UE Y LA AM\u00c9RICA M\u00c1S DESARROLLADA \u2014eSTADOS UNIDOS Y CANAD\u00c1\u2014 sobre qu\u00e9 pr\u00e1cticas agroganaderas deben estar prohibidas y autorizadas, y debe ser un espejo DONDE obligatoriamente tengan que mirarse otros pa\u00edses, desarrollados o emergentes, que quieran participar en el comercio internacional\u00bb.<\/p>\n<\/blockquote>\n","protected":false},"excerpt":{"rendered":"<p>JOS\u00c9 ANTONIO TURRADO | Secretario general de ASAJA-Castilla y Le\u00f3n Uno de los flecos del reciente acuerdo comercial entre la Uni\u00f3n Europea y Estados Unidos, del que sabemos muy poco, es actuar sobre las barreras regulatorias, ahora existentes en materia sanitaria, en esos intercambios comerciales de alimentos. Estados Unidos nunca ha entendido que Europa se [&hellip;]<\/p>\n","protected":false},"author":9,"featured_media":18877,"comment_status":"open","ping_status":"open","sticky":false,"template":"","format":"standard","meta":{"footnotes":""},"categories":[9,29,30,28],"tags":[1536,58,1537,351,77,828],"yoast_head":"<!-- This site is optimized with the Yoast SEO plugin v24.5 - https:\/\/yoast.com\/wordpress\/plugins\/seo\/ -->\n<title>Normas alimentarias homologables a ambos lados del Atl\u00e1ntico - ASAJA Palencia<\/title>\n<meta name=\"description\" content=\"JOS\u00c9 ANTONIO TURRADO | Secretario general de ASAJA-Castilla y Le\u00f3n Uno de los flecos del reciente acuerdo comercial entre la Uni\u00f3n Europea y Estados\" \/>\n<meta name=\"robots\" content=\"index, follow, max-snippet:-1, max-image-preview:large, max-video-preview:-1\" \/>\n<link rel=\"canonical\" href=\"https:\/\/www.asajacyl.com\/palencia\/asaja-palencia-informa\/normas-alimentarias-homologables-a-ambos-lados-del-atlantico\" \/>\n<meta property=\"og:locale\" content=\"es_ES\" \/>\n<meta property=\"og:type\" content=\"article\" \/>\n<meta property=\"og:title\" content=\"Normas alimentarias homologables a ambos lados del Atl\u00e1ntico - ASAJA Palencia\" \/>\n<meta property=\"og:description\" content=\"JOS\u00c9 ANTONIO TURRADO | Secretario general de ASAJA-Castilla y Le\u00f3n Uno de los flecos del reciente acuerdo comercial entre la Uni\u00f3n Europea y Estados\" \/>\n<meta property=\"og:url\" content=\"https:\/\/www.asajacyl.com\/palencia\/asaja-palencia-informa\/normas-alimentarias-homologables-a-ambos-lados-del-atlantico\" \/>\n<meta property=\"og:site_name\" content=\"ASAJA Palencia\" \/>\n<meta property=\"article:published_time\" content=\"2025-08-01T10:26:35+00:00\" \/>\n<meta property=\"article:modified_time\" content=\"2025-08-01T11:27:28+00:00\" \/>\n<meta property=\"og:image\" content=\"https:\/\/www.asajacyl.com\/palencia\/wp-content\/uploads\/sites\/3\/2025\/02\/Jose-Antonio-Turrado-web.jpg\" \/>\n\t<meta property=\"og:image:width\" content=\"1890\" \/>\n\t<meta property=\"og:image:height\" content=\"1654\" \/>\n\t<meta property=\"og:image:type\" content=\"image\/jpeg\" \/>\n<meta name=\"author\" content=\"Administrador\" \/>\n<meta name=\"twitter:card\" content=\"summary_large_image\" \/>\n<meta name=\"twitter:label1\" content=\"Escrito por\" \/>\n\t<meta name=\"twitter:data1\" content=\"Administrador\" \/>\n\t<meta name=\"twitter:label2\" content=\"Tiempo de lectura\" \/>\n\t<meta name=\"twitter:data2\" content=\"3 minutos\" \/>\n<script type=\"application\/ld+json\" class=\"yoast-schema-graph\">{\"@context\":\"https:\/\/schema.org\",\"@graph\":[{\"@type\":\"WebPage\",\"@id\":\"https:\/\/www.asajacyl.com\/palencia\/asaja-palencia-informa\/normas-alimentarias-homologables-a-ambos-lados-del-atlantico\",\"url\":\"https:\/\/www.asajacyl.com\/palencia\/asaja-palencia-informa\/normas-alimentarias-homologables-a-ambos-lados-del-atlantico\",\"name\":\"Normas alimentarias homologables a ambos lados del Atl\u00e1ntico - ASAJA Palencia\",\"isPartOf\":{\"@id\":\"https:\/\/www.asajacyl.com\/palencia\/#website\"},\"primaryImageOfPage\":{\"@id\":\"https:\/\/www.asajacyl.com\/palencia\/asaja-palencia-informa\/normas-alimentarias-homologables-a-ambos-lados-del-atlantico#primaryimage\"},\"image\":{\"@id\":\"https:\/\/www.asajacyl.com\/palencia\/asaja-palencia-informa\/normas-alimentarias-homologables-a-ambos-lados-del-atlantico#primaryimage\"},\"thumbnailUrl\":\"https:\/\/www.asajacyl.com\/palencia\/wp-content\/uploads\/sites\/3\/2025\/02\/Jose-Antonio-Turrado-web.jpg\",\"datePublished\":\"2025-08-01T10:26:35+00:00\",\"dateModified\":\"2025-08-01T11:27:28+00:00\",\"author\":{\"@id\":\"https:\/\/www.asajacyl.com\/palencia\/#\/schema\/person\/3ab17aeb03527485c317557fae64aab1\"},\"description\":\"JOS\u00c9 ANTONIO TURRADO | Secretario general de ASAJA-Castilla y Le\u00f3n Uno de los flecos del reciente acuerdo comercial entre la Uni\u00f3n Europea y Estados\",\"breadcrumb\":{\"@id\":\"https:\/\/www.asajacyl.com\/palencia\/asaja-palencia-informa\/normas-alimentarias-homologables-a-ambos-lados-del-atlantico#breadcrumb\"},\"inLanguage\":\"es\",\"potentialAction\":[{\"@type\":\"ReadAction\",\"target\":[\"https:\/\/www.asajacyl.com\/palencia\/asaja-palencia-informa\/normas-alimentarias-homologables-a-ambos-lados-del-atlantico\"]}]},{\"@type\":\"ImageObject\",\"inLanguage\":\"es\",\"@id\":\"https:\/\/www.asajacyl.com\/palencia\/asaja-palencia-informa\/normas-alimentarias-homologables-a-ambos-lados-del-atlantico#primaryimage\",\"url\":\"https:\/\/www.asajacyl.com\/palencia\/wp-content\/uploads\/sites\/3\/2025\/02\/Jose-Antonio-Turrado-web.jpg\",\"contentUrl\":\"https:\/\/www.asajacyl.com\/palencia\/wp-content\/uploads\/sites\/3\/2025\/02\/Jose-Antonio-Turrado-web.jpg\",\"width\":1890,\"height\":1654},{\"@type\":\"BreadcrumbList\",\"@id\":\"https:\/\/www.asajacyl.com\/palencia\/asaja-palencia-informa\/normas-alimentarias-homologables-a-ambos-lados-del-atlantico#breadcrumb\",\"itemListElement\":[{\"@type\":\"ListItem\",\"position\":1,\"name\":\"Portada\",\"item\":\"https:\/\/www.asajacyl.com\/palencia\/\"},{\"@type\":\"ListItem\",\"position\":2,\"name\":\"Normas alimentarias homologables a ambos lados del Atl\u00e1ntico\"}]},{\"@type\":\"WebSite\",\"@id\":\"https:\/\/www.asajacyl.com\/palencia\/#website\",\"url\":\"https:\/\/www.asajacyl.com\/palencia\/\",\"name\":\"ASAJA Palencia\",\"description\":\"Otro sitio m\u00e1s de Provincias ASAJA Castilla y Le\u00f3n\",\"potentialAction\":[{\"@type\":\"SearchAction\",\"target\":{\"@type\":\"EntryPoint\",\"urlTemplate\":\"https:\/\/www.asajacyl.com\/palencia\/?s={search_term_string}\"},\"query-input\":{\"@type\":\"PropertyValueSpecification\",\"valueRequired\":true,\"valueName\":\"search_term_string\"}}],\"inLanguage\":\"es\"},{\"@type\":\"Person\",\"@id\":\"https:\/\/www.asajacyl.com\/palencia\/#\/schema\/person\/3ab17aeb03527485c317557fae64aab1\",\"name\":\"Administrador\",\"image\":{\"@type\":\"ImageObject\",\"inLanguage\":\"es\",\"@id\":\"https:\/\/www.asajacyl.com\/palencia\/#\/schema\/person\/image\/\",\"url\":\"https:\/\/secure.gravatar.com\/avatar\/517384810d242ca9e38c180f3c9fb973?s=96&d=mm&r=g\",\"contentUrl\":\"https:\/\/secure.gravatar.com\/avatar\/517384810d242ca9e38c180f3c9fb973?s=96&d=mm&r=g\",\"caption\":\"Administrador\"},\"url\":\"https:\/\/www.asajacyl.com\/palencia\/author\/carlosrm\"}]}<\/script>\n<!-- \/ Yoast SEO plugin. -->","yoast_head_json":{"title":"Normas alimentarias homologables a ambos lados del Atl\u00e1ntico - ASAJA Palencia","description":"JOS\u00c9 ANTONIO TURRADO | Secretario general de ASAJA-Castilla y Le\u00f3n Uno de los flecos del reciente acuerdo comercial entre la Uni\u00f3n Europea y Estados","robots":{"index":"index","follow":"follow","max-snippet":"max-snippet:-1","max-image-preview":"max-image-preview:large","max-video-preview":"max-video-preview:-1"},"canonical":"https:\/\/www.asajacyl.com\/palencia\/asaja-palencia-informa\/normas-alimentarias-homologables-a-ambos-lados-del-atlantico","og_locale":"es_ES","og_type":"article","og_title":"Normas alimentarias homologables a ambos lados del Atl\u00e1ntico - ASAJA Palencia","og_description":"JOS\u00c9 ANTONIO TURRADO | Secretario general de ASAJA-Castilla y Le\u00f3n Uno de los flecos del reciente acuerdo comercial entre la Uni\u00f3n Europea y Estados","og_url":"https:\/\/www.asajacyl.com\/palencia\/asaja-palencia-informa\/normas-alimentarias-homologables-a-ambos-lados-del-atlantico","og_site_name":"ASAJA Palencia","article_published_time":"2025-08-01T10:26:35+00:00","article_modified_time":"2025-08-01T11:27:28+00:00","og_image":[{"width":1890,"height":1654,"url":"https:\/\/www.asajacyl.com\/palencia\/wp-content\/uploads\/sites\/3\/2025\/02\/Jose-Antonio-Turrado-web.jpg","type":"image\/jpeg"}],"author":"Administrador","twitter_card":"summary_large_image","twitter_misc":{"Escrito por":"Administrador","Tiempo de lectura":"3 minutos"},"schema":{"@context":"https:\/\/schema.org","@graph":[{"@type":"WebPage","@id":"https:\/\/www.asajacyl.com\/palencia\/asaja-palencia-informa\/normas-alimentarias-homologables-a-ambos-lados-del-atlantico","url":"https:\/\/www.asajacyl.com\/palencia\/asaja-palencia-informa\/normas-alimentarias-homologables-a-ambos-lados-del-atlantico","name":"Normas alimentarias homologables a ambos lados del Atl\u00e1ntico - ASAJA Palencia","isPartOf":{"@id":"https:\/\/www.asajacyl.com\/palencia\/#website"},"primaryImageOfPage":{"@id":"https:\/\/www.asajacyl.com\/palencia\/asaja-palencia-informa\/normas-alimentarias-homologables-a-ambos-lados-del-atlantico#primaryimage"},"image":{"@id":"https:\/\/www.asajacyl.com\/palencia\/asaja-palencia-informa\/normas-alimentarias-homologables-a-ambos-lados-del-atlantico#primaryimage"},"thumbnailUrl":"https:\/\/www.asajacyl.com\/palencia\/wp-content\/uploads\/sites\/3\/2025\/02\/Jose-Antonio-Turrado-web.jpg","datePublished":"2025-08-01T10:26:35+00:00","dateModified":"2025-08-01T11:27:28+00:00","author":{"@id":"https:\/\/www.asajacyl.com\/palencia\/#\/schema\/person\/3ab17aeb03527485c317557fae64aab1"},"description":"JOS\u00c9 ANTONIO TURRADO | Secretario general de ASAJA-Castilla y Le\u00f3n Uno de los flecos del reciente acuerdo comercial entre la Uni\u00f3n Europea y Estados","breadcrumb":{"@id":"https:\/\/www.asajacyl.com\/palencia\/asaja-palencia-informa\/normas-alimentarias-homologables-a-ambos-lados-del-atlantico#breadcrumb"},"inLanguage":"es","potentialAction":[{"@type":"ReadAction","target":["https:\/\/www.asajacyl.com\/palencia\/asaja-palencia-informa\/normas-alimentarias-homologables-a-ambos-lados-del-atlantico"]}]},{"@type":"ImageObject","inLanguage":"es","@id":"https:\/\/www.asajacyl.com\/palencia\/asaja-palencia-informa\/normas-alimentarias-homologables-a-ambos-lados-del-atlantico#primaryimage","url":"https:\/\/www.asajacyl.com\/palencia\/wp-content\/uploads\/sites\/3\/2025\/02\/Jose-Antonio-Turrado-web.jpg","contentUrl":"https:\/\/www.asajacyl.com\/palencia\/wp-content\/uploads\/sites\/3\/2025\/02\/Jose-Antonio-Turrado-web.jpg","width":1890,"height":1654},{"@type":"BreadcrumbList","@id":"https:\/\/www.asajacyl.com\/palencia\/asaja-palencia-informa\/normas-alimentarias-homologables-a-ambos-lados-del-atlantico#breadcrumb","itemListElement":[{"@type":"ListItem","position":1,"name":"Portada","item":"https:\/\/www.asajacyl.com\/palencia\/"},{"@type":"ListItem","position":2,"name":"Normas alimentarias homologables a ambos lados del Atl\u00e1ntico"}]},{"@type":"WebSite","@id":"https:\/\/www.asajacyl.com\/palencia\/#website","url":"https:\/\/www.asajacyl.com\/palencia\/","name":"ASAJA Palencia","description":"Otro sitio m\u00e1s de Provincias ASAJA Castilla y Le\u00f3n","potentialAction":[{"@type":"SearchAction","target":{"@type":"EntryPoint","urlTemplate":"https:\/\/www.asajacyl.com\/palencia\/?s={search_term_string}"},"query-input":{"@type":"PropertyValueSpecification","valueRequired":true,"valueName":"search_term_string"}}],"inLanguage":"es"},{"@type":"Person","@id":"https:\/\/www.asajacyl.com\/palencia\/#\/schema\/person\/3ab17aeb03527485c317557fae64aab1","name":"Administrador","image":{"@type":"ImageObject","inLanguage":"es","@id":"https:\/\/www.asajacyl.com\/palencia\/#\/schema\/person\/image\/","url":"https:\/\/secure.gravatar.com\/avatar\/517384810d242ca9e38c180f3c9fb973?s=96&d=mm&r=g","contentUrl":"https:\/\/secure.gravatar.com\/avatar\/517384810d242ca9e38c180f3c9fb973?s=96&d=mm&r=g","caption":"Administrador"},"url":"https:\/\/www.asajacyl.com\/palencia\/author\/carlosrm"}]}},"_links":{"self":[{"href":"https:\/\/www.asajacyl.com\/palencia\/wp-json\/wp\/v2\/posts\/20589"}],"collection":[{"href":"https:\/\/www.asajacyl.com\/palencia\/wp-json\/wp\/v2\/posts"}],"about":[{"href":"https:\/\/www.asajacyl.com\/palencia\/wp-json\/wp\/v2\/types\/post"}],"author":[{"embeddable":true,"href":"https:\/\/www.asajacyl.com\/palencia\/wp-json\/wp\/v2\/users\/9"}],"replies":[{"embeddable":true,"href":"https:\/\/www.asajacyl.com\/palencia\/wp-json\/wp\/v2\/comments?post=20589"}],"version-history":[{"count":3,"href":"https:\/\/www.asajacyl.com\/palencia\/wp-json\/wp\/v2\/posts\/20589\/revisions"}],"predecessor-version":[{"id":20600,"href":"https:\/\/www.asajacyl.com\/palencia\/wp-json\/wp\/v2\/posts\/20589\/revisions\/20600"}],"wp:featuredmedia":[{"embeddable":true,"href":"https:\/\/www.asajacyl.com\/palencia\/wp-json\/wp\/v2\/media\/18877"}],"wp:attachment":[{"href":"https:\/\/www.asajacyl.com\/palencia\/wp-json\/wp\/v2\/media?parent=20589"}],"wp:term":[{"taxonomy":"category","embeddable":true,"href":"https:\/\/www.asajacyl.com\/palencia\/wp-json\/wp\/v2\/categories?post=20589"},{"taxonomy":"post_tag","embeddable":true,"href":"https:\/\/www.asajacyl.com\/palencia\/wp-json\/wp\/v2\/tags?post=20589"}],"curies":[{"name":"wp","href":"https:\/\/api.w.org\/{rel}","templated":true}]}}