{"id":20592,"date":"2025-08-02T09:00:00","date_gmt":"2025-08-02T07:00:00","guid":{"rendered":"https:\/\/www.asajacyl.com\/palencia\/?p=20592"},"modified":"2025-08-01T13:19:13","modified_gmt":"2025-08-01T11:19:13","slug":"leon-tercera-provincia-colindante-con-palencia-con-presencia-de-lengua-azul","status":"publish","type":"post","link":"https:\/\/www.asajacyl.com\/palencia\/asaja-palencia-informa\/leon-tercera-provincia-colindante-con-palencia-con-presencia-de-lengua-azul","title":{"rendered":"Le\u00f3n, tercera provincia colindante con Palencia con presencia de lengua azul"},"content":{"rendered":"\n<h2 class=\"wp-block-heading\">Le\u00f3n se convierte en la tercera provincia colindante con Palencia donde se ha constatado ya presencia de la enfermedad de la lengua azul durante la presente temporada de actividad vectorial 2025-2026, seg\u00fan ha informado el Ministerio de Agricultura, Pesca y Alimentaci\u00f3n. La provincia leonesa, con casos del serotipo 3 (el mismo detectado tambi\u00e9n en \u00c1vila unos d\u00edas atr\u00e1s) se suma al territorio abulense y a Burgos (serotipo 8) por lo que respecta a Castilla y Le\u00f3n. Tambi\u00e9n se han registrado casos de esos dos serotipos en Cantabria. Si bien la vacunaci\u00f3n no es obligatoria, ASAJA-Palencia recomienda esta pr\u00e1ctica \u2014especialmente en el ganado ovino, m\u00e1s susceptible de enfermar\u2014 y las otras indicaciones preventivas ministeriales para evitar la propagaci\u00f3n de la lengua azul.<\/h2>\n\n\n<div class=\"wp-block-image\">\n<figure class=\"alignright size-large is-resized\"><img loading=\"lazy\" decoding=\"async\" width=\"1024\" height=\"896\" src=\"https:\/\/www.asajacyl.com\/palencia\/wp-content\/uploads\/sites\/3\/2025\/08\/Actualizacion-lengua-azul-31jul25-web-1024x896.jpg\" alt=\"\" class=\"wp-image-20593\" style=\"width:638px;height:auto\" srcset=\"https:\/\/www.asajacyl.com\/palencia\/wp-content\/uploads\/sites\/3\/2025\/08\/Actualizacion-lengua-azul-31jul25-web-1024x896.jpg 1024w, https:\/\/www.asajacyl.com\/palencia\/wp-content\/uploads\/sites\/3\/2025\/08\/Actualizacion-lengua-azul-31jul25-web-300x263.jpg 300w, https:\/\/www.asajacyl.com\/palencia\/wp-content\/uploads\/sites\/3\/2025\/08\/Actualizacion-lengua-azul-31jul25-web-768x672.jpg 768w, https:\/\/www.asajacyl.com\/palencia\/wp-content\/uploads\/sites\/3\/2025\/08\/Actualizacion-lengua-azul-31jul25-web-1536x1344.jpg 1536w, https:\/\/www.asajacyl.com\/palencia\/wp-content\/uploads\/sites\/3\/2025\/08\/Actualizacion-lengua-azul-31jul25-web-480x420.jpg 480w, https:\/\/www.asajacyl.com\/palencia\/wp-content\/uploads\/sites\/3\/2025\/08\/Actualizacion-lengua-azul-31jul25-web-696x609.jpg 696w, https:\/\/www.asajacyl.com\/palencia\/wp-content\/uploads\/sites\/3\/2025\/08\/Actualizacion-lengua-azul-31jul25-web-1068x935.jpg 1068w, https:\/\/www.asajacyl.com\/palencia\/wp-content\/uploads\/sites\/3\/2025\/08\/Actualizacion-lengua-azul-31jul25-web.jpg 1890w\" sizes=\"(max-width: 1024px) 100vw, 1024px\" \/><\/figure><\/div>\n\n\n<p>Seg\u00fan los laboratorios regionales de sanidad animal y el Laboratorio Central de Veterinaria (LCV) de Algete, laboratorio nacional de referencia para esta enfermedad, con respecto al anterior informe se han incorporado como nuevas provincias con casos, adem\u00e1s de Le\u00f3n, los cuatro territorios de Galicia \u2014La Coru\u00f1a (serotipo 3), Lugo (serotipos 3 y 8), Orense (serotipo 3) y Pontevedra (serotipo 8)\u2014 y Badajoz (serotipos 3 y 8). <\/p>\n\n\n\n<p>Ciudad Real es la \u00fanica provincia de Espa\u00f1a con serotipo 1, seg\u00fan se aprecia en el mapa adjunto; mientras los serotipos 3 y 8 parecen circular en una proporci\u00f3n similar dentro de la zona peninsular afectada (fundamentalmente, en los dos tercios oeste). <\/p>\n\n\n\n<p>Ya se han superado la veintena de provincias con casos de esta enfermedad v\u00edrica, que afecta a rumiantes, pero no al ser humano.<\/p>\n\n\n\n<p>ASAJA-Palencia se hace eco de las recomendaciones ministeriales ante la extensi\u00f3n de la enfermedad:<\/p>\n\n\n\n<ul>\n<li>Reforzar las\u00a0<strong>medidas de sensibilizaci\u00f3n\u00a0<\/strong>en los sectores afectados para informar de la estrategia aprobada en Espa\u00f1a, donde se ha dejado de aplicar el programa de erradicaci\u00f3n oficial frente a la lengua azul, para que se conozca\u00a0<strong>el riesgo que los reba\u00f1os tienen de infectarse\u00a0<\/strong>en todo el territorio peninsular con cualquiera de los serotipos presentes (1, 3, 4 y 8), dado que\u00a0<strong>no hay restricciones a los movimientos y la actividad del vector aumentar\u00e1 durante los pr\u00f3ximos meses.<\/strong><\/li>\n\n\n\n<li><strong>Vacunar a los animales frente a los serotipos de riesgo<\/strong>\u00a0para reducir impacto en caso de verse afectados, con\u00a0<strong>especial importancia en el sector ovino\u00a0<\/strong>dado que es la especie m\u00e1s susceptible a la enfermedad cl\u00ednica. Sin duda, la vacunaci\u00f3n es la mejor herramienta para prevenir la morbilidad y mortalidad en el ganado, adem\u00e1s de facilitar los movimientos de los animales hacia otros pa\u00edses.<\/li>\n<\/ul>\n\n\n\n<p>La lengua azul es una enfermedad v\u00edrica que se transmite mediante d\u00edpteros del g\u00e9nero\u00a0<em>Culicoides<\/em>\u00a0que afecta a rumiantes de diferentes especies, pero que en ning\u00fan caso afecta al hombre. M\u00e1s informaci\u00f3n sobre la lengua azul en la\u00a0<a href=\"https:\/\/www.mapa.gob.es\/es\/ganaderia\/temas\/sanidad-animal-higiene%20ganadera\/sanidad-animal\/enfermedades\/lengua-azul\/lengua_azul\" target=\"_blank\" rel=\"noreferrer noopener\">p\u00e1gina del Ministerio dedicada a la enfermedad<\/a>.\/<\/p>\n","protected":false},"excerpt":{"rendered":"<p>Le\u00f3n se convierte en la tercera provincia colindante con Palencia donde se ha constatado ya presencia de la enfermedad de la lengua azul durante la presente temporada de actividad vectorial 2025-2026, seg\u00fan ha informado el Ministerio de Agricultura, Pesca y Alimentaci\u00f3n. La provincia leonesa, con casos del serotipo 3 (el mismo detectado tambi\u00e9n en \u00c1vila [&hellip;]<\/p>\n","protected":false},"author":9,"featured_media":20593,"comment_status":"open","ping_status":"open","sticky":false,"template":"","format":"standard","meta":{"footnotes":""},"categories":[9,31,29,28,13],"tags":[234,142,77,66,361,110,143,571,168],"yoast_head":"<!-- This site is optimized with the Yoast SEO plugin v24.5 - https:\/\/yoast.com\/wordpress\/plugins\/seo\/ -->\n<title>Le\u00f3n, tercera provincia colindante con Palencia con presencia de lengua azul - ASAJA Palencia<\/title>\n<meta name=\"description\" content=\"Le\u00f3n se convierte en la tercera provincia colindante con Palencia donde se ha constatado ya presencia de la enfermedad de la lengua azul durante la\" \/>\n<meta name=\"robots\" content=\"index, follow, max-snippet:-1, max-image-preview:large, max-video-preview:-1\" \/>\n<link rel=\"canonical\" href=\"https:\/\/www.asajacyl.com\/palencia\/asaja-palencia-informa\/leon-tercera-provincia-colindante-con-palencia-con-presencia-de-lengua-azul\" \/>\n<meta property=\"og:locale\" content=\"es_ES\" \/>\n<meta property=\"og:type\" content=\"article\" \/>\n<meta property=\"og:title\" content=\"Le\u00f3n, tercera provincia colindante con Palencia con presencia de lengua azul - ASAJA Palencia\" \/>\n<meta property=\"og:description\" content=\"Le\u00f3n se convierte en la tercera provincia colindante con Palencia donde se ha constatado ya presencia de la enfermedad de la lengua azul durante la\" \/>\n<meta property=\"og:url\" content=\"https:\/\/www.asajacyl.com\/palencia\/asaja-palencia-informa\/leon-tercera-provincia-colindante-con-palencia-con-presencia-de-lengua-azul\" \/>\n<meta property=\"og:site_name\" content=\"ASAJA Palencia\" \/>\n<meta property=\"article:published_time\" content=\"2025-08-02T07:00:00+00:00\" \/>\n<meta property=\"og:image\" content=\"https:\/\/www.asajacyl.com\/palencia\/wp-content\/uploads\/sites\/3\/2025\/08\/Actualizacion-lengua-azul-31jul25-web.jpg\" \/>\n\t<meta property=\"og:image:width\" content=\"1890\" \/>\n\t<meta property=\"og:image:height\" content=\"1654\" \/>\n\t<meta property=\"og:image:type\" content=\"image\/jpeg\" \/>\n<meta name=\"author\" content=\"Administrador\" \/>\n<meta name=\"twitter:card\" content=\"summary_large_image\" \/>\n<meta name=\"twitter:label1\" content=\"Escrito por\" \/>\n\t<meta name=\"twitter:data1\" content=\"Administrador\" \/>\n\t<meta name=\"twitter:label2\" content=\"Tiempo de lectura\" \/>\n\t<meta name=\"twitter:data2\" content=\"3 minutos\" \/>\n<script type=\"application\/ld+json\" class=\"yoast-schema-graph\">{\"@context\":\"https:\/\/schema.org\",\"@graph\":[{\"@type\":\"WebPage\",\"@id\":\"https:\/\/www.asajacyl.com\/palencia\/asaja-palencia-informa\/leon-tercera-provincia-colindante-con-palencia-con-presencia-de-lengua-azul\",\"url\":\"https:\/\/www.asajacyl.com\/palencia\/asaja-palencia-informa\/leon-tercera-provincia-colindante-con-palencia-con-presencia-de-lengua-azul\",\"name\":\"Le\u00f3n, tercera provincia colindante con Palencia con presencia de lengua azul - ASAJA Palencia\",\"isPartOf\":{\"@id\":\"https:\/\/www.asajacyl.com\/palencia\/#website\"},\"primaryImageOfPage\":{\"@id\":\"https:\/\/www.asajacyl.com\/palencia\/asaja-palencia-informa\/leon-tercera-provincia-colindante-con-palencia-con-presencia-de-lengua-azul#primaryimage\"},\"image\":{\"@id\":\"https:\/\/www.asajacyl.com\/palencia\/asaja-palencia-informa\/leon-tercera-provincia-colindante-con-palencia-con-presencia-de-lengua-azul#primaryimage\"},\"thumbnailUrl\":\"https:\/\/www.asajacyl.com\/palencia\/wp-content\/uploads\/sites\/3\/2025\/08\/Actualizacion-lengua-azul-31jul25-web.jpg\",\"datePublished\":\"2025-08-02T07:00:00+00:00\",\"author\":{\"@id\":\"https:\/\/www.asajacyl.com\/palencia\/#\/schema\/person\/3ab17aeb03527485c317557fae64aab1\"},\"description\":\"Le\u00f3n se convierte en la tercera provincia colindante con Palencia donde se ha constatado ya presencia de la enfermedad de la lengua azul durante la\",\"breadcrumb\":{\"@id\":\"https:\/\/www.asajacyl.com\/palencia\/asaja-palencia-informa\/leon-tercera-provincia-colindante-con-palencia-con-presencia-de-lengua-azul#breadcrumb\"},\"inLanguage\":\"es\",\"potentialAction\":[{\"@type\":\"ReadAction\",\"target\":[\"https:\/\/www.asajacyl.com\/palencia\/asaja-palencia-informa\/leon-tercera-provincia-colindante-con-palencia-con-presencia-de-lengua-azul\"]}]},{\"@type\":\"ImageObject\",\"inLanguage\":\"es\",\"@id\":\"https:\/\/www.asajacyl.com\/palencia\/asaja-palencia-informa\/leon-tercera-provincia-colindante-con-palencia-con-presencia-de-lengua-azul#primaryimage\",\"url\":\"https:\/\/www.asajacyl.com\/palencia\/wp-content\/uploads\/sites\/3\/2025\/08\/Actualizacion-lengua-azul-31jul25-web.jpg\",\"contentUrl\":\"https:\/\/www.asajacyl.com\/palencia\/wp-content\/uploads\/sites\/3\/2025\/08\/Actualizacion-lengua-azul-31jul25-web.jpg\",\"width\":1890,\"height\":1654},{\"@type\":\"BreadcrumbList\",\"@id\":\"https:\/\/www.asajacyl.com\/palencia\/asaja-palencia-informa\/leon-tercera-provincia-colindante-con-palencia-con-presencia-de-lengua-azul#breadcrumb\",\"itemListElement\":[{\"@type\":\"ListItem\",\"position\":1,\"name\":\"Portada\",\"item\":\"https:\/\/www.asajacyl.com\/palencia\/\"},{\"@type\":\"ListItem\",\"position\":2,\"name\":\"Le\u00f3n, tercera provincia colindante con Palencia con presencia de lengua azul\"}]},{\"@type\":\"WebSite\",\"@id\":\"https:\/\/www.asajacyl.com\/palencia\/#website\",\"url\":\"https:\/\/www.asajacyl.com\/palencia\/\",\"name\":\"ASAJA Palencia\",\"description\":\"Otro sitio m\u00e1s de Provincias ASAJA Castilla y Le\u00f3n\",\"potentialAction\":[{\"@type\":\"SearchAction\",\"target\":{\"@type\":\"EntryPoint\",\"urlTemplate\":\"https:\/\/www.asajacyl.com\/palencia\/?s={search_term_string}\"},\"query-input\":{\"@type\":\"PropertyValueSpecification\",\"valueRequired\":true,\"valueName\":\"search_term_string\"}}],\"inLanguage\":\"es\"},{\"@type\":\"Person\",\"@id\":\"https:\/\/www.asajacyl.com\/palencia\/#\/schema\/person\/3ab17aeb03527485c317557fae64aab1\",\"name\":\"Administrador\",\"image\":{\"@type\":\"ImageObject\",\"inLanguage\":\"es\",\"@id\":\"https:\/\/www.asajacyl.com\/palencia\/#\/schema\/person\/image\/\",\"url\":\"https:\/\/secure.gravatar.com\/avatar\/517384810d242ca9e38c180f3c9fb973?s=96&d=mm&r=g\",\"contentUrl\":\"https:\/\/secure.gravatar.com\/avatar\/517384810d242ca9e38c180f3c9fb973?s=96&d=mm&r=g\",\"caption\":\"Administrador\"},\"url\":\"https:\/\/www.asajacyl.com\/palencia\/author\/carlosrm\"}]}<\/script>\n<!-- \/ Yoast SEO plugin. -->","yoast_head_json":{"title":"Le\u00f3n, tercera provincia colindante con Palencia con presencia de lengua azul - ASAJA Palencia","description":"Le\u00f3n se convierte en la tercera provincia colindante con Palencia donde se ha constatado ya presencia de la enfermedad de la lengua azul durante la","robots":{"index":"index","follow":"follow","max-snippet":"max-snippet:-1","max-image-preview":"max-image-preview:large","max-video-preview":"max-video-preview:-1"},"canonical":"https:\/\/www.asajacyl.com\/palencia\/asaja-palencia-informa\/leon-tercera-provincia-colindante-con-palencia-con-presencia-de-lengua-azul","og_locale":"es_ES","og_type":"article","og_title":"Le\u00f3n, tercera provincia colindante con Palencia con presencia de lengua azul - ASAJA Palencia","og_description":"Le\u00f3n se convierte en la tercera provincia colindante con Palencia donde se ha constatado ya presencia de la enfermedad de la lengua azul durante la","og_url":"https:\/\/www.asajacyl.com\/palencia\/asaja-palencia-informa\/leon-tercera-provincia-colindante-con-palencia-con-presencia-de-lengua-azul","og_site_name":"ASAJA Palencia","article_published_time":"2025-08-02T07:00:00+00:00","og_image":[{"width":1890,"height":1654,"url":"https:\/\/www.asajacyl.com\/palencia\/wp-content\/uploads\/sites\/3\/2025\/08\/Actualizacion-lengua-azul-31jul25-web.jpg","type":"image\/jpeg"}],"author":"Administrador","twitter_card":"summary_large_image","twitter_misc":{"Escrito por":"Administrador","Tiempo de lectura":"3 minutos"},"schema":{"@context":"https:\/\/schema.org","@graph":[{"@type":"WebPage","@id":"https:\/\/www.asajacyl.com\/palencia\/asaja-palencia-informa\/leon-tercera-provincia-colindante-con-palencia-con-presencia-de-lengua-azul","url":"https:\/\/www.asajacyl.com\/palencia\/asaja-palencia-informa\/leon-tercera-provincia-colindante-con-palencia-con-presencia-de-lengua-azul","name":"Le\u00f3n, tercera provincia colindante con Palencia con presencia de lengua azul - ASAJA Palencia","isPartOf":{"@id":"https:\/\/www.asajacyl.com\/palencia\/#website"},"primaryImageOfPage":{"@id":"https:\/\/www.asajacyl.com\/palencia\/asaja-palencia-informa\/leon-tercera-provincia-colindante-con-palencia-con-presencia-de-lengua-azul#primaryimage"},"image":{"@id":"https:\/\/www.asajacyl.com\/palencia\/asaja-palencia-informa\/leon-tercera-provincia-colindante-con-palencia-con-presencia-de-lengua-azul#primaryimage"},"thumbnailUrl":"https:\/\/www.asajacyl.com\/palencia\/wp-content\/uploads\/sites\/3\/2025\/08\/Actualizacion-lengua-azul-31jul25-web.jpg","datePublished":"2025-08-02T07:00:00+00:00","author":{"@id":"https:\/\/www.asajacyl.com\/palencia\/#\/schema\/person\/3ab17aeb03527485c317557fae64aab1"},"description":"Le\u00f3n se convierte en la tercera provincia colindante con Palencia donde se ha constatado ya presencia de la enfermedad de la lengua azul durante la","breadcrumb":{"@id":"https:\/\/www.asajacyl.com\/palencia\/asaja-palencia-informa\/leon-tercera-provincia-colindante-con-palencia-con-presencia-de-lengua-azul#breadcrumb"},"inLanguage":"es","potentialAction":[{"@type":"ReadAction","target":["https:\/\/www.asajacyl.com\/palencia\/asaja-palencia-informa\/leon-tercera-provincia-colindante-con-palencia-con-presencia-de-lengua-azul"]}]},{"@type":"ImageObject","inLanguage":"es","@id":"https:\/\/www.asajacyl.com\/palencia\/asaja-palencia-informa\/leon-tercera-provincia-colindante-con-palencia-con-presencia-de-lengua-azul#primaryimage","url":"https:\/\/www.asajacyl.com\/palencia\/wp-content\/uploads\/sites\/3\/2025\/08\/Actualizacion-lengua-azul-31jul25-web.jpg","contentUrl":"https:\/\/www.asajacyl.com\/palencia\/wp-content\/uploads\/sites\/3\/2025\/08\/Actualizacion-lengua-azul-31jul25-web.jpg","width":1890,"height":1654},{"@type":"BreadcrumbList","@id":"https:\/\/www.asajacyl.com\/palencia\/asaja-palencia-informa\/leon-tercera-provincia-colindante-con-palencia-con-presencia-de-lengua-azul#breadcrumb","itemListElement":[{"@type":"ListItem","position":1,"name":"Portada","item":"https:\/\/www.asajacyl.com\/palencia\/"},{"@type":"ListItem","position":2,"name":"Le\u00f3n, tercera provincia colindante con Palencia con presencia de lengua azul"}]},{"@type":"WebSite","@id":"https:\/\/www.asajacyl.com\/palencia\/#website","url":"https:\/\/www.asajacyl.com\/palencia\/","name":"ASAJA Palencia","description":"Otro sitio m\u00e1s de Provincias ASAJA Castilla y Le\u00f3n","potentialAction":[{"@type":"SearchAction","target":{"@type":"EntryPoint","urlTemplate":"https:\/\/www.asajacyl.com\/palencia\/?s={search_term_string}"},"query-input":{"@type":"PropertyValueSpecification","valueRequired":true,"valueName":"search_term_string"}}],"inLanguage":"es"},{"@type":"Person","@id":"https:\/\/www.asajacyl.com\/palencia\/#\/schema\/person\/3ab17aeb03527485c317557fae64aab1","name":"Administrador","image":{"@type":"ImageObject","inLanguage":"es","@id":"https:\/\/www.asajacyl.com\/palencia\/#\/schema\/person\/image\/","url":"https:\/\/secure.gravatar.com\/avatar\/517384810d242ca9e38c180f3c9fb973?s=96&d=mm&r=g","contentUrl":"https:\/\/secure.gravatar.com\/avatar\/517384810d242ca9e38c180f3c9fb973?s=96&d=mm&r=g","caption":"Administrador"},"url":"https:\/\/www.asajacyl.com\/palencia\/author\/carlosrm"}]}},"_links":{"self":[{"href":"https:\/\/www.asajacyl.com\/palencia\/wp-json\/wp\/v2\/posts\/20592"}],"collection":[{"href":"https:\/\/www.asajacyl.com\/palencia\/wp-json\/wp\/v2\/posts"}],"about":[{"href":"https:\/\/www.asajacyl.com\/palencia\/wp-json\/wp\/v2\/types\/post"}],"author":[{"embeddable":true,"href":"https:\/\/www.asajacyl.com\/palencia\/wp-json\/wp\/v2\/users\/9"}],"replies":[{"embeddable":true,"href":"https:\/\/www.asajacyl.com\/palencia\/wp-json\/wp\/v2\/comments?post=20592"}],"version-history":[{"count":3,"href":"https:\/\/www.asajacyl.com\/palencia\/wp-json\/wp\/v2\/posts\/20592\/revisions"}],"predecessor-version":[{"id":20597,"href":"https:\/\/www.asajacyl.com\/palencia\/wp-json\/wp\/v2\/posts\/20592\/revisions\/20597"}],"wp:featuredmedia":[{"embeddable":true,"href":"https:\/\/www.asajacyl.com\/palencia\/wp-json\/wp\/v2\/media\/20593"}],"wp:attachment":[{"href":"https:\/\/www.asajacyl.com\/palencia\/wp-json\/wp\/v2\/media?parent=20592"}],"wp:term":[{"taxonomy":"category","embeddable":true,"href":"https:\/\/www.asajacyl.com\/palencia\/wp-json\/wp\/v2\/categories?post=20592"},{"taxonomy":"post_tag","embeddable":true,"href":"https:\/\/www.asajacyl.com\/palencia\/wp-json\/wp\/v2\/tags?post=20592"}],"curies":[{"name":"wp","href":"https:\/\/api.w.org\/{rel}","templated":true}]}}