{"id":20607,"date":"2025-08-02T12:42:44","date_gmt":"2025-08-02T10:42:44","guid":{"rendered":"https:\/\/www.asajacyl.com\/palencia\/?p=20607"},"modified":"2025-08-04T12:36:38","modified_gmt":"2025-08-04T10:36:38","slug":"conoce-aqui-en-que-circunstancias-se-prohiben-labores-desde-este-lunes-4-por-alerta-de-incendios","status":"publish","type":"post","link":"https:\/\/www.asajacyl.com\/palencia\/asaja-palencia-informa\/conoce-aqui-en-que-circunstancias-se-prohiben-labores-desde-este-lunes-4-por-alerta-de-incendios","title":{"rendered":"Conoce aqu\u00ed en qu\u00e9 circunstancias se proh\u00edben labores desde este lunes 4 por alerta de incendios"},"content":{"rendered":"\n<h2 class=\"wp-block-heading\">La Junta de Castilla y Le\u00f3n ha declarado situaci\u00f3n de alerta por riesgo meteorol\u00f3gico de incendios en toda la comunidad para los d\u00edas 4, 5, 6, 7 y 8 de agosto (es decir, de lunes a viernes de esta pr\u00f3xima semana). La Consejer\u00eda de Medio Ambiente recuerda las medidas preventivas habituales, de las que <a href=\"https:\/\/www.asajacyl.com\/palencia\/asaja-palencia-informa\/la-alerta-de-riesgo-de-incendios-del-16-y-17-de-julio-no-anade-restriccion-extraordinaria-en-labores-del-campo\" target=\"_blank\" rel=\"noreferrer noopener\">inform\u00e1bamos aqu\u00ed d\u00edas atr\u00e1s<\/a>, pero esta vez establece otra <span style=\"text-decoration: underline\">medida \u00abcomplementaria\u00bb<\/span>, que afecta de manera especial a las labores del campo: \u00abSe proh\u00edbe el uso de maquinaria autopropulsada agr\u00edcola y forestal <span style=\"text-decoration: underline\">en monte y en los terrenos agr\u00edcolas situados a menos de 400 metros de terreno forestal<\/span> (&#8230;), en <span style=\"text-decoration: underline\">terrenos de secano<\/span>; o el uso de <em>skidders<\/em>, procesadoras y desbrozadoras; en las horas m\u00e1s desfavorables del d\u00eda, comprendidas <span style=\"text-decoration: underline\">entre las 14:00 y las 18:00 horas<\/span>\u00bb. No obstante, <span style=\"text-decoration: underline\">se ha exclu\u00eddo <\/span>de la prohibici\u00f3n a\u00f1adida, y para <span style=\"text-decoration: underline\">los dos primeros d\u00edas<\/span>, <span style=\"text-decoration: underline\">aproximadamente a la mitad norte del territorio de la provincia de Palencia<\/span>. ASAJA-Palencia recoge aqu\u00ed detalles de la orden y la relaci\u00f3n de municipios excluidos de esa prohibici\u00f3n \u00abcomplementaria\u00bb el lunes 4 y martes 5.<\/h2>\n\n\n<div class=\"wp-block-image\">\n<figure class=\"alignright size-large is-resized\"><img loading=\"lazy\" decoding=\"async\" width=\"1024\" height=\"896\" src=\"https:\/\/www.asajacyl.com\/palencia\/wp-content\/uploads\/sites\/3\/2025\/08\/Mapa-excepcion-4-y-5-agosto-1024x896.jpg\" alt=\"\" class=\"wp-image-20609\" style=\"width:602px;height:auto\" srcset=\"https:\/\/www.asajacyl.com\/palencia\/wp-content\/uploads\/sites\/3\/2025\/08\/Mapa-excepcion-4-y-5-agosto-1024x896.jpg 1024w, https:\/\/www.asajacyl.com\/palencia\/wp-content\/uploads\/sites\/3\/2025\/08\/Mapa-excepcion-4-y-5-agosto-300x263.jpg 300w, https:\/\/www.asajacyl.com\/palencia\/wp-content\/uploads\/sites\/3\/2025\/08\/Mapa-excepcion-4-y-5-agosto-768x672.jpg 768w, https:\/\/www.asajacyl.com\/palencia\/wp-content\/uploads\/sites\/3\/2025\/08\/Mapa-excepcion-4-y-5-agosto-1536x1344.jpg 1536w, https:\/\/www.asajacyl.com\/palencia\/wp-content\/uploads\/sites\/3\/2025\/08\/Mapa-excepcion-4-y-5-agosto-480x420.jpg 480w, https:\/\/www.asajacyl.com\/palencia\/wp-content\/uploads\/sites\/3\/2025\/08\/Mapa-excepcion-4-y-5-agosto-696x609.jpg 696w, https:\/\/www.asajacyl.com\/palencia\/wp-content\/uploads\/sites\/3\/2025\/08\/Mapa-excepcion-4-y-5-agosto-1068x935.jpg 1068w, https:\/\/www.asajacyl.com\/palencia\/wp-content\/uploads\/sites\/3\/2025\/08\/Mapa-excepcion-4-y-5-agosto.jpg 1890w\" sizes=\"(max-width: 1024px) 100vw, 1024px\" \/><\/figure><\/div>\n\n\n<p>La Direcci\u00f3n General de Patrimonio Natural y Pol\u00edtica Forestal incluye en su resoluci\u00f3n esta salvedad para ciertos municipios m\u00e1s al norte de Castilla y Le\u00f3n,&nbsp;al entender que el calor y la inestabilidad se retrasar\u00e1n all\u00ed unos d\u00edas y la humedad de la vegetaci\u00f3n es algo mayor que en el resto del territorio.&nbsp;El mapa adjunto de la Junta recoge esa franja de las provincias de Le\u00f3n, Palencia, Burgos y Soria, excluida estos dos primeros d\u00edas.<\/p>\n\n\n\n<p>Los t\u00e9rminos municipales de la provincia de Palencia donde el lunes 4 y el martes 5 a\u00fan NO rige la prohibici\u00f3n de labores del campo en zonas de monte y aleda\u00f1os en las horas centrales del d\u00eda (14:00-18:00) son los siguientes (seg\u00fan la resoluci\u00f3n publicada este s\u00e1bado en el Bolet\u00edn Oficial de Castilla y Le\u00f3n, que recogemos al final de esta informaci\u00f3n, son los siguientes:<\/p>\n\n\n<div class=\"wp-block-image\">\n<figure class=\"alignright size-large is-resized\"><img loading=\"lazy\" decoding=\"async\" width=\"410\" height=\"1024\" src=\"https:\/\/www.asajacyl.com\/palencia\/wp-content\/uploads\/sites\/3\/2025\/08\/image-2-410x1024.jpg\" alt=\"\" class=\"wp-image-20612\" style=\"width:605px;height:auto\" srcset=\"https:\/\/www.asajacyl.com\/palencia\/wp-content\/uploads\/sites\/3\/2025\/08\/image-2-410x1024.jpg 410w, https:\/\/www.asajacyl.com\/palencia\/wp-content\/uploads\/sites\/3\/2025\/08\/image-2-120x300.jpg 120w, https:\/\/www.asajacyl.com\/palencia\/wp-content\/uploads\/sites\/3\/2025\/08\/image-2-168x420.jpg 168w, https:\/\/www.asajacyl.com\/palencia\/wp-content\/uploads\/sites\/3\/2025\/08\/image-2.jpg 696w\" sizes=\"(max-width: 410px) 100vw, 410px\" \/><\/figure><\/div>\n\n\n<p><strong>Abia de las Torres, Aguilar de Campoo, Alar del Rey, Ayuela, B\u00e1rcena de Campos, Barruelo de Santull\u00e1n, B\u00e1scones de Ojeda, Berzosilla, Bra\u00f1osera, Buenavista de Valdavia, Calahorra de Boedo, Castrej\u00f3n de la Pe\u00f1a, Castrillo de Villavega, Cervera de Pisuerga, Collazos de Boedo, Congosto de Valdavia, Dehesa de Montejo, Dehesa de Romanos, Espinosa de Villagonzalo, Fresno del R\u00edo, Guardo, Herrera de Pisuerga, La Pern\u00eda, La Puebla de Valdavia, La Vid de Ojeda, Mantinos, Micieces de Ojeda, Mud\u00e1, Olea de Boedo, Olmos de Ojeda, Osornillo, Osorno la Mayor, P\u00e1ramo de Boedo, Payo de Ojeda, Pedrosa de la Vega, Pino del R\u00edo, Polentinos, Pomar de Valdivia, Poza de la Vega, Pr\u00e1danos de Ojeda, Quintanilla de Onso\u00f1a, Respenda de la Pe\u00f1a, Revilla de Collazos, Salda\u00f1a, Salinas de Pisuerga, San Cebri\u00e1n de Mud\u00e1, San Crist\u00f3bal de Boedo, Santa Cruz de Boedo, Santerv\u00e1s de la Vega, Santib\u00e1\u00f1ez de Ecla, Santib\u00e1\u00f1ez de la Pe\u00f1a, Sotoba\u00f1ado y Priorato, Tabanera de Valdavia, Triollo, Valderr\u00e1bano, Velilla del R\u00edo Carri\u00f3n, Villabasta de Valdavia, Villaeles de Valdavia, Villalba de Guardo, Villaluenga de la Vega, Villameriel, Villanu\u00f1o de Valdavia, Villaprovedo, Villasila de Valdavia<\/strong> y <strong>Villota del P\u00e1ramo<\/strong>.<\/p>\n\n\n\n<p>Es decir, <strong>en todos los dem\u00e1s <\/strong>municipios palentinos <strong>S\u00cd tendr\u00e1n que suspenderse<\/strong> las labores del campo con maquinaria, pero \u00fanicamente <strong>durante las horas centrales <\/strong>(14:00-18:00 horas) y en las <strong>parcelas de secano en \u00e1mbito forestal y a menos de 400 metros<\/strong> de esas \u00e1reas.<\/p>\n\n\n\n<p>Recordamos el cuadro explicativo de ASAJA-Palencia con las limitaciones generales durante todo el cuatrimestre de la \u00e9poca de alto riesgo de incendios (12 de junio-12 de octubre) y nuestra llamada al sentido com\u00fan y la precauci\u00f3n, m\u00e1xime dadas las circunstancias meteorol\u00f3gicas agron\u00f3micas y naturales <a href=\"https:\/\/www.asajacyl.com\/palencia\/asaja-palencia-informa\/la-junta-pide-extremar-la-precaucion-al-aumentar-los-incendios-causados-por-cosechadoras\" target=\"_blank\" rel=\"noreferrer noopener\">el incremento, cercano al 40 %, que seg\u00fan los datos oficiales de la Junta se ha producido en el primer tramo de la campa\u00f1a de los incendios causados por maquinaria agr\u00edcola<\/a>, como recog\u00edamos hace escasos d\u00edas.<\/p>\n\n\n\n<p>La Consejer\u00eda de Medio Ambiente ha justificado esta resoluci\u00f3n, con una restricci\u00f3n complementaria, por la predicci\u00f3n meteorol\u00f3gica de un anticicl\u00f3n que causar\u00e1 un incremento de las temperaturas, tanto m\u00ednimas como m\u00e1ximas (de hasta 39 \u00baC en buena parte de Castilla y Le\u00f3n), as\u00ed como un descenso de la humedad relativa, que bajar\u00e1 del 15% en gran parte de la comunidad. Asimismo, se prev\u00e9n vientos de hasta 30 kil\u00f3metros por hora, con rachas que podr\u00edan alcanzar los 50 km\/h en algunos puntos.<\/p>\n\n\n\n<p>De acuerdo con los \u00edndices relacionados con el peligro de incendios forestales que manejan tanto la Agencia Estatal de Meteorolog\u00eda (AEMET) como por el operativo de prevenci\u00f3n y extinci\u00f3n de incendios forestales de Castilla y Le\u00f3n, este episodio implicar\u00e1 un incremento significativo de la probabilidad de ignici\u00f3n y de la capacidad de propagaci\u00f3n del incendio, lo que incrementa el peligro.<\/p>\n\n\n\n<p><strong>PRUDENCIA Y SENTIDO COM\u00daN.<\/strong> Desde ASAJA-Palencia somos conscientes de las pecularidades de las labores agr\u00edcolas, que a menudo no admiten demoras. Pero insistimos en la llamada a la prudencia y en la aplicaci\u00f3n del sentido com\u00fan, que es la actitud pr\u00e1cticamente generalizada entre nuestros profesionales del campo.<\/p>\n\n\n\n<p>A los asociados palentinos con parcelas en t\u00e9rminos municipales de otras provincias linderas (Le\u00f3n y Burgos) que pudieran verse afectados por la excepci\u00f3n de los d\u00edas 4 y 5 en la franja norte de la comunidad, les recomendamos la consulta del listado del BOCyL, que aparece en el PDF adjunto, con los t\u00e9rminos incluidos en esa salvedad.<strong>\/<\/strong><\/p>\n\n\n\n<div data-wp-interactive=\"core\/file\" class=\"wp-block-file alignwide\"><object data-wp-bind--hidden=\"!state.hasPdfPreview\"  class=\"wp-block-file__embed\" data=\"https:\/\/www.asajacyl.com\/palencia\/wp-content\/uploads\/sites\/3\/2025\/08\/BOCYL-D-02082025-1.pdf\" type=\"application\/pdf\" style=\"width:100%;height:600px\" aria-label=\"Incrustado de BOCYL S\u00e1bado 2 de agosto de 2025.\"><\/object><a id=\"wp-block-file--media-58b41e83-7e2e-4aa8-a78a-ebd36f69a146\" href=\"https:\/\/www.asajacyl.com\/palencia\/wp-content\/uploads\/sites\/3\/2025\/08\/BOCYL-D-02082025-1.pdf\">BOCYL S\u00e1bado 2 de agosto de 2025<\/a><a href=\"https:\/\/www.asajacyl.com\/palencia\/wp-content\/uploads\/sites\/3\/2025\/08\/BOCYL-D-02082025-1.pdf\" class=\"wp-block-file__button wp-element-button\" download aria-describedby=\"wp-block-file--media-58b41e83-7e2e-4aa8-a78a-ebd36f69a146\">Descarga<\/a><\/div>\n","protected":false},"excerpt":{"rendered":"<p>La Junta de Castilla y Le\u00f3n ha declarado situaci\u00f3n de alerta por riesgo meteorol\u00f3gico de incendios en toda la comunidad para los d\u00edas 4, 5, 6, 7 y 8 de agosto (es decir, de lunes a viernes de esta pr\u00f3xima semana). La Consejer\u00eda de Medio Ambiente recuerda las medidas preventivas habituales, de las que inform\u00e1bamos [&hellip;]<\/p>\n","protected":false},"author":9,"featured_media":20615,"comment_status":"open","ping_status":"open","sticky":false,"template":"","format":"standard","meta":{"footnotes":""},"categories":[9,31,29,28,13],"tags":[58,351,922,66,839,92,517,1539,1541],"yoast_head":"<!-- This site is optimized with the Yoast SEO plugin v24.5 - https:\/\/yoast.com\/wordpress\/plugins\/seo\/ -->\n<title>Conoce aqu\u00ed en qu\u00e9 circunstancias se proh\u00edben labores desde este lunes 4 por alerta de incendios - ASAJA Palencia<\/title>\n<meta name=\"description\" content=\"La Junta de Castilla y Le\u00f3n ha declarado situaci\u00f3n de alerta por riesgo meteorol\u00f3gico de incendios en toda la comunidad para los d\u00edas 4, 5, 6, 7 y 8 de\" \/>\n<meta name=\"robots\" content=\"index, follow, max-snippet:-1, max-image-preview:large, max-video-preview:-1\" \/>\n<link rel=\"canonical\" href=\"https:\/\/www.asajacyl.com\/palencia\/asaja-palencia-informa\/conoce-aqui-en-que-circunstancias-se-prohiben-labores-desde-este-lunes-4-por-alerta-de-incendios\" \/>\n<meta property=\"og:locale\" content=\"es_ES\" \/>\n<meta property=\"og:type\" content=\"article\" \/>\n<meta property=\"og:title\" content=\"Conoce aqu\u00ed en qu\u00e9 circunstancias se proh\u00edben labores desde este lunes 4 por alerta de incendios - ASAJA Palencia\" \/>\n<meta property=\"og:description\" content=\"La Junta de Castilla y Le\u00f3n ha declarado situaci\u00f3n de alerta por riesgo meteorol\u00f3gico de incendios en toda la comunidad para los d\u00edas 4, 5, 6, 7 y 8 de\" \/>\n<meta property=\"og:url\" content=\"https:\/\/www.asajacyl.com\/palencia\/asaja-palencia-informa\/conoce-aqui-en-que-circunstancias-se-prohiben-labores-desde-este-lunes-4-por-alerta-de-incendios\" \/>\n<meta property=\"og:site_name\" content=\"ASAJA Palencia\" \/>\n<meta property=\"article:published_time\" content=\"2025-08-02T10:42:44+00:00\" \/>\n<meta property=\"article:modified_time\" content=\"2025-08-04T10:36:38+00:00\" \/>\n<meta property=\"og:image\" content=\"https:\/\/www.asajacyl.com\/palencia\/wp-content\/uploads\/sites\/3\/2025\/08\/COSECHA-CEBADA-web.jpg\" \/>\n\t<meta property=\"og:image:width\" content=\"1890\" \/>\n\t<meta property=\"og:image:height\" content=\"1654\" \/>\n\t<meta property=\"og:image:type\" content=\"image\/jpeg\" \/>\n<meta name=\"author\" content=\"Administrador\" \/>\n<meta name=\"twitter:card\" content=\"summary_large_image\" \/>\n<meta name=\"twitter:label1\" content=\"Escrito por\" \/>\n\t<meta name=\"twitter:data1\" content=\"Administrador\" \/>\n\t<meta name=\"twitter:label2\" content=\"Tiempo de lectura\" \/>\n\t<meta name=\"twitter:data2\" content=\"5 minutos\" \/>\n<script type=\"application\/ld+json\" class=\"yoast-schema-graph\">{\"@context\":\"https:\/\/schema.org\",\"@graph\":[{\"@type\":\"WebPage\",\"@id\":\"https:\/\/www.asajacyl.com\/palencia\/asaja-palencia-informa\/conoce-aqui-en-que-circunstancias-se-prohiben-labores-desde-este-lunes-4-por-alerta-de-incendios\",\"url\":\"https:\/\/www.asajacyl.com\/palencia\/asaja-palencia-informa\/conoce-aqui-en-que-circunstancias-se-prohiben-labores-desde-este-lunes-4-por-alerta-de-incendios\",\"name\":\"Conoce aqu\u00ed en qu\u00e9 circunstancias se proh\u00edben labores desde este lunes 4 por alerta de incendios - ASAJA Palencia\",\"isPartOf\":{\"@id\":\"https:\/\/www.asajacyl.com\/palencia\/#website\"},\"primaryImageOfPage\":{\"@id\":\"https:\/\/www.asajacyl.com\/palencia\/asaja-palencia-informa\/conoce-aqui-en-que-circunstancias-se-prohiben-labores-desde-este-lunes-4-por-alerta-de-incendios#primaryimage\"},\"image\":{\"@id\":\"https:\/\/www.asajacyl.com\/palencia\/asaja-palencia-informa\/conoce-aqui-en-que-circunstancias-se-prohiben-labores-desde-este-lunes-4-por-alerta-de-incendios#primaryimage\"},\"thumbnailUrl\":\"https:\/\/www.asajacyl.com\/palencia\/wp-content\/uploads\/sites\/3\/2025\/08\/COSECHA-CEBADA-web.jpg\",\"datePublished\":\"2025-08-02T10:42:44+00:00\",\"dateModified\":\"2025-08-04T10:36:38+00:00\",\"author\":{\"@id\":\"https:\/\/www.asajacyl.com\/palencia\/#\/schema\/person\/3ab17aeb03527485c317557fae64aab1\"},\"description\":\"La Junta de Castilla y Le\u00f3n ha declarado situaci\u00f3n de alerta por riesgo meteorol\u00f3gico de incendios en toda la comunidad para los d\u00edas 4, 5, 6, 7 y 8 de\",\"breadcrumb\":{\"@id\":\"https:\/\/www.asajacyl.com\/palencia\/asaja-palencia-informa\/conoce-aqui-en-que-circunstancias-se-prohiben-labores-desde-este-lunes-4-por-alerta-de-incendios#breadcrumb\"},\"inLanguage\":\"es\",\"potentialAction\":[{\"@type\":\"ReadAction\",\"target\":[\"https:\/\/www.asajacyl.com\/palencia\/asaja-palencia-informa\/conoce-aqui-en-que-circunstancias-se-prohiben-labores-desde-este-lunes-4-por-alerta-de-incendios\"]}]},{\"@type\":\"ImageObject\",\"inLanguage\":\"es\",\"@id\":\"https:\/\/www.asajacyl.com\/palencia\/asaja-palencia-informa\/conoce-aqui-en-que-circunstancias-se-prohiben-labores-desde-este-lunes-4-por-alerta-de-incendios#primaryimage\",\"url\":\"https:\/\/www.asajacyl.com\/palencia\/wp-content\/uploads\/sites\/3\/2025\/08\/COSECHA-CEBADA-web.jpg\",\"contentUrl\":\"https:\/\/www.asajacyl.com\/palencia\/wp-content\/uploads\/sites\/3\/2025\/08\/COSECHA-CEBADA-web.jpg\",\"width\":1890,\"height\":1654},{\"@type\":\"BreadcrumbList\",\"@id\":\"https:\/\/www.asajacyl.com\/palencia\/asaja-palencia-informa\/conoce-aqui-en-que-circunstancias-se-prohiben-labores-desde-este-lunes-4-por-alerta-de-incendios#breadcrumb\",\"itemListElement\":[{\"@type\":\"ListItem\",\"position\":1,\"name\":\"Portada\",\"item\":\"https:\/\/www.asajacyl.com\/palencia\/\"},{\"@type\":\"ListItem\",\"position\":2,\"name\":\"Conoce aqu\u00ed en qu\u00e9 circunstancias se proh\u00edben labores desde este lunes 4 por alerta de incendios\"}]},{\"@type\":\"WebSite\",\"@id\":\"https:\/\/www.asajacyl.com\/palencia\/#website\",\"url\":\"https:\/\/www.asajacyl.com\/palencia\/\",\"name\":\"ASAJA Palencia\",\"description\":\"Otro sitio m\u00e1s de Provincias ASAJA Castilla y Le\u00f3n\",\"potentialAction\":[{\"@type\":\"SearchAction\",\"target\":{\"@type\":\"EntryPoint\",\"urlTemplate\":\"https:\/\/www.asajacyl.com\/palencia\/?s={search_term_string}\"},\"query-input\":{\"@type\":\"PropertyValueSpecification\",\"valueRequired\":true,\"valueName\":\"search_term_string\"}}],\"inLanguage\":\"es\"},{\"@type\":\"Person\",\"@id\":\"https:\/\/www.asajacyl.com\/palencia\/#\/schema\/person\/3ab17aeb03527485c317557fae64aab1\",\"name\":\"Administrador\",\"image\":{\"@type\":\"ImageObject\",\"inLanguage\":\"es\",\"@id\":\"https:\/\/www.asajacyl.com\/palencia\/#\/schema\/person\/image\/\",\"url\":\"https:\/\/secure.gravatar.com\/avatar\/517384810d242ca9e38c180f3c9fb973?s=96&d=mm&r=g\",\"contentUrl\":\"https:\/\/secure.gravatar.com\/avatar\/517384810d242ca9e38c180f3c9fb973?s=96&d=mm&r=g\",\"caption\":\"Administrador\"},\"url\":\"https:\/\/www.asajacyl.com\/palencia\/author\/carlosrm\"}]}<\/script>\n<!-- \/ Yoast SEO plugin. -->","yoast_head_json":{"title":"Conoce aqu\u00ed en qu\u00e9 circunstancias se proh\u00edben labores desde este lunes 4 por alerta de incendios - ASAJA Palencia","description":"La Junta de Castilla y Le\u00f3n ha declarado situaci\u00f3n de alerta por riesgo meteorol\u00f3gico de incendios en toda la comunidad para los d\u00edas 4, 5, 6, 7 y 8 de","robots":{"index":"index","follow":"follow","max-snippet":"max-snippet:-1","max-image-preview":"max-image-preview:large","max-video-preview":"max-video-preview:-1"},"canonical":"https:\/\/www.asajacyl.com\/palencia\/asaja-palencia-informa\/conoce-aqui-en-que-circunstancias-se-prohiben-labores-desde-este-lunes-4-por-alerta-de-incendios","og_locale":"es_ES","og_type":"article","og_title":"Conoce aqu\u00ed en qu\u00e9 circunstancias se proh\u00edben labores desde este lunes 4 por alerta de incendios - ASAJA Palencia","og_description":"La Junta de Castilla y Le\u00f3n ha declarado situaci\u00f3n de alerta por riesgo meteorol\u00f3gico de incendios en toda la comunidad para los d\u00edas 4, 5, 6, 7 y 8 de","og_url":"https:\/\/www.asajacyl.com\/palencia\/asaja-palencia-informa\/conoce-aqui-en-que-circunstancias-se-prohiben-labores-desde-este-lunes-4-por-alerta-de-incendios","og_site_name":"ASAJA Palencia","article_published_time":"2025-08-02T10:42:44+00:00","article_modified_time":"2025-08-04T10:36:38+00:00","og_image":[{"width":1890,"height":1654,"url":"https:\/\/www.asajacyl.com\/palencia\/wp-content\/uploads\/sites\/3\/2025\/08\/COSECHA-CEBADA-web.jpg","type":"image\/jpeg"}],"author":"Administrador","twitter_card":"summary_large_image","twitter_misc":{"Escrito por":"Administrador","Tiempo de lectura":"5 minutos"},"schema":{"@context":"https:\/\/schema.org","@graph":[{"@type":"WebPage","@id":"https:\/\/www.asajacyl.com\/palencia\/asaja-palencia-informa\/conoce-aqui-en-que-circunstancias-se-prohiben-labores-desde-este-lunes-4-por-alerta-de-incendios","url":"https:\/\/www.asajacyl.com\/palencia\/asaja-palencia-informa\/conoce-aqui-en-que-circunstancias-se-prohiben-labores-desde-este-lunes-4-por-alerta-de-incendios","name":"Conoce aqu\u00ed en qu\u00e9 circunstancias se proh\u00edben labores desde este lunes 4 por alerta de incendios - ASAJA Palencia","isPartOf":{"@id":"https:\/\/www.asajacyl.com\/palencia\/#website"},"primaryImageOfPage":{"@id":"https:\/\/www.asajacyl.com\/palencia\/asaja-palencia-informa\/conoce-aqui-en-que-circunstancias-se-prohiben-labores-desde-este-lunes-4-por-alerta-de-incendios#primaryimage"},"image":{"@id":"https:\/\/www.asajacyl.com\/palencia\/asaja-palencia-informa\/conoce-aqui-en-que-circunstancias-se-prohiben-labores-desde-este-lunes-4-por-alerta-de-incendios#primaryimage"},"thumbnailUrl":"https:\/\/www.asajacyl.com\/palencia\/wp-content\/uploads\/sites\/3\/2025\/08\/COSECHA-CEBADA-web.jpg","datePublished":"2025-08-02T10:42:44+00:00","dateModified":"2025-08-04T10:36:38+00:00","author":{"@id":"https:\/\/www.asajacyl.com\/palencia\/#\/schema\/person\/3ab17aeb03527485c317557fae64aab1"},"description":"La Junta de Castilla y Le\u00f3n ha declarado situaci\u00f3n de alerta por riesgo meteorol\u00f3gico de incendios en toda la comunidad para los d\u00edas 4, 5, 6, 7 y 8 de","breadcrumb":{"@id":"https:\/\/www.asajacyl.com\/palencia\/asaja-palencia-informa\/conoce-aqui-en-que-circunstancias-se-prohiben-labores-desde-este-lunes-4-por-alerta-de-incendios#breadcrumb"},"inLanguage":"es","potentialAction":[{"@type":"ReadAction","target":["https:\/\/www.asajacyl.com\/palencia\/asaja-palencia-informa\/conoce-aqui-en-que-circunstancias-se-prohiben-labores-desde-este-lunes-4-por-alerta-de-incendios"]}]},{"@type":"ImageObject","inLanguage":"es","@id":"https:\/\/www.asajacyl.com\/palencia\/asaja-palencia-informa\/conoce-aqui-en-que-circunstancias-se-prohiben-labores-desde-este-lunes-4-por-alerta-de-incendios#primaryimage","url":"https:\/\/www.asajacyl.com\/palencia\/wp-content\/uploads\/sites\/3\/2025\/08\/COSECHA-CEBADA-web.jpg","contentUrl":"https:\/\/www.asajacyl.com\/palencia\/wp-content\/uploads\/sites\/3\/2025\/08\/COSECHA-CEBADA-web.jpg","width":1890,"height":1654},{"@type":"BreadcrumbList","@id":"https:\/\/www.asajacyl.com\/palencia\/asaja-palencia-informa\/conoce-aqui-en-que-circunstancias-se-prohiben-labores-desde-este-lunes-4-por-alerta-de-incendios#breadcrumb","itemListElement":[{"@type":"ListItem","position":1,"name":"Portada","item":"https:\/\/www.asajacyl.com\/palencia\/"},{"@type":"ListItem","position":2,"name":"Conoce aqu\u00ed en qu\u00e9 circunstancias se proh\u00edben labores desde este lunes 4 por alerta de incendios"}]},{"@type":"WebSite","@id":"https:\/\/www.asajacyl.com\/palencia\/#website","url":"https:\/\/www.asajacyl.com\/palencia\/","name":"ASAJA Palencia","description":"Otro sitio m\u00e1s de Provincias ASAJA Castilla y Le\u00f3n","potentialAction":[{"@type":"SearchAction","target":{"@type":"EntryPoint","urlTemplate":"https:\/\/www.asajacyl.com\/palencia\/?s={search_term_string}"},"query-input":{"@type":"PropertyValueSpecification","valueRequired":true,"valueName":"search_term_string"}}],"inLanguage":"es"},{"@type":"Person","@id":"https:\/\/www.asajacyl.com\/palencia\/#\/schema\/person\/3ab17aeb03527485c317557fae64aab1","name":"Administrador","image":{"@type":"ImageObject","inLanguage":"es","@id":"https:\/\/www.asajacyl.com\/palencia\/#\/schema\/person\/image\/","url":"https:\/\/secure.gravatar.com\/avatar\/517384810d242ca9e38c180f3c9fb973?s=96&d=mm&r=g","contentUrl":"https:\/\/secure.gravatar.com\/avatar\/517384810d242ca9e38c180f3c9fb973?s=96&d=mm&r=g","caption":"Administrador"},"url":"https:\/\/www.asajacyl.com\/palencia\/author\/carlosrm"}]}},"_links":{"self":[{"href":"https:\/\/www.asajacyl.com\/palencia\/wp-json\/wp\/v2\/posts\/20607"}],"collection":[{"href":"https:\/\/www.asajacyl.com\/palencia\/wp-json\/wp\/v2\/posts"}],"about":[{"href":"https:\/\/www.asajacyl.com\/palencia\/wp-json\/wp\/v2\/types\/post"}],"author":[{"embeddable":true,"href":"https:\/\/www.asajacyl.com\/palencia\/wp-json\/wp\/v2\/users\/9"}],"replies":[{"embeddable":true,"href":"https:\/\/www.asajacyl.com\/palencia\/wp-json\/wp\/v2\/comments?post=20607"}],"version-history":[{"count":14,"href":"https:\/\/www.asajacyl.com\/palencia\/wp-json\/wp\/v2\/posts\/20607\/revisions"}],"predecessor-version":[{"id":20628,"href":"https:\/\/www.asajacyl.com\/palencia\/wp-json\/wp\/v2\/posts\/20607\/revisions\/20628"}],"wp:featuredmedia":[{"embeddable":true,"href":"https:\/\/www.asajacyl.com\/palencia\/wp-json\/wp\/v2\/media\/20615"}],"wp:attachment":[{"href":"https:\/\/www.asajacyl.com\/palencia\/wp-json\/wp\/v2\/media?parent=20607"}],"wp:term":[{"taxonomy":"category","embeddable":true,"href":"https:\/\/www.asajacyl.com\/palencia\/wp-json\/wp\/v2\/categories?post=20607"},{"taxonomy":"post_tag","embeddable":true,"href":"https:\/\/www.asajacyl.com\/palencia\/wp-json\/wp\/v2\/tags?post=20607"}],"curies":[{"name":"wp","href":"https:\/\/api.w.org\/{rel}","templated":true}]}}