{"id":20693,"date":"2025-08-12T10:26:42","date_gmt":"2025-08-12T08:26:42","guid":{"rendered":"https:\/\/www.asajacyl.com\/palencia\/?p=20693"},"modified":"2025-08-12T10:42:04","modified_gmt":"2025-08-12T08:42:04","slug":"asaja-exige-medidas-urgentes-para-paliar-los-graves-danos-de-la-lengua-azul","status":"publish","type":"post","link":"https:\/\/www.asajacyl.com\/palencia\/asaja-palencia-informa\/asaja-exige-medidas-urgentes-para-paliar-los-graves-danos-de-la-lengua-azul","title":{"rendered":"ASAJA exige medidas urgentes para paliar los graves da\u00f1os de la lengua azul"},"content":{"rendered":"\n<h2 class=\"wp-block-heading\">El presidente nacional de ASAJA, Pedro Barato, advierte: \u201cSe trata de una grav\u00edsima enfermedad que est\u00e1 afectando a numerosas explotaciones ganaderas y reclamamos medicamentos y medidas de choque a la m\u00e1xima brevedad\u201d. Las altas temperaturas favorecen la proliferaci\u00f3n del mosquito transmisor y elevan el riesgo de expansi\u00f3n de la enfermedad.<\/h2>\n\n\n\n<p>La Asociaci\u00f3n Agraria de J\u00f3venes Agricultores (ASAJA) exige a las Administraciones p\u00fablicas competentes la adopci\u00f3n inmediata de medidas ante la detecci\u00f3n de nuevos casos de lengua azul en explotaciones ganaderas.<\/p>\n\n\n\n<p>ASAJA alerta del grave perjuicio sanitario y econ\u00f3mico que esta enfermedad est\u00e1 causando al sector, especialmente en explotaciones de ovino y bovino. \u201cSe trata de una grav\u00edsima enfermedad que est\u00e1 afectando a numerosas explotaciones ganaderas\u201d, subraya Pedro Barato.<\/p>\n\n\n\n<p>En el caso de los serotipos 3 y 8, actualmente no existen vacunas disponibles, aunque s\u00ed posibilidades de desarrollo. La organizaci\u00f3n reclama que se impulsen de inmediato estos trabajos y que se defina la forma m\u00e1s eficaz de aplicaci\u00f3n de las futuras dosis.<\/p>\n\n\n\n<p>Desde la \u00faltima actualizaci\u00f3n oficial los laboratorios regionales de sanidad animal y el Laboratorio Central de Veterinaria (LCV) de Algete, centro nacional de referencia, han confirmado nuevos focos en C\u00f3rdoba (serotipos 3 y 8), Cantabria (serotipo 3), \u00c1vila (serotipo 3) y Ja\u00e9n (serotipos 3 y 8). En la presente temporada de actividad vectorial 2025\u20132026, la enfermedad se ha detectado en M\u00e1laga, C\u00e1diz, Sevilla, C\u00f3rdoba, Ja\u00e9n, Toledo, Ciudad Real, \u00c1vila, Burgos, Navarra, Cantabria y Pa\u00eds Vasco, con implicaci\u00f3n de los serotipos 1, 3 y 8.<\/p>\n\n\n\n<p>La lengua azul es una enfermedad v\u00edrica que afecta principalmente a rumiantes como ovejas, cabras y vacas, y no se transmite a los humanos. Provoca fiebres altas, inflamaci\u00f3n de las mucosas, dificultad respiratoria, abortos y, en los casos m\u00e1s graves, la muerte del animal. El virus se transmite a trav\u00e9s de mosquitos del g\u00e9nero Culicoides, cuya reproducci\u00f3n se ve favorecida por las temperaturas actuales, que permiten m\u00e1s ciclos y, por tanto, una mayor capacidad de infecci\u00f3n.<\/p>\n\n\n\n<p>La vacunaci\u00f3n es la herramienta m\u00e1s eficaz para frenar su propagaci\u00f3n y reducir la mortalidad en el ganado. Es imprescindible, adem\u00e1s, poner en marcha una campa\u00f1a informativa clara y accesible que oriente a los ganaderos sobre las medidas de prevenci\u00f3n, control y contenci\u00f3n del brote.<\/p>\n\n\n\n<p>Los ganaderos se encuentran en una situaci\u00f3n l\u00edmite, tras meses de dificultades por la sequ\u00eda, el encarecimiento de los costes de producci\u00f3n y ahora la amenaza de esta enfermedad. \u201cNo podemos permitir que las Administraciones p\u00fablicas se encuentren de vacaciones sin ofrecer soluciones a esta grave situaci\u00f3n. Echamos en falta su compromiso a la hora de dar la suficiente informaci\u00f3n para que el ganadero pueda tomar las medidas correctas\u201d, recalca Barato.<strong><\/strong><\/p>\n\n\n\n<p><strong>Exigencia de coordinaci\u00f3n entre administraciones<\/strong><\/p>\n\n\n\n<p>ASAJA hace hincapi\u00e9 en la necesidad de una respuesta coordinada y r\u00e1pida entre el Gobierno central y las comunidades aut\u00f3nomas. La proliferaci\u00f3n del virus, que no entiende de fronteras administrativas, exige una acci\u00f3n conjunta y sin fisuras. Se requiere la creaci\u00f3n de un plan de choque interterritorial que unifique protocolos de actuaci\u00f3n, garantice la distribuci\u00f3n equitativa de posibles vacunas y refuerce los canales de comunicaci\u00f3n para que la informaci\u00f3n fluya sin demoras, evitando as\u00ed que los ganaderos de unas regiones se vean desamparados frente a sus hom\u00f3logos en otras.<\/p>\n\n\n\n<p><strong>PALENCIA. <\/strong>Actualmente la provincia de Palencia de Palencia est\u00e1 cercada por el este, oeste y norte ya que se han detectado focos de lengua azul en Cantabria -con cinco focos de los serotipos 3 y 8 en julio de este a\u00f1o, uno de ellos en el municipio de Campoo de Enmedio, a muy pocos kil\u00f3metros de Palencia-, en Burgos -con un foco del serotipo 8 el pasado julio en el municipio de Valle de Mena- y en Le\u00f3n -con un foco del serotipo 3 en el municipio de Los Barrios de Luna-. <\/p>\n\n\n<div class=\"wp-block-image\">\n<figure class=\"aligncenter size-full\"><img loading=\"lazy\" decoding=\"async\" width=\"772\" height=\"552\" src=\"https:\/\/www.asajacyl.com\/palencia\/wp-content\/uploads\/sites\/3\/2025\/08\/image-1-1.jpg\" alt=\"\" class=\"wp-image-20694\" srcset=\"https:\/\/www.asajacyl.com\/palencia\/wp-content\/uploads\/sites\/3\/2025\/08\/image-1-1.jpg 772w, https:\/\/www.asajacyl.com\/palencia\/wp-content\/uploads\/sites\/3\/2025\/08\/image-1-1-300x215.jpg 300w, https:\/\/www.asajacyl.com\/palencia\/wp-content\/uploads\/sites\/3\/2025\/08\/image-1-1-768x549.jpg 768w, https:\/\/www.asajacyl.com\/palencia\/wp-content\/uploads\/sites\/3\/2025\/08\/image-1-1-587x420.jpg 587w, https:\/\/www.asajacyl.com\/palencia\/wp-content\/uploads\/sites\/3\/2025\/08\/image-1-1-696x498.jpg 696w\" sizes=\"(max-width: 772px) 100vw, 772px\" \/><\/figure><\/div>","protected":false},"excerpt":{"rendered":"<p>El presidente nacional de ASAJA, Pedro Barato, advierte: \u201cSe trata de una grav\u00edsima enfermedad que est\u00e1 afectando a numerosas explotaciones ganaderas y reclamamos medicamentos y medidas de choque a la m\u00e1xima brevedad\u201d. Las altas temperaturas favorecen la proliferaci\u00f3n del mosquito transmisor y elevan el riesgo de expansi\u00f3n de la enfermedad. La Asociaci\u00f3n Agraria de J\u00f3venes [&hellip;]<\/p>\n","protected":false},"author":9,"featured_media":20694,"comment_status":"open","ping_status":"open","sticky":false,"template":"","format":"standard","meta":{"footnotes":""},"categories":[9,38,28,13],"tags":[142,351,77,66,361,110],"yoast_head":"<!-- This site is optimized with the Yoast SEO plugin v24.5 - https:\/\/yoast.com\/wordpress\/plugins\/seo\/ -->\n<title>ASAJA exige medidas urgentes para paliar los graves da\u00f1os de la lengua azul - ASAJA Palencia<\/title>\n<meta name=\"description\" content=\"El presidente nacional de ASAJA, Pedro Barato, advierte: \u201cSe trata de una grav\u00edsima enfermedad que est\u00e1 afectando a numerosas explotaciones ganaderas y\" \/>\n<meta name=\"robots\" content=\"index, follow, max-snippet:-1, max-image-preview:large, max-video-preview:-1\" \/>\n<link rel=\"canonical\" href=\"https:\/\/www.asajacyl.com\/palencia\/asaja-palencia-informa\/asaja-exige-medidas-urgentes-para-paliar-los-graves-danos-de-la-lengua-azul\" \/>\n<meta property=\"og:locale\" content=\"es_ES\" \/>\n<meta property=\"og:type\" content=\"article\" \/>\n<meta property=\"og:title\" content=\"ASAJA exige medidas urgentes para paliar los graves da\u00f1os de la lengua azul - ASAJA Palencia\" \/>\n<meta property=\"og:description\" content=\"El presidente nacional de ASAJA, Pedro Barato, advierte: \u201cSe trata de una grav\u00edsima enfermedad que est\u00e1 afectando a numerosas explotaciones ganaderas y\" \/>\n<meta property=\"og:url\" content=\"https:\/\/www.asajacyl.com\/palencia\/asaja-palencia-informa\/asaja-exige-medidas-urgentes-para-paliar-los-graves-danos-de-la-lengua-azul\" \/>\n<meta property=\"og:site_name\" content=\"ASAJA Palencia\" \/>\n<meta property=\"article:published_time\" content=\"2025-08-12T08:26:42+00:00\" \/>\n<meta property=\"article:modified_time\" content=\"2025-08-12T08:42:04+00:00\" \/>\n<meta property=\"og:image\" content=\"https:\/\/www.asajacyl.com\/palencia\/wp-content\/uploads\/sites\/3\/2025\/08\/image-1-1.jpg\" \/>\n\t<meta property=\"og:image:width\" content=\"772\" \/>\n\t<meta property=\"og:image:height\" content=\"552\" \/>\n\t<meta property=\"og:image:type\" content=\"image\/jpeg\" \/>\n<meta name=\"author\" content=\"Administrador\" \/>\n<meta name=\"twitter:card\" content=\"summary_large_image\" \/>\n<meta name=\"twitter:label1\" content=\"Escrito por\" \/>\n\t<meta name=\"twitter:data1\" content=\"Administrador\" \/>\n\t<meta name=\"twitter:label2\" content=\"Tiempo de lectura\" \/>\n\t<meta name=\"twitter:data2\" content=\"4 minutos\" \/>\n<script type=\"application\/ld+json\" class=\"yoast-schema-graph\">{\"@context\":\"https:\/\/schema.org\",\"@graph\":[{\"@type\":\"WebPage\",\"@id\":\"https:\/\/www.asajacyl.com\/palencia\/asaja-palencia-informa\/asaja-exige-medidas-urgentes-para-paliar-los-graves-danos-de-la-lengua-azul\",\"url\":\"https:\/\/www.asajacyl.com\/palencia\/asaja-palencia-informa\/asaja-exige-medidas-urgentes-para-paliar-los-graves-danos-de-la-lengua-azul\",\"name\":\"ASAJA exige medidas urgentes para paliar los graves da\u00f1os de la lengua azul - ASAJA Palencia\",\"isPartOf\":{\"@id\":\"https:\/\/www.asajacyl.com\/palencia\/#website\"},\"primaryImageOfPage\":{\"@id\":\"https:\/\/www.asajacyl.com\/palencia\/asaja-palencia-informa\/asaja-exige-medidas-urgentes-para-paliar-los-graves-danos-de-la-lengua-azul#primaryimage\"},\"image\":{\"@id\":\"https:\/\/www.asajacyl.com\/palencia\/asaja-palencia-informa\/asaja-exige-medidas-urgentes-para-paliar-los-graves-danos-de-la-lengua-azul#primaryimage\"},\"thumbnailUrl\":\"https:\/\/www.asajacyl.com\/palencia\/wp-content\/uploads\/sites\/3\/2025\/08\/image-1-1.jpg\",\"datePublished\":\"2025-08-12T08:26:42+00:00\",\"dateModified\":\"2025-08-12T08:42:04+00:00\",\"author\":{\"@id\":\"https:\/\/www.asajacyl.com\/palencia\/#\/schema\/person\/3ab17aeb03527485c317557fae64aab1\"},\"description\":\"El presidente nacional de ASAJA, Pedro Barato, advierte: \u201cSe trata de una grav\u00edsima enfermedad que est\u00e1 afectando a numerosas explotaciones ganaderas y\",\"breadcrumb\":{\"@id\":\"https:\/\/www.asajacyl.com\/palencia\/asaja-palencia-informa\/asaja-exige-medidas-urgentes-para-paliar-los-graves-danos-de-la-lengua-azul#breadcrumb\"},\"inLanguage\":\"es\",\"potentialAction\":[{\"@type\":\"ReadAction\",\"target\":[\"https:\/\/www.asajacyl.com\/palencia\/asaja-palencia-informa\/asaja-exige-medidas-urgentes-para-paliar-los-graves-danos-de-la-lengua-azul\"]}]},{\"@type\":\"ImageObject\",\"inLanguage\":\"es\",\"@id\":\"https:\/\/www.asajacyl.com\/palencia\/asaja-palencia-informa\/asaja-exige-medidas-urgentes-para-paliar-los-graves-danos-de-la-lengua-azul#primaryimage\",\"url\":\"https:\/\/www.asajacyl.com\/palencia\/wp-content\/uploads\/sites\/3\/2025\/08\/image-1-1.jpg\",\"contentUrl\":\"https:\/\/www.asajacyl.com\/palencia\/wp-content\/uploads\/sites\/3\/2025\/08\/image-1-1.jpg\",\"width\":772,\"height\":552},{\"@type\":\"BreadcrumbList\",\"@id\":\"https:\/\/www.asajacyl.com\/palencia\/asaja-palencia-informa\/asaja-exige-medidas-urgentes-para-paliar-los-graves-danos-de-la-lengua-azul#breadcrumb\",\"itemListElement\":[{\"@type\":\"ListItem\",\"position\":1,\"name\":\"Portada\",\"item\":\"https:\/\/www.asajacyl.com\/palencia\/\"},{\"@type\":\"ListItem\",\"position\":2,\"name\":\"ASAJA exige medidas urgentes para paliar los graves da\u00f1os de la lengua azul\"}]},{\"@type\":\"WebSite\",\"@id\":\"https:\/\/www.asajacyl.com\/palencia\/#website\",\"url\":\"https:\/\/www.asajacyl.com\/palencia\/\",\"name\":\"ASAJA Palencia\",\"description\":\"Otro sitio m\u00e1s de Provincias ASAJA Castilla y Le\u00f3n\",\"potentialAction\":[{\"@type\":\"SearchAction\",\"target\":{\"@type\":\"EntryPoint\",\"urlTemplate\":\"https:\/\/www.asajacyl.com\/palencia\/?s={search_term_string}\"},\"query-input\":{\"@type\":\"PropertyValueSpecification\",\"valueRequired\":true,\"valueName\":\"search_term_string\"}}],\"inLanguage\":\"es\"},{\"@type\":\"Person\",\"@id\":\"https:\/\/www.asajacyl.com\/palencia\/#\/schema\/person\/3ab17aeb03527485c317557fae64aab1\",\"name\":\"Administrador\",\"image\":{\"@type\":\"ImageObject\",\"inLanguage\":\"es\",\"@id\":\"https:\/\/www.asajacyl.com\/palencia\/#\/schema\/person\/image\/\",\"url\":\"https:\/\/secure.gravatar.com\/avatar\/517384810d242ca9e38c180f3c9fb973?s=96&d=mm&r=g\",\"contentUrl\":\"https:\/\/secure.gravatar.com\/avatar\/517384810d242ca9e38c180f3c9fb973?s=96&d=mm&r=g\",\"caption\":\"Administrador\"},\"url\":\"https:\/\/www.asajacyl.com\/palencia\/author\/carlosrm\"}]}<\/script>\n<!-- \/ Yoast SEO plugin. -->","yoast_head_json":{"title":"ASAJA exige medidas urgentes para paliar los graves da\u00f1os de la lengua azul - ASAJA Palencia","description":"El presidente nacional de ASAJA, Pedro Barato, advierte: \u201cSe trata de una grav\u00edsima enfermedad que est\u00e1 afectando a numerosas explotaciones ganaderas y","robots":{"index":"index","follow":"follow","max-snippet":"max-snippet:-1","max-image-preview":"max-image-preview:large","max-video-preview":"max-video-preview:-1"},"canonical":"https:\/\/www.asajacyl.com\/palencia\/asaja-palencia-informa\/asaja-exige-medidas-urgentes-para-paliar-los-graves-danos-de-la-lengua-azul","og_locale":"es_ES","og_type":"article","og_title":"ASAJA exige medidas urgentes para paliar los graves da\u00f1os de la lengua azul - ASAJA Palencia","og_description":"El presidente nacional de ASAJA, Pedro Barato, advierte: \u201cSe trata de una grav\u00edsima enfermedad que est\u00e1 afectando a numerosas explotaciones ganaderas y","og_url":"https:\/\/www.asajacyl.com\/palencia\/asaja-palencia-informa\/asaja-exige-medidas-urgentes-para-paliar-los-graves-danos-de-la-lengua-azul","og_site_name":"ASAJA Palencia","article_published_time":"2025-08-12T08:26:42+00:00","article_modified_time":"2025-08-12T08:42:04+00:00","og_image":[{"width":772,"height":552,"url":"https:\/\/www.asajacyl.com\/palencia\/wp-content\/uploads\/sites\/3\/2025\/08\/image-1-1.jpg","type":"image\/jpeg"}],"author":"Administrador","twitter_card":"summary_large_image","twitter_misc":{"Escrito por":"Administrador","Tiempo de lectura":"4 minutos"},"schema":{"@context":"https:\/\/schema.org","@graph":[{"@type":"WebPage","@id":"https:\/\/www.asajacyl.com\/palencia\/asaja-palencia-informa\/asaja-exige-medidas-urgentes-para-paliar-los-graves-danos-de-la-lengua-azul","url":"https:\/\/www.asajacyl.com\/palencia\/asaja-palencia-informa\/asaja-exige-medidas-urgentes-para-paliar-los-graves-danos-de-la-lengua-azul","name":"ASAJA exige medidas urgentes para paliar los graves da\u00f1os de la lengua azul - ASAJA Palencia","isPartOf":{"@id":"https:\/\/www.asajacyl.com\/palencia\/#website"},"primaryImageOfPage":{"@id":"https:\/\/www.asajacyl.com\/palencia\/asaja-palencia-informa\/asaja-exige-medidas-urgentes-para-paliar-los-graves-danos-de-la-lengua-azul#primaryimage"},"image":{"@id":"https:\/\/www.asajacyl.com\/palencia\/asaja-palencia-informa\/asaja-exige-medidas-urgentes-para-paliar-los-graves-danos-de-la-lengua-azul#primaryimage"},"thumbnailUrl":"https:\/\/www.asajacyl.com\/palencia\/wp-content\/uploads\/sites\/3\/2025\/08\/image-1-1.jpg","datePublished":"2025-08-12T08:26:42+00:00","dateModified":"2025-08-12T08:42:04+00:00","author":{"@id":"https:\/\/www.asajacyl.com\/palencia\/#\/schema\/person\/3ab17aeb03527485c317557fae64aab1"},"description":"El presidente nacional de ASAJA, Pedro Barato, advierte: \u201cSe trata de una grav\u00edsima enfermedad que est\u00e1 afectando a numerosas explotaciones ganaderas y","breadcrumb":{"@id":"https:\/\/www.asajacyl.com\/palencia\/asaja-palencia-informa\/asaja-exige-medidas-urgentes-para-paliar-los-graves-danos-de-la-lengua-azul#breadcrumb"},"inLanguage":"es","potentialAction":[{"@type":"ReadAction","target":["https:\/\/www.asajacyl.com\/palencia\/asaja-palencia-informa\/asaja-exige-medidas-urgentes-para-paliar-los-graves-danos-de-la-lengua-azul"]}]},{"@type":"ImageObject","inLanguage":"es","@id":"https:\/\/www.asajacyl.com\/palencia\/asaja-palencia-informa\/asaja-exige-medidas-urgentes-para-paliar-los-graves-danos-de-la-lengua-azul#primaryimage","url":"https:\/\/www.asajacyl.com\/palencia\/wp-content\/uploads\/sites\/3\/2025\/08\/image-1-1.jpg","contentUrl":"https:\/\/www.asajacyl.com\/palencia\/wp-content\/uploads\/sites\/3\/2025\/08\/image-1-1.jpg","width":772,"height":552},{"@type":"BreadcrumbList","@id":"https:\/\/www.asajacyl.com\/palencia\/asaja-palencia-informa\/asaja-exige-medidas-urgentes-para-paliar-los-graves-danos-de-la-lengua-azul#breadcrumb","itemListElement":[{"@type":"ListItem","position":1,"name":"Portada","item":"https:\/\/www.asajacyl.com\/palencia\/"},{"@type":"ListItem","position":2,"name":"ASAJA exige medidas urgentes para paliar los graves da\u00f1os de la lengua azul"}]},{"@type":"WebSite","@id":"https:\/\/www.asajacyl.com\/palencia\/#website","url":"https:\/\/www.asajacyl.com\/palencia\/","name":"ASAJA Palencia","description":"Otro sitio m\u00e1s de Provincias ASAJA Castilla y Le\u00f3n","potentialAction":[{"@type":"SearchAction","target":{"@type":"EntryPoint","urlTemplate":"https:\/\/www.asajacyl.com\/palencia\/?s={search_term_string}"},"query-input":{"@type":"PropertyValueSpecification","valueRequired":true,"valueName":"search_term_string"}}],"inLanguage":"es"},{"@type":"Person","@id":"https:\/\/www.asajacyl.com\/palencia\/#\/schema\/person\/3ab17aeb03527485c317557fae64aab1","name":"Administrador","image":{"@type":"ImageObject","inLanguage":"es","@id":"https:\/\/www.asajacyl.com\/palencia\/#\/schema\/person\/image\/","url":"https:\/\/secure.gravatar.com\/avatar\/517384810d242ca9e38c180f3c9fb973?s=96&d=mm&r=g","contentUrl":"https:\/\/secure.gravatar.com\/avatar\/517384810d242ca9e38c180f3c9fb973?s=96&d=mm&r=g","caption":"Administrador"},"url":"https:\/\/www.asajacyl.com\/palencia\/author\/carlosrm"}]}},"_links":{"self":[{"href":"https:\/\/www.asajacyl.com\/palencia\/wp-json\/wp\/v2\/posts\/20693"}],"collection":[{"href":"https:\/\/www.asajacyl.com\/palencia\/wp-json\/wp\/v2\/posts"}],"about":[{"href":"https:\/\/www.asajacyl.com\/palencia\/wp-json\/wp\/v2\/types\/post"}],"author":[{"embeddable":true,"href":"https:\/\/www.asajacyl.com\/palencia\/wp-json\/wp\/v2\/users\/9"}],"replies":[{"embeddable":true,"href":"https:\/\/www.asajacyl.com\/palencia\/wp-json\/wp\/v2\/comments?post=20693"}],"version-history":[{"count":2,"href":"https:\/\/www.asajacyl.com\/palencia\/wp-json\/wp\/v2\/posts\/20693\/revisions"}],"predecessor-version":[{"id":20697,"href":"https:\/\/www.asajacyl.com\/palencia\/wp-json\/wp\/v2\/posts\/20693\/revisions\/20697"}],"wp:featuredmedia":[{"embeddable":true,"href":"https:\/\/www.asajacyl.com\/palencia\/wp-json\/wp\/v2\/media\/20694"}],"wp:attachment":[{"href":"https:\/\/www.asajacyl.com\/palencia\/wp-json\/wp\/v2\/media?parent=20693"}],"wp:term":[{"taxonomy":"category","embeddable":true,"href":"https:\/\/www.asajacyl.com\/palencia\/wp-json\/wp\/v2\/categories?post=20693"},{"taxonomy":"post_tag","embeddable":true,"href":"https:\/\/www.asajacyl.com\/palencia\/wp-json\/wp\/v2\/tags?post=20693"}],"curies":[{"name":"wp","href":"https:\/\/api.w.org\/{rel}","templated":true}]}}