{"id":20710,"date":"2025-08-14T12:20:23","date_gmt":"2025-08-14T10:20:23","guid":{"rendered":"https:\/\/www.asajacyl.com\/palencia\/?p=20710"},"modified":"2025-08-14T12:20:25","modified_gmt":"2025-08-14T10:20:25","slug":"asaja-pide-al-presidente-de-la-junta-una-reunion-para-evaluar-los-danos-por-los-incendios-y-trazar-un-plan-urgente-de-apoyo-al-sector","status":"publish","type":"post","link":"https:\/\/www.asajacyl.com\/palencia\/asaja-palencia-informa\/asaja-pide-al-presidente-de-la-junta-una-reunion-para-evaluar-los-danos-por-los-incendios-y-trazar-un-plan-urgente-de-apoyo-al-sector","title":{"rendered":"ASAJA pide al Presidente de la Junta una reuni\u00f3n para evaluar los da\u00f1os por los incendios y trazar un plan urgente de apoyo al sector"},"content":{"rendered":"\n<h2 class=\"wp-block-heading\">La OPA expresa su solidaridad con todos los afectados, especialmente con v\u00edctimas y familias, y reclama medidas que garanticen la continuidad de las explotaciones<\/h2>\n\n\n\n<p>ASAJA ha solicitado una reuni\u00f3n con el presidente de la Junta de Castilla y Le\u00f3n y con los m\u00e1ximos dirigentes de Medio Ambiente y Agricultura de la comunidad, con \u00e1nimo constructivo y lo antes posible, para tratar todos los graves incendios que asolan nuestra tierra, evaluar los da\u00f1os y dise\u00f1ar un plan urgente de apoyo al sector, con medidas de compensaci\u00f3n y reconstrucci\u00f3n.<\/p>\n\n\n\n<p>En estos momentos de m\u00e1xima gravedad y preocupaci\u00f3n por la ola de incendios sin precedentes que arrasa Espa\u00f1a y que se est\u00e1 ensa\u00f1ando con nuestra tierra, lo prioritario es centrar todos los esfuerzos en el control de los incendios activos, evitar los da\u00f1os humanos es lo fundamental y en todo lo posible los da\u00f1os materiales. La OPA recuerda que el sector agr\u00edcola y ganadero, como siempre en estos casos, es el primer damnificado por su presencia en el territorio. Los cultivos, los pastos, el ganado, las instalaciones de nuestras explotaciones han desaparecido, han sido da\u00f1ados y requerir\u00e1n de un plan especial.<\/p>\n\n\n\n<p>El desastre es de magnitudes incalculables todav\u00eda, pero ya deja entrever un escenario terror\u00edfico, que puede incluso empeorar al seguir en activo muchos de los grandes incendios declarados y con \u00edndices de gravedad potencial muy altos. Las administraciones deben de coordinarse para salir lo menos mal posible de esta situaci\u00f3n, pero tendr\u00e1n que ir m\u00e1s all\u00e1 y quiz\u00e1 es momento de pensar en revertir pol\u00edticas que desde hace a\u00f1os est\u00e1n perjudicando al medio rural, llevando a un abandono del medio natural en el que con los medios actuales el fuego no se puede controlar.<\/p>\n\n\n\n<p>Por \u00faltimo, ASAJA recuerda que \u201cnuestra gente, los agricultores y ganaderos, est\u00e1n estos d\u00edas en sus pueblos, defendiendo en primera l\u00ednea lo que hay y haciendo todo lo que est\u00e1 en su mano. La solidaridad en la lucha contra las cat\u00e1strofes es una ense\u00f1a del sector\u201d, apostilla la OPA.<\/p>\n\n\n\n<p>Finalmente ASAJA hace un especial llamamiento a las administraciones por la necesidad urgente de alimentar y atender al ganado, puesto que los animales no pueden esperar.<\/p>\n","protected":false},"excerpt":{"rendered":"<p>La OPA expresa su solidaridad con todos los afectados, especialmente con v\u00edctimas y familias, y reclama medidas que garanticen la continuidad de las explotaciones ASAJA ha solicitado una reuni\u00f3n con el presidente de la Junta de Castilla y Le\u00f3n y con los m\u00e1ximos dirigentes de Medio Ambiente y Agricultura de la comunidad, con \u00e1nimo constructivo [&hellip;]<\/p>\n","protected":false},"author":9,"featured_media":20711,"comment_status":"open","ping_status":"open","sticky":false,"template":"","format":"standard","meta":{"footnotes":""},"categories":[9,38,29,28,13],"tags":[58,142,351,77,94,66,92,110],"yoast_head":"<!-- This site is optimized with the Yoast SEO plugin v24.5 - https:\/\/yoast.com\/wordpress\/plugins\/seo\/ -->\n<title>ASAJA pide al Presidente de la Junta una reuni\u00f3n para evaluar los da\u00f1os por los incendios y trazar un plan urgente de apoyo al sector - ASAJA Palencia<\/title>\n<meta name=\"description\" content=\"La OPA expresa su solidaridad con todos los afectados, especialmente con v\u00edctimas y familias, y reclama medidas que garanticen la continuidad de las\" \/>\n<meta name=\"robots\" content=\"index, follow, max-snippet:-1, max-image-preview:large, max-video-preview:-1\" \/>\n<link rel=\"canonical\" href=\"https:\/\/www.asajacyl.com\/palencia\/asaja-palencia-informa\/asaja-pide-al-presidente-de-la-junta-una-reunion-para-evaluar-los-danos-por-los-incendios-y-trazar-un-plan-urgente-de-apoyo-al-sector\" \/>\n<meta property=\"og:locale\" content=\"es_ES\" \/>\n<meta property=\"og:type\" content=\"article\" \/>\n<meta property=\"og:title\" content=\"ASAJA pide al Presidente de la Junta una reuni\u00f3n para evaluar los da\u00f1os por los incendios y trazar un plan urgente de apoyo al sector - ASAJA Palencia\" \/>\n<meta property=\"og:description\" content=\"La OPA expresa su solidaridad con todos los afectados, especialmente con v\u00edctimas y familias, y reclama medidas que garanticen la continuidad de las\" \/>\n<meta property=\"og:url\" content=\"https:\/\/www.asajacyl.com\/palencia\/asaja-palencia-informa\/asaja-pide-al-presidente-de-la-junta-una-reunion-para-evaluar-los-danos-por-los-incendios-y-trazar-un-plan-urgente-de-apoyo-al-sector\" \/>\n<meta property=\"og:site_name\" content=\"ASAJA Palencia\" \/>\n<meta property=\"article:published_time\" content=\"2025-08-14T10:20:23+00:00\" \/>\n<meta property=\"article:modified_time\" content=\"2025-08-14T10:20:25+00:00\" \/>\n<meta property=\"og:image\" content=\"https:\/\/www.asajacyl.com\/palencia\/wp-content\/uploads\/sites\/3\/2025\/08\/Fuego-534x462-1.jpg\" \/>\n\t<meta property=\"og:image:width\" content=\"534\" \/>\n\t<meta property=\"og:image:height\" content=\"462\" \/>\n\t<meta property=\"og:image:type\" content=\"image\/jpeg\" \/>\n<meta name=\"author\" content=\"Administrador\" \/>\n<meta name=\"twitter:card\" content=\"summary_large_image\" \/>\n<meta name=\"twitter:label1\" content=\"Escrito por\" \/>\n\t<meta name=\"twitter:data1\" content=\"Administrador\" \/>\n\t<meta name=\"twitter:label2\" content=\"Tiempo de lectura\" \/>\n\t<meta name=\"twitter:data2\" content=\"2 minutos\" \/>\n<script type=\"application\/ld+json\" class=\"yoast-schema-graph\">{\"@context\":\"https:\/\/schema.org\",\"@graph\":[{\"@type\":\"WebPage\",\"@id\":\"https:\/\/www.asajacyl.com\/palencia\/asaja-palencia-informa\/asaja-pide-al-presidente-de-la-junta-una-reunion-para-evaluar-los-danos-por-los-incendios-y-trazar-un-plan-urgente-de-apoyo-al-sector\",\"url\":\"https:\/\/www.asajacyl.com\/palencia\/asaja-palencia-informa\/asaja-pide-al-presidente-de-la-junta-una-reunion-para-evaluar-los-danos-por-los-incendios-y-trazar-un-plan-urgente-de-apoyo-al-sector\",\"name\":\"ASAJA pide al Presidente de la Junta una reuni\u00f3n para evaluar los da\u00f1os por los incendios y trazar un plan urgente de apoyo al sector - ASAJA Palencia\",\"isPartOf\":{\"@id\":\"https:\/\/www.asajacyl.com\/palencia\/#website\"},\"primaryImageOfPage\":{\"@id\":\"https:\/\/www.asajacyl.com\/palencia\/asaja-palencia-informa\/asaja-pide-al-presidente-de-la-junta-una-reunion-para-evaluar-los-danos-por-los-incendios-y-trazar-un-plan-urgente-de-apoyo-al-sector#primaryimage\"},\"image\":{\"@id\":\"https:\/\/www.asajacyl.com\/palencia\/asaja-palencia-informa\/asaja-pide-al-presidente-de-la-junta-una-reunion-para-evaluar-los-danos-por-los-incendios-y-trazar-un-plan-urgente-de-apoyo-al-sector#primaryimage\"},\"thumbnailUrl\":\"https:\/\/www.asajacyl.com\/palencia\/wp-content\/uploads\/sites\/3\/2025\/08\/Fuego-534x462-1.jpg\",\"datePublished\":\"2025-08-14T10:20:23+00:00\",\"dateModified\":\"2025-08-14T10:20:25+00:00\",\"author\":{\"@id\":\"https:\/\/www.asajacyl.com\/palencia\/#\/schema\/person\/3ab17aeb03527485c317557fae64aab1\"},\"description\":\"La OPA expresa su solidaridad con todos los afectados, especialmente con v\u00edctimas y familias, y reclama medidas que garanticen la continuidad de las\",\"breadcrumb\":{\"@id\":\"https:\/\/www.asajacyl.com\/palencia\/asaja-palencia-informa\/asaja-pide-al-presidente-de-la-junta-una-reunion-para-evaluar-los-danos-por-los-incendios-y-trazar-un-plan-urgente-de-apoyo-al-sector#breadcrumb\"},\"inLanguage\":\"es\",\"potentialAction\":[{\"@type\":\"ReadAction\",\"target\":[\"https:\/\/www.asajacyl.com\/palencia\/asaja-palencia-informa\/asaja-pide-al-presidente-de-la-junta-una-reunion-para-evaluar-los-danos-por-los-incendios-y-trazar-un-plan-urgente-de-apoyo-al-sector\"]}]},{\"@type\":\"ImageObject\",\"inLanguage\":\"es\",\"@id\":\"https:\/\/www.asajacyl.com\/palencia\/asaja-palencia-informa\/asaja-pide-al-presidente-de-la-junta-una-reunion-para-evaluar-los-danos-por-los-incendios-y-trazar-un-plan-urgente-de-apoyo-al-sector#primaryimage\",\"url\":\"https:\/\/www.asajacyl.com\/palencia\/wp-content\/uploads\/sites\/3\/2025\/08\/Fuego-534x462-1.jpg\",\"contentUrl\":\"https:\/\/www.asajacyl.com\/palencia\/wp-content\/uploads\/sites\/3\/2025\/08\/Fuego-534x462-1.jpg\",\"width\":534,\"height\":462},{\"@type\":\"BreadcrumbList\",\"@id\":\"https:\/\/www.asajacyl.com\/palencia\/asaja-palencia-informa\/asaja-pide-al-presidente-de-la-junta-una-reunion-para-evaluar-los-danos-por-los-incendios-y-trazar-un-plan-urgente-de-apoyo-al-sector#breadcrumb\",\"itemListElement\":[{\"@type\":\"ListItem\",\"position\":1,\"name\":\"Portada\",\"item\":\"https:\/\/www.asajacyl.com\/palencia\/\"},{\"@type\":\"ListItem\",\"position\":2,\"name\":\"ASAJA pide al Presidente de la Junta una reuni\u00f3n para evaluar los da\u00f1os por los incendios y trazar un plan urgente de apoyo al sector\"}]},{\"@type\":\"WebSite\",\"@id\":\"https:\/\/www.asajacyl.com\/palencia\/#website\",\"url\":\"https:\/\/www.asajacyl.com\/palencia\/\",\"name\":\"ASAJA Palencia\",\"description\":\"Otro sitio m\u00e1s de Provincias ASAJA Castilla y Le\u00f3n\",\"potentialAction\":[{\"@type\":\"SearchAction\",\"target\":{\"@type\":\"EntryPoint\",\"urlTemplate\":\"https:\/\/www.asajacyl.com\/palencia\/?s={search_term_string}\"},\"query-input\":{\"@type\":\"PropertyValueSpecification\",\"valueRequired\":true,\"valueName\":\"search_term_string\"}}],\"inLanguage\":\"es\"},{\"@type\":\"Person\",\"@id\":\"https:\/\/www.asajacyl.com\/palencia\/#\/schema\/person\/3ab17aeb03527485c317557fae64aab1\",\"name\":\"Administrador\",\"image\":{\"@type\":\"ImageObject\",\"inLanguage\":\"es\",\"@id\":\"https:\/\/www.asajacyl.com\/palencia\/#\/schema\/person\/image\/\",\"url\":\"https:\/\/secure.gravatar.com\/avatar\/517384810d242ca9e38c180f3c9fb973?s=96&d=mm&r=g\",\"contentUrl\":\"https:\/\/secure.gravatar.com\/avatar\/517384810d242ca9e38c180f3c9fb973?s=96&d=mm&r=g\",\"caption\":\"Administrador\"},\"url\":\"https:\/\/www.asajacyl.com\/palencia\/author\/carlosrm\"}]}<\/script>\n<!-- \/ Yoast SEO plugin. -->","yoast_head_json":{"title":"ASAJA pide al Presidente de la Junta una reuni\u00f3n para evaluar los da\u00f1os por los incendios y trazar un plan urgente de apoyo al sector - ASAJA Palencia","description":"La OPA expresa su solidaridad con todos los afectados, especialmente con v\u00edctimas y familias, y reclama medidas que garanticen la continuidad de las","robots":{"index":"index","follow":"follow","max-snippet":"max-snippet:-1","max-image-preview":"max-image-preview:large","max-video-preview":"max-video-preview:-1"},"canonical":"https:\/\/www.asajacyl.com\/palencia\/asaja-palencia-informa\/asaja-pide-al-presidente-de-la-junta-una-reunion-para-evaluar-los-danos-por-los-incendios-y-trazar-un-plan-urgente-de-apoyo-al-sector","og_locale":"es_ES","og_type":"article","og_title":"ASAJA pide al Presidente de la Junta una reuni\u00f3n para evaluar los da\u00f1os por los incendios y trazar un plan urgente de apoyo al sector - ASAJA Palencia","og_description":"La OPA expresa su solidaridad con todos los afectados, especialmente con v\u00edctimas y familias, y reclama medidas que garanticen la continuidad de las","og_url":"https:\/\/www.asajacyl.com\/palencia\/asaja-palencia-informa\/asaja-pide-al-presidente-de-la-junta-una-reunion-para-evaluar-los-danos-por-los-incendios-y-trazar-un-plan-urgente-de-apoyo-al-sector","og_site_name":"ASAJA Palencia","article_published_time":"2025-08-14T10:20:23+00:00","article_modified_time":"2025-08-14T10:20:25+00:00","og_image":[{"width":534,"height":462,"url":"https:\/\/www.asajacyl.com\/palencia\/wp-content\/uploads\/sites\/3\/2025\/08\/Fuego-534x462-1.jpg","type":"image\/jpeg"}],"author":"Administrador","twitter_card":"summary_large_image","twitter_misc":{"Escrito por":"Administrador","Tiempo de lectura":"2 minutos"},"schema":{"@context":"https:\/\/schema.org","@graph":[{"@type":"WebPage","@id":"https:\/\/www.asajacyl.com\/palencia\/asaja-palencia-informa\/asaja-pide-al-presidente-de-la-junta-una-reunion-para-evaluar-los-danos-por-los-incendios-y-trazar-un-plan-urgente-de-apoyo-al-sector","url":"https:\/\/www.asajacyl.com\/palencia\/asaja-palencia-informa\/asaja-pide-al-presidente-de-la-junta-una-reunion-para-evaluar-los-danos-por-los-incendios-y-trazar-un-plan-urgente-de-apoyo-al-sector","name":"ASAJA pide al Presidente de la Junta una reuni\u00f3n para evaluar los da\u00f1os por los incendios y trazar un plan urgente de apoyo al sector - ASAJA Palencia","isPartOf":{"@id":"https:\/\/www.asajacyl.com\/palencia\/#website"},"primaryImageOfPage":{"@id":"https:\/\/www.asajacyl.com\/palencia\/asaja-palencia-informa\/asaja-pide-al-presidente-de-la-junta-una-reunion-para-evaluar-los-danos-por-los-incendios-y-trazar-un-plan-urgente-de-apoyo-al-sector#primaryimage"},"image":{"@id":"https:\/\/www.asajacyl.com\/palencia\/asaja-palencia-informa\/asaja-pide-al-presidente-de-la-junta-una-reunion-para-evaluar-los-danos-por-los-incendios-y-trazar-un-plan-urgente-de-apoyo-al-sector#primaryimage"},"thumbnailUrl":"https:\/\/www.asajacyl.com\/palencia\/wp-content\/uploads\/sites\/3\/2025\/08\/Fuego-534x462-1.jpg","datePublished":"2025-08-14T10:20:23+00:00","dateModified":"2025-08-14T10:20:25+00:00","author":{"@id":"https:\/\/www.asajacyl.com\/palencia\/#\/schema\/person\/3ab17aeb03527485c317557fae64aab1"},"description":"La OPA expresa su solidaridad con todos los afectados, especialmente con v\u00edctimas y familias, y reclama medidas que garanticen la continuidad de las","breadcrumb":{"@id":"https:\/\/www.asajacyl.com\/palencia\/asaja-palencia-informa\/asaja-pide-al-presidente-de-la-junta-una-reunion-para-evaluar-los-danos-por-los-incendios-y-trazar-un-plan-urgente-de-apoyo-al-sector#breadcrumb"},"inLanguage":"es","potentialAction":[{"@type":"ReadAction","target":["https:\/\/www.asajacyl.com\/palencia\/asaja-palencia-informa\/asaja-pide-al-presidente-de-la-junta-una-reunion-para-evaluar-los-danos-por-los-incendios-y-trazar-un-plan-urgente-de-apoyo-al-sector"]}]},{"@type":"ImageObject","inLanguage":"es","@id":"https:\/\/www.asajacyl.com\/palencia\/asaja-palencia-informa\/asaja-pide-al-presidente-de-la-junta-una-reunion-para-evaluar-los-danos-por-los-incendios-y-trazar-un-plan-urgente-de-apoyo-al-sector#primaryimage","url":"https:\/\/www.asajacyl.com\/palencia\/wp-content\/uploads\/sites\/3\/2025\/08\/Fuego-534x462-1.jpg","contentUrl":"https:\/\/www.asajacyl.com\/palencia\/wp-content\/uploads\/sites\/3\/2025\/08\/Fuego-534x462-1.jpg","width":534,"height":462},{"@type":"BreadcrumbList","@id":"https:\/\/www.asajacyl.com\/palencia\/asaja-palencia-informa\/asaja-pide-al-presidente-de-la-junta-una-reunion-para-evaluar-los-danos-por-los-incendios-y-trazar-un-plan-urgente-de-apoyo-al-sector#breadcrumb","itemListElement":[{"@type":"ListItem","position":1,"name":"Portada","item":"https:\/\/www.asajacyl.com\/palencia\/"},{"@type":"ListItem","position":2,"name":"ASAJA pide al Presidente de la Junta una reuni\u00f3n para evaluar los da\u00f1os por los incendios y trazar un plan urgente de apoyo al sector"}]},{"@type":"WebSite","@id":"https:\/\/www.asajacyl.com\/palencia\/#website","url":"https:\/\/www.asajacyl.com\/palencia\/","name":"ASAJA Palencia","description":"Otro sitio m\u00e1s de Provincias ASAJA Castilla y Le\u00f3n","potentialAction":[{"@type":"SearchAction","target":{"@type":"EntryPoint","urlTemplate":"https:\/\/www.asajacyl.com\/palencia\/?s={search_term_string}"},"query-input":{"@type":"PropertyValueSpecification","valueRequired":true,"valueName":"search_term_string"}}],"inLanguage":"es"},{"@type":"Person","@id":"https:\/\/www.asajacyl.com\/palencia\/#\/schema\/person\/3ab17aeb03527485c317557fae64aab1","name":"Administrador","image":{"@type":"ImageObject","inLanguage":"es","@id":"https:\/\/www.asajacyl.com\/palencia\/#\/schema\/person\/image\/","url":"https:\/\/secure.gravatar.com\/avatar\/517384810d242ca9e38c180f3c9fb973?s=96&d=mm&r=g","contentUrl":"https:\/\/secure.gravatar.com\/avatar\/517384810d242ca9e38c180f3c9fb973?s=96&d=mm&r=g","caption":"Administrador"},"url":"https:\/\/www.asajacyl.com\/palencia\/author\/carlosrm"}]}},"_links":{"self":[{"href":"https:\/\/www.asajacyl.com\/palencia\/wp-json\/wp\/v2\/posts\/20710"}],"collection":[{"href":"https:\/\/www.asajacyl.com\/palencia\/wp-json\/wp\/v2\/posts"}],"about":[{"href":"https:\/\/www.asajacyl.com\/palencia\/wp-json\/wp\/v2\/types\/post"}],"author":[{"embeddable":true,"href":"https:\/\/www.asajacyl.com\/palencia\/wp-json\/wp\/v2\/users\/9"}],"replies":[{"embeddable":true,"href":"https:\/\/www.asajacyl.com\/palencia\/wp-json\/wp\/v2\/comments?post=20710"}],"version-history":[{"count":1,"href":"https:\/\/www.asajacyl.com\/palencia\/wp-json\/wp\/v2\/posts\/20710\/revisions"}],"predecessor-version":[{"id":20712,"href":"https:\/\/www.asajacyl.com\/palencia\/wp-json\/wp\/v2\/posts\/20710\/revisions\/20712"}],"wp:featuredmedia":[{"embeddable":true,"href":"https:\/\/www.asajacyl.com\/palencia\/wp-json\/wp\/v2\/media\/20711"}],"wp:attachment":[{"href":"https:\/\/www.asajacyl.com\/palencia\/wp-json\/wp\/v2\/media?parent=20710"}],"wp:term":[{"taxonomy":"category","embeddable":true,"href":"https:\/\/www.asajacyl.com\/palencia\/wp-json\/wp\/v2\/categories?post=20710"},{"taxonomy":"post_tag","embeddable":true,"href":"https:\/\/www.asajacyl.com\/palencia\/wp-json\/wp\/v2\/tags?post=20710"}],"curies":[{"name":"wp","href":"https:\/\/api.w.org\/{rel}","templated":true}]}}