{"id":20737,"date":"2025-08-23T08:11:29","date_gmt":"2025-08-23T06:11:29","guid":{"rendered":"https:\/\/www.asajacyl.com\/palencia\/?p=20737"},"modified":"2025-08-21T08:12:06","modified_gmt":"2025-08-21T06:12:06","slug":"incendios-donaciano-dujo-toda-la-sociedad-pide-hoy-a-las-administraciones-que-les-ayuden","status":"publish","type":"post","link":"https:\/\/www.asajacyl.com\/palencia\/asaja-palencia-informa\/incendios-donaciano-dujo-toda-la-sociedad-pide-hoy-a-las-administraciones-que-les-ayuden","title":{"rendered":"Incendios \/ Donaciano Dujo: \u00abToda la sociedad pide hoy a las administraciones que les ayuden\u00bb"},"content":{"rendered":"\n<p>ENTREVISTA | Donaciano Dujo, presidente de ASAJA Castilla y Le\u00f3n en 24 horas de Radio Nacional.<\/p>\n\n\n\n<p>\u00abToda la sociedad pide hoy a las administraciones que les ayuden. El dolor no desaparecer\u00e1 del todo, pero s\u00ed tienen la obligaci\u00f3n de pon\u00e9rselo lo m\u00e1s f\u00e1cil\u00bb<\/p>\n\n\n\n<p><a href=\"https:\/\/www.asajacyl.com\/wp-content\/uploads\/2025\/08\/WhatsApp-Audio-2025-08-20-at-07.07.59-1.mp3\">Enlace a la entrevista<\/a><\/p>\n","protected":false},"excerpt":{"rendered":"<p>ENTREVISTA | Donaciano Dujo, presidente de ASAJA Castilla y Le\u00f3n en 24 horas de Radio Nacional. \u00abToda la sociedad pide hoy a las administraciones que les ayuden. El dolor no desaparecer\u00e1 del todo, pero s\u00ed tienen la obligaci\u00f3n de pon\u00e9rselo lo m\u00e1s f\u00e1cil\u00bb Enlace a la entrevista<\/p>\n","protected":false},"author":9,"featured_media":20738,"comment_status":"open","ping_status":"open","sticky":false,"template":"","format":"standard","meta":{"footnotes":""},"categories":[9,38,30,13],"tags":[58,59,1555,1556,77,94,66,92],"yoast_head":"<!-- This site is optimized with the Yoast SEO plugin v24.5 - https:\/\/yoast.com\/wordpress\/plugins\/seo\/ -->\n<title>Incendios \/ Donaciano Dujo: \u00abToda la sociedad pide hoy a las administraciones que les ayuden\u00bb - ASAJA Palencia<\/title>\n<meta name=\"description\" content=\"ENTREVISTA | Donaciano Dujo, presidente de ASAJA Castilla y Le\u00f3n en 24 horas de Radio Nacional. \u00abToda la sociedad pide hoy a las administraciones que les\" \/>\n<meta name=\"robots\" content=\"index, follow, max-snippet:-1, max-image-preview:large, max-video-preview:-1\" \/>\n<link rel=\"canonical\" href=\"https:\/\/www.asajacyl.com\/palencia\/asaja-palencia-informa\/incendios-donaciano-dujo-toda-la-sociedad-pide-hoy-a-las-administraciones-que-les-ayuden\" \/>\n<meta property=\"og:locale\" content=\"es_ES\" \/>\n<meta property=\"og:type\" content=\"article\" \/>\n<meta property=\"og:title\" content=\"Incendios \/ Donaciano Dujo: \u00abToda la sociedad pide hoy a las administraciones que les ayuden\u00bb - ASAJA Palencia\" \/>\n<meta property=\"og:description\" content=\"ENTREVISTA | Donaciano Dujo, presidente de ASAJA Castilla y Le\u00f3n en 24 horas de Radio Nacional. \u00abToda la sociedad pide hoy a las administraciones que les\" \/>\n<meta property=\"og:url\" content=\"https:\/\/www.asajacyl.com\/palencia\/asaja-palencia-informa\/incendios-donaciano-dujo-toda-la-sociedad-pide-hoy-a-las-administraciones-que-les-ayuden\" \/>\n<meta property=\"og:site_name\" content=\"ASAJA Palencia\" \/>\n<meta property=\"article:published_time\" content=\"2025-08-23T06:11:29+00:00\" \/>\n<meta property=\"og:image\" content=\"https:\/\/www.asajacyl.com\/palencia\/wp-content\/uploads\/sites\/3\/2025\/08\/Captura-de-pantalla-2025-08-20-081942.jpg\" \/>\n\t<meta property=\"og:image:width\" content=\"589\" \/>\n\t<meta property=\"og:image:height\" content=\"602\" \/>\n\t<meta property=\"og:image:type\" content=\"image\/jpeg\" \/>\n<meta name=\"author\" content=\"Administrador\" \/>\n<meta name=\"twitter:card\" content=\"summary_large_image\" \/>\n<meta name=\"twitter:label1\" content=\"Escrito por\" \/>\n\t<meta name=\"twitter:data1\" content=\"Administrador\" \/>\n\t<meta name=\"twitter:label2\" content=\"Tiempo de lectura\" \/>\n\t<meta name=\"twitter:data2\" content=\"1 minuto\" \/>\n<script type=\"application\/ld+json\" class=\"yoast-schema-graph\">{\"@context\":\"https:\/\/schema.org\",\"@graph\":[{\"@type\":\"WebPage\",\"@id\":\"https:\/\/www.asajacyl.com\/palencia\/asaja-palencia-informa\/incendios-donaciano-dujo-toda-la-sociedad-pide-hoy-a-las-administraciones-que-les-ayuden\",\"url\":\"https:\/\/www.asajacyl.com\/palencia\/asaja-palencia-informa\/incendios-donaciano-dujo-toda-la-sociedad-pide-hoy-a-las-administraciones-que-les-ayuden\",\"name\":\"Incendios \/ Donaciano Dujo: \u00abToda la sociedad pide hoy a las administraciones que les ayuden\u00bb - ASAJA Palencia\",\"isPartOf\":{\"@id\":\"https:\/\/www.asajacyl.com\/palencia\/#website\"},\"primaryImageOfPage\":{\"@id\":\"https:\/\/www.asajacyl.com\/palencia\/asaja-palencia-informa\/incendios-donaciano-dujo-toda-la-sociedad-pide-hoy-a-las-administraciones-que-les-ayuden#primaryimage\"},\"image\":{\"@id\":\"https:\/\/www.asajacyl.com\/palencia\/asaja-palencia-informa\/incendios-donaciano-dujo-toda-la-sociedad-pide-hoy-a-las-administraciones-que-les-ayuden#primaryimage\"},\"thumbnailUrl\":\"https:\/\/www.asajacyl.com\/palencia\/wp-content\/uploads\/sites\/3\/2025\/08\/Captura-de-pantalla-2025-08-20-081942.jpg\",\"datePublished\":\"2025-08-23T06:11:29+00:00\",\"author\":{\"@id\":\"https:\/\/www.asajacyl.com\/palencia\/#\/schema\/person\/3ab17aeb03527485c317557fae64aab1\"},\"description\":\"ENTREVISTA | Donaciano Dujo, presidente de ASAJA Castilla y Le\u00f3n en 24 horas de Radio Nacional. \u00abToda la sociedad pide hoy a las administraciones que les\",\"breadcrumb\":{\"@id\":\"https:\/\/www.asajacyl.com\/palencia\/asaja-palencia-informa\/incendios-donaciano-dujo-toda-la-sociedad-pide-hoy-a-las-administraciones-que-les-ayuden#breadcrumb\"},\"inLanguage\":\"es\",\"potentialAction\":[{\"@type\":\"ReadAction\",\"target\":[\"https:\/\/www.asajacyl.com\/palencia\/asaja-palencia-informa\/incendios-donaciano-dujo-toda-la-sociedad-pide-hoy-a-las-administraciones-que-les-ayuden\"]}]},{\"@type\":\"ImageObject\",\"inLanguage\":\"es\",\"@id\":\"https:\/\/www.asajacyl.com\/palencia\/asaja-palencia-informa\/incendios-donaciano-dujo-toda-la-sociedad-pide-hoy-a-las-administraciones-que-les-ayuden#primaryimage\",\"url\":\"https:\/\/www.asajacyl.com\/palencia\/wp-content\/uploads\/sites\/3\/2025\/08\/Captura-de-pantalla-2025-08-20-081942.jpg\",\"contentUrl\":\"https:\/\/www.asajacyl.com\/palencia\/wp-content\/uploads\/sites\/3\/2025\/08\/Captura-de-pantalla-2025-08-20-081942.jpg\",\"width\":589,\"height\":602},{\"@type\":\"BreadcrumbList\",\"@id\":\"https:\/\/www.asajacyl.com\/palencia\/asaja-palencia-informa\/incendios-donaciano-dujo-toda-la-sociedad-pide-hoy-a-las-administraciones-que-les-ayuden#breadcrumb\",\"itemListElement\":[{\"@type\":\"ListItem\",\"position\":1,\"name\":\"Portada\",\"item\":\"https:\/\/www.asajacyl.com\/palencia\/\"},{\"@type\":\"ListItem\",\"position\":2,\"name\":\"Incendios \/ Donaciano Dujo: \u00abToda la sociedad pide hoy a las administraciones que les ayuden\u00bb\"}]},{\"@type\":\"WebSite\",\"@id\":\"https:\/\/www.asajacyl.com\/palencia\/#website\",\"url\":\"https:\/\/www.asajacyl.com\/palencia\/\",\"name\":\"ASAJA Palencia\",\"description\":\"Otro sitio m\u00e1s de Provincias ASAJA Castilla y Le\u00f3n\",\"potentialAction\":[{\"@type\":\"SearchAction\",\"target\":{\"@type\":\"EntryPoint\",\"urlTemplate\":\"https:\/\/www.asajacyl.com\/palencia\/?s={search_term_string}\"},\"query-input\":{\"@type\":\"PropertyValueSpecification\",\"valueRequired\":true,\"valueName\":\"search_term_string\"}}],\"inLanguage\":\"es\"},{\"@type\":\"Person\",\"@id\":\"https:\/\/www.asajacyl.com\/palencia\/#\/schema\/person\/3ab17aeb03527485c317557fae64aab1\",\"name\":\"Administrador\",\"image\":{\"@type\":\"ImageObject\",\"inLanguage\":\"es\",\"@id\":\"https:\/\/www.asajacyl.com\/palencia\/#\/schema\/person\/image\/\",\"url\":\"https:\/\/secure.gravatar.com\/avatar\/517384810d242ca9e38c180f3c9fb973?s=96&d=mm&r=g\",\"contentUrl\":\"https:\/\/secure.gravatar.com\/avatar\/517384810d242ca9e38c180f3c9fb973?s=96&d=mm&r=g\",\"caption\":\"Administrador\"},\"url\":\"https:\/\/www.asajacyl.com\/palencia\/author\/carlosrm\"}]}<\/script>\n<!-- \/ Yoast SEO plugin. -->","yoast_head_json":{"title":"Incendios \/ Donaciano Dujo: \u00abToda la sociedad pide hoy a las administraciones que les ayuden\u00bb - ASAJA Palencia","description":"ENTREVISTA | Donaciano Dujo, presidente de ASAJA Castilla y Le\u00f3n en 24 horas de Radio Nacional. \u00abToda la sociedad pide hoy a las administraciones que les","robots":{"index":"index","follow":"follow","max-snippet":"max-snippet:-1","max-image-preview":"max-image-preview:large","max-video-preview":"max-video-preview:-1"},"canonical":"https:\/\/www.asajacyl.com\/palencia\/asaja-palencia-informa\/incendios-donaciano-dujo-toda-la-sociedad-pide-hoy-a-las-administraciones-que-les-ayuden","og_locale":"es_ES","og_type":"article","og_title":"Incendios \/ Donaciano Dujo: \u00abToda la sociedad pide hoy a las administraciones que les ayuden\u00bb - ASAJA Palencia","og_description":"ENTREVISTA | Donaciano Dujo, presidente de ASAJA Castilla y Le\u00f3n en 24 horas de Radio Nacional. \u00abToda la sociedad pide hoy a las administraciones que les","og_url":"https:\/\/www.asajacyl.com\/palencia\/asaja-palencia-informa\/incendios-donaciano-dujo-toda-la-sociedad-pide-hoy-a-las-administraciones-que-les-ayuden","og_site_name":"ASAJA Palencia","article_published_time":"2025-08-23T06:11:29+00:00","og_image":[{"width":589,"height":602,"url":"https:\/\/www.asajacyl.com\/palencia\/wp-content\/uploads\/sites\/3\/2025\/08\/Captura-de-pantalla-2025-08-20-081942.jpg","type":"image\/jpeg"}],"author":"Administrador","twitter_card":"summary_large_image","twitter_misc":{"Escrito por":"Administrador","Tiempo de lectura":"1 minuto"},"schema":{"@context":"https:\/\/schema.org","@graph":[{"@type":"WebPage","@id":"https:\/\/www.asajacyl.com\/palencia\/asaja-palencia-informa\/incendios-donaciano-dujo-toda-la-sociedad-pide-hoy-a-las-administraciones-que-les-ayuden","url":"https:\/\/www.asajacyl.com\/palencia\/asaja-palencia-informa\/incendios-donaciano-dujo-toda-la-sociedad-pide-hoy-a-las-administraciones-que-les-ayuden","name":"Incendios \/ Donaciano Dujo: \u00abToda la sociedad pide hoy a las administraciones que les ayuden\u00bb - ASAJA Palencia","isPartOf":{"@id":"https:\/\/www.asajacyl.com\/palencia\/#website"},"primaryImageOfPage":{"@id":"https:\/\/www.asajacyl.com\/palencia\/asaja-palencia-informa\/incendios-donaciano-dujo-toda-la-sociedad-pide-hoy-a-las-administraciones-que-les-ayuden#primaryimage"},"image":{"@id":"https:\/\/www.asajacyl.com\/palencia\/asaja-palencia-informa\/incendios-donaciano-dujo-toda-la-sociedad-pide-hoy-a-las-administraciones-que-les-ayuden#primaryimage"},"thumbnailUrl":"https:\/\/www.asajacyl.com\/palencia\/wp-content\/uploads\/sites\/3\/2025\/08\/Captura-de-pantalla-2025-08-20-081942.jpg","datePublished":"2025-08-23T06:11:29+00:00","author":{"@id":"https:\/\/www.asajacyl.com\/palencia\/#\/schema\/person\/3ab17aeb03527485c317557fae64aab1"},"description":"ENTREVISTA | Donaciano Dujo, presidente de ASAJA Castilla y Le\u00f3n en 24 horas de Radio Nacional. \u00abToda la sociedad pide hoy a las administraciones que les","breadcrumb":{"@id":"https:\/\/www.asajacyl.com\/palencia\/asaja-palencia-informa\/incendios-donaciano-dujo-toda-la-sociedad-pide-hoy-a-las-administraciones-que-les-ayuden#breadcrumb"},"inLanguage":"es","potentialAction":[{"@type":"ReadAction","target":["https:\/\/www.asajacyl.com\/palencia\/asaja-palencia-informa\/incendios-donaciano-dujo-toda-la-sociedad-pide-hoy-a-las-administraciones-que-les-ayuden"]}]},{"@type":"ImageObject","inLanguage":"es","@id":"https:\/\/www.asajacyl.com\/palencia\/asaja-palencia-informa\/incendios-donaciano-dujo-toda-la-sociedad-pide-hoy-a-las-administraciones-que-les-ayuden#primaryimage","url":"https:\/\/www.asajacyl.com\/palencia\/wp-content\/uploads\/sites\/3\/2025\/08\/Captura-de-pantalla-2025-08-20-081942.jpg","contentUrl":"https:\/\/www.asajacyl.com\/palencia\/wp-content\/uploads\/sites\/3\/2025\/08\/Captura-de-pantalla-2025-08-20-081942.jpg","width":589,"height":602},{"@type":"BreadcrumbList","@id":"https:\/\/www.asajacyl.com\/palencia\/asaja-palencia-informa\/incendios-donaciano-dujo-toda-la-sociedad-pide-hoy-a-las-administraciones-que-les-ayuden#breadcrumb","itemListElement":[{"@type":"ListItem","position":1,"name":"Portada","item":"https:\/\/www.asajacyl.com\/palencia\/"},{"@type":"ListItem","position":2,"name":"Incendios \/ Donaciano Dujo: \u00abToda la sociedad pide hoy a las administraciones que les ayuden\u00bb"}]},{"@type":"WebSite","@id":"https:\/\/www.asajacyl.com\/palencia\/#website","url":"https:\/\/www.asajacyl.com\/palencia\/","name":"ASAJA Palencia","description":"Otro sitio m\u00e1s de Provincias ASAJA Castilla y Le\u00f3n","potentialAction":[{"@type":"SearchAction","target":{"@type":"EntryPoint","urlTemplate":"https:\/\/www.asajacyl.com\/palencia\/?s={search_term_string}"},"query-input":{"@type":"PropertyValueSpecification","valueRequired":true,"valueName":"search_term_string"}}],"inLanguage":"es"},{"@type":"Person","@id":"https:\/\/www.asajacyl.com\/palencia\/#\/schema\/person\/3ab17aeb03527485c317557fae64aab1","name":"Administrador","image":{"@type":"ImageObject","inLanguage":"es","@id":"https:\/\/www.asajacyl.com\/palencia\/#\/schema\/person\/image\/","url":"https:\/\/secure.gravatar.com\/avatar\/517384810d242ca9e38c180f3c9fb973?s=96&d=mm&r=g","contentUrl":"https:\/\/secure.gravatar.com\/avatar\/517384810d242ca9e38c180f3c9fb973?s=96&d=mm&r=g","caption":"Administrador"},"url":"https:\/\/www.asajacyl.com\/palencia\/author\/carlosrm"}]}},"_links":{"self":[{"href":"https:\/\/www.asajacyl.com\/palencia\/wp-json\/wp\/v2\/posts\/20737"}],"collection":[{"href":"https:\/\/www.asajacyl.com\/palencia\/wp-json\/wp\/v2\/posts"}],"about":[{"href":"https:\/\/www.asajacyl.com\/palencia\/wp-json\/wp\/v2\/types\/post"}],"author":[{"embeddable":true,"href":"https:\/\/www.asajacyl.com\/palencia\/wp-json\/wp\/v2\/users\/9"}],"replies":[{"embeddable":true,"href":"https:\/\/www.asajacyl.com\/palencia\/wp-json\/wp\/v2\/comments?post=20737"}],"version-history":[{"count":1,"href":"https:\/\/www.asajacyl.com\/palencia\/wp-json\/wp\/v2\/posts\/20737\/revisions"}],"predecessor-version":[{"id":20739,"href":"https:\/\/www.asajacyl.com\/palencia\/wp-json\/wp\/v2\/posts\/20737\/revisions\/20739"}],"wp:featuredmedia":[{"embeddable":true,"href":"https:\/\/www.asajacyl.com\/palencia\/wp-json\/wp\/v2\/media\/20738"}],"wp:attachment":[{"href":"https:\/\/www.asajacyl.com\/palencia\/wp-json\/wp\/v2\/media?parent=20737"}],"wp:term":[{"taxonomy":"category","embeddable":true,"href":"https:\/\/www.asajacyl.com\/palencia\/wp-json\/wp\/v2\/categories?post=20737"},{"taxonomy":"post_tag","embeddable":true,"href":"https:\/\/www.asajacyl.com\/palencia\/wp-json\/wp\/v2\/tags?post=20737"}],"curies":[{"name":"wp","href":"https:\/\/api.w.org\/{rel}","templated":true}]}}