{"id":20769,"date":"2025-08-28T12:30:29","date_gmt":"2025-08-28T10:30:29","guid":{"rendered":"https:\/\/www.asajacyl.com\/palencia\/?p=20769"},"modified":"2025-08-28T12:30:33","modified_gmt":"2025-08-28T10:30:33","slug":"la-colza-deja-ya-de-cotizar-por-esta-campana-debido-a-la-falta-de-operaciones","status":"publish","type":"post","link":"https:\/\/www.asajacyl.com\/palencia\/asaja-palencia-informa\/la-colza-deja-ya-de-cotizar-por-esta-campana-debido-a-la-falta-de-operaciones","title":{"rendered":"La colza deja ya de cotizar por esta campa\u00f1a debido a la falta de operaciones"},"content":{"rendered":"\n<h2 class=\"wp-block-heading\">La colza ha dejado esta semana de cotizar en la Lonja de Le\u00f3n, ante la falta de operaciones comerciales. Seg\u00fan las solicitudes de la PAC 2025, en la provincia de Palencia se han cultivado esta campa\u00f1a 5500 hect\u00e1reas de esta oleaginosa. Por lo que respecta a los cereales, todos repitieron cotizaci\u00f3n este mi\u00e9rcoles, 27 de agosto, salvo el trigo, que perdi\u00f3 un euro y se sit\u00faa en los 193 euros\/tonelada, su precio m\u00e1s bajo en esta plaza desde enero de 2021. <\/h2>\n\n\n\n<p>Ese precio tan bajo del trigo sirve para recordar, una vez m\u00e1s, que las actuales cotizaciones de los cereales que padecen nuestros agricultores implican que est\u00e9n asumiendo de su cuenta de resultados toda la enorma inflaci\u00f3n de costes de producci\u00f3n vivida en Espa\u00f1a en el \u00faltimo quinquenio. <\/p>\n\n\n\n<p>Desde la Lonja de Le\u00f3n apuntaban esta semana que la incertidumbre reina en el sector cerealista mundial, que es el que marca los precios de nuestro grano, con cuestiones geopol\u00edticas de calado. \u00abLos mercados est\u00e1n muy pendientes de un exceso de preguntas que, a fecha de hoym tienen poca constestaci\u00f3n: negociaciones entre Rusia y Ucrania, incremento del tono comercial entre Estados Unidos y China, cotizaci\u00f3n euro-d\u00f3lar, incremento de rendimientos y producci\u00f3n de trigo mayor de la esperada en Rusia, previsi\u00f3n de campa\u00f1a r\u00e9cord de ma\u00edz en Estados Unidos y degradaci\u00f3n de este mismo cultivo en Europa por la ola de calor\u00bb.<\/p>\n\n\n\n<p>Por ello, desde el mercado leon\u00e9s augur\u00e1n \u00abtiempos de volatilidad en los mercados internacionales, en los que la referencia no puede ser cortoplacista, puesto que ya hemos vivido muchas semanas donde se alternan grandes subidas y bajadas para acabar en el mismo precio con el que comenzamos\u00bb.<\/p>\n\n\n<div class=\"wp-block-image\">\n<figure class=\"alignright size-large is-resized\"><img loading=\"lazy\" decoding=\"async\" width=\"1024\" height=\"450\" src=\"https:\/\/www.asajacyl.com\/palencia\/wp-content\/uploads\/sites\/3\/2025\/08\/Historico-grafico-colza-PAC-2002-2025-1024x450.png\" alt=\"\" class=\"wp-image-20772\" style=\"width:841px;height:auto\" srcset=\"https:\/\/www.asajacyl.com\/palencia\/wp-content\/uploads\/sites\/3\/2025\/08\/Historico-grafico-colza-PAC-2002-2025-1024x450.png 1024w, https:\/\/www.asajacyl.com\/palencia\/wp-content\/uploads\/sites\/3\/2025\/08\/Historico-grafico-colza-PAC-2002-2025-300x132.png 300w, https:\/\/www.asajacyl.com\/palencia\/wp-content\/uploads\/sites\/3\/2025\/08\/Historico-grafico-colza-PAC-2002-2025-768x337.png 768w, https:\/\/www.asajacyl.com\/palencia\/wp-content\/uploads\/sites\/3\/2025\/08\/Historico-grafico-colza-PAC-2002-2025-1536x675.png 1536w, https:\/\/www.asajacyl.com\/palencia\/wp-content\/uploads\/sites\/3\/2025\/08\/Historico-grafico-colza-PAC-2002-2025-956x420.png 956w, https:\/\/www.asajacyl.com\/palencia\/wp-content\/uploads\/sites\/3\/2025\/08\/Historico-grafico-colza-PAC-2002-2025-696x306.png 696w, https:\/\/www.asajacyl.com\/palencia\/wp-content\/uploads\/sites\/3\/2025\/08\/Historico-grafico-colza-PAC-2002-2025-1068x469.png 1068w, https:\/\/www.asajacyl.com\/palencia\/wp-content\/uploads\/sites\/3\/2025\/08\/Historico-grafico-colza-PAC-2002-2025.png 1539w\" sizes=\"(max-width: 1024px) 100vw, 1024px\" \/><\/figure><\/div>\n\n\n<p><strong>BUENA CAMPA\u00d1A.<\/strong> Como contraste, la colza ha ofrecido esta campa\u00f1a un buen resultado, tanto en t\u00e9rminos de rendimiento como de precios, si bien su repercusi\u00f3n dentro de la agricultura y la econom\u00eda palentinas no es comparable \u2014ni de lejos\u2014 con el menoscabo que la crisis de precio del cereal est\u00e1 ocasionando. Y es que, frente a las seis mil hect\u00e1reas de colza, la provincia ha cultivado este a\u00f1o cerca de 300 000 hect\u00e1reas de cereal (incluido ma\u00edz), seg\u00fan las solicitudes de la PAC 2025.<\/p>\n\n\n\n<p>En la lonja leonesa la colza arranc\u00f3 a primeros de julio a 405 euros\/tonelada, un precio al que ha operado casi toda la campa\u00f1a (salvo medio mes al inicio, en el que baj\u00f3 a la horquilla de los 402-403 \u20ac\/t). La campa\u00f1a cosechada en 2024 se movi\u00f3 entre los 385 euros\/tonelada del inicio, pero lleg\u00f3 a 410 euros en el tramo final.<\/p>\n\n\n\n<p>Seg\u00fan los avances del Ministerio de Agricultura, el rendimiento de la colza recogida en 2025 en la provincia de Palencia ha rondado los 3280 kilos\/hect\u00e1rea en regad\u00edo y los 2740 kilos\/hect\u00e1rea en secano, lo que supone el 17 % y el 33 % m\u00e1s que la media de la \u00faltima d\u00e9cada.<\/p>\n\n\n\n<p><strong>SEGUNDO CULTIVO INDUSTRIAL. <\/strong>Sin superar las seis mil hect\u00e1reas, como en las dos campa\u00f1as anteriores, los agricultores palentinos han ratificado en esta \u00faltima a la colza como una alternativa en auge en esta provincia, especialmente desde 2020. <\/p>\n\n\n\n<p>Si hasta ese a\u00f1o la media anual de superficie apenas llegaba a las cuatrocientas hect\u00e1reas (periodo 2002-2019), desde entonces se mueve en torno a las 4700 hect\u00e1reas anuales, e incluso ha superado con holgura ese umbral en las \u00faltimas cuatro campa\u00f1as. <\/p>\n\n\n\n<p>Dado el maltrato de la industria al agricultor remolachero, la colza ocupa ya el segundo escal\u00f3n entre los cultivos industriales en la provincia, solamente superada por el girasol, del que se cultivar\u00e1n este a\u00f1o en Palencia unas 45 000 hect\u00e1reas, seg\u00fan los datos de las solicitudes de la PAC 2025. <\/p>\n\n\n\n<p>El auge de la colza en Palencia se enmarca dentro del general que ha experimentado el cultivo en Castilla y Le\u00f3n, comunidad que supone aproximadamente la mitad de esta oleaginosa en Espa\u00f1a. Sus semillas peque\u00f1as y redondas tienen un alto contenido en aceite. La apertura el verano de 2008 en Olmedo de una planta de la cooperativa ACOR para transformar oleaginosas en harinas de alimentaci\u00f3n animal y aceite crudo para biodiesel, es otro factor que ayud\u00f3 al crecimiento de la colza en la comunidad.<strong>\/<\/strong> <\/p>\n\n\n\n<figure class=\"wp-block-image size-large is-resized\"><img loading=\"lazy\" decoding=\"async\" width=\"1024\" height=\"768\" src=\"https:\/\/www.asajacyl.com\/palencia\/wp-content\/uploads\/sites\/3\/2025\/08\/Precios-agricultura-27agosto2025-1024x768.jpg\" alt=\"\" class=\"wp-image-20770\" style=\"width:1067px;height:auto\" srcset=\"https:\/\/www.asajacyl.com\/palencia\/wp-content\/uploads\/sites\/3\/2025\/08\/Precios-agricultura-27agosto2025-1024x768.jpg 1024w, https:\/\/www.asajacyl.com\/palencia\/wp-content\/uploads\/sites\/3\/2025\/08\/Precios-agricultura-27agosto2025-300x225.jpg 300w, https:\/\/www.asajacyl.com\/palencia\/wp-content\/uploads\/sites\/3\/2025\/08\/Precios-agricultura-27agosto2025-768x576.jpg 768w, https:\/\/www.asajacyl.com\/palencia\/wp-content\/uploads\/sites\/3\/2025\/08\/Precios-agricultura-27agosto2025-1536x1152.jpg 1536w, https:\/\/www.asajacyl.com\/palencia\/wp-content\/uploads\/sites\/3\/2025\/08\/Precios-agricultura-27agosto2025-2048x1536.jpg 2048w, https:\/\/www.asajacyl.com\/palencia\/wp-content\/uploads\/sites\/3\/2025\/08\/Precios-agricultura-27agosto2025-560x420.jpg 560w, https:\/\/www.asajacyl.com\/palencia\/wp-content\/uploads\/sites\/3\/2025\/08\/Precios-agricultura-27agosto2025-80x60.jpg 80w, https:\/\/www.asajacyl.com\/palencia\/wp-content\/uploads\/sites\/3\/2025\/08\/Precios-agricultura-27agosto2025-696x522.jpg 696w, https:\/\/www.asajacyl.com\/palencia\/wp-content\/uploads\/sites\/3\/2025\/08\/Precios-agricultura-27agosto2025-1068x801.jpg 1068w, https:\/\/www.asajacyl.com\/palencia\/wp-content\/uploads\/sites\/3\/2025\/08\/Precios-agricultura-27agosto2025-1920x1440.jpg 1920w\" sizes=\"(max-width: 1024px) 100vw, 1024px\" \/><\/figure>\n","protected":false},"excerpt":{"rendered":"<p>La colza ha dejado esta semana de cotizar en la Lonja de Le\u00f3n, ante la falta de operaciones comerciales. Seg\u00fan las solicitudes de la PAC 2025, en la provincia de Palencia se han cultivado esta campa\u00f1a 5500 hect\u00e1reas de esta oleaginosa. Por lo que respecta a los cereales, todos repitieron cotizaci\u00f3n este mi\u00e9rcoles, 27 de [&hellip;]<\/p>\n","protected":false},"author":9,"featured_media":20771,"comment_status":"open","ping_status":"open","sticky":false,"template":"","format":"standard","meta":{"footnotes":""},"categories":[9,29,36,28,13],"tags":[380,58,290,221,289,46,213,422,77,293,219,60,220],"yoast_head":"<!-- This site is optimized with the Yoast SEO plugin v24.5 - https:\/\/yoast.com\/wordpress\/plugins\/seo\/ -->\n<title>La colza deja ya de cotizar por esta campa\u00f1a debido a la falta de operaciones - ASAJA Palencia<\/title>\n<meta name=\"description\" content=\"La colza ha dejado esta semana de cotizar en la Lonja de Le\u00f3n, ante la falta de operaciones comerciales. Seg\u00fan las solicitudes de la PAC 2025, en la\" \/>\n<meta name=\"robots\" content=\"index, follow, max-snippet:-1, max-image-preview:large, max-video-preview:-1\" \/>\n<link rel=\"canonical\" href=\"https:\/\/www.asajacyl.com\/palencia\/asaja-palencia-informa\/la-colza-deja-ya-de-cotizar-por-esta-campana-debido-a-la-falta-de-operaciones\" \/>\n<meta property=\"og:locale\" content=\"es_ES\" \/>\n<meta property=\"og:type\" content=\"article\" \/>\n<meta property=\"og:title\" content=\"La colza deja ya de cotizar por esta campa\u00f1a debido a la falta de operaciones - ASAJA Palencia\" \/>\n<meta property=\"og:description\" content=\"La colza ha dejado esta semana de cotizar en la Lonja de Le\u00f3n, ante la falta de operaciones comerciales. Seg\u00fan las solicitudes de la PAC 2025, en la\" \/>\n<meta property=\"og:url\" content=\"https:\/\/www.asajacyl.com\/palencia\/asaja-palencia-informa\/la-colza-deja-ya-de-cotizar-por-esta-campana-debido-a-la-falta-de-operaciones\" \/>\n<meta property=\"og:site_name\" content=\"ASAJA Palencia\" \/>\n<meta property=\"article:published_time\" content=\"2025-08-28T10:30:29+00:00\" \/>\n<meta property=\"article:modified_time\" content=\"2025-08-28T10:30:33+00:00\" \/>\n<meta property=\"og:image\" content=\"https:\/\/www.asajacyl.com\/palencia\/wp-content\/uploads\/sites\/3\/2025\/08\/Colza-Cerrato-horizontal-web.jpg\" \/>\n\t<meta property=\"og:image:width\" content=\"1890\" \/>\n\t<meta property=\"og:image:height\" content=\"1654\" \/>\n\t<meta property=\"og:image:type\" content=\"image\/jpeg\" \/>\n<meta name=\"author\" content=\"Administrador\" \/>\n<meta name=\"twitter:card\" content=\"summary_large_image\" \/>\n<meta name=\"twitter:label1\" content=\"Escrito por\" \/>\n\t<meta name=\"twitter:data1\" content=\"Administrador\" \/>\n\t<meta name=\"twitter:label2\" content=\"Tiempo de lectura\" \/>\n\t<meta name=\"twitter:data2\" content=\"4 minutos\" \/>\n<script type=\"application\/ld+json\" class=\"yoast-schema-graph\">{\"@context\":\"https:\/\/schema.org\",\"@graph\":[{\"@type\":\"WebPage\",\"@id\":\"https:\/\/www.asajacyl.com\/palencia\/asaja-palencia-informa\/la-colza-deja-ya-de-cotizar-por-esta-campana-debido-a-la-falta-de-operaciones\",\"url\":\"https:\/\/www.asajacyl.com\/palencia\/asaja-palencia-informa\/la-colza-deja-ya-de-cotizar-por-esta-campana-debido-a-la-falta-de-operaciones\",\"name\":\"La colza deja ya de cotizar por esta campa\u00f1a debido a la falta de operaciones - ASAJA Palencia\",\"isPartOf\":{\"@id\":\"https:\/\/www.asajacyl.com\/palencia\/#website\"},\"primaryImageOfPage\":{\"@id\":\"https:\/\/www.asajacyl.com\/palencia\/asaja-palencia-informa\/la-colza-deja-ya-de-cotizar-por-esta-campana-debido-a-la-falta-de-operaciones#primaryimage\"},\"image\":{\"@id\":\"https:\/\/www.asajacyl.com\/palencia\/asaja-palencia-informa\/la-colza-deja-ya-de-cotizar-por-esta-campana-debido-a-la-falta-de-operaciones#primaryimage\"},\"thumbnailUrl\":\"https:\/\/www.asajacyl.com\/palencia\/wp-content\/uploads\/sites\/3\/2025\/08\/Colza-Cerrato-horizontal-web.jpg\",\"datePublished\":\"2025-08-28T10:30:29+00:00\",\"dateModified\":\"2025-08-28T10:30:33+00:00\",\"author\":{\"@id\":\"https:\/\/www.asajacyl.com\/palencia\/#\/schema\/person\/3ab17aeb03527485c317557fae64aab1\"},\"description\":\"La colza ha dejado esta semana de cotizar en la Lonja de Le\u00f3n, ante la falta de operaciones comerciales. Seg\u00fan las solicitudes de la PAC 2025, en la\",\"breadcrumb\":{\"@id\":\"https:\/\/www.asajacyl.com\/palencia\/asaja-palencia-informa\/la-colza-deja-ya-de-cotizar-por-esta-campana-debido-a-la-falta-de-operaciones#breadcrumb\"},\"inLanguage\":\"es\",\"potentialAction\":[{\"@type\":\"ReadAction\",\"target\":[\"https:\/\/www.asajacyl.com\/palencia\/asaja-palencia-informa\/la-colza-deja-ya-de-cotizar-por-esta-campana-debido-a-la-falta-de-operaciones\"]}]},{\"@type\":\"ImageObject\",\"inLanguage\":\"es\",\"@id\":\"https:\/\/www.asajacyl.com\/palencia\/asaja-palencia-informa\/la-colza-deja-ya-de-cotizar-por-esta-campana-debido-a-la-falta-de-operaciones#primaryimage\",\"url\":\"https:\/\/www.asajacyl.com\/palencia\/wp-content\/uploads\/sites\/3\/2025\/08\/Colza-Cerrato-horizontal-web.jpg\",\"contentUrl\":\"https:\/\/www.asajacyl.com\/palencia\/wp-content\/uploads\/sites\/3\/2025\/08\/Colza-Cerrato-horizontal-web.jpg\",\"width\":1890,\"height\":1654},{\"@type\":\"BreadcrumbList\",\"@id\":\"https:\/\/www.asajacyl.com\/palencia\/asaja-palencia-informa\/la-colza-deja-ya-de-cotizar-por-esta-campana-debido-a-la-falta-de-operaciones#breadcrumb\",\"itemListElement\":[{\"@type\":\"ListItem\",\"position\":1,\"name\":\"Portada\",\"item\":\"https:\/\/www.asajacyl.com\/palencia\/\"},{\"@type\":\"ListItem\",\"position\":2,\"name\":\"La colza deja ya de cotizar por esta campa\u00f1a debido a la falta de operaciones\"}]},{\"@type\":\"WebSite\",\"@id\":\"https:\/\/www.asajacyl.com\/palencia\/#website\",\"url\":\"https:\/\/www.asajacyl.com\/palencia\/\",\"name\":\"ASAJA Palencia\",\"description\":\"Otro sitio m\u00e1s de Provincias ASAJA Castilla y Le\u00f3n\",\"potentialAction\":[{\"@type\":\"SearchAction\",\"target\":{\"@type\":\"EntryPoint\",\"urlTemplate\":\"https:\/\/www.asajacyl.com\/palencia\/?s={search_term_string}\"},\"query-input\":{\"@type\":\"PropertyValueSpecification\",\"valueRequired\":true,\"valueName\":\"search_term_string\"}}],\"inLanguage\":\"es\"},{\"@type\":\"Person\",\"@id\":\"https:\/\/www.asajacyl.com\/palencia\/#\/schema\/person\/3ab17aeb03527485c317557fae64aab1\",\"name\":\"Administrador\",\"image\":{\"@type\":\"ImageObject\",\"inLanguage\":\"es\",\"@id\":\"https:\/\/www.asajacyl.com\/palencia\/#\/schema\/person\/image\/\",\"url\":\"https:\/\/secure.gravatar.com\/avatar\/517384810d242ca9e38c180f3c9fb973?s=96&d=mm&r=g\",\"contentUrl\":\"https:\/\/secure.gravatar.com\/avatar\/517384810d242ca9e38c180f3c9fb973?s=96&d=mm&r=g\",\"caption\":\"Administrador\"},\"url\":\"https:\/\/www.asajacyl.com\/palencia\/author\/carlosrm\"}]}<\/script>\n<!-- \/ Yoast SEO plugin. -->","yoast_head_json":{"title":"La colza deja ya de cotizar por esta campa\u00f1a debido a la falta de operaciones - ASAJA Palencia","description":"La colza ha dejado esta semana de cotizar en la Lonja de Le\u00f3n, ante la falta de operaciones comerciales. Seg\u00fan las solicitudes de la PAC 2025, en la","robots":{"index":"index","follow":"follow","max-snippet":"max-snippet:-1","max-image-preview":"max-image-preview:large","max-video-preview":"max-video-preview:-1"},"canonical":"https:\/\/www.asajacyl.com\/palencia\/asaja-palencia-informa\/la-colza-deja-ya-de-cotizar-por-esta-campana-debido-a-la-falta-de-operaciones","og_locale":"es_ES","og_type":"article","og_title":"La colza deja ya de cotizar por esta campa\u00f1a debido a la falta de operaciones - ASAJA Palencia","og_description":"La colza ha dejado esta semana de cotizar en la Lonja de Le\u00f3n, ante la falta de operaciones comerciales. Seg\u00fan las solicitudes de la PAC 2025, en la","og_url":"https:\/\/www.asajacyl.com\/palencia\/asaja-palencia-informa\/la-colza-deja-ya-de-cotizar-por-esta-campana-debido-a-la-falta-de-operaciones","og_site_name":"ASAJA Palencia","article_published_time":"2025-08-28T10:30:29+00:00","article_modified_time":"2025-08-28T10:30:33+00:00","og_image":[{"width":1890,"height":1654,"url":"https:\/\/www.asajacyl.com\/palencia\/wp-content\/uploads\/sites\/3\/2025\/08\/Colza-Cerrato-horizontal-web.jpg","type":"image\/jpeg"}],"author":"Administrador","twitter_card":"summary_large_image","twitter_misc":{"Escrito por":"Administrador","Tiempo de lectura":"4 minutos"},"schema":{"@context":"https:\/\/schema.org","@graph":[{"@type":"WebPage","@id":"https:\/\/www.asajacyl.com\/palencia\/asaja-palencia-informa\/la-colza-deja-ya-de-cotizar-por-esta-campana-debido-a-la-falta-de-operaciones","url":"https:\/\/www.asajacyl.com\/palencia\/asaja-palencia-informa\/la-colza-deja-ya-de-cotizar-por-esta-campana-debido-a-la-falta-de-operaciones","name":"La colza deja ya de cotizar por esta campa\u00f1a debido a la falta de operaciones - ASAJA Palencia","isPartOf":{"@id":"https:\/\/www.asajacyl.com\/palencia\/#website"},"primaryImageOfPage":{"@id":"https:\/\/www.asajacyl.com\/palencia\/asaja-palencia-informa\/la-colza-deja-ya-de-cotizar-por-esta-campana-debido-a-la-falta-de-operaciones#primaryimage"},"image":{"@id":"https:\/\/www.asajacyl.com\/palencia\/asaja-palencia-informa\/la-colza-deja-ya-de-cotizar-por-esta-campana-debido-a-la-falta-de-operaciones#primaryimage"},"thumbnailUrl":"https:\/\/www.asajacyl.com\/palencia\/wp-content\/uploads\/sites\/3\/2025\/08\/Colza-Cerrato-horizontal-web.jpg","datePublished":"2025-08-28T10:30:29+00:00","dateModified":"2025-08-28T10:30:33+00:00","author":{"@id":"https:\/\/www.asajacyl.com\/palencia\/#\/schema\/person\/3ab17aeb03527485c317557fae64aab1"},"description":"La colza ha dejado esta semana de cotizar en la Lonja de Le\u00f3n, ante la falta de operaciones comerciales. Seg\u00fan las solicitudes de la PAC 2025, en la","breadcrumb":{"@id":"https:\/\/www.asajacyl.com\/palencia\/asaja-palencia-informa\/la-colza-deja-ya-de-cotizar-por-esta-campana-debido-a-la-falta-de-operaciones#breadcrumb"},"inLanguage":"es","potentialAction":[{"@type":"ReadAction","target":["https:\/\/www.asajacyl.com\/palencia\/asaja-palencia-informa\/la-colza-deja-ya-de-cotizar-por-esta-campana-debido-a-la-falta-de-operaciones"]}]},{"@type":"ImageObject","inLanguage":"es","@id":"https:\/\/www.asajacyl.com\/palencia\/asaja-palencia-informa\/la-colza-deja-ya-de-cotizar-por-esta-campana-debido-a-la-falta-de-operaciones#primaryimage","url":"https:\/\/www.asajacyl.com\/palencia\/wp-content\/uploads\/sites\/3\/2025\/08\/Colza-Cerrato-horizontal-web.jpg","contentUrl":"https:\/\/www.asajacyl.com\/palencia\/wp-content\/uploads\/sites\/3\/2025\/08\/Colza-Cerrato-horizontal-web.jpg","width":1890,"height":1654},{"@type":"BreadcrumbList","@id":"https:\/\/www.asajacyl.com\/palencia\/asaja-palencia-informa\/la-colza-deja-ya-de-cotizar-por-esta-campana-debido-a-la-falta-de-operaciones#breadcrumb","itemListElement":[{"@type":"ListItem","position":1,"name":"Portada","item":"https:\/\/www.asajacyl.com\/palencia\/"},{"@type":"ListItem","position":2,"name":"La colza deja ya de cotizar por esta campa\u00f1a debido a la falta de operaciones"}]},{"@type":"WebSite","@id":"https:\/\/www.asajacyl.com\/palencia\/#website","url":"https:\/\/www.asajacyl.com\/palencia\/","name":"ASAJA Palencia","description":"Otro sitio m\u00e1s de Provincias ASAJA Castilla y Le\u00f3n","potentialAction":[{"@type":"SearchAction","target":{"@type":"EntryPoint","urlTemplate":"https:\/\/www.asajacyl.com\/palencia\/?s={search_term_string}"},"query-input":{"@type":"PropertyValueSpecification","valueRequired":true,"valueName":"search_term_string"}}],"inLanguage":"es"},{"@type":"Person","@id":"https:\/\/www.asajacyl.com\/palencia\/#\/schema\/person\/3ab17aeb03527485c317557fae64aab1","name":"Administrador","image":{"@type":"ImageObject","inLanguage":"es","@id":"https:\/\/www.asajacyl.com\/palencia\/#\/schema\/person\/image\/","url":"https:\/\/secure.gravatar.com\/avatar\/517384810d242ca9e38c180f3c9fb973?s=96&d=mm&r=g","contentUrl":"https:\/\/secure.gravatar.com\/avatar\/517384810d242ca9e38c180f3c9fb973?s=96&d=mm&r=g","caption":"Administrador"},"url":"https:\/\/www.asajacyl.com\/palencia\/author\/carlosrm"}]}},"_links":{"self":[{"href":"https:\/\/www.asajacyl.com\/palencia\/wp-json\/wp\/v2\/posts\/20769"}],"collection":[{"href":"https:\/\/www.asajacyl.com\/palencia\/wp-json\/wp\/v2\/posts"}],"about":[{"href":"https:\/\/www.asajacyl.com\/palencia\/wp-json\/wp\/v2\/types\/post"}],"author":[{"embeddable":true,"href":"https:\/\/www.asajacyl.com\/palencia\/wp-json\/wp\/v2\/users\/9"}],"replies":[{"embeddable":true,"href":"https:\/\/www.asajacyl.com\/palencia\/wp-json\/wp\/v2\/comments?post=20769"}],"version-history":[{"count":1,"href":"https:\/\/www.asajacyl.com\/palencia\/wp-json\/wp\/v2\/posts\/20769\/revisions"}],"predecessor-version":[{"id":20773,"href":"https:\/\/www.asajacyl.com\/palencia\/wp-json\/wp\/v2\/posts\/20769\/revisions\/20773"}],"wp:featuredmedia":[{"embeddable":true,"href":"https:\/\/www.asajacyl.com\/palencia\/wp-json\/wp\/v2\/media\/20771"}],"wp:attachment":[{"href":"https:\/\/www.asajacyl.com\/palencia\/wp-json\/wp\/v2\/media?parent=20769"}],"wp:term":[{"taxonomy":"category","embeddable":true,"href":"https:\/\/www.asajacyl.com\/palencia\/wp-json\/wp\/v2\/categories?post=20769"},{"taxonomy":"post_tag","embeddable":true,"href":"https:\/\/www.asajacyl.com\/palencia\/wp-json\/wp\/v2\/tags?post=20769"}],"curies":[{"name":"wp","href":"https:\/\/api.w.org\/{rel}","templated":true}]}}