{"id":20794,"date":"2025-09-03T13:54:33","date_gmt":"2025-09-03T11:54:33","guid":{"rendered":"https:\/\/www.asajacyl.com\/palencia\/?p=20794"},"modified":"2025-09-03T13:54:37","modified_gmt":"2025-09-03T11:54:37","slug":"incendios-y-nueva-pac-marcan-la-reivindicacion-de-asaja-cyl-que-celebrara-su-xi-congreso-el-dia-26","status":"publish","type":"post","link":"https:\/\/www.asajacyl.com\/palencia\/asaja-palencia-informa\/incendios-y-nueva-pac-marcan-la-reivindicacion-de-asaja-cyl-que-celebrara-su-xi-congreso-el-dia-26","title":{"rendered":"Incendios y nueva PAC marcan la reivindicaci\u00f3n de ASAJA-CyL, que celebrar\u00e1 su XI Congreso el d\u00eda 26"},"content":{"rendered":"\n<h2 class=\"wp-block-heading\">ASAJA-Castilla y Le\u00f3n ha celebrado este mi\u00e9rcoles, 3 de septiembre, en su nueva sede reuni\u00f3n de su junta directiva, centrada en los problemas que atraviesa el sector agroganadero de nuestra comunidad, con las medidas de apoyo a los afectados por la grave oleada de incendios como asunto m\u00e1s urgente. Asimismo, se ha abordado otros problemas a los que se enfrentan nuestros profesionales como la baja rentabilidad de los cultivos cerealistas y la amenaza de reforma de la Pol\u00edtica Agr\u00edcola Com\u00fan a partir de 2028, sin olvidar las consecuencias en los mercados de los acuerdos comerciales de la Uni\u00f3n Europea. La directiva de ASAJA-CyL, que aprob\u00f3 celebrar el XI Congreso Regional el viernes 26 de septiembre en \u00c1vila, articular\u00e1 en los pr\u00f3ximos meses una activa respuesta un\u00e1nime y reivindicativa ante estos problemas complejos y cr\u00edticos. <\/h2>\n\n\n<div class=\"wp-block-image\">\n<figure class=\"alignright size-large is-resized\"><img loading=\"lazy\" decoding=\"async\" width=\"1024\" height=\"436\" src=\"https:\/\/www.asajacyl.com\/palencia\/wp-content\/uploads\/sites\/3\/2025\/09\/ASAJA-directiva-3sep2025-web-1024x436.jpg\" alt=\"\" class=\"wp-image-20795\" style=\"width:721px;height:auto\" srcset=\"https:\/\/www.asajacyl.com\/palencia\/wp-content\/uploads\/sites\/3\/2025\/09\/ASAJA-directiva-3sep2025-web-1024x436.jpg 1024w, https:\/\/www.asajacyl.com\/palencia\/wp-content\/uploads\/sites\/3\/2025\/09\/ASAJA-directiva-3sep2025-web-300x128.jpg 300w, https:\/\/www.asajacyl.com\/palencia\/wp-content\/uploads\/sites\/3\/2025\/09\/ASAJA-directiva-3sep2025-web-768x327.jpg 768w, https:\/\/www.asajacyl.com\/palencia\/wp-content\/uploads\/sites\/3\/2025\/09\/ASAJA-directiva-3sep2025-web-1536x654.jpg 1536w, https:\/\/www.asajacyl.com\/palencia\/wp-content\/uploads\/sites\/3\/2025\/09\/ASAJA-directiva-3sep2025-web-2048x872.jpg 2048w, https:\/\/www.asajacyl.com\/palencia\/wp-content\/uploads\/sites\/3\/2025\/09\/ASAJA-directiva-3sep2025-web-987x420.jpg 987w, https:\/\/www.asajacyl.com\/palencia\/wp-content\/uploads\/sites\/3\/2025\/09\/ASAJA-directiva-3sep2025-web-696x296.jpg 696w, https:\/\/www.asajacyl.com\/palencia\/wp-content\/uploads\/sites\/3\/2025\/09\/ASAJA-directiva-3sep2025-web-1068x455.jpg 1068w, https:\/\/www.asajacyl.com\/palencia\/wp-content\/uploads\/sites\/3\/2025\/09\/ASAJA-directiva-3sep2025-web-1920x817.jpg 1920w\" sizes=\"(max-width: 1024px) 100vw, 1024px\" \/><figcaption class=\"wp-element-caption\">Participantes en la reuni\u00f3n de la junta directiva de ASAJA-Castilla y Le\u00f3n, presidida por Donaciano Dujo, en la nueva sede regional de nuestra organizaci\u00f3n, en el n\u00famero 6 de la calle Monasterio de Santa Isabel, en Valladolid.<\/figcaption><\/figure><\/div>\n\n\n<p>El problema m\u00e1s urgente estos d\u00edas son las consecuencias de los incendios, porque est\u00e1n paralizando la actividad y la vida de los ganaderos y agricultores, as\u00ed como de sus familias en los n\u00facleos afectados. <\/p>\n\n\n\n<p>Los responsables de ASAJA han repasado la situaci\u00f3n en las provincias, con especial detenimiento en los territorios m\u00e1s da\u00f1ados.<\/p>\n\n\n\n<p>Se ha valorado la puesta en marcha de medidas por parte de la Junta de Castilla y Le\u00f3n, as\u00ed como la participaci\u00f3n activa de las organizaciones agrarias en el proceso, que a\u00fan est\u00e1 abierto, puesto que los frentes son muchos, como la ausencia de agricultores y ganaderos profesionales en las listas de afectados publicadas hasta ahora. <\/p>\n\n\n\n<p><strong>DESDE EL PRIMER D\u00cdA. <\/strong>Como corresponde a la principal organizaci\u00f3n profesional agraria de la comunidad, ASAJA-Castilla y Le\u00f3n trabaja desde el primer d\u00eda, y seguir\u00e1 trabajando, para que el sector cuente con todas las ayudas y los apoyos posibles para poder remontar tras este golpe que ha borrado del mapa el paisaje agroganadero en miles de hect\u00e1reas.<\/p>\n\n\n\n<p>Por otra parte, la directiva ha acordado reclamar al Gobierno de Espa\u00f1a que cumpla su compromiso, expresado en los acuerdos del Consejo de Ministros, de poner en marcha subvenciones por da\u00f1os en producciones agr\u00edcolas, ganaderas y forestales, ayudas por ahora sin concretar. Para ASAJA, es fundamental que las promesas de las administraciones se lleven a t\u00e9rmino, y no caigan en el olvido, como por desgracia ha ocurrido otras veces en el pasado.<\/p>\n\n\n\n<p><strong>SEMENTERA INMINENTE. <\/strong>Adem\u00e1s de los incendios, se ha analizado la situaci\u00f3n del sector cerealista, que atraviesa una crisis de rentabilidad sin precedentes, sin que los bajos precios que precedieron a la recolecci\u00f3n de 2025 hayan remontado a d\u00eda de hoy. <\/p>\n\n\n\n<p>Este hecho multiplica el temor y la precauci\u00f3n de los profesionales a la hora de afrontar la nueva sementera, que est\u00e1 a la vuelta de la esquina, porque los costes de producci\u00f3n siguen disparados y, a estos precios, ni unos rendimientos por encima de la media, como ha sucedido esta pasada campa\u00f1a, son sin\u00f3nimo de rentabilidad.<\/p>\n\n\n\n<p><strong>PRESI\u00d3N ANTE LA FUTURA PAC. <\/strong>En tercer lugar, los responsables de ASAJA a nivel regional y de las nueve provincias han estudiado posibles medidas de presi\u00f3n ante el rumbo que plantea la PAC del periodo 2028-2034, cuyas medidas afectar\u00e1n ya a los agricultores y ganaderos en un par de a\u00f1os.<\/p>\n\n\n\n<p>Todo apunta a que la PAC sufrir\u00e1 un descalabro presupuestario fatal para los intereses de nuestro modelo profesional, el predominante en Castilla y Le\u00f3n, con medidas como <\/p>\n\n\n\n<ul>\n<li>el recorte de fondos (especialmente lesivo si tenemos en cuenta la inflaci\u00f3n, ya que podr\u00eda rondar el 50 % teniendo en cuenta ese factor), <\/li>\n\n\n\n<li>la limitaci\u00f3n regresiva de las ayudas directas, lo que desincentiva la productividad, y <\/li>\n\n\n\n<li>la inclusi\u00f3n en un fondo por pa\u00eds, que obliga a competir entre territorios y dinamita ese adjetivo \u00abcom\u00fan\u00bb de este eje de la pol\u00edtica europea, etc\u00e9tera.<\/li>\n<\/ul>\n\n\n\n<p><strong>ACUERDOS COMERCIALES. <\/strong>La falta de rentabilidad \u2014especialmente del cereal, tan importante en el campo de Castilla y Le\u00f3n\u2014, estas amenazas de la nueva PAC y las consecuencias de las medidas de comercio internacional de la UE con naciones extracomunitarias (importaciones desde Ucrania, nuevo acuerdo arancelario con Estados Unidos, el inminente con Mercosur&#8230;) plantean un horizonte oscuro, que debilita nuestro sector agroganadero. <\/p>\n\n\n\n<p>ASAJA-Castilla y Le\u00f3n responder\u00e1 con firmeza, en los despachos y en la calle, ante este contexto complicado y conflictivo; y exigir\u00e1 compensaciones porque el sector agroganadero est\u00e1 siendo utilizado, una vez m\u00e1s, como moneda de cambio para los logros en otros \u00e1mbitos pol\u00edticos, lo que perjudica de forma severa a nuestros profesionales del campo, y especialmente en nuestra comunidad.<strong>\/<\/strong><\/p>\n","protected":false},"excerpt":{"rendered":"<p>ASAJA-Castilla y Le\u00f3n ha celebrado este mi\u00e9rcoles, 3 de septiembre, en su nueva sede reuni\u00f3n de su junta directiva, centrada en los problemas que atraviesa el sector agroganadero de nuestra comunidad, con las medidas de apoyo a los afectados por la grave oleada de incendios como asunto m\u00e1s urgente. Asimismo, se ha abordado otros problemas [&hellip;]<\/p>\n","protected":false},"author":9,"featured_media":20800,"comment_status":"open","ping_status":"open","sticky":false,"template":"","format":"standard","meta":{"footnotes":""},"categories":[9,31,28,13],"tags":[1531,1211,1563,58,677,59,46,142,351,77,94,922,1171,92,110,706,45,1188,93,338],"yoast_head":"<!-- This site is optimized with the Yoast SEO plugin v24.5 - https:\/\/yoast.com\/wordpress\/plugins\/seo\/ -->\n<title>Incendios y nueva PAC marcan la reivindicaci\u00f3n de ASAJA-CyL, que celebrar\u00e1 su XI Congreso el d\u00eda 26 - ASAJA Palencia<\/title>\n<meta name=\"description\" content=\"ASAJA-Castilla y Le\u00f3n ha celebrado este mi\u00e9rcoles, 3 de septiembre, en su nueva sede reuni\u00f3n de su junta directiva, centrada en los problemas que\" \/>\n<meta name=\"robots\" content=\"index, follow, max-snippet:-1, max-image-preview:large, max-video-preview:-1\" \/>\n<link rel=\"canonical\" href=\"https:\/\/www.asajacyl.com\/palencia\/asaja-palencia-informa\/incendios-y-nueva-pac-marcan-la-reivindicacion-de-asaja-cyl-que-celebrara-su-xi-congreso-el-dia-26\" \/>\n<meta property=\"og:locale\" content=\"es_ES\" \/>\n<meta property=\"og:type\" content=\"article\" \/>\n<meta property=\"og:title\" content=\"Incendios y nueva PAC marcan la reivindicaci\u00f3n de ASAJA-CyL, que celebrar\u00e1 su XI Congreso el d\u00eda 26 - ASAJA Palencia\" \/>\n<meta property=\"og:description\" content=\"ASAJA-Castilla y Le\u00f3n ha celebrado este mi\u00e9rcoles, 3 de septiembre, en su nueva sede reuni\u00f3n de su junta directiva, centrada en los problemas que\" \/>\n<meta property=\"og:url\" content=\"https:\/\/www.asajacyl.com\/palencia\/asaja-palencia-informa\/incendios-y-nueva-pac-marcan-la-reivindicacion-de-asaja-cyl-que-celebrara-su-xi-congreso-el-dia-26\" \/>\n<meta property=\"og:site_name\" content=\"ASAJA Palencia\" \/>\n<meta property=\"article:published_time\" content=\"2025-09-03T11:54:33+00:00\" \/>\n<meta property=\"article:modified_time\" content=\"2025-09-03T11:54:37+00:00\" \/>\n<meta property=\"og:image\" content=\"https:\/\/www.asajacyl.com\/palencia\/wp-content\/uploads\/sites\/3\/2025\/09\/ASAJA-directiva-3sep2025-WEB2.jpg\" \/>\n\t<meta property=\"og:image:width\" content=\"1890\" \/>\n\t<meta property=\"og:image:height\" content=\"1654\" \/>\n\t<meta property=\"og:image:type\" content=\"image\/jpeg\" \/>\n<meta name=\"author\" content=\"Administrador\" \/>\n<meta name=\"twitter:card\" content=\"summary_large_image\" \/>\n<meta name=\"twitter:label1\" content=\"Escrito por\" \/>\n\t<meta name=\"twitter:data1\" content=\"Administrador\" \/>\n\t<meta name=\"twitter:label2\" content=\"Tiempo de lectura\" \/>\n\t<meta name=\"twitter:data2\" content=\"4 minutos\" \/>\n<script type=\"application\/ld+json\" class=\"yoast-schema-graph\">{\"@context\":\"https:\/\/schema.org\",\"@graph\":[{\"@type\":\"WebPage\",\"@id\":\"https:\/\/www.asajacyl.com\/palencia\/asaja-palencia-informa\/incendios-y-nueva-pac-marcan-la-reivindicacion-de-asaja-cyl-que-celebrara-su-xi-congreso-el-dia-26\",\"url\":\"https:\/\/www.asajacyl.com\/palencia\/asaja-palencia-informa\/incendios-y-nueva-pac-marcan-la-reivindicacion-de-asaja-cyl-que-celebrara-su-xi-congreso-el-dia-26\",\"name\":\"Incendios y nueva PAC marcan la reivindicaci\u00f3n de ASAJA-CyL, que celebrar\u00e1 su XI Congreso el d\u00eda 26 - ASAJA Palencia\",\"isPartOf\":{\"@id\":\"https:\/\/www.asajacyl.com\/palencia\/#website\"},\"primaryImageOfPage\":{\"@id\":\"https:\/\/www.asajacyl.com\/palencia\/asaja-palencia-informa\/incendios-y-nueva-pac-marcan-la-reivindicacion-de-asaja-cyl-que-celebrara-su-xi-congreso-el-dia-26#primaryimage\"},\"image\":{\"@id\":\"https:\/\/www.asajacyl.com\/palencia\/asaja-palencia-informa\/incendios-y-nueva-pac-marcan-la-reivindicacion-de-asaja-cyl-que-celebrara-su-xi-congreso-el-dia-26#primaryimage\"},\"thumbnailUrl\":\"https:\/\/www.asajacyl.com\/palencia\/wp-content\/uploads\/sites\/3\/2025\/09\/ASAJA-directiva-3sep2025-WEB2.jpg\",\"datePublished\":\"2025-09-03T11:54:33+00:00\",\"dateModified\":\"2025-09-03T11:54:37+00:00\",\"author\":{\"@id\":\"https:\/\/www.asajacyl.com\/palencia\/#\/schema\/person\/3ab17aeb03527485c317557fae64aab1\"},\"description\":\"ASAJA-Castilla y Le\u00f3n ha celebrado este mi\u00e9rcoles, 3 de septiembre, en su nueva sede reuni\u00f3n de su junta directiva, centrada en los problemas que\",\"breadcrumb\":{\"@id\":\"https:\/\/www.asajacyl.com\/palencia\/asaja-palencia-informa\/incendios-y-nueva-pac-marcan-la-reivindicacion-de-asaja-cyl-que-celebrara-su-xi-congreso-el-dia-26#breadcrumb\"},\"inLanguage\":\"es\",\"potentialAction\":[{\"@type\":\"ReadAction\",\"target\":[\"https:\/\/www.asajacyl.com\/palencia\/asaja-palencia-informa\/incendios-y-nueva-pac-marcan-la-reivindicacion-de-asaja-cyl-que-celebrara-su-xi-congreso-el-dia-26\"]}]},{\"@type\":\"ImageObject\",\"inLanguage\":\"es\",\"@id\":\"https:\/\/www.asajacyl.com\/palencia\/asaja-palencia-informa\/incendios-y-nueva-pac-marcan-la-reivindicacion-de-asaja-cyl-que-celebrara-su-xi-congreso-el-dia-26#primaryimage\",\"url\":\"https:\/\/www.asajacyl.com\/palencia\/wp-content\/uploads\/sites\/3\/2025\/09\/ASAJA-directiva-3sep2025-WEB2.jpg\",\"contentUrl\":\"https:\/\/www.asajacyl.com\/palencia\/wp-content\/uploads\/sites\/3\/2025\/09\/ASAJA-directiva-3sep2025-WEB2.jpg\",\"width\":1890,\"height\":1654},{\"@type\":\"BreadcrumbList\",\"@id\":\"https:\/\/www.asajacyl.com\/palencia\/asaja-palencia-informa\/incendios-y-nueva-pac-marcan-la-reivindicacion-de-asaja-cyl-que-celebrara-su-xi-congreso-el-dia-26#breadcrumb\",\"itemListElement\":[{\"@type\":\"ListItem\",\"position\":1,\"name\":\"Portada\",\"item\":\"https:\/\/www.asajacyl.com\/palencia\/\"},{\"@type\":\"ListItem\",\"position\":2,\"name\":\"Incendios y nueva PAC marcan la reivindicaci\u00f3n de ASAJA-CyL, que celebrar\u00e1 su XI Congreso el d\u00eda 26\"}]},{\"@type\":\"WebSite\",\"@id\":\"https:\/\/www.asajacyl.com\/palencia\/#website\",\"url\":\"https:\/\/www.asajacyl.com\/palencia\/\",\"name\":\"ASAJA Palencia\",\"description\":\"Otro sitio m\u00e1s de Provincias ASAJA Castilla y Le\u00f3n\",\"potentialAction\":[{\"@type\":\"SearchAction\",\"target\":{\"@type\":\"EntryPoint\",\"urlTemplate\":\"https:\/\/www.asajacyl.com\/palencia\/?s={search_term_string}\"},\"query-input\":{\"@type\":\"PropertyValueSpecification\",\"valueRequired\":true,\"valueName\":\"search_term_string\"}}],\"inLanguage\":\"es\"},{\"@type\":\"Person\",\"@id\":\"https:\/\/www.asajacyl.com\/palencia\/#\/schema\/person\/3ab17aeb03527485c317557fae64aab1\",\"name\":\"Administrador\",\"image\":{\"@type\":\"ImageObject\",\"inLanguage\":\"es\",\"@id\":\"https:\/\/www.asajacyl.com\/palencia\/#\/schema\/person\/image\/\",\"url\":\"https:\/\/secure.gravatar.com\/avatar\/517384810d242ca9e38c180f3c9fb973?s=96&d=mm&r=g\",\"contentUrl\":\"https:\/\/secure.gravatar.com\/avatar\/517384810d242ca9e38c180f3c9fb973?s=96&d=mm&r=g\",\"caption\":\"Administrador\"},\"url\":\"https:\/\/www.asajacyl.com\/palencia\/author\/carlosrm\"}]}<\/script>\n<!-- \/ Yoast SEO plugin. -->","yoast_head_json":{"title":"Incendios y nueva PAC marcan la reivindicaci\u00f3n de ASAJA-CyL, que celebrar\u00e1 su XI Congreso el d\u00eda 26 - ASAJA Palencia","description":"ASAJA-Castilla y Le\u00f3n ha celebrado este mi\u00e9rcoles, 3 de septiembre, en su nueva sede reuni\u00f3n de su junta directiva, centrada en los problemas que","robots":{"index":"index","follow":"follow","max-snippet":"max-snippet:-1","max-image-preview":"max-image-preview:large","max-video-preview":"max-video-preview:-1"},"canonical":"https:\/\/www.asajacyl.com\/palencia\/asaja-palencia-informa\/incendios-y-nueva-pac-marcan-la-reivindicacion-de-asaja-cyl-que-celebrara-su-xi-congreso-el-dia-26","og_locale":"es_ES","og_type":"article","og_title":"Incendios y nueva PAC marcan la reivindicaci\u00f3n de ASAJA-CyL, que celebrar\u00e1 su XI Congreso el d\u00eda 26 - ASAJA Palencia","og_description":"ASAJA-Castilla y Le\u00f3n ha celebrado este mi\u00e9rcoles, 3 de septiembre, en su nueva sede reuni\u00f3n de su junta directiva, centrada en los problemas que","og_url":"https:\/\/www.asajacyl.com\/palencia\/asaja-palencia-informa\/incendios-y-nueva-pac-marcan-la-reivindicacion-de-asaja-cyl-que-celebrara-su-xi-congreso-el-dia-26","og_site_name":"ASAJA Palencia","article_published_time":"2025-09-03T11:54:33+00:00","article_modified_time":"2025-09-03T11:54:37+00:00","og_image":[{"width":1890,"height":1654,"url":"https:\/\/www.asajacyl.com\/palencia\/wp-content\/uploads\/sites\/3\/2025\/09\/ASAJA-directiva-3sep2025-WEB2.jpg","type":"image\/jpeg"}],"author":"Administrador","twitter_card":"summary_large_image","twitter_misc":{"Escrito por":"Administrador","Tiempo de lectura":"4 minutos"},"schema":{"@context":"https:\/\/schema.org","@graph":[{"@type":"WebPage","@id":"https:\/\/www.asajacyl.com\/palencia\/asaja-palencia-informa\/incendios-y-nueva-pac-marcan-la-reivindicacion-de-asaja-cyl-que-celebrara-su-xi-congreso-el-dia-26","url":"https:\/\/www.asajacyl.com\/palencia\/asaja-palencia-informa\/incendios-y-nueva-pac-marcan-la-reivindicacion-de-asaja-cyl-que-celebrara-su-xi-congreso-el-dia-26","name":"Incendios y nueva PAC marcan la reivindicaci\u00f3n de ASAJA-CyL, que celebrar\u00e1 su XI Congreso el d\u00eda 26 - ASAJA Palencia","isPartOf":{"@id":"https:\/\/www.asajacyl.com\/palencia\/#website"},"primaryImageOfPage":{"@id":"https:\/\/www.asajacyl.com\/palencia\/asaja-palencia-informa\/incendios-y-nueva-pac-marcan-la-reivindicacion-de-asaja-cyl-que-celebrara-su-xi-congreso-el-dia-26#primaryimage"},"image":{"@id":"https:\/\/www.asajacyl.com\/palencia\/asaja-palencia-informa\/incendios-y-nueva-pac-marcan-la-reivindicacion-de-asaja-cyl-que-celebrara-su-xi-congreso-el-dia-26#primaryimage"},"thumbnailUrl":"https:\/\/www.asajacyl.com\/palencia\/wp-content\/uploads\/sites\/3\/2025\/09\/ASAJA-directiva-3sep2025-WEB2.jpg","datePublished":"2025-09-03T11:54:33+00:00","dateModified":"2025-09-03T11:54:37+00:00","author":{"@id":"https:\/\/www.asajacyl.com\/palencia\/#\/schema\/person\/3ab17aeb03527485c317557fae64aab1"},"description":"ASAJA-Castilla y Le\u00f3n ha celebrado este mi\u00e9rcoles, 3 de septiembre, en su nueva sede reuni\u00f3n de su junta directiva, centrada en los problemas que","breadcrumb":{"@id":"https:\/\/www.asajacyl.com\/palencia\/asaja-palencia-informa\/incendios-y-nueva-pac-marcan-la-reivindicacion-de-asaja-cyl-que-celebrara-su-xi-congreso-el-dia-26#breadcrumb"},"inLanguage":"es","potentialAction":[{"@type":"ReadAction","target":["https:\/\/www.asajacyl.com\/palencia\/asaja-palencia-informa\/incendios-y-nueva-pac-marcan-la-reivindicacion-de-asaja-cyl-que-celebrara-su-xi-congreso-el-dia-26"]}]},{"@type":"ImageObject","inLanguage":"es","@id":"https:\/\/www.asajacyl.com\/palencia\/asaja-palencia-informa\/incendios-y-nueva-pac-marcan-la-reivindicacion-de-asaja-cyl-que-celebrara-su-xi-congreso-el-dia-26#primaryimage","url":"https:\/\/www.asajacyl.com\/palencia\/wp-content\/uploads\/sites\/3\/2025\/09\/ASAJA-directiva-3sep2025-WEB2.jpg","contentUrl":"https:\/\/www.asajacyl.com\/palencia\/wp-content\/uploads\/sites\/3\/2025\/09\/ASAJA-directiva-3sep2025-WEB2.jpg","width":1890,"height":1654},{"@type":"BreadcrumbList","@id":"https:\/\/www.asajacyl.com\/palencia\/asaja-palencia-informa\/incendios-y-nueva-pac-marcan-la-reivindicacion-de-asaja-cyl-que-celebrara-su-xi-congreso-el-dia-26#breadcrumb","itemListElement":[{"@type":"ListItem","position":1,"name":"Portada","item":"https:\/\/www.asajacyl.com\/palencia\/"},{"@type":"ListItem","position":2,"name":"Incendios y nueva PAC marcan la reivindicaci\u00f3n de ASAJA-CyL, que celebrar\u00e1 su XI Congreso el d\u00eda 26"}]},{"@type":"WebSite","@id":"https:\/\/www.asajacyl.com\/palencia\/#website","url":"https:\/\/www.asajacyl.com\/palencia\/","name":"ASAJA Palencia","description":"Otro sitio m\u00e1s de Provincias ASAJA Castilla y Le\u00f3n","potentialAction":[{"@type":"SearchAction","target":{"@type":"EntryPoint","urlTemplate":"https:\/\/www.asajacyl.com\/palencia\/?s={search_term_string}"},"query-input":{"@type":"PropertyValueSpecification","valueRequired":true,"valueName":"search_term_string"}}],"inLanguage":"es"},{"@type":"Person","@id":"https:\/\/www.asajacyl.com\/palencia\/#\/schema\/person\/3ab17aeb03527485c317557fae64aab1","name":"Administrador","image":{"@type":"ImageObject","inLanguage":"es","@id":"https:\/\/www.asajacyl.com\/palencia\/#\/schema\/person\/image\/","url":"https:\/\/secure.gravatar.com\/avatar\/517384810d242ca9e38c180f3c9fb973?s=96&d=mm&r=g","contentUrl":"https:\/\/secure.gravatar.com\/avatar\/517384810d242ca9e38c180f3c9fb973?s=96&d=mm&r=g","caption":"Administrador"},"url":"https:\/\/www.asajacyl.com\/palencia\/author\/carlosrm"}]}},"_links":{"self":[{"href":"https:\/\/www.asajacyl.com\/palencia\/wp-json\/wp\/v2\/posts\/20794"}],"collection":[{"href":"https:\/\/www.asajacyl.com\/palencia\/wp-json\/wp\/v2\/posts"}],"about":[{"href":"https:\/\/www.asajacyl.com\/palencia\/wp-json\/wp\/v2\/types\/post"}],"author":[{"embeddable":true,"href":"https:\/\/www.asajacyl.com\/palencia\/wp-json\/wp\/v2\/users\/9"}],"replies":[{"embeddable":true,"href":"https:\/\/www.asajacyl.com\/palencia\/wp-json\/wp\/v2\/comments?post=20794"}],"version-history":[{"count":5,"href":"https:\/\/www.asajacyl.com\/palencia\/wp-json\/wp\/v2\/posts\/20794\/revisions"}],"predecessor-version":[{"id":20801,"href":"https:\/\/www.asajacyl.com\/palencia\/wp-json\/wp\/v2\/posts\/20794\/revisions\/20801"}],"wp:featuredmedia":[{"embeddable":true,"href":"https:\/\/www.asajacyl.com\/palencia\/wp-json\/wp\/v2\/media\/20800"}],"wp:attachment":[{"href":"https:\/\/www.asajacyl.com\/palencia\/wp-json\/wp\/v2\/media?parent=20794"}],"wp:term":[{"taxonomy":"category","embeddable":true,"href":"https:\/\/www.asajacyl.com\/palencia\/wp-json\/wp\/v2\/categories?post=20794"},{"taxonomy":"post_tag","embeddable":true,"href":"https:\/\/www.asajacyl.com\/palencia\/wp-json\/wp\/v2\/tags?post=20794"}],"curies":[{"name":"wp","href":"https:\/\/api.w.org\/{rel}","templated":true}]}}