{"id":20806,"date":"2025-09-04T13:52:19","date_gmt":"2025-09-04T11:52:19","guid":{"rendered":"https:\/\/www.asajacyl.com\/palencia\/?p=20806"},"modified":"2025-09-05T13:44:54","modified_gmt":"2025-09-05T11:44:54","slug":"asaja-palencia-recomienda-vacunar-el-ganado-tras-detectarse-en-la-provincia-casos-de-lengua-azul","status":"publish","type":"post","link":"https:\/\/www.asajacyl.com\/palencia\/asaja-palencia-informa\/asaja-palencia-recomienda-vacunar-el-ganado-tras-detectarse-en-la-provincia-casos-de-lengua-azul","title":{"rendered":"ASAJA-Palencia recomienda vacunar el ganado tras detectarse en la provincia casos de lengua azul"},"content":{"rendered":"\n<h2 class=\"wp-block-heading\">La provincia de Palencia es una de las ocho en las que se han detectado nuevos focos de la enfermedad de la lengua azul desde la \u00faltima actualizaci\u00f3n realizada el 12 de agosto, seg\u00fan ha informado este martes, 2 de septiembre, el Ministerio de Agricultura, Pesca y Alimentaci\u00f3n (MAPA). ASAJA-Palencia recuerda que no se transmite al ser humano y recomienda a los ganaderos de nuestra provincia seguir las indicaciones ministeriales y, entre ellas, vacunar a los animales de los serotipos de esta enfermedad para los que s\u00ed existe esa posibilidad (1, 3 y 8; estos dos \u00faltimos son los detectados hasta ahora en Palencia). Desde ASAJA denunciamos el&nbsp;grave perjuicio sanitario y econ\u00f3mico&nbsp;que esta enfermedad causando al sector ganadero, especialmente en explotaciones de&nbsp;ovino y bovino.&nbsp;<\/h2>\n\n\n\n<p>El serotipo 8 se ha confirmado hasta la fecha en Palencia, si bien existen casos de serotipo 3 pendientes de ratificar por parte del laboratorio nacional de referencia. El serotipo 8 est\u00e1 presente ya tambi\u00e9n en las provincias lim\u00edtrofes de Burgos, Cantabria y Le\u00f3n, provincia donde ya se ha ratificado tambi\u00e9n el serotipo 3.  <\/p>\n\n\n\n<p>Seg\u00fan ha informado la Junta a nuestros servicios t\u00e9cnicos, existe la posibilidad de vacunar simult\u00e1neamente de los serotipos 1 y 8, as\u00ed como vacuna espec\u00edfica para el serotipo 3.<\/p>\n\n\n\n<p>ASAJA viene reclamando que se impulsen de inmediato los trabajos de investigaci\u00f3n y desarrollo de vacunas, de manera que pueda vacunarse de una vez de todos los serotipos circulantes, y que se defina la forma m\u00e1s eficaz de aplicaci\u00f3n de las futuras dosis.<\/p>\n\n\n\n<p>Adem\u00e1s de Palencia, con respecto a la anterior actualizaci\u00f3n se han detectado nuevos focos en las provincias de&nbsp;Asturias, Zamora, Guip\u00fazcoa, Vizcaya, La Rioja, Almer\u00eda \u2014en todas ellas el serotipo 3\u2014 y Le\u00f3n, con el mismo serotipo 8 que en nuestra provincia.<\/p>\n\n\n<div class=\"wp-block-image\">\n<figure class=\"alignright size-large is-resized\"><img loading=\"lazy\" decoding=\"async\" width=\"1024\" height=\"896\" src=\"https:\/\/www.asajacyl.com\/palencia\/wp-content\/uploads\/sites\/3\/2025\/09\/Lengua-azul-en-Palencia-2sep2025-1024x896.jpg\" alt=\"\" class=\"wp-image-20807\" style=\"width:650px;height:auto\" srcset=\"https:\/\/www.asajacyl.com\/palencia\/wp-content\/uploads\/sites\/3\/2025\/09\/Lengua-azul-en-Palencia-2sep2025-1024x896.jpg 1024w, https:\/\/www.asajacyl.com\/palencia\/wp-content\/uploads\/sites\/3\/2025\/09\/Lengua-azul-en-Palencia-2sep2025-300x263.jpg 300w, https:\/\/www.asajacyl.com\/palencia\/wp-content\/uploads\/sites\/3\/2025\/09\/Lengua-azul-en-Palencia-2sep2025-768x672.jpg 768w, https:\/\/www.asajacyl.com\/palencia\/wp-content\/uploads\/sites\/3\/2025\/09\/Lengua-azul-en-Palencia-2sep2025-1536x1344.jpg 1536w, https:\/\/www.asajacyl.com\/palencia\/wp-content\/uploads\/sites\/3\/2025\/09\/Lengua-azul-en-Palencia-2sep2025-480x420.jpg 480w, https:\/\/www.asajacyl.com\/palencia\/wp-content\/uploads\/sites\/3\/2025\/09\/Lengua-azul-en-Palencia-2sep2025-696x609.jpg 696w, https:\/\/www.asajacyl.com\/palencia\/wp-content\/uploads\/sites\/3\/2025\/09\/Lengua-azul-en-Palencia-2sep2025-1068x935.jpg 1068w, https:\/\/www.asajacyl.com\/palencia\/wp-content\/uploads\/sites\/3\/2025\/09\/Lengua-azul-en-Palencia-2sep2025.jpg 1890w\" sizes=\"(max-width: 1024px) 100vw, 1024px\" \/><\/figure><\/div>\n\n\n<p>La lengua azul es una&nbsp;enfermedad v\u00edrica&nbsp;que afecta principalmente a rumiantes, como&nbsp;el ganado ovino, caprino y bovino, y&nbsp;<u>no se transmite al ser humano<\/u>. Causa fiebres altas, inflamaci\u00f3n de las mucosas, dificultad respiratoria, abortos y, en los casos m\u00e1s graves, la muerte del animal. <\/p>\n\n\n\n<p>El virus se transmite a trav\u00e9s de&nbsp;mosquitos del g\u00e9nero Culicoides, cuya reproducci\u00f3n se ve favorecida por las&nbsp;temperaturas actuales,&nbsp;que permiten m\u00e1s ciclos y, por tanto, mayor capacidad de infecci\u00f3n. La&nbsp;vacunaci\u00f3n&nbsp;es la herramienta m\u00e1s eficaz para frenar su propagaci\u00f3n y reducir la morbilidad y la mortalidad en el ganado.<\/p>\n\n\n\n<p>El mapa adjunto muestra las provincias donde hasta el momento se han confirmado oficialmente focos de diferentes serotipos del virus de la lengua azul en la presente temporada 2025-2026 de actividad vectorial, iniciada el pasado 1 de abrul. <\/p>\n\n\n\n<p><strong>ONCE COMUNIDADES AFECTADAS. <\/strong>Los laboratorios regionales de sanidad animal y el Laboratorio Central de Veterinaria (LCV) de Algete, laboratorio nacional de referencia para esta enfermedad, ya han confirmado la presencia de la enfermedad en las comunidades aut\u00f3nomas de&nbsp;Andaluc\u00eda, Asturias, Cantabria, Castilla La Mancha, Castilla y Le\u00f3n, Extremadura, Galicia, Madrid, Murcia, Navarra y Pa\u00eds Vasco. Es decir, en la Espa\u00f1a peninsular, por ahora no hay casos en solo tres comunidades: Arag\u00f3n, Catalu\u00f1a y Comunidad Valenciana.<\/p>\n\n\n\n<p>El mapa representa la situaci\u00f3n epidemiol\u00f3gica, sin olvidar que <strong>toda la Espa\u00f1a Peninsular se encuentra sin estatus sanitario al no contar en la actualidad con programa de control y erradicaci\u00f3n<\/strong> (Baleares cuenta con programa de control y erradicaci\u00f3n, y Canarias  tiene estatus de libre de la enfermedad).<\/p>\n\n\n\n<p>Desde el Ministerio, se recuerda la importancia no s\u00f3lo de vacunar de los serotipos que lo permiten, sino tambi\u00e9n reforzar las medidas de sensibilizaci\u00f3n dada la estrategia aprobada a nivel nacional de dejar de aplicar el programa de erradicaci\u00f3n oficial frente a la lengua azul. En ese sentido, hay riesgo de que los reba\u00f1os se infecten en la Espa\u00f1a peninsular con cualquiera de los serotipos presentes (1, 3, 4 y 8), dado que&nbsp;<strong>no hay restricciones a los movimientos y la actividad del vector aumentar\u00e1 durante los pr\u00f3ximos meses.<\/strong><\/p>\n\n\n\n<p>ASAJA hace hincapi\u00e9, una vez m\u00e1s, en la necesidad de una&nbsp;respuesta coordinada y r\u00e1pida&nbsp;entre el&nbsp;Gobierno central y las comunidades aut\u00f3nomas.&nbsp;La proliferaci\u00f3n del virus, que no entiende de fronteras administrativas, exige una&nbsp;acci\u00f3n conjunta y sin fisuras.<\/p>\n\n\n\n<p>El ministro de Agricultura, Luis Planas, ha anunciado que el mi\u00e9rcoles 10 cde septiembre mantendr\u00e1 una reuni\u00f3n con las comunidades aut\u00f3nomas para abordar la estrategia a nivel nacional de lucha contra esta enfermedad.<\/p>\n\n\n\n<p>M\u00e1s informaci\u00f3n sobre la lengua azul en este enlaca a la&nbsp;<a href=\"https:\/\/www.mapa.gob.es\/es\/ganaderia\/temas\/sanidad-animal-higiene%20ganadera\/sanidad-animal\/enfermedades\/lengua-azul\/lengua_azul\">p\u00e1gina del MAPA dedicada a la enfermedad<\/a> <strong>\/<\/strong>.<\/p>\n","protected":false},"excerpt":{"rendered":"<p>La provincia de Palencia es una de las ocho en las que se han detectado nuevos focos de la enfermedad de la lengua azul desde la \u00faltima actualizaci\u00f3n realizada el 12 de agosto, seg\u00fan ha informado este martes, 2 de septiembre, el Ministerio de Agricultura, Pesca y Alimentaci\u00f3n (MAPA). ASAJA-Palencia recuerda que no se transmite [&hellip;]<\/p>\n","protected":false},"author":9,"featured_media":20807,"comment_status":"open","ping_status":"open","sticky":false,"template":"","format":"standard","meta":{"footnotes":""},"categories":[9,31,38,28,13],"tags":[234,142,77,66,361,110,143,365,864,1522],"yoast_head":"<!-- This site is optimized with the Yoast SEO plugin v24.5 - https:\/\/yoast.com\/wordpress\/plugins\/seo\/ -->\n<title>ASAJA-Palencia recomienda vacunar el ganado tras detectarse en la provincia casos de lengua azul - ASAJA Palencia<\/title>\n<meta name=\"description\" content=\"La provincia de Palencia es una de las ocho en las que se han detectado nuevos focos de la enfermedad de la lengua azul desde la \u00faltima actualizaci\u00f3n\" \/>\n<meta name=\"robots\" content=\"index, follow, max-snippet:-1, max-image-preview:large, max-video-preview:-1\" \/>\n<link rel=\"canonical\" href=\"https:\/\/www.asajacyl.com\/palencia\/asaja-palencia-informa\/asaja-palencia-recomienda-vacunar-el-ganado-tras-detectarse-en-la-provincia-casos-de-lengua-azul\" \/>\n<meta property=\"og:locale\" content=\"es_ES\" \/>\n<meta property=\"og:type\" content=\"article\" \/>\n<meta property=\"og:title\" content=\"ASAJA-Palencia recomienda vacunar el ganado tras detectarse en la provincia casos de lengua azul - ASAJA Palencia\" \/>\n<meta property=\"og:description\" content=\"La provincia de Palencia es una de las ocho en las que se han detectado nuevos focos de la enfermedad de la lengua azul desde la \u00faltima actualizaci\u00f3n\" \/>\n<meta property=\"og:url\" content=\"https:\/\/www.asajacyl.com\/palencia\/asaja-palencia-informa\/asaja-palencia-recomienda-vacunar-el-ganado-tras-detectarse-en-la-provincia-casos-de-lengua-azul\" \/>\n<meta property=\"og:site_name\" content=\"ASAJA Palencia\" \/>\n<meta property=\"article:published_time\" content=\"2025-09-04T11:52:19+00:00\" \/>\n<meta property=\"article:modified_time\" content=\"2025-09-05T11:44:54+00:00\" \/>\n<meta property=\"og:image\" content=\"https:\/\/www.asajacyl.com\/palencia\/wp-content\/uploads\/sites\/3\/2025\/09\/Lengua-azul-en-Palencia-2sep2025.jpg\" \/>\n\t<meta property=\"og:image:width\" content=\"1890\" \/>\n\t<meta property=\"og:image:height\" content=\"1654\" \/>\n\t<meta property=\"og:image:type\" content=\"image\/jpeg\" \/>\n<meta name=\"author\" content=\"Administrador\" \/>\n<meta name=\"twitter:card\" content=\"summary_large_image\" \/>\n<meta name=\"twitter:label1\" content=\"Escrito por\" \/>\n\t<meta name=\"twitter:data1\" content=\"Administrador\" \/>\n\t<meta name=\"twitter:label2\" content=\"Tiempo de lectura\" \/>\n\t<meta name=\"twitter:data2\" content=\"4 minutos\" \/>\n<script type=\"application\/ld+json\" class=\"yoast-schema-graph\">{\"@context\":\"https:\/\/schema.org\",\"@graph\":[{\"@type\":\"WebPage\",\"@id\":\"https:\/\/www.asajacyl.com\/palencia\/asaja-palencia-informa\/asaja-palencia-recomienda-vacunar-el-ganado-tras-detectarse-en-la-provincia-casos-de-lengua-azul\",\"url\":\"https:\/\/www.asajacyl.com\/palencia\/asaja-palencia-informa\/asaja-palencia-recomienda-vacunar-el-ganado-tras-detectarse-en-la-provincia-casos-de-lengua-azul\",\"name\":\"ASAJA-Palencia recomienda vacunar el ganado tras detectarse en la provincia casos de lengua azul - ASAJA Palencia\",\"isPartOf\":{\"@id\":\"https:\/\/www.asajacyl.com\/palencia\/#website\"},\"primaryImageOfPage\":{\"@id\":\"https:\/\/www.asajacyl.com\/palencia\/asaja-palencia-informa\/asaja-palencia-recomienda-vacunar-el-ganado-tras-detectarse-en-la-provincia-casos-de-lengua-azul#primaryimage\"},\"image\":{\"@id\":\"https:\/\/www.asajacyl.com\/palencia\/asaja-palencia-informa\/asaja-palencia-recomienda-vacunar-el-ganado-tras-detectarse-en-la-provincia-casos-de-lengua-azul#primaryimage\"},\"thumbnailUrl\":\"https:\/\/www.asajacyl.com\/palencia\/wp-content\/uploads\/sites\/3\/2025\/09\/Lengua-azul-en-Palencia-2sep2025.jpg\",\"datePublished\":\"2025-09-04T11:52:19+00:00\",\"dateModified\":\"2025-09-05T11:44:54+00:00\",\"author\":{\"@id\":\"https:\/\/www.asajacyl.com\/palencia\/#\/schema\/person\/3ab17aeb03527485c317557fae64aab1\"},\"description\":\"La provincia de Palencia es una de las ocho en las que se han detectado nuevos focos de la enfermedad de la lengua azul desde la \u00faltima actualizaci\u00f3n\",\"breadcrumb\":{\"@id\":\"https:\/\/www.asajacyl.com\/palencia\/asaja-palencia-informa\/asaja-palencia-recomienda-vacunar-el-ganado-tras-detectarse-en-la-provincia-casos-de-lengua-azul#breadcrumb\"},\"inLanguage\":\"es\",\"potentialAction\":[{\"@type\":\"ReadAction\",\"target\":[\"https:\/\/www.asajacyl.com\/palencia\/asaja-palencia-informa\/asaja-palencia-recomienda-vacunar-el-ganado-tras-detectarse-en-la-provincia-casos-de-lengua-azul\"]}]},{\"@type\":\"ImageObject\",\"inLanguage\":\"es\",\"@id\":\"https:\/\/www.asajacyl.com\/palencia\/asaja-palencia-informa\/asaja-palencia-recomienda-vacunar-el-ganado-tras-detectarse-en-la-provincia-casos-de-lengua-azul#primaryimage\",\"url\":\"https:\/\/www.asajacyl.com\/palencia\/wp-content\/uploads\/sites\/3\/2025\/09\/Lengua-azul-en-Palencia-2sep2025.jpg\",\"contentUrl\":\"https:\/\/www.asajacyl.com\/palencia\/wp-content\/uploads\/sites\/3\/2025\/09\/Lengua-azul-en-Palencia-2sep2025.jpg\",\"width\":1890,\"height\":1654},{\"@type\":\"BreadcrumbList\",\"@id\":\"https:\/\/www.asajacyl.com\/palencia\/asaja-palencia-informa\/asaja-palencia-recomienda-vacunar-el-ganado-tras-detectarse-en-la-provincia-casos-de-lengua-azul#breadcrumb\",\"itemListElement\":[{\"@type\":\"ListItem\",\"position\":1,\"name\":\"Portada\",\"item\":\"https:\/\/www.asajacyl.com\/palencia\/\"},{\"@type\":\"ListItem\",\"position\":2,\"name\":\"ASAJA-Palencia recomienda vacunar el ganado tras detectarse en la provincia casos de lengua azul\"}]},{\"@type\":\"WebSite\",\"@id\":\"https:\/\/www.asajacyl.com\/palencia\/#website\",\"url\":\"https:\/\/www.asajacyl.com\/palencia\/\",\"name\":\"ASAJA Palencia\",\"description\":\"Otro sitio m\u00e1s de Provincias ASAJA Castilla y Le\u00f3n\",\"potentialAction\":[{\"@type\":\"SearchAction\",\"target\":{\"@type\":\"EntryPoint\",\"urlTemplate\":\"https:\/\/www.asajacyl.com\/palencia\/?s={search_term_string}\"},\"query-input\":{\"@type\":\"PropertyValueSpecification\",\"valueRequired\":true,\"valueName\":\"search_term_string\"}}],\"inLanguage\":\"es\"},{\"@type\":\"Person\",\"@id\":\"https:\/\/www.asajacyl.com\/palencia\/#\/schema\/person\/3ab17aeb03527485c317557fae64aab1\",\"name\":\"Administrador\",\"image\":{\"@type\":\"ImageObject\",\"inLanguage\":\"es\",\"@id\":\"https:\/\/www.asajacyl.com\/palencia\/#\/schema\/person\/image\/\",\"url\":\"https:\/\/secure.gravatar.com\/avatar\/517384810d242ca9e38c180f3c9fb973?s=96&d=mm&r=g\",\"contentUrl\":\"https:\/\/secure.gravatar.com\/avatar\/517384810d242ca9e38c180f3c9fb973?s=96&d=mm&r=g\",\"caption\":\"Administrador\"},\"url\":\"https:\/\/www.asajacyl.com\/palencia\/author\/carlosrm\"}]}<\/script>\n<!-- \/ Yoast SEO plugin. -->","yoast_head_json":{"title":"ASAJA-Palencia recomienda vacunar el ganado tras detectarse en la provincia casos de lengua azul - ASAJA Palencia","description":"La provincia de Palencia es una de las ocho en las que se han detectado nuevos focos de la enfermedad de la lengua azul desde la \u00faltima actualizaci\u00f3n","robots":{"index":"index","follow":"follow","max-snippet":"max-snippet:-1","max-image-preview":"max-image-preview:large","max-video-preview":"max-video-preview:-1"},"canonical":"https:\/\/www.asajacyl.com\/palencia\/asaja-palencia-informa\/asaja-palencia-recomienda-vacunar-el-ganado-tras-detectarse-en-la-provincia-casos-de-lengua-azul","og_locale":"es_ES","og_type":"article","og_title":"ASAJA-Palencia recomienda vacunar el ganado tras detectarse en la provincia casos de lengua azul - ASAJA Palencia","og_description":"La provincia de Palencia es una de las ocho en las que se han detectado nuevos focos de la enfermedad de la lengua azul desde la \u00faltima actualizaci\u00f3n","og_url":"https:\/\/www.asajacyl.com\/palencia\/asaja-palencia-informa\/asaja-palencia-recomienda-vacunar-el-ganado-tras-detectarse-en-la-provincia-casos-de-lengua-azul","og_site_name":"ASAJA Palencia","article_published_time":"2025-09-04T11:52:19+00:00","article_modified_time":"2025-09-05T11:44:54+00:00","og_image":[{"width":1890,"height":1654,"url":"https:\/\/www.asajacyl.com\/palencia\/wp-content\/uploads\/sites\/3\/2025\/09\/Lengua-azul-en-Palencia-2sep2025.jpg","type":"image\/jpeg"}],"author":"Administrador","twitter_card":"summary_large_image","twitter_misc":{"Escrito por":"Administrador","Tiempo de lectura":"4 minutos"},"schema":{"@context":"https:\/\/schema.org","@graph":[{"@type":"WebPage","@id":"https:\/\/www.asajacyl.com\/palencia\/asaja-palencia-informa\/asaja-palencia-recomienda-vacunar-el-ganado-tras-detectarse-en-la-provincia-casos-de-lengua-azul","url":"https:\/\/www.asajacyl.com\/palencia\/asaja-palencia-informa\/asaja-palencia-recomienda-vacunar-el-ganado-tras-detectarse-en-la-provincia-casos-de-lengua-azul","name":"ASAJA-Palencia recomienda vacunar el ganado tras detectarse en la provincia casos de lengua azul - ASAJA Palencia","isPartOf":{"@id":"https:\/\/www.asajacyl.com\/palencia\/#website"},"primaryImageOfPage":{"@id":"https:\/\/www.asajacyl.com\/palencia\/asaja-palencia-informa\/asaja-palencia-recomienda-vacunar-el-ganado-tras-detectarse-en-la-provincia-casos-de-lengua-azul#primaryimage"},"image":{"@id":"https:\/\/www.asajacyl.com\/palencia\/asaja-palencia-informa\/asaja-palencia-recomienda-vacunar-el-ganado-tras-detectarse-en-la-provincia-casos-de-lengua-azul#primaryimage"},"thumbnailUrl":"https:\/\/www.asajacyl.com\/palencia\/wp-content\/uploads\/sites\/3\/2025\/09\/Lengua-azul-en-Palencia-2sep2025.jpg","datePublished":"2025-09-04T11:52:19+00:00","dateModified":"2025-09-05T11:44:54+00:00","author":{"@id":"https:\/\/www.asajacyl.com\/palencia\/#\/schema\/person\/3ab17aeb03527485c317557fae64aab1"},"description":"La provincia de Palencia es una de las ocho en las que se han detectado nuevos focos de la enfermedad de la lengua azul desde la \u00faltima actualizaci\u00f3n","breadcrumb":{"@id":"https:\/\/www.asajacyl.com\/palencia\/asaja-palencia-informa\/asaja-palencia-recomienda-vacunar-el-ganado-tras-detectarse-en-la-provincia-casos-de-lengua-azul#breadcrumb"},"inLanguage":"es","potentialAction":[{"@type":"ReadAction","target":["https:\/\/www.asajacyl.com\/palencia\/asaja-palencia-informa\/asaja-palencia-recomienda-vacunar-el-ganado-tras-detectarse-en-la-provincia-casos-de-lengua-azul"]}]},{"@type":"ImageObject","inLanguage":"es","@id":"https:\/\/www.asajacyl.com\/palencia\/asaja-palencia-informa\/asaja-palencia-recomienda-vacunar-el-ganado-tras-detectarse-en-la-provincia-casos-de-lengua-azul#primaryimage","url":"https:\/\/www.asajacyl.com\/palencia\/wp-content\/uploads\/sites\/3\/2025\/09\/Lengua-azul-en-Palencia-2sep2025.jpg","contentUrl":"https:\/\/www.asajacyl.com\/palencia\/wp-content\/uploads\/sites\/3\/2025\/09\/Lengua-azul-en-Palencia-2sep2025.jpg","width":1890,"height":1654},{"@type":"BreadcrumbList","@id":"https:\/\/www.asajacyl.com\/palencia\/asaja-palencia-informa\/asaja-palencia-recomienda-vacunar-el-ganado-tras-detectarse-en-la-provincia-casos-de-lengua-azul#breadcrumb","itemListElement":[{"@type":"ListItem","position":1,"name":"Portada","item":"https:\/\/www.asajacyl.com\/palencia\/"},{"@type":"ListItem","position":2,"name":"ASAJA-Palencia recomienda vacunar el ganado tras detectarse en la provincia casos de lengua azul"}]},{"@type":"WebSite","@id":"https:\/\/www.asajacyl.com\/palencia\/#website","url":"https:\/\/www.asajacyl.com\/palencia\/","name":"ASAJA Palencia","description":"Otro sitio m\u00e1s de Provincias ASAJA Castilla y Le\u00f3n","potentialAction":[{"@type":"SearchAction","target":{"@type":"EntryPoint","urlTemplate":"https:\/\/www.asajacyl.com\/palencia\/?s={search_term_string}"},"query-input":{"@type":"PropertyValueSpecification","valueRequired":true,"valueName":"search_term_string"}}],"inLanguage":"es"},{"@type":"Person","@id":"https:\/\/www.asajacyl.com\/palencia\/#\/schema\/person\/3ab17aeb03527485c317557fae64aab1","name":"Administrador","image":{"@type":"ImageObject","inLanguage":"es","@id":"https:\/\/www.asajacyl.com\/palencia\/#\/schema\/person\/image\/","url":"https:\/\/secure.gravatar.com\/avatar\/517384810d242ca9e38c180f3c9fb973?s=96&d=mm&r=g","contentUrl":"https:\/\/secure.gravatar.com\/avatar\/517384810d242ca9e38c180f3c9fb973?s=96&d=mm&r=g","caption":"Administrador"},"url":"https:\/\/www.asajacyl.com\/palencia\/author\/carlosrm"}]}},"_links":{"self":[{"href":"https:\/\/www.asajacyl.com\/palencia\/wp-json\/wp\/v2\/posts\/20806"}],"collection":[{"href":"https:\/\/www.asajacyl.com\/palencia\/wp-json\/wp\/v2\/posts"}],"about":[{"href":"https:\/\/www.asajacyl.com\/palencia\/wp-json\/wp\/v2\/types\/post"}],"author":[{"embeddable":true,"href":"https:\/\/www.asajacyl.com\/palencia\/wp-json\/wp\/v2\/users\/9"}],"replies":[{"embeddable":true,"href":"https:\/\/www.asajacyl.com\/palencia\/wp-json\/wp\/v2\/comments?post=20806"}],"version-history":[{"count":3,"href":"https:\/\/www.asajacyl.com\/palencia\/wp-json\/wp\/v2\/posts\/20806\/revisions"}],"predecessor-version":[{"id":20819,"href":"https:\/\/www.asajacyl.com\/palencia\/wp-json\/wp\/v2\/posts\/20806\/revisions\/20819"}],"wp:featuredmedia":[{"embeddable":true,"href":"https:\/\/www.asajacyl.com\/palencia\/wp-json\/wp\/v2\/media\/20807"}],"wp:attachment":[{"href":"https:\/\/www.asajacyl.com\/palencia\/wp-json\/wp\/v2\/media?parent=20806"}],"wp:term":[{"taxonomy":"category","embeddable":true,"href":"https:\/\/www.asajacyl.com\/palencia\/wp-json\/wp\/v2\/categories?post=20806"},{"taxonomy":"post_tag","embeddable":true,"href":"https:\/\/www.asajacyl.com\/palencia\/wp-json\/wp\/v2\/tags?post=20806"}],"curies":[{"name":"wp","href":"https:\/\/api.w.org\/{rel}","templated":true}]}}