{"id":20809,"date":"2025-09-05T12:15:50","date_gmt":"2025-09-05T10:15:50","guid":{"rendered":"https:\/\/www.asajacyl.com\/palencia\/?p=20809"},"modified":"2025-09-08T08:20:07","modified_gmt":"2025-09-08T06:20:07","slug":"asaja-denuncia-la-ratificacion-expres-de-los-acuerdos-de-la-ue-con-mercosur-y-estados-unidos","status":"publish","type":"post","link":"https:\/\/www.asajacyl.com\/palencia\/asaja-palencia-informa\/asaja-denuncia-la-ratificacion-expres-de-los-acuerdos-de-la-ue-con-mercosur-y-estados-unidos","title":{"rendered":"ASAJA denuncia la ratificaci\u00f3n expr\u00e9s de los acuerdos de la Uni\u00f3n Europea con Mercosur y Estados Unidos"},"content":{"rendered":"\n<h2 class=\"wp-block-heading\">ASAJA\u00a0considera que la aplicaci\u00f3n provisional del acuerdo comercial con\u00a0Mercosur\u00a0por parte de la Comisi\u00f3n Europea es una maniobra para ocultar el fracaso del marco transatl\u00e1ntico con\u00a0Estados Unidos. Seg\u00fan\u00a0Pedro Barato, presidente nacional de ASAJA, el ejecutivo comunitario intenta desviar la atenci\u00f3n cerrando deprisa y de manera unilateral un acuerdo que llevaba bloqueado m\u00e1s de\u00a0veinticinco a\u00f1os, y que deja en clara desventaja a los agricultores y ganaderos europeos a la hora de producir.<\/h2>\n\n\n\n<p>Nuestra organizaci\u00f3n denuncia que esta f\u00f3rmula supone una\u00a0<strong>usurpaci\u00f3n de las competencias del Consejo, del Parlamento Europeo y de los parlamentos nacionales<\/strong>. Al separar de la parte pol\u00edtica la parte comercial, que la Comisi\u00f3n Europea ha decidido aplicar de inmediato, se deja en suspenso lo \u00fanico positivo del acuerdo: la obligaci\u00f3n de cumplir con los\u00a0compromisos clim\u00e1ticos de Par\u00eds, la normativa contra la deforestaci\u00f3n o las reglas de carbono en frontera.<\/p>\n\n\n\n<p>\u00abDe esta manera nos quedamos con un acuerdo puramente comercial, que hace imposible competir con los modelos productivos de Mercosur. Sin garant\u00edas pol\u00edticas y ambientales, los agricultores y ganaderos europeos estamos en clara desventaja\u00bb, ha advertido Pedro Barato.<\/p>\n\n\n\n<p><strong>QUINTO ESPACIO ECON\u00d3MICO MUNDIAL.<\/strong> Hay que subrayar que el Mercado Com\u00fan del Sur (Mercosur) est\u00e1 considerado como el cuarto bloque econ\u00f3mico del mundo en importancia y volumen de negocios, y su agregado en t\u00e9rminos de Producto Interior Bruto representa la quinta econom\u00eda mundial, despu\u00e9s de Estados Unidos, China, Jap\u00f3n y Alemania.<\/p>\n\n\n\n<p>Pertenecen a Mercosur, funfado en 1991, Argentina, Brasil \u2014miembros ambos del G20\u2014, Paraguay, Uruguay y Bolivia (Venezuela es estado miembro suspendido desde 2016 por incumplir requisitos en cuestiones de comercio, pol\u00edtica, democracia y derechos humanos.<\/p>\n\n\n\n<p>Para ASAJA, la Comisi\u00f3n ha optado con este paso por\u00a0<strong>sacrificar la agricultura y la ganader\u00eda europeas en aras de un r\u00e9dito pol\u00edtico inmediato<\/strong>. Nuestra organizaci\u00f3n denuncia que el acuerdo con Mercosur se utiliza como <strong>cortina de humo<\/strong> para tapar la debilidad del nuevo marco transatl\u00e1ntico con Estados Unidos, un pacto que naci\u00f3 desequilibrado y que ha provocado duras cr\u00edticas tanto en el Parlamento Europeo como en los Estados miembros. <\/p>\n\n\n\n<p>Este procedimiento expr\u00e9s impuesto por Bruselas <strong>vac\u00eda de contenido el\u00a0control democr\u00e1tico<\/strong>\u00a0y <strong>erosiona la\u00a0legitimidad de los acuerdos internacionales<\/strong>.<\/p>\n\n\n\n<p>La parte pol\u00edtica del tratado, que contemplaba cl\u00e1usulas de condicionalidad vinculadas al respeto de los compromisos medioambientales, queda en cuarentena. Se pierde as\u00ed cualquier herramienta para garantizar una m\u00ednima equiparaci\u00f3n de normas ambientales y sociales entre Europa y los pa\u00edses del Mercosur.<\/p>\n\n\n\n<p>\u00abSi ya era dif\u00edcil competir con unas reglas parecidas, aunque no id\u00e9nticas, ahora ser\u00e1 literalmente imposible acercarse a los modelos productivos de Mercosur\u00bb, ha se\u00f1alado Pedro Barato. \u00abEl campo europeo no puede asumir una liberalizaci\u00f3n que solo favorece a terceros pa\u00edses y que desprecia los esfuerzos de sostenibilidad, bienestar animal y calidad alimentaria que exigimos en la Uni\u00f3n Europea\u00bb, ha a\u00f1adido.<\/p>\n\n\n\n<p>Este movimiento se suma a una serie de decisiones que <strong>relegan al sector agrario a un segundo plano<\/strong> y que <strong>ponen en jaque la rentabilidad <\/strong>de millones de explotaciones agroganaderas en Espa\u00f1a y en toda Europa: <\/p>\n\n\n\n<ul>\n<li><strong>recortes presupuestarios<\/strong>\u00a0en el marco financiero a partir de 2028-20234, <\/li>\n\n\n\n<li><strong>debilitamiento y desnaturalizaci\u00f3n de la PAC<\/strong>\u00a0y <\/li>\n\n\n\n<li><strong>concesiones unilaterales<\/strong>\u00a0en otros acuerdos internacionales. <\/li>\n<\/ul>\n\n\n\n<p>Por ello, ASAJA insta al\u00a0<strong>Gobierno de Espa\u00f1a<\/strong>\u00a0y a las instituciones comunitarias a\u00a0<strong>detener este procedimiento<\/strong>, devolviendo al Parlamento Europeo, al Consejo y a los parlamentos nacionales de los\u00a0<strong>veintisiete pa\u00edses<\/strong>\u00a0el papel que les corresponde en la ratificaci\u00f3n de tratados internacionales, e incluir\u00a0<strong>salvaguardias reales<\/strong>\u00a0que protejan al campo europeo, a los consumidores y a un modelo productivo que garantiza la\u00a0<strong>seguridad alimentaria y la sostenibilidad<\/strong> socioecon\u00f3mica y medioambiental.<strong>\/<\/strong><\/p>\n\n\n\n<blockquote class=\"wp-block-quote is-layout-flow wp-block-quote-is-layout-flow\">\n<p>\u00abSE IMPULSA un acuerdo puramente comercial, que hace imposible competir con los modelos productivos de mercosur.\u00bb<\/p>\n\n\n\n<p>\u00absi ya era dif\u00edcil con reglas parecidas, aunque no id\u00e9nticas, ahora ser\u00e1 literalmente imposible COMPETIR CON MERCOSUR.\u00bb<\/p>\n\n\n\n<p>\u00abEL CAMPO EUROPEO NO PUEDE ASUMIR UNA LIBERALIZACI\u00d3N QUE S\u00d3LO FAVORECE A PA\u00cdSES EXTRACOMUNITARIOS.\u00bb <\/p>\n\n\n\n<p>\u00abSE DESPRECIA EL ESFUERZO MEDIOAMBIENTAL, DE BIENESTAR ANIMAL Y DE CALIDAD ALIMENTARIA QUE EXIGIMOS AL PRODUCTOR AGROGANADERO COMUNITARIO.\u00bb<\/p>\n\n\n\n<p><strong>pedro barato, presidente nacional de asaja<\/strong><\/p>\n<\/blockquote>\n","protected":false},"excerpt":{"rendered":"<p>ASAJA\u00a0considera que la aplicaci\u00f3n provisional del acuerdo comercial con\u00a0Mercosur\u00a0por parte de la Comisi\u00f3n Europea es una maniobra para ocultar el fracaso del marco transatl\u00e1ntico con\u00a0Estados Unidos. Seg\u00fan\u00a0Pedro Barato, presidente nacional de ASAJA, el ejecutivo comunitario intenta desviar la atenci\u00f3n cerrando deprisa y de manera unilateral un acuerdo que llevaba bloqueado m\u00e1s de\u00a0veinticinco a\u00f1os, y que [&hellip;]<\/p>\n","protected":false},"author":9,"featured_media":20810,"comment_status":"open","ping_status":"open","sticky":false,"template":"","format":"standard","meta":{"footnotes":""},"categories":[9,38,29,28,13],"tags":[1563,1172,1201,1536,1308,58,677,1537,351,77,1171,110,338],"yoast_head":"<!-- This site is optimized with the Yoast SEO plugin v24.5 - https:\/\/yoast.com\/wordpress\/plugins\/seo\/ -->\n<title>ASAJA denuncia la ratificaci\u00f3n expr\u00e9s de los acuerdos de la Uni\u00f3n Europea con Mercosur y Estados Unidos - ASAJA Palencia<\/title>\n<meta name=\"description\" content=\"ASAJA\u00a0considera que la aplicaci\u00f3n provisional del acuerdo comercial con\u00a0Mercosur\u00a0por parte de la Comisi\u00f3n Europea es una maniobra para ocultar el fracaso\" \/>\n<meta name=\"robots\" content=\"index, follow, max-snippet:-1, max-image-preview:large, max-video-preview:-1\" \/>\n<link rel=\"canonical\" href=\"https:\/\/www.asajacyl.com\/palencia\/asaja-palencia-informa\/asaja-denuncia-la-ratificacion-expres-de-los-acuerdos-de-la-ue-con-mercosur-y-estados-unidos\" \/>\n<meta property=\"og:locale\" content=\"es_ES\" \/>\n<meta property=\"og:type\" content=\"article\" \/>\n<meta property=\"og:title\" content=\"ASAJA denuncia la ratificaci\u00f3n expr\u00e9s de los acuerdos de la Uni\u00f3n Europea con Mercosur y Estados Unidos - ASAJA Palencia\" \/>\n<meta property=\"og:description\" content=\"ASAJA\u00a0considera que la aplicaci\u00f3n provisional del acuerdo comercial con\u00a0Mercosur\u00a0por parte de la Comisi\u00f3n Europea es una maniobra para ocultar el fracaso\" \/>\n<meta property=\"og:url\" content=\"https:\/\/www.asajacyl.com\/palencia\/asaja-palencia-informa\/asaja-denuncia-la-ratificacion-expres-de-los-acuerdos-de-la-ue-con-mercosur-y-estados-unidos\" \/>\n<meta property=\"og:site_name\" content=\"ASAJA Palencia\" \/>\n<meta property=\"article:published_time\" content=\"2025-09-05T10:15:50+00:00\" \/>\n<meta property=\"article:modified_time\" content=\"2025-09-08T06:20:07+00:00\" \/>\n<meta property=\"og:image\" content=\"https:\/\/www.asajacyl.com\/palencia\/wp-content\/uploads\/sites\/3\/2025\/09\/UE-Mercosur-web.jpg\" \/>\n\t<meta property=\"og:image:width\" content=\"395\" \/>\n\t<meta property=\"og:image:height\" content=\"349\" \/>\n\t<meta property=\"og:image:type\" content=\"image\/jpeg\" \/>\n<meta name=\"author\" content=\"Administrador\" \/>\n<meta name=\"twitter:card\" content=\"summary_large_image\" \/>\n<meta name=\"twitter:label1\" content=\"Escrito por\" \/>\n\t<meta name=\"twitter:data1\" content=\"Administrador\" \/>\n\t<meta name=\"twitter:label2\" content=\"Tiempo de lectura\" \/>\n\t<meta name=\"twitter:data2\" content=\"3 minutos\" \/>\n<script type=\"application\/ld+json\" class=\"yoast-schema-graph\">{\"@context\":\"https:\/\/schema.org\",\"@graph\":[{\"@type\":\"WebPage\",\"@id\":\"https:\/\/www.asajacyl.com\/palencia\/asaja-palencia-informa\/asaja-denuncia-la-ratificacion-expres-de-los-acuerdos-de-la-ue-con-mercosur-y-estados-unidos\",\"url\":\"https:\/\/www.asajacyl.com\/palencia\/asaja-palencia-informa\/asaja-denuncia-la-ratificacion-expres-de-los-acuerdos-de-la-ue-con-mercosur-y-estados-unidos\",\"name\":\"ASAJA denuncia la ratificaci\u00f3n expr\u00e9s de los acuerdos de la Uni\u00f3n Europea con Mercosur y Estados Unidos - ASAJA Palencia\",\"isPartOf\":{\"@id\":\"https:\/\/www.asajacyl.com\/palencia\/#website\"},\"primaryImageOfPage\":{\"@id\":\"https:\/\/www.asajacyl.com\/palencia\/asaja-palencia-informa\/asaja-denuncia-la-ratificacion-expres-de-los-acuerdos-de-la-ue-con-mercosur-y-estados-unidos#primaryimage\"},\"image\":{\"@id\":\"https:\/\/www.asajacyl.com\/palencia\/asaja-palencia-informa\/asaja-denuncia-la-ratificacion-expres-de-los-acuerdos-de-la-ue-con-mercosur-y-estados-unidos#primaryimage\"},\"thumbnailUrl\":\"https:\/\/www.asajacyl.com\/palencia\/wp-content\/uploads\/sites\/3\/2025\/09\/UE-Mercosur-web.jpg\",\"datePublished\":\"2025-09-05T10:15:50+00:00\",\"dateModified\":\"2025-09-08T06:20:07+00:00\",\"author\":{\"@id\":\"https:\/\/www.asajacyl.com\/palencia\/#\/schema\/person\/3ab17aeb03527485c317557fae64aab1\"},\"description\":\"ASAJA\u00a0considera que la aplicaci\u00f3n provisional del acuerdo comercial con\u00a0Mercosur\u00a0por parte de la Comisi\u00f3n Europea es una maniobra para ocultar el fracaso\",\"breadcrumb\":{\"@id\":\"https:\/\/www.asajacyl.com\/palencia\/asaja-palencia-informa\/asaja-denuncia-la-ratificacion-expres-de-los-acuerdos-de-la-ue-con-mercosur-y-estados-unidos#breadcrumb\"},\"inLanguage\":\"es\",\"potentialAction\":[{\"@type\":\"ReadAction\",\"target\":[\"https:\/\/www.asajacyl.com\/palencia\/asaja-palencia-informa\/asaja-denuncia-la-ratificacion-expres-de-los-acuerdos-de-la-ue-con-mercosur-y-estados-unidos\"]}]},{\"@type\":\"ImageObject\",\"inLanguage\":\"es\",\"@id\":\"https:\/\/www.asajacyl.com\/palencia\/asaja-palencia-informa\/asaja-denuncia-la-ratificacion-expres-de-los-acuerdos-de-la-ue-con-mercosur-y-estados-unidos#primaryimage\",\"url\":\"https:\/\/www.asajacyl.com\/palencia\/wp-content\/uploads\/sites\/3\/2025\/09\/UE-Mercosur-web.jpg\",\"contentUrl\":\"https:\/\/www.asajacyl.com\/palencia\/wp-content\/uploads\/sites\/3\/2025\/09\/UE-Mercosur-web.jpg\",\"width\":395,\"height\":349},{\"@type\":\"BreadcrumbList\",\"@id\":\"https:\/\/www.asajacyl.com\/palencia\/asaja-palencia-informa\/asaja-denuncia-la-ratificacion-expres-de-los-acuerdos-de-la-ue-con-mercosur-y-estados-unidos#breadcrumb\",\"itemListElement\":[{\"@type\":\"ListItem\",\"position\":1,\"name\":\"Portada\",\"item\":\"https:\/\/www.asajacyl.com\/palencia\/\"},{\"@type\":\"ListItem\",\"position\":2,\"name\":\"ASAJA denuncia la ratificaci\u00f3n expr\u00e9s de los acuerdos de la Uni\u00f3n Europea con Mercosur y Estados Unidos\"}]},{\"@type\":\"WebSite\",\"@id\":\"https:\/\/www.asajacyl.com\/palencia\/#website\",\"url\":\"https:\/\/www.asajacyl.com\/palencia\/\",\"name\":\"ASAJA Palencia\",\"description\":\"Otro sitio m\u00e1s de Provincias ASAJA Castilla y Le\u00f3n\",\"potentialAction\":[{\"@type\":\"SearchAction\",\"target\":{\"@type\":\"EntryPoint\",\"urlTemplate\":\"https:\/\/www.asajacyl.com\/palencia\/?s={search_term_string}\"},\"query-input\":{\"@type\":\"PropertyValueSpecification\",\"valueRequired\":true,\"valueName\":\"search_term_string\"}}],\"inLanguage\":\"es\"},{\"@type\":\"Person\",\"@id\":\"https:\/\/www.asajacyl.com\/palencia\/#\/schema\/person\/3ab17aeb03527485c317557fae64aab1\",\"name\":\"Administrador\",\"image\":{\"@type\":\"ImageObject\",\"inLanguage\":\"es\",\"@id\":\"https:\/\/www.asajacyl.com\/palencia\/#\/schema\/person\/image\/\",\"url\":\"https:\/\/secure.gravatar.com\/avatar\/517384810d242ca9e38c180f3c9fb973?s=96&d=mm&r=g\",\"contentUrl\":\"https:\/\/secure.gravatar.com\/avatar\/517384810d242ca9e38c180f3c9fb973?s=96&d=mm&r=g\",\"caption\":\"Administrador\"},\"url\":\"https:\/\/www.asajacyl.com\/palencia\/author\/carlosrm\"}]}<\/script>\n<!-- \/ Yoast SEO plugin. -->","yoast_head_json":{"title":"ASAJA denuncia la ratificaci\u00f3n expr\u00e9s de los acuerdos de la Uni\u00f3n Europea con Mercosur y Estados Unidos - ASAJA Palencia","description":"ASAJA\u00a0considera que la aplicaci\u00f3n provisional del acuerdo comercial con\u00a0Mercosur\u00a0por parte de la Comisi\u00f3n Europea es una maniobra para ocultar el fracaso","robots":{"index":"index","follow":"follow","max-snippet":"max-snippet:-1","max-image-preview":"max-image-preview:large","max-video-preview":"max-video-preview:-1"},"canonical":"https:\/\/www.asajacyl.com\/palencia\/asaja-palencia-informa\/asaja-denuncia-la-ratificacion-expres-de-los-acuerdos-de-la-ue-con-mercosur-y-estados-unidos","og_locale":"es_ES","og_type":"article","og_title":"ASAJA denuncia la ratificaci\u00f3n expr\u00e9s de los acuerdos de la Uni\u00f3n Europea con Mercosur y Estados Unidos - ASAJA Palencia","og_description":"ASAJA\u00a0considera que la aplicaci\u00f3n provisional del acuerdo comercial con\u00a0Mercosur\u00a0por parte de la Comisi\u00f3n Europea es una maniobra para ocultar el fracaso","og_url":"https:\/\/www.asajacyl.com\/palencia\/asaja-palencia-informa\/asaja-denuncia-la-ratificacion-expres-de-los-acuerdos-de-la-ue-con-mercosur-y-estados-unidos","og_site_name":"ASAJA Palencia","article_published_time":"2025-09-05T10:15:50+00:00","article_modified_time":"2025-09-08T06:20:07+00:00","og_image":[{"width":395,"height":349,"url":"https:\/\/www.asajacyl.com\/palencia\/wp-content\/uploads\/sites\/3\/2025\/09\/UE-Mercosur-web.jpg","type":"image\/jpeg"}],"author":"Administrador","twitter_card":"summary_large_image","twitter_misc":{"Escrito por":"Administrador","Tiempo de lectura":"3 minutos"},"schema":{"@context":"https:\/\/schema.org","@graph":[{"@type":"WebPage","@id":"https:\/\/www.asajacyl.com\/palencia\/asaja-palencia-informa\/asaja-denuncia-la-ratificacion-expres-de-los-acuerdos-de-la-ue-con-mercosur-y-estados-unidos","url":"https:\/\/www.asajacyl.com\/palencia\/asaja-palencia-informa\/asaja-denuncia-la-ratificacion-expres-de-los-acuerdos-de-la-ue-con-mercosur-y-estados-unidos","name":"ASAJA denuncia la ratificaci\u00f3n expr\u00e9s de los acuerdos de la Uni\u00f3n Europea con Mercosur y Estados Unidos - ASAJA Palencia","isPartOf":{"@id":"https:\/\/www.asajacyl.com\/palencia\/#website"},"primaryImageOfPage":{"@id":"https:\/\/www.asajacyl.com\/palencia\/asaja-palencia-informa\/asaja-denuncia-la-ratificacion-expres-de-los-acuerdos-de-la-ue-con-mercosur-y-estados-unidos#primaryimage"},"image":{"@id":"https:\/\/www.asajacyl.com\/palencia\/asaja-palencia-informa\/asaja-denuncia-la-ratificacion-expres-de-los-acuerdos-de-la-ue-con-mercosur-y-estados-unidos#primaryimage"},"thumbnailUrl":"https:\/\/www.asajacyl.com\/palencia\/wp-content\/uploads\/sites\/3\/2025\/09\/UE-Mercosur-web.jpg","datePublished":"2025-09-05T10:15:50+00:00","dateModified":"2025-09-08T06:20:07+00:00","author":{"@id":"https:\/\/www.asajacyl.com\/palencia\/#\/schema\/person\/3ab17aeb03527485c317557fae64aab1"},"description":"ASAJA\u00a0considera que la aplicaci\u00f3n provisional del acuerdo comercial con\u00a0Mercosur\u00a0por parte de la Comisi\u00f3n Europea es una maniobra para ocultar el fracaso","breadcrumb":{"@id":"https:\/\/www.asajacyl.com\/palencia\/asaja-palencia-informa\/asaja-denuncia-la-ratificacion-expres-de-los-acuerdos-de-la-ue-con-mercosur-y-estados-unidos#breadcrumb"},"inLanguage":"es","potentialAction":[{"@type":"ReadAction","target":["https:\/\/www.asajacyl.com\/palencia\/asaja-palencia-informa\/asaja-denuncia-la-ratificacion-expres-de-los-acuerdos-de-la-ue-con-mercosur-y-estados-unidos"]}]},{"@type":"ImageObject","inLanguage":"es","@id":"https:\/\/www.asajacyl.com\/palencia\/asaja-palencia-informa\/asaja-denuncia-la-ratificacion-expres-de-los-acuerdos-de-la-ue-con-mercosur-y-estados-unidos#primaryimage","url":"https:\/\/www.asajacyl.com\/palencia\/wp-content\/uploads\/sites\/3\/2025\/09\/UE-Mercosur-web.jpg","contentUrl":"https:\/\/www.asajacyl.com\/palencia\/wp-content\/uploads\/sites\/3\/2025\/09\/UE-Mercosur-web.jpg","width":395,"height":349},{"@type":"BreadcrumbList","@id":"https:\/\/www.asajacyl.com\/palencia\/asaja-palencia-informa\/asaja-denuncia-la-ratificacion-expres-de-los-acuerdos-de-la-ue-con-mercosur-y-estados-unidos#breadcrumb","itemListElement":[{"@type":"ListItem","position":1,"name":"Portada","item":"https:\/\/www.asajacyl.com\/palencia\/"},{"@type":"ListItem","position":2,"name":"ASAJA denuncia la ratificaci\u00f3n expr\u00e9s de los acuerdos de la Uni\u00f3n Europea con Mercosur y Estados Unidos"}]},{"@type":"WebSite","@id":"https:\/\/www.asajacyl.com\/palencia\/#website","url":"https:\/\/www.asajacyl.com\/palencia\/","name":"ASAJA Palencia","description":"Otro sitio m\u00e1s de Provincias ASAJA Castilla y Le\u00f3n","potentialAction":[{"@type":"SearchAction","target":{"@type":"EntryPoint","urlTemplate":"https:\/\/www.asajacyl.com\/palencia\/?s={search_term_string}"},"query-input":{"@type":"PropertyValueSpecification","valueRequired":true,"valueName":"search_term_string"}}],"inLanguage":"es"},{"@type":"Person","@id":"https:\/\/www.asajacyl.com\/palencia\/#\/schema\/person\/3ab17aeb03527485c317557fae64aab1","name":"Administrador","image":{"@type":"ImageObject","inLanguage":"es","@id":"https:\/\/www.asajacyl.com\/palencia\/#\/schema\/person\/image\/","url":"https:\/\/secure.gravatar.com\/avatar\/517384810d242ca9e38c180f3c9fb973?s=96&d=mm&r=g","contentUrl":"https:\/\/secure.gravatar.com\/avatar\/517384810d242ca9e38c180f3c9fb973?s=96&d=mm&r=g","caption":"Administrador"},"url":"https:\/\/www.asajacyl.com\/palencia\/author\/carlosrm"}]}},"_links":{"self":[{"href":"https:\/\/www.asajacyl.com\/palencia\/wp-json\/wp\/v2\/posts\/20809"}],"collection":[{"href":"https:\/\/www.asajacyl.com\/palencia\/wp-json\/wp\/v2\/posts"}],"about":[{"href":"https:\/\/www.asajacyl.com\/palencia\/wp-json\/wp\/v2\/types\/post"}],"author":[{"embeddable":true,"href":"https:\/\/www.asajacyl.com\/palencia\/wp-json\/wp\/v2\/users\/9"}],"replies":[{"embeddable":true,"href":"https:\/\/www.asajacyl.com\/palencia\/wp-json\/wp\/v2\/comments?post=20809"}],"version-history":[{"count":2,"href":"https:\/\/www.asajacyl.com\/palencia\/wp-json\/wp\/v2\/posts\/20809\/revisions"}],"predecessor-version":[{"id":20812,"href":"https:\/\/www.asajacyl.com\/palencia\/wp-json\/wp\/v2\/posts\/20809\/revisions\/20812"}],"wp:featuredmedia":[{"embeddable":true,"href":"https:\/\/www.asajacyl.com\/palencia\/wp-json\/wp\/v2\/media\/20810"}],"wp:attachment":[{"href":"https:\/\/www.asajacyl.com\/palencia\/wp-json\/wp\/v2\/media?parent=20809"}],"wp:term":[{"taxonomy":"category","embeddable":true,"href":"https:\/\/www.asajacyl.com\/palencia\/wp-json\/wp\/v2\/categories?post=20809"},{"taxonomy":"post_tag","embeddable":true,"href":"https:\/\/www.asajacyl.com\/palencia\/wp-json\/wp\/v2\/tags?post=20809"}],"curies":[{"name":"wp","href":"https:\/\/api.w.org\/{rel}","templated":true}]}}